{"id":30623,"date":"2010-02-23T12:08:14","date_gmt":"2010-02-23T10:08:14","guid":{"rendered":"http:\/\/www.visit-ulcinj.com\/blog\/?p=30623"},"modified":"2010-02-23T12:08:14","modified_gmt":"2010-02-23T10:08:14","slug":"zbulohen-disa-emra-qe-do-te-futen-te-shtepia-e-madhe","status":"publish","type":"post","link":"https:\/\/www.visit-ulcinj.com\/blog\/2010\/02\/23\/zbulohen-disa-emra-qe-do-te-futen-te-shtepia-e-madhe\/","title":{"rendered":"Zbulohen disa emra q\u00eb do t\u00eb futen te Sht\u00ebpia e madhe"},"content":{"rendered":"<p><a href=\"http:\/\/www.visit-ulcinj.com\/blog\/wp-content\/uploads\/2010\/02\/femrat_tek_shtepia_madhe.jpg\"><img loading=\"lazy\" class=\"alignleft size-full wp-image-30624\" title=\"femrat_tek_shtepia_madhe\" src=\"http:\/\/www.visit-ulcinj.com\/blog\/wp-content\/uploads\/2010\/02\/femrat_tek_shtepia_madhe.jpg\" alt=\"femrat_tek_shtepia_madhe\" width=\"580\" height=\"347\" \/><\/a>\u201cK-Production\u201d n\u00eb bashk\u00ebpunim me \u201cRTV21\u201d, n\u00eb prill t\u00eb k\u00ebtij viti  startojn\u00eb me nj\u00eb show spektakolar ku personazhe pjes\u00ebmarr\u00ebs jan\u00eb t\u00eb  gjith\u00eb fytyra publike shqiptare nga Kosova, Shqip\u00ebria, Maqedonia dhe  Mali i Zi. Oferta p\u00ebr t\u00eb qen\u00eb pjes\u00eb e k\u00ebtij spektakli u \u00ebsht\u00eb b\u00ebr\u00eb t\u00eb  gjith\u00eb VIP-ave p\u00ebrfshir\u00eb k\u00ebtu k\u00ebng\u00ebtar\u00eb, humorist\u00eb, aktor\u00eb, por disa  prej tyre nuk kan\u00eb d\u00ebshiruar t\u00eb jen\u00eb pjes\u00eb e loj\u00ebs, duke i th\u00ebn\u00eb \u201cjo\u201d  ofert\u00ebs. Ne nuk d\u00ebshirojm\u00eb t\u00eb citojm\u00eb ata q\u00eb kan\u00eb refuzuar ofertat, por  k\u00ebt\u00eb radh\u00eb \u201cPanorama plus\u201d vendos t\u00eb zbuloj\u00eb disa emra potencial q\u00eb do  t\u00eb jen\u00eb pjes\u00eb e spektaklit. P\u00ebrve\u00e7 Big Mam\u00ebs, n\u00eb loj\u00eb do t\u00eb hyjn\u00eb edhe  emra t\u00eb tjer\u00eb t\u00eb njohur t\u00eb bot\u00ebs shqiptare t\u00eb spektaklit.<\/p>\n<p><strong>A  do ta ndajn\u00eb krevatin Nora dhe Roberti, ne \u201cSht\u00ebpin\u00eb e madhe\u201d<\/strong><\/p>\n<p>Hyrja  e nj\u00eb prej \u00e7ifteve m\u00eb t\u00eb popullarizuar dhe m\u00eb t\u00eb ekspozuar t\u00eb ekranit, Nora  Istrefit dhe Robert Berisha n\u00eb spektaklin e ri me VIP-a, ka  ngjallur interes t\u00eb madh n\u00eb opinion. Q\u00eb t\u00eb dy akoma nuk kan\u00eb vendosur  n\u00ebse privat\u00ebsin\u00eb e tyre do ta ndajn\u00eb me fansat. Ka qen\u00eb pik\u00ebrisht oferta  e \u201cK-Production\u201d q\u00eb \u00e7ifti t\u00eb jet\u00eb n\u00eb dilem\u00eb n\u00ebse duhet ta pranojn\u00eb  ofert\u00ebn apo jo. Edhe pse ata tashm\u00eb bashk\u00ebjetojn\u00eb n\u00eb nj\u00eb apartament n\u00eb  Prishtin\u00eb, k\u00ebng\u00ebtarja akoma vazhdon t\u00eb \u201cmohoj\u00eb\u201d bashk\u00ebjetes\u00ebn me t\u00eb  fejuarin duke th\u00ebn\u00eb se bashk\u00ebjetesa \u00ebsht\u00eb nj\u00eb lloj martese e cila t\u00eb \u00e7on  deri n\u00eb ndarje. Pasi lan\u00e7oi klipin \u201cSekret\u201d, p\u00ebr momentin nuk ka plane  n\u00eb muzik\u00eb dhe k\u00ebto koh\u00eb \u00ebsht\u00eb duke u dh\u00ebn\u00eb fund aranzhimeve n\u00ebp\u00ebr  koncerte, pasi s\u00eb shpejti do t\u00eb b\u00ebhet pjes\u00eb e spektaklit duke u mbyllur  p\u00ebr nj\u00eb koh\u00eb brenda n\u00eb \u201cSht\u00ebpin\u00eb e madhe\u201d. Nuk kemi mundur t\u00eb m\u00ebsojm\u00eb  shifr\u00ebn me t\u00eb cil\u00ebn do t\u00eb paguhet gjat\u00eb q\u00ebndrimit, por duke qen\u00eb nj\u00eb  nd\u00ebr \u00e7iftet m\u00eb t\u00eb popullarizuar n\u00eb Kosov\u00eb, sigurisht q\u00eb pagesa p\u00ebr nj\u00eb  dit\u00eb q\u00ebndrimi do t\u00eb jet\u00eb e lart\u00eb. Kan\u00eb ngelur gati t\u00eb vet\u00ebm si \u00e7ift n\u00eb  estrad\u00eb, sepse dita dit\u00ebs po shohim ndarje t\u00eb shumta. Pritet t\u00eb shihet  se a do ta ndajn\u00eb s\u00eb bashku krevatin Nora dhe Roberti?! E kontaktuar  prej nesh k\u00ebng\u00ebtarja tregon: \u201cKam ftes\u00eb, t\u00eb mos them edhe lutje, q\u00eb t\u00eb  jem pjes\u00eb e k\u00ebtij reality show s\u00eb bashku me Robertin, por kemi vendosur  q\u00eb t\u00eb mos jemi t\u00eb dy, arsyet jan\u00eb t\u00eb shumta. Por gjithsesi mendoj q\u00eb do  t\u00eb jet\u00eb interesante p\u00ebr publikun\u201d.<\/p>\n<p><strong>Labinot Gashi \u201cfut\u201d  hund\u00ebt gjithandej<\/strong><\/p>\n<p>\u00cbsht\u00eb moderatori m\u00eb i njohur n\u00eb  Kosov\u00eb. Ai, \u201cRTV21\u201d-in e b\u00ebri si sht\u00ebpin\u00eb e tij duke udh\u00ebhequr emisione  t\u00eb shumta n\u00eb k\u00ebt\u00eb sht\u00ebpi televizive. Nga emisionet e m\u00ebngjesit e deri n\u00eb  emisionet e fundjav\u00ebs, programet p\u00ebr Vitin e Ri,\u00a0 etj, t\u00eb gjitha  kalonin n\u00ebp\u00ebr duart e Labinotit. Si duket edhe k\u00ebt\u00eb radh\u00eb ka vendosur  t\u2019u bashkangjitet\u00a0 VIP-ave n\u00eb k\u00ebt\u00eb spektak\u00ebl. Me t\u00eb m\u00ebsuar emrin e tij,  n\u00ebp\u00ebr forume t\u00eb ndryshme komentohet se Labi d\u00ebshiron t\u00eb fus\u00eb hund\u00ebt  gjithandej kur b\u00ebhet fjal\u00eb p\u00ebr VIP-a. I ka kaluar t\u00eb 30-tat dhe akoma  nuk \u00ebsht\u00eb i martuar dhe nuk ka deklaruar ndonj\u00eb lidhje dashurie. Labi  moderon edhe shum\u00eb koncerte n\u00ebp\u00ebr diaspor\u00eb dhe \u00ebsht\u00eb shum\u00eb i angazhuar  n\u00ebp\u00ebr spektakle t\u00eb ndryshme gjithandej ku jetojn\u00eb shqiptar\u00ebt.<\/p>\n<p><strong>Meda  behet pjes\u00eb e loj\u00ebs p\u00ebr t\u00eb rikthyer fam\u00ebn, Stupcat p\u00ebr t\u00eb rritur  shikueshm\u00ebrin\u00eb <\/strong><\/p>\n<p>Pjes\u00eb e k\u00ebtij spektakli do t\u00eb jen\u00eb edhe  k\u00ebng\u00ebtari Mehedin P\u00ebrgjegjaj-Meda dhe grupi i humorist\u00ebve m\u00eb t\u00eb famsh\u00ebm  p\u00ebr momentin n\u00eb Kosov\u00eb, \u201cStupcat\u201d. K\u00ebng\u00ebtari Meda \u00ebsht\u00eb martuar para  disa viteve, por koh\u00ebve t\u00eb fundit flitej p\u00ebr nj\u00eb ndarje t\u00eb mundshme nga  bashk\u00ebshortja Luljeta, e cila jetonte n\u00eb Suedi dhe m\u00eb her\u00ebt kishte qen\u00eb  fanse e tij. M\u00eb von\u00eb doli vet\u00eb k\u00ebng\u00ebtari q\u00eb e p\u00ebrg\u00ebnjeshtroi k\u00ebt\u00eb  thashethem, por q\u00ebkur \u00ebsht\u00eb martuar, ai nuk \u00ebsht\u00eb par\u00eb n\u00eb ndonj\u00eb  eveniment me bashk\u00ebshorten, nd\u00ebrkoh\u00eb q\u00eb kur ishin t\u00eb fejuar pozonin edhe  n\u00ebp\u00ebr kopertinat e revistave. Por lind pyetja, pse pik\u00ebrisht kjo hyrje e  tij n\u00eb spektak\u00ebl? Nj\u00eb koh\u00eb Meda ishte shum\u00eb i k\u00ebrkuar n\u00ebp\u00ebr koncerte,  emisione dhe intervista. Albumet e tij shiteshin n\u00eb shifra rekord n\u00eb  Kosov\u00eb dhe diaspor\u00eb. U shpall k\u00ebng\u00ebtari m\u00eb i paguar. Muzika q\u00eb  kultivonte Meda, ishte kryesisht \u201ctallava\u201d dhe e kopjuar nga serb\u00ebt dhe  bullgar\u00ebt. Dy vitet e fundit Meda nuk p\u00ebrmendet shum\u00eb dhe nuk k\u00ebrkohet!  Ndoshta p\u00ebr k\u00ebt\u00eb shkak ka vendosur t\u00eb b\u00ebhet pjes\u00eb e k\u00ebtij emisioni p\u00ebr  t\u00eb rikthyer fam\u00ebn e dikurshme?! P\u00ebr sa u p\u00ebrket humorist\u00ebve, t\u00eb tre  djemt\u00eb e k\u00ebtij grupi Vedati, Osmani dhe Mensuri jan\u00eb shum\u00eb t\u00eb p\u00eblqyer n\u00eb  Kosov\u00eb dhe diaspor\u00eb. Jan\u00eb t\u00eb pakt\u00eb ata q\u00eb b\u00ebjn\u00eb humor me cil\u00ebsi p\u00ebr  momentin. Pasi jan\u00eb shum\u00eb t\u00eb popullarizuar, jan\u00eb zgjedhur pik\u00ebrisht p\u00ebr  t\u00eb qen\u00eb pjes\u00eb e spektaklit mbase edhe p\u00ebr t\u00eb rritur shikueshm\u00ebrin\u00eb e  tij.<\/p>\n<p><strong><strong>Alb\u00ebrie Had\u00ebrgjonaj dhe<\/strong> Gjyste  Vulaj<strong> pranojn\u00eb sfid\u00ebn<\/strong><\/strong><\/p>\n<p>Oferta t\u00eb ngjashme kan\u00eb  pranuar edhe k\u00ebng\u00ebtaret Alb\u00ebrie Had\u00ebrgjonaj dhe Gjyste  Vulaj. Alb\u00ebria \u00ebsht\u00eb nga Kosova por e njohur edhe n\u00eb Shqip\u00ebri,  nd\u00ebrsa koh\u00ebve t\u00eb fundit i mungonte ekranit n\u00eb Kosov\u00eb. Ajo b\u00ebri nj\u00eb  rikthim me disa k\u00ebng\u00eb t\u00eb reja, nj\u00ebra prej tyre kushtuar edhe Ibrahim  Rugov\u00ebs. \u00cbsht\u00eb cil\u00ebsuar si nj\u00eb nd\u00ebr vokalet m\u00eb t\u00eb bukura t\u00eb estrad\u00ebs  shqiptare. Alb\u00ebria ishte e martuar pastaj e divorcuar e prap\u00eb e  rimartuar, dhe n\u00ebn\u00eb e dy vajzave t\u00eb rritura dhe k\u00ebt\u00eb radh\u00eb ajo ka  vendosur t\u00eb sfidoj\u00eb veten me disa koleg\u00eb t\u00eb estrad\u00ebs n\u00eb k\u00ebt\u00eb spektak\u00ebl.  Njihet si nj\u00eb tip femre shum\u00eb e matur n\u00eb t\u00eb shprehur dhe n\u00eb veprime,  k\u00ebshtu q\u00eb brenda n\u00eb at\u00eb sht\u00ebpi sigurisht q\u00eb do presim nj\u00eb show me  karakter serioz&#8230; Edhe Alb\u00ebria vendos t\u00eb rikthej\u00eb fam\u00ebn e dikurshme n\u00eb  Kosov\u00eb duke u b\u00ebr\u00eb pjes\u00eb e k\u00ebsaj oferte. Nd\u00ebrkoh\u00eb q\u00eb k\u00ebng\u00ebtarja tjet\u00ebr Gjyste  Vulaj b\u00ebhet pjes\u00eb e k\u00ebtij spektakli. Lind pyetja pse Gjystja ka  vendosur t\u00eb marri pjes\u00eb aty? \u00cbsht\u00eb e martuar, n\u00ebn\u00eb e nj\u00eb vajze, e pasur  dhe shum\u00eb e angazhuar n\u00ebp\u00ebr koncerte, mbr\u00ebmje muzikore e dasma. Ndoshta  ky do t\u00eb jet\u00eb nj\u00eb relaks p\u00ebr Gjysten pas lodhjes q\u00eb sjell profesioni i  k\u00ebng\u00ebtares. Edhe p\u00ebr k\u00ebto dy k\u00ebng\u00ebtare nuk \u00ebsht\u00eb b\u00ebr\u00eb e ditur shuma e  honorarit me t\u00eb cil\u00ebn do t\u00eb paguhen.<\/p>\n<p><strong>Big Mama mbushet me  energji para hyrjes n\u00eb spektak\u00ebl<\/strong><\/p>\n<p>Qysh kur ka r\u00ebn\u00eb nga  pesha at\u00eb e gjen gjithandej. Koh\u00ebn e lir\u00eb \u00ebsht\u00eb duke e shfryt\u00ebzuar p\u00ebr  t\u00eb dal\u00eb n\u00eb aj\u00ebr t\u00eb past\u00ebr me shoq\u00ebri. Jeta publike nuk e v\u00eb n\u00eb siklet me  kusht q\u00eb t\u00eb arg\u00ebtohet me miqt\u00eb e saj. K\u00ebt\u00eb radh\u00eb paparazi ka shk\u00ebputur  disa foto kur k\u00ebng\u00ebtarja Big Mama ka qen\u00eb duke u arg\u00ebtuar me balon\u00eb n\u00eb  nj\u00eb park n\u00eb qytetin e Shkupit. Edhe pse \u00ebsht\u00eb nga Tetova, ajo p\u00ebr shkak  t\u00eb pun\u00ebs shpesh gjendet n\u00eb Shkup. \u00cbsht\u00eb pronare e dy butiqeve me fustane  n\u00eb Tetov\u00eb dhe Shkup nd\u00ebrkoh\u00eb udh\u00ebheq edhe nj\u00eb emision arg\u00ebtues n\u00eb  televizionin Alsat-M. S\u00eb fundi k\u00ebng\u00ebtarja ka pranuar ofert\u00ebn p\u00ebr t\u00eb qen\u00eb  pjes\u00eb spektaklit \u201cSht\u00ebpia e madhe\u201d n\u00eb Kosov\u00eb. Duke njohur karakterin e  saj si nj\u00eb fem\u00ebr pa komplekse, sigurisht q\u00eb programi do t\u00eb jet\u00eb shum\u00eb  interesant me paraqitjet, shakat\u00eb dhe surprizat e Bigit!<\/p>\n<p><strong>Kosovar\u00ebt  zgjedhin Elvan\u00ebn<\/strong><\/p>\n<p>Duke mos dashur q\u00eb t\u00eb anashkalohen  fytyrat publike nga Shqip\u00ebria, organizator\u00ebt e k\u00ebtij programi kan\u00eb  vendosur q\u00eb t\u00eb b\u00ebjn\u00eb oferta t\u00eb ngjashme edhe disa k\u00ebng\u00ebtareve nga  Shqip\u00ebria t\u00eb cilat p\u00ebr momentin jan\u00eb shum\u00eb t\u00eb njohura dhe t\u00eb dashura p\u00ebr  publikun n\u00eb Kosov\u00eb. Soni Malaj dhe Elvana  Gjata jan\u00eb dy prej k\u00ebng\u00ebtareve t\u00eb cilat kan\u00eb pranuar oferta nga  \u201cK-Production\u201d. K\u00ebshtu flitet n\u00eb Prishtin\u00eb, por pjes\u00ebmarrja e tyre akoma  vazhdon t\u00eb jet\u00eb e pasigurt\u00eb, pasi t\u00eb nj\u00ebjtat burime t\u00eb \u201cPanorama plus\u201d  thon\u00eb se q\u00eb t\u00eb dy k\u00ebng\u00ebtareve u \u00ebsht\u00eb b\u00ebr\u00eb oferta, por akoma nuk dihet  n\u00ebse do t\u00eb jen\u00eb pjes\u00eb e loj\u00ebs. Soni Malaj p\u00ebr momentin \u00ebsht\u00eb e angazhuar te spektakli \u201cVall\u00ebzim me Yjet\u201d dhe ka  gjasa q\u00eb t\u00eb mos e pranoj\u00eb ofert\u00ebn kurse Elvana duke pasur nj\u00eb lidhje  dashurie por edhe shum\u00eb angazhime, mund dhe t\u00eb refuzoj\u00eb. P\u00ebr shkak t\u00eb  frik\u00ebs nga d\u00ebshtimi i emisionit, organizator\u00ebt kishin vendosur q\u00eb t\u2019i  b\u00ebjn\u00eb oferta pik\u00ebrisht VIP-ave m\u00eb t\u00eb dashur p\u00ebr publikun.<br \/>\n<!--YouTube Error: bad URL entered--><\/p>\n","protected":false},"excerpt":{"rendered":"<p>\u201cK-Production\u201d n\u00eb bashk\u00ebpunim me \u201cRTV21\u201d, n\u00eb prill t\u00eb k\u00ebtij viti startojn\u00eb me nj\u00eb show spektakolar ku personazhe pjes\u00ebmarr\u00ebs jan\u00eb t\u00eb gjith\u00eb fytyra publike shqiptare nga Kosova, Shqip\u00ebria, Maqedonia dhe Mali i Zi. Oferta p\u00ebr t\u00eb qen\u00eb pjes\u00eb e k\u00ebtij spektakli u \u00ebsht\u00eb b\u00ebr\u00eb t\u00eb gjith\u00eb VIP-ave p\u00ebrfshir\u00eb k\u00ebtu k\u00ebng\u00ebtar\u00eb, humorist\u00eb, aktor\u00eb, por disa prej tyre [&hellip;]<\/p>\n","protected":false},"author":1,"featured_media":0,"comment_status":"open","ping_status":"closed","sticky":false,"template":"","format":"standard","meta":{"spay_email":"","jetpack_publicize_message":"","jetpack_is_tweetstorm":false,"jetpack_publicize_feature_enabled":true},"categories":[1],"tags":[4567,4332,13633,4939,4940,4807,13632,13631,4904],"jetpack_publicize_connections":[],"yoast_head":"<!-- This site is optimized with the Yoast SEO plugin v19.1 - https:\/\/yoast.com\/wordpress\/plugins\/seo\/ -->\n<title>Zbulohen disa emra q\u00eb do t\u00eb futen te Sht\u00ebpia e madhe - Lajme nga Ulqini<\/title>\n<meta name=\"description\" content=\"\u201cK-Production\u201d n\u00eb bashk\u00ebpunim me \u201cRTV21\u201d, n\u00eb prill t\u00eb k\u00ebtij viti startojn\u00eb me nj\u00eb show spektakolar ku personazhe pjes\u00ebmarr\u00ebs jan\u00eb t\u00eb gjith\u00eb fytyra publike\" \/>\n<meta name=\"robots\" content=\"index, follow, max-snippet:-1, max-image-preview:large, max-video-preview:-1\" \/>\n<link rel=\"canonical\" href=\"https:\/\/www.visit-ulcinj.com\/blog\/2010\/02\/23\/zbulohen-disa-emra-qe-do-te-futen-te-shtepia-e-madhe\/\" \/>\n<meta property=\"og:locale\" content=\"en_US\" \/>\n<meta property=\"og:type\" content=\"article\" \/>\n<meta property=\"og:title\" content=\"Zbulohen disa emra q\u00eb do t\u00eb futen te Sht\u00ebpia e madhe - Lajme nga Ulqini\" \/>\n<meta property=\"og:description\" content=\"\u201cK-Production\u201d n\u00eb bashk\u00ebpunim me \u201cRTV21\u201d, n\u00eb prill t\u00eb k\u00ebtij viti startojn\u00eb me nj\u00eb show spektakolar ku personazhe pjes\u00ebmarr\u00ebs jan\u00eb t\u00eb gjith\u00eb fytyra publike\" \/>\n<meta property=\"og:url\" content=\"https:\/\/www.visit-ulcinj.com\/blog\/2010\/02\/23\/zbulohen-disa-emra-qe-do-te-futen-te-shtepia-e-madhe\/\" \/>\n<meta property=\"og:site_name\" content=\"Lajme nga Ulqini\" \/>\n<meta property=\"article:published_time\" content=\"2010-02-23T10:08:14+00:00\" \/>\n<meta property=\"og:image\" content=\"http:\/\/www.visit-ulcinj.com\/blog\/wp-content\/uploads\/2010\/02\/femrat_tek_shtepia_madhe.jpg\" \/>\n<meta name=\"twitter:label1\" content=\"Written by\" \/>\n\t<meta name=\"twitter:data1\" content=\"ulqini\" \/>\n\t<meta name=\"twitter:label2\" content=\"Est. reading time\" \/>\n\t<meta name=\"twitter:data2\" content=\"8 minutes\" \/>\n<script type=\"application\/ld+json\" class=\"yoast-schema-graph\">{\"@context\":\"https:\/\/schema.org\",\"@graph\":[{\"@type\":\"WebSite\",\"@id\":\"https:\/\/www.visit-ulcinj.com\/blog\/#website\",\"url\":\"https:\/\/www.visit-ulcinj.com\/blog\/\",\"name\":\"Lajme nga Ulqini\",\"description\":\"Lajme,Vijesti,Ulqini,Ulqin,Crna Gora,Mali i Zi\",\"potentialAction\":[{\"@type\":\"SearchAction\",\"target\":{\"@type\":\"EntryPoint\",\"urlTemplate\":\"https:\/\/www.visit-ulcinj.com\/blog\/?s={search_term_string}\"},\"query-input\":\"required name=search_term_string\"}],\"inLanguage\":\"en-US\"},{\"@type\":\"ImageObject\",\"inLanguage\":\"en-US\",\"@id\":\"https:\/\/www.visit-ulcinj.com\/blog\/2010\/02\/23\/zbulohen-disa-emra-qe-do-te-futen-te-shtepia-e-madhe\/#primaryimage\",\"url\":\"http:\/\/www.visit-ulcinj.com\/blog\/wp-content\/uploads\/2010\/02\/femrat_tek_shtepia_madhe.jpg\",\"contentUrl\":\"http:\/\/www.visit-ulcinj.com\/blog\/wp-content\/uploads\/2010\/02\/femrat_tek_shtepia_madhe.jpg\"},{\"@type\":\"WebPage\",\"@id\":\"https:\/\/www.visit-ulcinj.com\/blog\/2010\/02\/23\/zbulohen-disa-emra-qe-do-te-futen-te-shtepia-e-madhe\/#webpage\",\"url\":\"https:\/\/www.visit-ulcinj.com\/blog\/2010\/02\/23\/zbulohen-disa-emra-qe-do-te-futen-te-shtepia-e-madhe\/\",\"name\":\"Zbulohen disa emra q\u00eb do t\u00eb futen te Sht\u00ebpia e madhe - Lajme nga Ulqini\",\"isPartOf\":{\"@id\":\"https:\/\/www.visit-ulcinj.com\/blog\/#website\"},\"primaryImageOfPage\":{\"@id\":\"https:\/\/www.visit-ulcinj.com\/blog\/2010\/02\/23\/zbulohen-disa-emra-qe-do-te-futen-te-shtepia-e-madhe\/#primaryimage\"},\"datePublished\":\"2010-02-23T10:08:14+00:00\",\"dateModified\":\"2010-02-23T10:08:14+00:00\",\"author\":{\"@id\":\"https:\/\/www.visit-ulcinj.com\/blog\/#\/schema\/person\/dcab619c614d3038751c63bc2aadc06d\"},\"description\":\"\u201cK-Production\u201d n\u00eb bashk\u00ebpunim me \u201cRTV21\u201d, n\u00eb prill t\u00eb k\u00ebtij viti startojn\u00eb me nj\u00eb show spektakolar ku personazhe pjes\u00ebmarr\u00ebs jan\u00eb t\u00eb gjith\u00eb fytyra publike\",\"breadcrumb\":{\"@id\":\"https:\/\/www.visit-ulcinj.com\/blog\/2010\/02\/23\/zbulohen-disa-emra-qe-do-te-futen-te-shtepia-e-madhe\/#breadcrumb\"},\"inLanguage\":\"en-US\",\"potentialAction\":[{\"@type\":\"ReadAction\",\"target\":[\"https:\/\/www.visit-ulcinj.com\/blog\/2010\/02\/23\/zbulohen-disa-emra-qe-do-te-futen-te-shtepia-e-madhe\/\"]}]},{\"@type\":\"BreadcrumbList\",\"@id\":\"https:\/\/www.visit-ulcinj.com\/blog\/2010\/02\/23\/zbulohen-disa-emra-qe-do-te-futen-te-shtepia-e-madhe\/#breadcrumb\",\"itemListElement\":[{\"@type\":\"ListItem\",\"position\":1,\"name\":\"Zbulohen disa emra q\u00eb do t\u00eb futen te Sht\u00ebpia e madhe\"}]},{\"@type\":\"Person\",\"@id\":\"https:\/\/www.visit-ulcinj.com\/blog\/#\/schema\/person\/dcab619c614d3038751c63bc2aadc06d\",\"name\":\"ulqini\",\"sameAs\":[\"http:\/\/www.visit-ulcinj.com\"],\"url\":\"https:\/\/www.visit-ulcinj.com\/blog\/author\/admin\/\"}]}<\/script>\n<!-- \/ Yoast SEO plugin. -->","yoast_head_json":{"title":"Zbulohen disa emra q\u00eb do t\u00eb futen te Sht\u00ebpia e madhe - Lajme nga Ulqini","description":"\u201cK-Production\u201d n\u00eb bashk\u00ebpunim me \u201cRTV21\u201d, n\u00eb prill t\u00eb k\u00ebtij viti startojn\u00eb me nj\u00eb show spektakolar ku personazhe pjes\u00ebmarr\u00ebs jan\u00eb t\u00eb gjith\u00eb fytyra publike","robots":{"index":"index","follow":"follow","max-snippet":"max-snippet:-1","max-image-preview":"max-image-preview:large","max-video-preview":"max-video-preview:-1"},"canonical":"https:\/\/www.visit-ulcinj.com\/blog\/2010\/02\/23\/zbulohen-disa-emra-qe-do-te-futen-te-shtepia-e-madhe\/","og_locale":"en_US","og_type":"article","og_title":"Zbulohen disa emra q\u00eb do t\u00eb futen te Sht\u00ebpia e madhe - Lajme nga Ulqini","og_description":"\u201cK-Production\u201d n\u00eb bashk\u00ebpunim me \u201cRTV21\u201d, n\u00eb prill t\u00eb k\u00ebtij viti startojn\u00eb me nj\u00eb show spektakolar ku personazhe pjes\u00ebmarr\u00ebs jan\u00eb t\u00eb gjith\u00eb fytyra publike","og_url":"https:\/\/www.visit-ulcinj.com\/blog\/2010\/02\/23\/zbulohen-disa-emra-qe-do-te-futen-te-shtepia-e-madhe\/","og_site_name":"Lajme nga Ulqini","article_published_time":"2010-02-23T10:08:14+00:00","og_image":[{"url":"http:\/\/www.visit-ulcinj.com\/blog\/wp-content\/uploads\/2010\/02\/femrat_tek_shtepia_madhe.jpg"}],"twitter_misc":{"Written by":"ulqini","Est. reading time":"8 minutes"},"schema":{"@context":"https:\/\/schema.org","@graph":[{"@type":"WebSite","@id":"https:\/\/www.visit-ulcinj.com\/blog\/#website","url":"https:\/\/www.visit-ulcinj.com\/blog\/","name":"Lajme nga Ulqini","description":"Lajme,Vijesti,Ulqini,Ulqin,Crna Gora,Mali i Zi","potentialAction":[{"@type":"SearchAction","target":{"@type":"EntryPoint","urlTemplate":"https:\/\/www.visit-ulcinj.com\/blog\/?s={search_term_string}"},"query-input":"required name=search_term_string"}],"inLanguage":"en-US"},{"@type":"ImageObject","inLanguage":"en-US","@id":"https:\/\/www.visit-ulcinj.com\/blog\/2010\/02\/23\/zbulohen-disa-emra-qe-do-te-futen-te-shtepia-e-madhe\/#primaryimage","url":"http:\/\/www.visit-ulcinj.com\/blog\/wp-content\/uploads\/2010\/02\/femrat_tek_shtepia_madhe.jpg","contentUrl":"http:\/\/www.visit-ulcinj.com\/blog\/wp-content\/uploads\/2010\/02\/femrat_tek_shtepia_madhe.jpg"},{"@type":"WebPage","@id":"https:\/\/www.visit-ulcinj.com\/blog\/2010\/02\/23\/zbulohen-disa-emra-qe-do-te-futen-te-shtepia-e-madhe\/#webpage","url":"https:\/\/www.visit-ulcinj.com\/blog\/2010\/02\/23\/zbulohen-disa-emra-qe-do-te-futen-te-shtepia-e-madhe\/","name":"Zbulohen disa emra q\u00eb do t\u00eb futen te Sht\u00ebpia e madhe - Lajme nga Ulqini","isPartOf":{"@id":"https:\/\/www.visit-ulcinj.com\/blog\/#website"},"primaryImageOfPage":{"@id":"https:\/\/www.visit-ulcinj.com\/blog\/2010\/02\/23\/zbulohen-disa-emra-qe-do-te-futen-te-shtepia-e-madhe\/#primaryimage"},"datePublished":"2010-02-23T10:08:14+00:00","dateModified":"2010-02-23T10:08:14+00:00","author":{"@id":"https:\/\/www.visit-ulcinj.com\/blog\/#\/schema\/person\/dcab619c614d3038751c63bc2aadc06d"},"description":"\u201cK-Production\u201d n\u00eb bashk\u00ebpunim me \u201cRTV21\u201d, n\u00eb prill t\u00eb k\u00ebtij viti startojn\u00eb me nj\u00eb show spektakolar ku personazhe pjes\u00ebmarr\u00ebs jan\u00eb t\u00eb gjith\u00eb fytyra publike","breadcrumb":{"@id":"https:\/\/www.visit-ulcinj.com\/blog\/2010\/02\/23\/zbulohen-disa-emra-qe-do-te-futen-te-shtepia-e-madhe\/#breadcrumb"},"inLanguage":"en-US","potentialAction":[{"@type":"ReadAction","target":["https:\/\/www.visit-ulcinj.com\/blog\/2010\/02\/23\/zbulohen-disa-emra-qe-do-te-futen-te-shtepia-e-madhe\/"]}]},{"@type":"BreadcrumbList","@id":"https:\/\/www.visit-ulcinj.com\/blog\/2010\/02\/23\/zbulohen-disa-emra-qe-do-te-futen-te-shtepia-e-madhe\/#breadcrumb","itemListElement":[{"@type":"ListItem","position":1,"name":"Zbulohen disa emra q\u00eb do t\u00eb futen te Sht\u00ebpia e madhe"}]},{"@type":"Person","@id":"https:\/\/www.visit-ulcinj.com\/blog\/#\/schema\/person\/dcab619c614d3038751c63bc2aadc06d","name":"ulqini","sameAs":["http:\/\/www.visit-ulcinj.com"],"url":"https:\/\/www.visit-ulcinj.com\/blog\/author\/admin\/"}]}},"jetpack_featured_media_url":"","jetpack_sharing_enabled":true,"jetpack_shortlink":"https:\/\/wp.me\/pe6lTn-7XV","_links":{"self":[{"href":"https:\/\/www.visit-ulcinj.com\/blog\/wp-json\/wp\/v2\/posts\/30623"}],"collection":[{"href":"https:\/\/www.visit-ulcinj.com\/blog\/wp-json\/wp\/v2\/posts"}],"about":[{"href":"https:\/\/www.visit-ulcinj.com\/blog\/wp-json\/wp\/v2\/types\/post"}],"author":[{"embeddable":true,"href":"https:\/\/www.visit-ulcinj.com\/blog\/wp-json\/wp\/v2\/users\/1"}],"replies":[{"embeddable":true,"href":"https:\/\/www.visit-ulcinj.com\/blog\/wp-json\/wp\/v2\/comments?post=30623"}],"version-history":[{"count":0,"href":"https:\/\/www.visit-ulcinj.com\/blog\/wp-json\/wp\/v2\/posts\/30623\/revisions"}],"wp:attachment":[{"href":"https:\/\/www.visit-ulcinj.com\/blog\/wp-json\/wp\/v2\/media?parent=30623"}],"wp:term":[{"taxonomy":"category","embeddable":true,"href":"https:\/\/www.visit-ulcinj.com\/blog\/wp-json\/wp\/v2\/categories?post=30623"},{"taxonomy":"post_tag","embeddable":true,"href":"https:\/\/www.visit-ulcinj.com\/blog\/wp-json\/wp\/v2\/tags?post=30623"}],"curies":[{"name":"wp","href":"https:\/\/api.w.org\/{rel}","templated":true}]}}