{"id":30635,"date":"2010-02-23T15:52:18","date_gmt":"2010-02-23T13:52:18","guid":{"rendered":"http:\/\/www.visit-ulcinj.com\/blog\/?p=30635"},"modified":"2010-09-14T19:44:25","modified_gmt":"2010-09-14T17:44:25","slug":"liber-%e2%80%98dermatologjia%e2%80%99-nga-prof-dr-sime-dobreci","status":"publish","type":"post","link":"https:\/\/www.visit-ulcinj.com\/blog\/2010\/02\/23\/liber-%e2%80%98dermatologjia%e2%80%99-nga-prof-dr-sime-dobreci\/","title":{"rendered":"Lib\u00ebr \u2018Dermatologjia\u2019 nga prof.dr.Sim\u00eb Dobreci"},"content":{"rendered":"<p><strong><a href=\"http:\/\/www.visit-ulcinj.com\/blog\/wp-content\/uploads\/2010\/02\/Dr.-Sim\u00eb-Gjon-Dobrecit-DERMATOLOGJIA.jpg\"><a href=\"http:\/\/www.visit-ulcinj.com\/blog\/wp-content\/uploads\/2010\/02\/Dr.-Sim\u00c3\u00ab-Gjon-Dobrecit-DERMATOLOGJIA.jpg\"><img class=\"alignleft size-full wp-image-30636\" title=\"Dr. Sim\u00eb Gjon Dobrecit, DERMATOLOGJIA\" src=\"http:\/\/www.visit-ulcinj.com\/blog\/wp-content\/uploads\/2010\/02\/Dr.-Sim\u00c3\u00ab-Gjon-Dobrecit-DERMATOLOGJIA.jpg\" alt=\"\" \/><\/a><\/a>Lib\u00ebr i s\u00ebmundjeve t\u00eb l\u00ebkur\u00ebs <\/strong><br \/>\nN\u00eb Prishtin\u00eb, n\u00eb fillim t\u00eb shtatorit m\u00eb 2009, doli nga shtypi teksti universitar p\u00ebr s\u00ebmundjet e l\u00ebkur\u00ebs i prof. Dr Sim\u00eb Gjon Dobrecit, DERMATOLOGJIA, botim i kat\u00ebrt i p\u00ebrmir\u00ebsuar dhe i plot\u00ebsuar. N\u00eb dit\u00ebt e sotme, ku pavar\u00ebsisht se informacioni \u00ebsht\u00eb i shumt\u00eb, por duke qen\u00eb kaotik, botimi i librave t\u00eb k\u00ebtill\u00eb n\u00eb fush\u00ebn e mjek\u00ebsis\u00eb me nj\u00eb p\u00ebrzgjedhje dhe cil\u00ebsi t\u00eb lart\u00eb t\u00eb informacionit, \u00ebsht\u00eb nj\u00eb ndihmes\u00eb e madhe p\u00ebr p\u00ebrgatitjen teorike dhe profesionale t\u00eb student\u00ebve dhe t\u00eb specializant\u00ebve.<br \/>\nProf. Dr Sim\u00eb Gjon Dobreci ka realizuar ribotimin e tekstit m\u00ebsimor t\u00eb s\u00ebmundjeve t\u00eb l\u00ebkur\u00ebs n\u00eb p\u00ebrputhje me ndryshimet q\u00eb kan\u00eb ndodhur n\u00eb k\u00ebt\u00eb disiplin\u00eb n\u00eb vite, p\u00ebr k\u00ebt\u00eb arsye kjo nd\u00ebrmarrje me p\u00ebrmir\u00ebsimet e veta vlen t\u00eb lavd\u00ebrohet.<br \/>\nLibrit ia rrit vler\u00ebn m\u00ebnyra koncize dhe e kuptueshme e t\u00eb shkruarit. Terminologjia profesionale kryesisht \u00ebsht\u00eb shqip\u00ebruar, q\u00eb \u00ebsht\u00eb p\u00ebr \u00e7do l\u00ebvdat\u00eb. Termi shqip aty-k\u00ebtu duket i panatyrsh\u00ebm n\u00eb krahasim me termin e huaj, t\u00eb huazuar, por populli i cili mund t\u00eb krenohet me mjek\u00ebsin\u00eb tradicionale 2400 vje\u00e7are, ka edhe obligim t&#8217;i respektoj\u00eb dhe t&#8217;i forcoj\u00eb rregullat e veta t\u00eb terminologjis\u00eb mjek\u00ebsore. Gjat\u00eb plot\u00ebsimit me t\u00eb dh\u00ebna t\u00eb reja t\u00eb botimit t\u00eb kat\u00ebrt t\u00eb tekstit DERMATOLOGJIA, autori ka angazhuar edhe bashk\u00ebpun\u00ebtor\u00ebt e tij t\u00eb rinj, me \u00e7ka si pedagog i mir\u00ebfillt\u00eb ka p\u00ebrcjell\u00eb p\u00ebrvoj\u00ebn e tij t\u00eb \u00e7mueshme te pedagog\u00ebt e ardhsh\u00ebm t\u00eb dermatologjis\u00eb, p\u00ebrvoj\u00ebn se si shkruhet nj\u00eb tekst universitar.<br \/>\nLibri p\u00ebrb\u00ebhet nga pjesa e p\u00ebrgjithshme dhe ajo e ve\u00e7ant\u00eb. N\u00eb pjes\u00ebn e p\u00ebrgjithshme jepen nocionet baz\u00eb t\u00eb dermatologjis\u00eb. P\u00ebrshkruhen me holl\u00ebsi element\u00ebt morfologjik\u00eb t\u00eb r\u00ebnd\u00ebsish\u00ebm p\u00ebr t\u00eb kuptuar pjes\u00ebn e ve\u00e7ant\u00eb. N\u00eb k\u00ebt\u00eb ribotim, p\u00ebrshkrimi i njohurive t\u00eb reja diagnostikuese dhe mjekuese, \u00ebsht\u00eb n\u00eb p\u00ebrshtatje me ndryshimet e reja n\u00eb fush\u00ebn e dermatologjis\u00eb. N\u00eb pjes\u00ebn e ve\u00e7ant\u00eb p\u00ebrshkruhen t\u00eb gjitha patologjit\u00eb m\u00eb t\u00eb r\u00ebnd\u00ebsishme dhe m\u00eb t\u00eb shpeshta t\u00eb s\u00ebmundjeve t\u00eb l\u00ebkur\u00ebs.<br \/>\nP\u00ebr hartimin e k\u00ebtij libri \u00ebsht\u00eb shfryt\u00ebzuar gjer\u00ebsisht literatura profesionale e sh\u00ebnuar n\u00eb fund t\u00eb tekstit. Autori ka arritur t\u00eb na jap\u00eb nj\u00eb tekst shum\u00eb t\u00eb vlefsh\u00ebm. Ai n\u00eb m\u00ebnyr\u00eb racionale pasqyron njohurit\u00eb e reja dermatologjike si n\u00eb fush\u00ebn diagnostikimit ashtu edhe n\u00eb fush\u00ebn terapeutike.<br \/>\nN\u00eb fund, mund t\u00eb them me bindje q\u00eb ky lib\u00ebr ka vlera t\u00eb m\u00ebdha shkencore, teorike dhe praktike. Teksti \u00ebsht\u00eb i p\u00ebrshtatsh\u00ebm p\u00ebr student\u00ebt e fakultetit t\u00eb mjek\u00ebsis\u00eb, p\u00ebr stomatolog\u00ebt, si dhe p\u00ebr specialist\u00ebt dhe specializant\u00ebt e s\u00ebmundjeve t\u00eb l\u00ebkur\u00ebs.<br \/>\nProf. Dr Mentor Disha, Prishtin\u00eb, m\u00eb 08.10.2009.<br \/>\n*Kumtes\u00eb me rastin e 75-vjetorit t\u00eb prof. dr. Sim\u00eb Gjon Dobrecit dhe promovimit t\u00eb librit \u201cDermatologjia\u201d, organizuar nga Bashkimi i Krijuesve Shqiptar\u00eb n\u00eb Malin e Zi dhe Qendra p\u00ebr Kultur\u00eb e Ulqinit, m\u00eb 10 tetor 2009.<\/p>\n<p><a href=\"http:\/\/www.buzuku.info\/Arkivi\/Buzuku%2031\/faqe_20.htm\" target=\"_blank\"><strong><cite>www.buzuku.info<\/cite><\/strong><\/a><\/p>\n","protected":false},"excerpt":{"rendered":"<p>Lib\u00ebr i s\u00ebmundjeve t\u00eb l\u00ebkur\u00ebs N\u00eb Prishtin\u00eb, n\u00eb fillim t\u00eb shtatorit m\u00eb 2009, doli nga shtypi teksti universitar p\u00ebr s\u00ebmundjet e l\u00ebkur\u00ebs i prof. Dr Sim\u00eb Gjon Dobrecit, DERMATOLOGJIA, botim i kat\u00ebrt i p\u00ebrmir\u00ebsuar dhe i plot\u00ebsuar. N\u00eb dit\u00ebt e sotme, ku pavar\u00ebsisht se informacioni \u00ebsht\u00eb i shumt\u00eb, por duke qen\u00eb kaotik, botimi i librave [&hellip;]<\/p>\n","protected":false},"author":1,"featured_media":0,"comment_status":"open","ping_status":"closed","sticky":false,"template":"","format":"standard","meta":{"spay_email":"","jetpack_publicize_message":"","jetpack_is_tweetstorm":false,"jetpack_publicize_feature_enabled":true},"categories":[11],"tags":[13638,7528],"jetpack_publicize_connections":[],"yoast_head":"<!-- This site is optimized with the Yoast SEO plugin v19.1 - https:\/\/yoast.com\/wordpress\/plugins\/seo\/ -->\n<title>Lib\u00ebr \u2018Dermatologjia\u2019 nga prof.dr.Sim\u00eb Dobreci - Lajme nga Ulqini<\/title>\n<meta name=\"description\" content=\"Lib\u00ebr i s\u00ebmundjeve t\u00eb l\u00ebkur\u00ebs N\u00eb Prishtin\u00eb, n\u00eb fillim t\u00eb shtatorit m\u00eb 2009, doli nga shtypi teksti universitar p\u00ebr s\u00ebmundjet e l\u00ebkur\u00ebs i prof. Dr Sim\u00eb\" \/>\n<meta name=\"robots\" content=\"index, follow, max-snippet:-1, max-image-preview:large, max-video-preview:-1\" \/>\n<link rel=\"canonical\" href=\"https:\/\/www.visit-ulcinj.com\/blog\/2010\/02\/23\/liber-\u2018dermatologjia\u2019-nga-prof-dr-sime-dobreci\/\" \/>\n<meta property=\"og:locale\" content=\"en_US\" \/>\n<meta property=\"og:type\" content=\"article\" \/>\n<meta property=\"og:title\" content=\"Lib\u00ebr \u2018Dermatologjia\u2019 nga prof.dr.Sim\u00eb Dobreci - Lajme nga Ulqini\" \/>\n<meta property=\"og:description\" content=\"Lib\u00ebr i s\u00ebmundjeve t\u00eb l\u00ebkur\u00ebs N\u00eb Prishtin\u00eb, n\u00eb fillim t\u00eb shtatorit m\u00eb 2009, doli nga shtypi teksti universitar p\u00ebr s\u00ebmundjet e l\u00ebkur\u00ebs i prof. Dr Sim\u00eb\" \/>\n<meta property=\"og:url\" content=\"https:\/\/www.visit-ulcinj.com\/blog\/2010\/02\/23\/liber-\u2018dermatologjia\u2019-nga-prof-dr-sime-dobreci\/\" \/>\n<meta property=\"og:site_name\" content=\"Lajme nga Ulqini\" \/>\n<meta property=\"article:published_time\" content=\"2010-02-23T13:52:18+00:00\" \/>\n<meta property=\"article:modified_time\" content=\"2010-09-14T17:44:25+00:00\" \/>\n<meta name=\"twitter:label1\" content=\"Written by\" \/>\n\t<meta name=\"twitter:data1\" content=\"ulqini\" \/>\n\t<meta name=\"twitter:label2\" content=\"Est. reading time\" \/>\n\t<meta name=\"twitter:data2\" content=\"3 minutes\" \/>\n<script type=\"application\/ld+json\" class=\"yoast-schema-graph\">{\"@context\":\"https:\/\/schema.org\",\"@graph\":[{\"@type\":\"WebSite\",\"@id\":\"https:\/\/www.visit-ulcinj.com\/blog\/#website\",\"url\":\"https:\/\/www.visit-ulcinj.com\/blog\/\",\"name\":\"Lajme nga Ulqini\",\"description\":\"Lajme,Vijesti,Ulqini,Ulqin,Crna Gora,Mali i Zi\",\"potentialAction\":[{\"@type\":\"SearchAction\",\"target\":{\"@type\":\"EntryPoint\",\"urlTemplate\":\"https:\/\/www.visit-ulcinj.com\/blog\/?s={search_term_string}\"},\"query-input\":\"required name=search_term_string\"}],\"inLanguage\":\"en-US\"},{\"@type\":\"WebPage\",\"@id\":\"https:\/\/www.visit-ulcinj.com\/blog\/2010\/02\/23\/liber-%e2%80%98dermatologjia%e2%80%99-nga-prof-dr-sime-dobreci\/#webpage\",\"url\":\"https:\/\/www.visit-ulcinj.com\/blog\/2010\/02\/23\/liber-%e2%80%98dermatologjia%e2%80%99-nga-prof-dr-sime-dobreci\/\",\"name\":\"Lib\u00ebr \u2018Dermatologjia\u2019 nga prof.dr.Sim\u00eb Dobreci - Lajme nga Ulqini\",\"isPartOf\":{\"@id\":\"https:\/\/www.visit-ulcinj.com\/blog\/#website\"},\"datePublished\":\"2010-02-23T13:52:18+00:00\",\"dateModified\":\"2010-09-14T17:44:25+00:00\",\"author\":{\"@id\":\"https:\/\/www.visit-ulcinj.com\/blog\/#\/schema\/person\/dcab619c614d3038751c63bc2aadc06d\"},\"description\":\"Lib\u00ebr i s\u00ebmundjeve t\u00eb l\u00ebkur\u00ebs N\u00eb Prishtin\u00eb, n\u00eb fillim t\u00eb shtatorit m\u00eb 2009, doli nga shtypi teksti universitar p\u00ebr s\u00ebmundjet e l\u00ebkur\u00ebs i prof. Dr Sim\u00eb\",\"breadcrumb\":{\"@id\":\"https:\/\/www.visit-ulcinj.com\/blog\/2010\/02\/23\/liber-%e2%80%98dermatologjia%e2%80%99-nga-prof-dr-sime-dobreci\/#breadcrumb\"},\"inLanguage\":\"en-US\",\"potentialAction\":[{\"@type\":\"ReadAction\",\"target\":[\"https:\/\/www.visit-ulcinj.com\/blog\/2010\/02\/23\/liber-%e2%80%98dermatologjia%e2%80%99-nga-prof-dr-sime-dobreci\/\"]}]},{\"@type\":\"BreadcrumbList\",\"@id\":\"https:\/\/www.visit-ulcinj.com\/blog\/2010\/02\/23\/liber-%e2%80%98dermatologjia%e2%80%99-nga-prof-dr-sime-dobreci\/#breadcrumb\",\"itemListElement\":[{\"@type\":\"ListItem\",\"position\":1,\"name\":\"Lib\u00ebr \u2018Dermatologjia\u2019 nga prof.dr.Sim\u00eb Dobreci\"}]},{\"@type\":\"Person\",\"@id\":\"https:\/\/www.visit-ulcinj.com\/blog\/#\/schema\/person\/dcab619c614d3038751c63bc2aadc06d\",\"name\":\"ulqini\",\"sameAs\":[\"http:\/\/www.visit-ulcinj.com\"],\"url\":\"https:\/\/www.visit-ulcinj.com\/blog\/author\/admin\/\"}]}<\/script>\n<!-- \/ Yoast SEO plugin. -->","yoast_head_json":{"title":"Lib\u00ebr \u2018Dermatologjia\u2019 nga prof.dr.Sim\u00eb Dobreci - Lajme nga Ulqini","description":"Lib\u00ebr i s\u00ebmundjeve t\u00eb l\u00ebkur\u00ebs N\u00eb Prishtin\u00eb, n\u00eb fillim t\u00eb shtatorit m\u00eb 2009, doli nga shtypi teksti universitar p\u00ebr s\u00ebmundjet e l\u00ebkur\u00ebs i prof. Dr Sim\u00eb","robots":{"index":"index","follow":"follow","max-snippet":"max-snippet:-1","max-image-preview":"max-image-preview:large","max-video-preview":"max-video-preview:-1"},"canonical":"https:\/\/www.visit-ulcinj.com\/blog\/2010\/02\/23\/liber-\u2018dermatologjia\u2019-nga-prof-dr-sime-dobreci\/","og_locale":"en_US","og_type":"article","og_title":"Lib\u00ebr \u2018Dermatologjia\u2019 nga prof.dr.Sim\u00eb Dobreci - Lajme nga Ulqini","og_description":"Lib\u00ebr i s\u00ebmundjeve t\u00eb l\u00ebkur\u00ebs N\u00eb Prishtin\u00eb, n\u00eb fillim t\u00eb shtatorit m\u00eb 2009, doli nga shtypi teksti universitar p\u00ebr s\u00ebmundjet e l\u00ebkur\u00ebs i prof. Dr Sim\u00eb","og_url":"https:\/\/www.visit-ulcinj.com\/blog\/2010\/02\/23\/liber-\u2018dermatologjia\u2019-nga-prof-dr-sime-dobreci\/","og_site_name":"Lajme nga Ulqini","article_published_time":"2010-02-23T13:52:18+00:00","article_modified_time":"2010-09-14T17:44:25+00:00","twitter_misc":{"Written by":"ulqini","Est. reading time":"3 minutes"},"schema":{"@context":"https:\/\/schema.org","@graph":[{"@type":"WebSite","@id":"https:\/\/www.visit-ulcinj.com\/blog\/#website","url":"https:\/\/www.visit-ulcinj.com\/blog\/","name":"Lajme nga Ulqini","description":"Lajme,Vijesti,Ulqini,Ulqin,Crna Gora,Mali i Zi","potentialAction":[{"@type":"SearchAction","target":{"@type":"EntryPoint","urlTemplate":"https:\/\/www.visit-ulcinj.com\/blog\/?s={search_term_string}"},"query-input":"required name=search_term_string"}],"inLanguage":"en-US"},{"@type":"WebPage","@id":"https:\/\/www.visit-ulcinj.com\/blog\/2010\/02\/23\/liber-%e2%80%98dermatologjia%e2%80%99-nga-prof-dr-sime-dobreci\/#webpage","url":"https:\/\/www.visit-ulcinj.com\/blog\/2010\/02\/23\/liber-%e2%80%98dermatologjia%e2%80%99-nga-prof-dr-sime-dobreci\/","name":"Lib\u00ebr \u2018Dermatologjia\u2019 nga prof.dr.Sim\u00eb Dobreci - Lajme nga Ulqini","isPartOf":{"@id":"https:\/\/www.visit-ulcinj.com\/blog\/#website"},"datePublished":"2010-02-23T13:52:18+00:00","dateModified":"2010-09-14T17:44:25+00:00","author":{"@id":"https:\/\/www.visit-ulcinj.com\/blog\/#\/schema\/person\/dcab619c614d3038751c63bc2aadc06d"},"description":"Lib\u00ebr i s\u00ebmundjeve t\u00eb l\u00ebkur\u00ebs N\u00eb Prishtin\u00eb, n\u00eb fillim t\u00eb shtatorit m\u00eb 2009, doli nga shtypi teksti universitar p\u00ebr s\u00ebmundjet e l\u00ebkur\u00ebs i prof. Dr Sim\u00eb","breadcrumb":{"@id":"https:\/\/www.visit-ulcinj.com\/blog\/2010\/02\/23\/liber-%e2%80%98dermatologjia%e2%80%99-nga-prof-dr-sime-dobreci\/#breadcrumb"},"inLanguage":"en-US","potentialAction":[{"@type":"ReadAction","target":["https:\/\/www.visit-ulcinj.com\/blog\/2010\/02\/23\/liber-%e2%80%98dermatologjia%e2%80%99-nga-prof-dr-sime-dobreci\/"]}]},{"@type":"BreadcrumbList","@id":"https:\/\/www.visit-ulcinj.com\/blog\/2010\/02\/23\/liber-%e2%80%98dermatologjia%e2%80%99-nga-prof-dr-sime-dobreci\/#breadcrumb","itemListElement":[{"@type":"ListItem","position":1,"name":"Lib\u00ebr \u2018Dermatologjia\u2019 nga prof.dr.Sim\u00eb Dobreci"}]},{"@type":"Person","@id":"https:\/\/www.visit-ulcinj.com\/blog\/#\/schema\/person\/dcab619c614d3038751c63bc2aadc06d","name":"ulqini","sameAs":["http:\/\/www.visit-ulcinj.com"],"url":"https:\/\/www.visit-ulcinj.com\/blog\/author\/admin\/"}]}},"jetpack_featured_media_url":"","jetpack_sharing_enabled":true,"jetpack_shortlink":"https:\/\/wp.me\/pe6lTn-7Y7","_links":{"self":[{"href":"https:\/\/www.visit-ulcinj.com\/blog\/wp-json\/wp\/v2\/posts\/30635"}],"collection":[{"href":"https:\/\/www.visit-ulcinj.com\/blog\/wp-json\/wp\/v2\/posts"}],"about":[{"href":"https:\/\/www.visit-ulcinj.com\/blog\/wp-json\/wp\/v2\/types\/post"}],"author":[{"embeddable":true,"href":"https:\/\/www.visit-ulcinj.com\/blog\/wp-json\/wp\/v2\/users\/1"}],"replies":[{"embeddable":true,"href":"https:\/\/www.visit-ulcinj.com\/blog\/wp-json\/wp\/v2\/comments?post=30635"}],"version-history":[{"count":0,"href":"https:\/\/www.visit-ulcinj.com\/blog\/wp-json\/wp\/v2\/posts\/30635\/revisions"}],"wp:attachment":[{"href":"https:\/\/www.visit-ulcinj.com\/blog\/wp-json\/wp\/v2\/media?parent=30635"}],"wp:term":[{"taxonomy":"category","embeddable":true,"href":"https:\/\/www.visit-ulcinj.com\/blog\/wp-json\/wp\/v2\/categories?post=30635"},{"taxonomy":"post_tag","embeddable":true,"href":"https:\/\/www.visit-ulcinj.com\/blog\/wp-json\/wp\/v2\/tags?post=30635"}],"curies":[{"name":"wp","href":"https:\/\/api.w.org\/{rel}","templated":true}]}}