{"id":30642,"date":"2010-02-23T19:17:42","date_gmt":"2010-02-23T17:17:42","guid":{"rendered":"http:\/\/www.visit-ulcinj.com\/blog\/?p=30642"},"modified":"2010-02-23T19:17:42","modified_gmt":"2010-02-23T17:17:42","slug":"oferta-turistike-e-ulqinit-ne-panairin-turistik-ne-beograd","status":"publish","type":"post","link":"https:\/\/www.visit-ulcinj.com\/blog\/2010\/02\/23\/oferta-turistike-e-ulqinit-ne-panairin-turistik-ne-beograd\/","title":{"rendered":"Oferta turistike e Ulqinit n\u00eb panairin turistik n\u00eb Beograd"},"content":{"rendered":"<p><a href=\"http:\/\/www.visit-ulcinj.com\/blog\/wp-content\/uploads\/2010\/02\/Organizata-turistike-e-Ulqinit-ne-panairin-Beograd.jpg\"><img loading=\"lazy\" class=\"alignleft size-full wp-image-30643\" title=\"Organizata turistike e Ulqinit ne panairin Beograd\" src=\"http:\/\/www.visit-ulcinj.com\/blog\/wp-content\/uploads\/2010\/02\/Organizata-turistike-e-Ulqinit-ne-panairin-Beograd.jpg\" alt=\"Organizata turistike e Ulqinit ne panairin Beograd\" width=\"580\" height=\"400\" \/><\/a>Organizata turistike e Ulqinit , respektivisht hotelier\u00ebt dhe  p\u00ebrfaq\u00ebsues t\u00eb agjencis\u00eb turistike t\u00eb k\u00ebtij qytetit, do t\u00eb paraqiten me  stend t\u00eb ve\u00e7ant\u00eb n\u00eb panairin e Beogradit i cili fillon nes\u00ebr dhe zgjat  deri me 28 t\u00eb k\u00ebtij muaji.<br \/>\nPas prezantimit t\u00eb suksessh\u00ebm n\u00eb panairin e Budv\u00ebs dhe n\u00eb  Tel Aviv,   Panairi i Beogradit \u00ebsht\u00eb nd\u00ebr m\u00eb t\u00eb r\u00ebnd\u00ebsishmit n\u00eb kuad\u00ebr t\u00eb  panaireve t\u00eb p\u00ebrgjithsh\u00ebm ku do t\u00eb prezantohet Oferta turistike e  Ulqinit p\u00ebr vitin 2010.<\/p>\n<p><strong>TVCG<\/strong><br \/>\n[flv width=&#8221;580&#8243;  height=&#8221;400&#8243;]http:\/\/video.zoover.nl\/media\/play\/2010\/01\/20100125130811_025.flv[\/flv]<\/p>\n","protected":false},"excerpt":{"rendered":"<p>Organizata turistike e Ulqinit , respektivisht hotelier\u00ebt dhe p\u00ebrfaq\u00ebsues t\u00eb agjencis\u00eb turistike t\u00eb k\u00ebtij qytetit, do t\u00eb paraqiten me stend t\u00eb ve\u00e7ant\u00eb n\u00eb panairin e Beogradit i cili fillon nes\u00ebr dhe zgjat deri me 28 t\u00eb k\u00ebtij muaji. Pas prezantimit t\u00eb suksessh\u00ebm n\u00eb panairin e Budv\u00ebs dhe n\u00eb Tel Aviv, Panairi i Beogradit \u00ebsht\u00eb nd\u00ebr [&hellip;]<\/p>\n","protected":false},"author":1,"featured_media":0,"comment_status":"open","ping_status":"closed","sticky":false,"template":"","format":"standard","meta":{"spay_email":"","jetpack_publicize_message":"","jetpack_is_tweetstorm":false,"jetpack_publicize_feature_enabled":true},"categories":[1],"tags":[10273,13639],"jetpack_publicize_connections":[],"yoast_head":"<!-- This site is optimized with the Yoast SEO plugin v19.1 - https:\/\/yoast.com\/wordpress\/plugins\/seo\/ -->\n<title>Oferta turistike e Ulqinit n\u00eb panairin turistik n\u00eb Beograd - Lajme nga Ulqini<\/title>\n<meta name=\"description\" content=\"Organizata turistike e Ulqinit , respektivisht hotelier\u00ebt dhe p\u00ebrfaq\u00ebsues t\u00eb agjencis\u00eb turistike t\u00eb k\u00ebtij qytetit, do t\u00eb paraqiten me stend t\u00eb ve\u00e7ant\u00eb n\u00eb\" \/>\n<meta name=\"robots\" content=\"index, follow, max-snippet:-1, max-image-preview:large, max-video-preview:-1\" \/>\n<link rel=\"canonical\" href=\"https:\/\/www.visit-ulcinj.com\/blog\/2010\/02\/23\/oferta-turistike-e-ulqinit-ne-panairin-turistik-ne-beograd\/\" \/>\n<meta property=\"og:locale\" content=\"en_US\" \/>\n<meta property=\"og:type\" content=\"article\" \/>\n<meta property=\"og:title\" content=\"Oferta turistike e Ulqinit n\u00eb panairin turistik n\u00eb Beograd - Lajme nga Ulqini\" \/>\n<meta property=\"og:description\" content=\"Organizata turistike e Ulqinit , respektivisht hotelier\u00ebt dhe p\u00ebrfaq\u00ebsues t\u00eb agjencis\u00eb turistike t\u00eb k\u00ebtij qytetit, do t\u00eb paraqiten me stend t\u00eb ve\u00e7ant\u00eb n\u00eb\" \/>\n<meta property=\"og:url\" content=\"https:\/\/www.visit-ulcinj.com\/blog\/2010\/02\/23\/oferta-turistike-e-ulqinit-ne-panairin-turistik-ne-beograd\/\" \/>\n<meta property=\"og:site_name\" content=\"Lajme nga Ulqini\" \/>\n<meta property=\"article:published_time\" content=\"2010-02-23T17:17:42+00:00\" \/>\n<meta property=\"og:image\" content=\"http:\/\/www.visit-ulcinj.com\/blog\/wp-content\/uploads\/2010\/02\/Organizata-turistike-e-Ulqinit-ne-panairin-Beograd.jpg\" \/>\n<meta name=\"twitter:label1\" content=\"Written by\" \/>\n\t<meta name=\"twitter:data1\" content=\"ulqini\" \/>\n\t<meta name=\"twitter:label2\" content=\"Est. reading time\" \/>\n\t<meta name=\"twitter:data2\" content=\"1 minute\" \/>\n<script type=\"application\/ld+json\" class=\"yoast-schema-graph\">{\"@context\":\"https:\/\/schema.org\",\"@graph\":[{\"@type\":\"WebSite\",\"@id\":\"https:\/\/www.visit-ulcinj.com\/blog\/#website\",\"url\":\"https:\/\/www.visit-ulcinj.com\/blog\/\",\"name\":\"Lajme nga Ulqini\",\"description\":\"Lajme,Vijesti,Ulqini,Ulqin,Crna Gora,Mali i Zi\",\"potentialAction\":[{\"@type\":\"SearchAction\",\"target\":{\"@type\":\"EntryPoint\",\"urlTemplate\":\"https:\/\/www.visit-ulcinj.com\/blog\/?s={search_term_string}\"},\"query-input\":\"required name=search_term_string\"}],\"inLanguage\":\"en-US\"},{\"@type\":\"ImageObject\",\"inLanguage\":\"en-US\",\"@id\":\"https:\/\/www.visit-ulcinj.com\/blog\/2010\/02\/23\/oferta-turistike-e-ulqinit-ne-panairin-turistik-ne-beograd\/#primaryimage\",\"url\":\"https:\/\/www.visit-ulcinj.com\/blog\/wp-content\/uploads\/2010\/02\/Organizata-turistike-e-Ulqinit-ne-panairin-Beograd.jpg\",\"contentUrl\":\"https:\/\/www.visit-ulcinj.com\/blog\/wp-content\/uploads\/2010\/02\/Organizata-turistike-e-Ulqinit-ne-panairin-Beograd.jpg\",\"width\":\"604\",\"height\":\"453\"},{\"@type\":\"WebPage\",\"@id\":\"https:\/\/www.visit-ulcinj.com\/blog\/2010\/02\/23\/oferta-turistike-e-ulqinit-ne-panairin-turistik-ne-beograd\/#webpage\",\"url\":\"https:\/\/www.visit-ulcinj.com\/blog\/2010\/02\/23\/oferta-turistike-e-ulqinit-ne-panairin-turistik-ne-beograd\/\",\"name\":\"Oferta turistike e Ulqinit n\u00eb panairin turistik n\u00eb Beograd - Lajme nga Ulqini\",\"isPartOf\":{\"@id\":\"https:\/\/www.visit-ulcinj.com\/blog\/#website\"},\"primaryImageOfPage\":{\"@id\":\"https:\/\/www.visit-ulcinj.com\/blog\/2010\/02\/23\/oferta-turistike-e-ulqinit-ne-panairin-turistik-ne-beograd\/#primaryimage\"},\"datePublished\":\"2010-02-23T17:17:42+00:00\",\"dateModified\":\"2010-02-23T17:17:42+00:00\",\"author\":{\"@id\":\"https:\/\/www.visit-ulcinj.com\/blog\/#\/schema\/person\/dcab619c614d3038751c63bc2aadc06d\"},\"description\":\"Organizata turistike e Ulqinit , respektivisht hotelier\u00ebt dhe p\u00ebrfaq\u00ebsues t\u00eb agjencis\u00eb turistike t\u00eb k\u00ebtij qytetit, do t\u00eb paraqiten me stend t\u00eb ve\u00e7ant\u00eb n\u00eb\",\"breadcrumb\":{\"@id\":\"https:\/\/www.visit-ulcinj.com\/blog\/2010\/02\/23\/oferta-turistike-e-ulqinit-ne-panairin-turistik-ne-beograd\/#breadcrumb\"},\"inLanguage\":\"en-US\",\"potentialAction\":[{\"@type\":\"ReadAction\",\"target\":[\"https:\/\/www.visit-ulcinj.com\/blog\/2010\/02\/23\/oferta-turistike-e-ulqinit-ne-panairin-turistik-ne-beograd\/\"]}]},{\"@type\":\"BreadcrumbList\",\"@id\":\"https:\/\/www.visit-ulcinj.com\/blog\/2010\/02\/23\/oferta-turistike-e-ulqinit-ne-panairin-turistik-ne-beograd\/#breadcrumb\",\"itemListElement\":[{\"@type\":\"ListItem\",\"position\":1,\"name\":\"Oferta turistike e Ulqinit n\u00eb panairin turistik n\u00eb Beograd\"}]},{\"@type\":\"Person\",\"@id\":\"https:\/\/www.visit-ulcinj.com\/blog\/#\/schema\/person\/dcab619c614d3038751c63bc2aadc06d\",\"name\":\"ulqini\",\"sameAs\":[\"http:\/\/www.visit-ulcinj.com\"],\"url\":\"https:\/\/www.visit-ulcinj.com\/blog\/author\/admin\/\"}]}<\/script>\n<!-- \/ Yoast SEO plugin. -->","yoast_head_json":{"title":"Oferta turistike e Ulqinit n\u00eb panairin turistik n\u00eb Beograd - Lajme nga Ulqini","description":"Organizata turistike e Ulqinit , respektivisht hotelier\u00ebt dhe p\u00ebrfaq\u00ebsues t\u00eb agjencis\u00eb turistike t\u00eb k\u00ebtij qytetit, do t\u00eb paraqiten me stend t\u00eb ve\u00e7ant\u00eb n\u00eb","robots":{"index":"index","follow":"follow","max-snippet":"max-snippet:-1","max-image-preview":"max-image-preview:large","max-video-preview":"max-video-preview:-1"},"canonical":"https:\/\/www.visit-ulcinj.com\/blog\/2010\/02\/23\/oferta-turistike-e-ulqinit-ne-panairin-turistik-ne-beograd\/","og_locale":"en_US","og_type":"article","og_title":"Oferta turistike e Ulqinit n\u00eb panairin turistik n\u00eb Beograd - Lajme nga Ulqini","og_description":"Organizata turistike e Ulqinit , respektivisht hotelier\u00ebt dhe p\u00ebrfaq\u00ebsues t\u00eb agjencis\u00eb turistike t\u00eb k\u00ebtij qytetit, do t\u00eb paraqiten me stend t\u00eb ve\u00e7ant\u00eb n\u00eb","og_url":"https:\/\/www.visit-ulcinj.com\/blog\/2010\/02\/23\/oferta-turistike-e-ulqinit-ne-panairin-turistik-ne-beograd\/","og_site_name":"Lajme nga Ulqini","article_published_time":"2010-02-23T17:17:42+00:00","og_image":[{"url":"http:\/\/www.visit-ulcinj.com\/blog\/wp-content\/uploads\/2010\/02\/Organizata-turistike-e-Ulqinit-ne-panairin-Beograd.jpg"}],"twitter_misc":{"Written by":"ulqini","Est. reading time":"1 minute"},"schema":{"@context":"https:\/\/schema.org","@graph":[{"@type":"WebSite","@id":"https:\/\/www.visit-ulcinj.com\/blog\/#website","url":"https:\/\/www.visit-ulcinj.com\/blog\/","name":"Lajme nga Ulqini","description":"Lajme,Vijesti,Ulqini,Ulqin,Crna Gora,Mali i Zi","potentialAction":[{"@type":"SearchAction","target":{"@type":"EntryPoint","urlTemplate":"https:\/\/www.visit-ulcinj.com\/blog\/?s={search_term_string}"},"query-input":"required name=search_term_string"}],"inLanguage":"en-US"},{"@type":"ImageObject","inLanguage":"en-US","@id":"https:\/\/www.visit-ulcinj.com\/blog\/2010\/02\/23\/oferta-turistike-e-ulqinit-ne-panairin-turistik-ne-beograd\/#primaryimage","url":"https:\/\/www.visit-ulcinj.com\/blog\/wp-content\/uploads\/2010\/02\/Organizata-turistike-e-Ulqinit-ne-panairin-Beograd.jpg","contentUrl":"https:\/\/www.visit-ulcinj.com\/blog\/wp-content\/uploads\/2010\/02\/Organizata-turistike-e-Ulqinit-ne-panairin-Beograd.jpg","width":"604","height":"453"},{"@type":"WebPage","@id":"https:\/\/www.visit-ulcinj.com\/blog\/2010\/02\/23\/oferta-turistike-e-ulqinit-ne-panairin-turistik-ne-beograd\/#webpage","url":"https:\/\/www.visit-ulcinj.com\/blog\/2010\/02\/23\/oferta-turistike-e-ulqinit-ne-panairin-turistik-ne-beograd\/","name":"Oferta turistike e Ulqinit n\u00eb panairin turistik n\u00eb Beograd - Lajme nga Ulqini","isPartOf":{"@id":"https:\/\/www.visit-ulcinj.com\/blog\/#website"},"primaryImageOfPage":{"@id":"https:\/\/www.visit-ulcinj.com\/blog\/2010\/02\/23\/oferta-turistike-e-ulqinit-ne-panairin-turistik-ne-beograd\/#primaryimage"},"datePublished":"2010-02-23T17:17:42+00:00","dateModified":"2010-02-23T17:17:42+00:00","author":{"@id":"https:\/\/www.visit-ulcinj.com\/blog\/#\/schema\/person\/dcab619c614d3038751c63bc2aadc06d"},"description":"Organizata turistike e Ulqinit , respektivisht hotelier\u00ebt dhe p\u00ebrfaq\u00ebsues t\u00eb agjencis\u00eb turistike t\u00eb k\u00ebtij qytetit, do t\u00eb paraqiten me stend t\u00eb ve\u00e7ant\u00eb n\u00eb","breadcrumb":{"@id":"https:\/\/www.visit-ulcinj.com\/blog\/2010\/02\/23\/oferta-turistike-e-ulqinit-ne-panairin-turistik-ne-beograd\/#breadcrumb"},"inLanguage":"en-US","potentialAction":[{"@type":"ReadAction","target":["https:\/\/www.visit-ulcinj.com\/blog\/2010\/02\/23\/oferta-turistike-e-ulqinit-ne-panairin-turistik-ne-beograd\/"]}]},{"@type":"BreadcrumbList","@id":"https:\/\/www.visit-ulcinj.com\/blog\/2010\/02\/23\/oferta-turistike-e-ulqinit-ne-panairin-turistik-ne-beograd\/#breadcrumb","itemListElement":[{"@type":"ListItem","position":1,"name":"Oferta turistike e Ulqinit n\u00eb panairin turistik n\u00eb Beograd"}]},{"@type":"Person","@id":"https:\/\/www.visit-ulcinj.com\/blog\/#\/schema\/person\/dcab619c614d3038751c63bc2aadc06d","name":"ulqini","sameAs":["http:\/\/www.visit-ulcinj.com"],"url":"https:\/\/www.visit-ulcinj.com\/blog\/author\/admin\/"}]}},"jetpack_featured_media_url":"","jetpack_sharing_enabled":true,"jetpack_shortlink":"https:\/\/wp.me\/pe6lTn-7Ye","_links":{"self":[{"href":"https:\/\/www.visit-ulcinj.com\/blog\/wp-json\/wp\/v2\/posts\/30642"}],"collection":[{"href":"https:\/\/www.visit-ulcinj.com\/blog\/wp-json\/wp\/v2\/posts"}],"about":[{"href":"https:\/\/www.visit-ulcinj.com\/blog\/wp-json\/wp\/v2\/types\/post"}],"author":[{"embeddable":true,"href":"https:\/\/www.visit-ulcinj.com\/blog\/wp-json\/wp\/v2\/users\/1"}],"replies":[{"embeddable":true,"href":"https:\/\/www.visit-ulcinj.com\/blog\/wp-json\/wp\/v2\/comments?post=30642"}],"version-history":[{"count":0,"href":"https:\/\/www.visit-ulcinj.com\/blog\/wp-json\/wp\/v2\/posts\/30642\/revisions"}],"wp:attachment":[{"href":"https:\/\/www.visit-ulcinj.com\/blog\/wp-json\/wp\/v2\/media?parent=30642"}],"wp:term":[{"taxonomy":"category","embeddable":true,"href":"https:\/\/www.visit-ulcinj.com\/blog\/wp-json\/wp\/v2\/categories?post=30642"},{"taxonomy":"post_tag","embeddable":true,"href":"https:\/\/www.visit-ulcinj.com\/blog\/wp-json\/wp\/v2\/tags?post=30642"}],"curies":[{"name":"wp","href":"https:\/\/api.w.org\/{rel}","templated":true}]}}