{"id":30646,"date":"2010-02-23T20:54:04","date_gmt":"2010-02-23T18:54:04","guid":{"rendered":"http:\/\/www.visit-ulcinj.com\/blog\/?p=30646"},"modified":"2010-02-23T20:54:04","modified_gmt":"2010-02-23T18:54:04","slug":"bojana-i-jugo-ponovo-prijete","status":"publish","type":"post","link":"https:\/\/www.visit-ulcinj.com\/blog\/2010\/02\/23\/bojana-i-jugo-ponovo-prijete\/","title":{"rendered":"Bojana i jugo ponovo prijete"},"content":{"rendered":"<p><a href=\"http:\/\/www.visit-ulcinj.com\/blog\/wp-content\/uploads\/2010\/02\/Riblji-restoran-MI\u0160KO_ADA-BOJANA.jpg\"><img loading=\"lazy\" class=\"alignleft size-full wp-image-30647\" title=\"Riblji restoran MI\u0160KO_ADA BOJANA\" src=\"http:\/\/www.visit-ulcinj.com\/blog\/wp-content\/uploads\/2010\/02\/Riblji-restoran-MI\u0160KO_ADA-BOJANA.jpg\" alt=\"Riblji restoran MI\u0160KO_ADA BOJANA\" width=\"580\" height=\"400\" \/><\/a>Ulcinj &#8211; Olujni oblaci, neprestane ki\u0161e i povi\u0161ene temperature koje tope  snijeg sa planina mje\u0161tanima sela pored Bojane ve? danima ne slute na  dobro.<br \/>\nNivo rijeke kod mosta sino? je bio 20 centimetara vi\u0161i od normale, ali  je situacija uzvodno znatno lo\u0161ija. Kod grani?ne karaule Sveti ?or?e  prije ra?ve, kako saznaju \u201cVijesti\u201d, voda je ve? prodrla na okolne  livade koje se jo\u0161 nijesu ni osu\u0161ile od januarskih poplava.<br \/>\nVlasnik restorana \u201eKod Mi\u0161ka\u201d Mi\u0161ko Lekovi? kazao je sino? \u201eVijestima\u201d  da je situacija za sada pod kontrolom, iako su putevi pored Bojane  uglavnom opet pod vodom.<br \/>\n\u201eAko ne bude juga u naredna dva-tri dana, pro?i ?e i ovo. Ali ako se  digne more, mo\u017ee opet postati komplikovano\u201d, kazao je Lekovi? i dodao da  na tom dijelu nema poplava.<br \/>\nAlbanske agencije javljaju da se na hidroeletrani na Drimu opet otvaraju  ispusti zbog pove?anja nivoa nabujale rijeke, a da su neka sela u  blizini granice sa Crnom Gorom u opasnosti od poplava.<br \/>\n\u201eSa dva od tri ispusta odliva se ukupno 850 kubika vode u sekundi\u201d,  saop\u0161tila je ju?e Elektroprivreda Albanije, navode?i da su ispusti  otvaraju od 18. februara. Narasle akumulacije na Drimu, kako javljaju  agencije posljedica su pove?anja nivoa vode na Ohridskom jezeru u  Makedoniji, i otvaranja tamo\u0161njih hidrocentrala.<br \/>\nKod mje\u0161tana sela pored rijeke Bojane ponovo se uvukao nespokoj, budu?i  da su u januaru do\u017eivjeli najgore poplave u posljednjih nekoliko  decenija i da su tada do\u017eivjeli veliku \u0161tetu, koja jo\u0161  nije u  potpunosti nije sanirana<\/p>\n<div><strong>S.A.<br \/>\n<a href=\"http:\/\/www.vijesti.me\/index.php?id_pre=330305&amp;godina=2010\" target=\"_blank\">Vijesti<\/a><\/strong><\/div>\n","protected":false},"excerpt":{"rendered":"<p>Ulcinj &#8211; Olujni oblaci, neprestane ki\u0161e i povi\u0161ene temperature koje tope snijeg sa planina mje\u0161tanima sela pored Bojane ve? danima ne slute na dobro. Nivo rijeke kod mosta sino? je bio 20 centimetara vi\u0161i od normale, ali je situacija uzvodno znatno lo\u0161ija. Kod grani?ne karaule Sveti ?or?e prije ra?ve, kako saznaju \u201cVijesti\u201d, voda je ve? [&hellip;]<\/p>\n","protected":false},"author":1,"featured_media":0,"comment_status":"open","ping_status":"closed","sticky":false,"template":"","format":"standard","meta":{"spay_email":"","jetpack_publicize_message":"","jetpack_is_tweetstorm":false,"jetpack_publicize_feature_enabled":true},"categories":[8337],"tags":[13329],"jetpack_publicize_connections":[],"yoast_head":"<!-- This site is optimized with the Yoast SEO plugin v19.1 - https:\/\/yoast.com\/wordpress\/plugins\/seo\/ -->\n<title>Bojana i jugo ponovo prijete - Lajme nga Ulqini<\/title>\n<meta name=\"description\" content=\"Ulcinj - Olujni oblaci, neprestane ki\u0161e i povi\u0161ene temperature koje tope snijeg sa planina mje\u0161tanima sela pored Bojane ve? danima ne slute na dobro. Nivo\" \/>\n<meta name=\"robots\" content=\"index, follow, max-snippet:-1, max-image-preview:large, max-video-preview:-1\" \/>\n<link rel=\"canonical\" href=\"https:\/\/www.visit-ulcinj.com\/blog\/2010\/02\/23\/bojana-i-jugo-ponovo-prijete\/\" \/>\n<meta property=\"og:locale\" content=\"en_US\" \/>\n<meta property=\"og:type\" content=\"article\" \/>\n<meta property=\"og:title\" content=\"Bojana i jugo ponovo prijete - Lajme nga Ulqini\" \/>\n<meta property=\"og:description\" content=\"Ulcinj - Olujni oblaci, neprestane ki\u0161e i povi\u0161ene temperature koje tope snijeg sa planina mje\u0161tanima sela pored Bojane ve? danima ne slute na dobro. Nivo\" \/>\n<meta property=\"og:url\" content=\"https:\/\/www.visit-ulcinj.com\/blog\/2010\/02\/23\/bojana-i-jugo-ponovo-prijete\/\" \/>\n<meta property=\"og:site_name\" content=\"Lajme nga Ulqini\" \/>\n<meta property=\"article:published_time\" content=\"2010-02-23T18:54:04+00:00\" \/>\n<meta name=\"twitter:label1\" content=\"Written by\" \/>\n\t<meta name=\"twitter:data1\" content=\"ulqini\" \/>\n\t<meta name=\"twitter:label2\" content=\"Est. reading time\" \/>\n\t<meta name=\"twitter:data2\" content=\"1 minute\" \/>\n<script type=\"application\/ld+json\" class=\"yoast-schema-graph\">{\"@context\":\"https:\/\/schema.org\",\"@graph\":[{\"@type\":\"WebSite\",\"@id\":\"https:\/\/www.visit-ulcinj.com\/blog\/#website\",\"url\":\"https:\/\/www.visit-ulcinj.com\/blog\/\",\"name\":\"Lajme nga Ulqini\",\"description\":\"Lajme,Vijesti,Ulqini,Ulqin,Crna Gora,Mali i Zi\",\"potentialAction\":[{\"@type\":\"SearchAction\",\"target\":{\"@type\":\"EntryPoint\",\"urlTemplate\":\"https:\/\/www.visit-ulcinj.com\/blog\/?s={search_term_string}\"},\"query-input\":\"required name=search_term_string\"}],\"inLanguage\":\"en-US\"},{\"@type\":\"WebPage\",\"@id\":\"https:\/\/www.visit-ulcinj.com\/blog\/2010\/02\/23\/bojana-i-jugo-ponovo-prijete\/#webpage\",\"url\":\"https:\/\/www.visit-ulcinj.com\/blog\/2010\/02\/23\/bojana-i-jugo-ponovo-prijete\/\",\"name\":\"Bojana i jugo ponovo prijete - Lajme nga Ulqini\",\"isPartOf\":{\"@id\":\"https:\/\/www.visit-ulcinj.com\/blog\/#website\"},\"datePublished\":\"2010-02-23T18:54:04+00:00\",\"dateModified\":\"2010-02-23T18:54:04+00:00\",\"author\":{\"@id\":\"https:\/\/www.visit-ulcinj.com\/blog\/#\/schema\/person\/dcab619c614d3038751c63bc2aadc06d\"},\"description\":\"Ulcinj - Olujni oblaci, neprestane ki\u0161e i povi\u0161ene temperature koje tope snijeg sa planina mje\u0161tanima sela pored Bojane ve? danima ne slute na dobro. Nivo\",\"breadcrumb\":{\"@id\":\"https:\/\/www.visit-ulcinj.com\/blog\/2010\/02\/23\/bojana-i-jugo-ponovo-prijete\/#breadcrumb\"},\"inLanguage\":\"en-US\",\"potentialAction\":[{\"@type\":\"ReadAction\",\"target\":[\"https:\/\/www.visit-ulcinj.com\/blog\/2010\/02\/23\/bojana-i-jugo-ponovo-prijete\/\"]}]},{\"@type\":\"BreadcrumbList\",\"@id\":\"https:\/\/www.visit-ulcinj.com\/blog\/2010\/02\/23\/bojana-i-jugo-ponovo-prijete\/#breadcrumb\",\"itemListElement\":[{\"@type\":\"ListItem\",\"position\":1,\"name\":\"Bojana i jugo ponovo prijete\"}]},{\"@type\":\"Person\",\"@id\":\"https:\/\/www.visit-ulcinj.com\/blog\/#\/schema\/person\/dcab619c614d3038751c63bc2aadc06d\",\"name\":\"ulqini\",\"sameAs\":[\"http:\/\/www.visit-ulcinj.com\"],\"url\":\"https:\/\/www.visit-ulcinj.com\/blog\/author\/admin\/\"}]}<\/script>\n<!-- \/ Yoast SEO plugin. -->","yoast_head_json":{"title":"Bojana i jugo ponovo prijete - Lajme nga Ulqini","description":"Ulcinj - Olujni oblaci, neprestane ki\u0161e i povi\u0161ene temperature koje tope snijeg sa planina mje\u0161tanima sela pored Bojane ve? danima ne slute na dobro. Nivo","robots":{"index":"index","follow":"follow","max-snippet":"max-snippet:-1","max-image-preview":"max-image-preview:large","max-video-preview":"max-video-preview:-1"},"canonical":"https:\/\/www.visit-ulcinj.com\/blog\/2010\/02\/23\/bojana-i-jugo-ponovo-prijete\/","og_locale":"en_US","og_type":"article","og_title":"Bojana i jugo ponovo prijete - Lajme nga Ulqini","og_description":"Ulcinj - Olujni oblaci, neprestane ki\u0161e i povi\u0161ene temperature koje tope snijeg sa planina mje\u0161tanima sela pored Bojane ve? danima ne slute na dobro. Nivo","og_url":"https:\/\/www.visit-ulcinj.com\/blog\/2010\/02\/23\/bojana-i-jugo-ponovo-prijete\/","og_site_name":"Lajme nga Ulqini","article_published_time":"2010-02-23T18:54:04+00:00","twitter_misc":{"Written by":"ulqini","Est. reading time":"1 minute"},"schema":{"@context":"https:\/\/schema.org","@graph":[{"@type":"WebSite","@id":"https:\/\/www.visit-ulcinj.com\/blog\/#website","url":"https:\/\/www.visit-ulcinj.com\/blog\/","name":"Lajme nga Ulqini","description":"Lajme,Vijesti,Ulqini,Ulqin,Crna Gora,Mali i Zi","potentialAction":[{"@type":"SearchAction","target":{"@type":"EntryPoint","urlTemplate":"https:\/\/www.visit-ulcinj.com\/blog\/?s={search_term_string}"},"query-input":"required name=search_term_string"}],"inLanguage":"en-US"},{"@type":"WebPage","@id":"https:\/\/www.visit-ulcinj.com\/blog\/2010\/02\/23\/bojana-i-jugo-ponovo-prijete\/#webpage","url":"https:\/\/www.visit-ulcinj.com\/blog\/2010\/02\/23\/bojana-i-jugo-ponovo-prijete\/","name":"Bojana i jugo ponovo prijete - Lajme nga Ulqini","isPartOf":{"@id":"https:\/\/www.visit-ulcinj.com\/blog\/#website"},"datePublished":"2010-02-23T18:54:04+00:00","dateModified":"2010-02-23T18:54:04+00:00","author":{"@id":"https:\/\/www.visit-ulcinj.com\/blog\/#\/schema\/person\/dcab619c614d3038751c63bc2aadc06d"},"description":"Ulcinj - Olujni oblaci, neprestane ki\u0161e i povi\u0161ene temperature koje tope snijeg sa planina mje\u0161tanima sela pored Bojane ve? danima ne slute na dobro. Nivo","breadcrumb":{"@id":"https:\/\/www.visit-ulcinj.com\/blog\/2010\/02\/23\/bojana-i-jugo-ponovo-prijete\/#breadcrumb"},"inLanguage":"en-US","potentialAction":[{"@type":"ReadAction","target":["https:\/\/www.visit-ulcinj.com\/blog\/2010\/02\/23\/bojana-i-jugo-ponovo-prijete\/"]}]},{"@type":"BreadcrumbList","@id":"https:\/\/www.visit-ulcinj.com\/blog\/2010\/02\/23\/bojana-i-jugo-ponovo-prijete\/#breadcrumb","itemListElement":[{"@type":"ListItem","position":1,"name":"Bojana i jugo ponovo prijete"}]},{"@type":"Person","@id":"https:\/\/www.visit-ulcinj.com\/blog\/#\/schema\/person\/dcab619c614d3038751c63bc2aadc06d","name":"ulqini","sameAs":["http:\/\/www.visit-ulcinj.com"],"url":"https:\/\/www.visit-ulcinj.com\/blog\/author\/admin\/"}]}},"jetpack_featured_media_url":"","jetpack_sharing_enabled":true,"jetpack_shortlink":"https:\/\/wp.me\/pe6lTn-7Yi","_links":{"self":[{"href":"https:\/\/www.visit-ulcinj.com\/blog\/wp-json\/wp\/v2\/posts\/30646"}],"collection":[{"href":"https:\/\/www.visit-ulcinj.com\/blog\/wp-json\/wp\/v2\/posts"}],"about":[{"href":"https:\/\/www.visit-ulcinj.com\/blog\/wp-json\/wp\/v2\/types\/post"}],"author":[{"embeddable":true,"href":"https:\/\/www.visit-ulcinj.com\/blog\/wp-json\/wp\/v2\/users\/1"}],"replies":[{"embeddable":true,"href":"https:\/\/www.visit-ulcinj.com\/blog\/wp-json\/wp\/v2\/comments?post=30646"}],"version-history":[{"count":0,"href":"https:\/\/www.visit-ulcinj.com\/blog\/wp-json\/wp\/v2\/posts\/30646\/revisions"}],"wp:attachment":[{"href":"https:\/\/www.visit-ulcinj.com\/blog\/wp-json\/wp\/v2\/media?parent=30646"}],"wp:term":[{"taxonomy":"category","embeddable":true,"href":"https:\/\/www.visit-ulcinj.com\/blog\/wp-json\/wp\/v2\/categories?post=30646"},{"taxonomy":"post_tag","embeddable":true,"href":"https:\/\/www.visit-ulcinj.com\/blog\/wp-json\/wp\/v2\/tags?post=30646"}],"curies":[{"name":"wp","href":"https:\/\/api.w.org\/{rel}","templated":true}]}}