{"id":30649,"date":"2010-02-24T20:31:04","date_gmt":"2010-02-24T18:31:04","guid":{"rendered":"http:\/\/www.visit-ulcinj.com\/blog\/?p=30649"},"modified":"2010-02-24T20:31:04","modified_gmt":"2010-02-24T18:31:04","slug":"ulcinj-nova-rusenja-na-pristanu","status":"publish","type":"post","link":"https:\/\/www.visit-ulcinj.com\/blog\/2010\/02\/24\/ulcinj-nova-rusenja-na-pristanu\/","title":{"rendered":"Ulcinj: Nova ru\u0161enja na Pristanu"},"content":{"rendered":"<p><a href=\"http:\/\/www.visit-ulcinj.com\/blog\/wp-content\/uploads\/2010\/02\/Ulcinj_-Nova-ru\u0161enja-na-Pristanu-2.jpg\"><img loading=\"lazy\" class=\"alignleft size-full wp-image-30650\" title=\"Ulcinj_ Nova ru\u0161enja na Pristanu (2)\" src=\"http:\/\/www.visit-ulcinj.com\/blog\/wp-content\/uploads\/2010\/02\/Ulcinj_-Nova-ru\u0161enja-na-Pristanu-2.jpg\" alt=\"Ulcinj_ Nova ru\u0161enja na Pristanu (2)\" width=\"580\" height=\"400\" \/><\/a>Ulcinj \u2013 Akcija uklanjanja privremenih objekata sa Pristana u Ulcinju uskoro ?e biti nastavljena, saznaju \u201cVijesti\u201d u Ministarstvu za ure?enje prostora i za\u0161titu \u017eivotne sredine.<br \/>\nU planu objekata privremenog karaktera u zoni morskog dobra za 2010, koji bi do kraja sedmice trebalo da potpi\u0161e ministar Branimir Gvozdenovi?, nijesu uvr\u0161teni mnogi objekti koji su tim dokumentom bili obuhva?eni lani.<br \/>\n\u201cNa Pristanu ?e biti jo\u0161 dosta ru\u0161enja i to je najbolji demant svima koji su neargumentovano tvrdili da je pro\u0161la akcija bila selektivna\u201d, kazao je sagovornik \u201cVijesti\u201d.<br \/>\nPo?etkom februara nadle\u017ena inspekcija je na Pristanu uklonila skoro 30 bespravno podignutih objekata u zoni morskog dobra koji nijesu bili predvi?eni planom za pretpro\u0161lu godinu.<br \/>\nNezadovoljni vlasnici tvrdili su da je \u201cakcija selektivna\u201d i da se objekti \u201cru\u0161e na njihovoj privatnoj imovini\u201d, ali je cijeli slu?aj vrlo brzo preseljen na politi?ki teren.<br \/>\nKao glavnog krivca za uklanjanje objekata, pojedini vlasnici ozna?ili su gradona?elnika Gzima Hajdinagu \u201czbog li?nih ambicija, ali i kao personifikaciju lokalne vlasti u Ulcinju\u201d.<br \/>\nHajdinaga je uzvratio pokazivanjem video snimka na lokalnoj TV Teuta sa sastanka na kojem je dogovoreno da ti objekti ostanu do kraja sezone 2009, a da ih vlasnici potom sami uklone.<br \/>\nUslijedila su nova reagovanja i optu\u017ebe, oglasile su se i neke opozicione partije, a onda je zavladao muk.<br \/>\nOdgovaraju?i na pitanja \u201cVijesti\u201d, Ministarstvo za ure?enje prostora saop\u0161tilo je da je Gra?evinska inspekcija postupila u skladu sa prijavama \u201cMorskog dobra\u201d.<br \/>\n\u201cMinistarstvu su sa prijavama dostavljeni brojevi lokacija i fotoelaborati i svi objekti koji su prijavljeni, a za koje je utvr?eno da nijesu podignuti u skladu sa zakonom, uklonjeni su. Prijave sa takvim informacijama jedino su \u0161to je relevantno, za sve na\u0161e inspekcije\u201d, saop\u0161teno je iz Ministarstva.<br \/>\n\u201cVijesti\u201d u \u201cMorskom dobru\u201c saznaju da ?e u novoj akciji biti uklonjeni skoro svi privremeni objekti koji gravitiraju turisti?ko-ugostiteljskom objektu \u201cHolegro\u201d.<br \/>\nU Ministarstvu je re?eno da ?e, za razliku od prethodne akcije za koju je bila nadle\u017ena Gra?evinska inspekcija, ru\u0161enje ovog puta nadzirati Inspekcija za\u0161tite prostora.<\/p>\n<p>Ure?enje zale?a Male pla\u017ee<br \/>\nNa zahtjev \u201cVijesti\u201d, \u201cMorsko dobro\u201d dostavilo je na uvid dva dopisa ministru Gvozdenovi?u iz pro\u0161le godine u kojima se tra\u017ei uklanjanje objekata sa Pristana.<br \/>\nU prvom od 25. februara, direktor tog preduze?a Rajko Barovi? konstatuje da \u201cplanom objekata privremenog karaktera u zoni morskog dobra u Ulcinju za 2009, nijesu predvi?eni objekti koji su bili u planu za 2008. godinu\u201d.<br \/>\n\u201cIli su privremeni objekti postavljeni na lokaciji gdje nije bilo predvi?eno njihovo postavljanje. Slu\u017ebenici javnog preduze?a konstatovali su koji su to privremeni objekti, fotografisali ih, pa je potrebno da inspekcijske slu\u017ebe izvr\u0161e kontrolu i obezbijede njihovo uklanjanje\u201d, navodi se u tom dopisu.<br \/>\nU drugom dopisu od 5. maja pi\u0161e da je \u201cu toku pripreme plana objekata privremenog karaktera u zoni morskog dobra za 2009. Op\u0161tina Ulcinj istakla namjeru ure?enja zale?a Male pla\u017ee, pa je zahtijevala uklanjanje objekata sa tog prostora\u201d.<br \/>\n\u201cOvaj zahtjev je uva\u017een po\u0161to u planu nijesu planirane lokacije i nijesu predvi?eni objekti koji su bili u tom dokumentu za 2008\u201d, naveo je Barovi? u urgenciji Gvozdenovi?u.<\/p>\n<p><a href=\"http:\/\/www.vijesti.me\/index.php?id_pre=330464&amp;godina=2010\" target=\"_blank\"><strong>S.A<br \/>\nVijesti<\/strong><\/a><\/p>\n<!--YouTube Error: bad URL entered-->\n","protected":false},"excerpt":{"rendered":"<p>Ulcinj \u2013 Akcija uklanjanja privremenih objekata sa Pristana u Ulcinju uskoro ?e biti nastavljena, saznaju \u201cVijesti\u201d u Ministarstvu za ure?enje prostora i za\u0161titu \u017eivotne sredine. U planu objekata privremenog karaktera u zoni morskog dobra za 2010, koji bi do kraja sedmice trebalo da potpi\u0161e ministar Branimir Gvozdenovi?, nijesu uvr\u0161teni mnogi objekti koji su tim dokumentom [&hellip;]<\/p>\n","protected":false},"author":1,"featured_media":0,"comment_status":"open","ping_status":"closed","sticky":false,"template":"","format":"standard","meta":{"spay_email":"","jetpack_publicize_message":"","jetpack_is_tweetstorm":false,"jetpack_publicize_feature_enabled":true},"categories":[8337],"tags":[2775,3037,264],"jetpack_publicize_connections":[],"yoast_head":"<!-- This site is optimized with the Yoast SEO plugin v19.1 - https:\/\/yoast.com\/wordpress\/plugins\/seo\/ -->\n<title>Ulcinj: Nova ru\u0161enja na Pristanu - Lajme nga Ulqini<\/title>\n<meta name=\"description\" content=\"Ulcinj \u2013 Akcija uklanjanja privremenih objekata sa Pristana u Ulcinju uskoro ?e biti nastavljena, saznaju \u201cVijesti\u201d u Ministarstvu za ure?enje prostora i\" \/>\n<meta name=\"robots\" content=\"index, follow, max-snippet:-1, max-image-preview:large, max-video-preview:-1\" \/>\n<link rel=\"canonical\" href=\"https:\/\/www.visit-ulcinj.com\/blog\/2010\/02\/24\/ulcinj-nova-rusenja-na-pristanu\/\" \/>\n<meta property=\"og:locale\" content=\"en_US\" \/>\n<meta property=\"og:type\" content=\"article\" \/>\n<meta property=\"og:title\" content=\"Ulcinj: Nova ru\u0161enja na Pristanu - Lajme nga Ulqini\" \/>\n<meta property=\"og:description\" content=\"Ulcinj \u2013 Akcija uklanjanja privremenih objekata sa Pristana u Ulcinju uskoro ?e biti nastavljena, saznaju \u201cVijesti\u201d u Ministarstvu za ure?enje prostora i\" \/>\n<meta property=\"og:url\" content=\"https:\/\/www.visit-ulcinj.com\/blog\/2010\/02\/24\/ulcinj-nova-rusenja-na-pristanu\/\" \/>\n<meta property=\"og:site_name\" content=\"Lajme nga Ulqini\" \/>\n<meta property=\"article:published_time\" content=\"2010-02-24T18:31:04+00:00\" \/>\n<meta name=\"twitter:label1\" content=\"Written by\" \/>\n\t<meta name=\"twitter:data1\" content=\"ulqini\" \/>\n\t<meta name=\"twitter:label2\" content=\"Est. reading time\" \/>\n\t<meta name=\"twitter:data2\" content=\"3 minutes\" \/>\n<script type=\"application\/ld+json\" class=\"yoast-schema-graph\">{\"@context\":\"https:\/\/schema.org\",\"@graph\":[{\"@type\":\"WebSite\",\"@id\":\"https:\/\/www.visit-ulcinj.com\/blog\/#website\",\"url\":\"https:\/\/www.visit-ulcinj.com\/blog\/\",\"name\":\"Lajme nga Ulqini\",\"description\":\"Lajme,Vijesti,Ulqini,Ulqin,Crna Gora,Mali i Zi\",\"potentialAction\":[{\"@type\":\"SearchAction\",\"target\":{\"@type\":\"EntryPoint\",\"urlTemplate\":\"https:\/\/www.visit-ulcinj.com\/blog\/?s={search_term_string}\"},\"query-input\":\"required name=search_term_string\"}],\"inLanguage\":\"en-US\"},{\"@type\":\"WebPage\",\"@id\":\"https:\/\/www.visit-ulcinj.com\/blog\/2010\/02\/24\/ulcinj-nova-rusenja-na-pristanu\/#webpage\",\"url\":\"https:\/\/www.visit-ulcinj.com\/blog\/2010\/02\/24\/ulcinj-nova-rusenja-na-pristanu\/\",\"name\":\"Ulcinj: Nova ru\u0161enja na Pristanu - Lajme nga Ulqini\",\"isPartOf\":{\"@id\":\"https:\/\/www.visit-ulcinj.com\/blog\/#website\"},\"datePublished\":\"2010-02-24T18:31:04+00:00\",\"dateModified\":\"2010-02-24T18:31:04+00:00\",\"author\":{\"@id\":\"https:\/\/www.visit-ulcinj.com\/blog\/#\/schema\/person\/dcab619c614d3038751c63bc2aadc06d\"},\"description\":\"Ulcinj \u2013 Akcija uklanjanja privremenih objekata sa Pristana u Ulcinju uskoro ?e biti nastavljena, saznaju \u201cVijesti\u201d u Ministarstvu za ure?enje prostora i\",\"breadcrumb\":{\"@id\":\"https:\/\/www.visit-ulcinj.com\/blog\/2010\/02\/24\/ulcinj-nova-rusenja-na-pristanu\/#breadcrumb\"},\"inLanguage\":\"en-US\",\"potentialAction\":[{\"@type\":\"ReadAction\",\"target\":[\"https:\/\/www.visit-ulcinj.com\/blog\/2010\/02\/24\/ulcinj-nova-rusenja-na-pristanu\/\"]}]},{\"@type\":\"BreadcrumbList\",\"@id\":\"https:\/\/www.visit-ulcinj.com\/blog\/2010\/02\/24\/ulcinj-nova-rusenja-na-pristanu\/#breadcrumb\",\"itemListElement\":[{\"@type\":\"ListItem\",\"position\":1,\"name\":\"Ulcinj: Nova ru\u0161enja na Pristanu\"}]},{\"@type\":\"Person\",\"@id\":\"https:\/\/www.visit-ulcinj.com\/blog\/#\/schema\/person\/dcab619c614d3038751c63bc2aadc06d\",\"name\":\"ulqini\",\"sameAs\":[\"http:\/\/www.visit-ulcinj.com\"],\"url\":\"https:\/\/www.visit-ulcinj.com\/blog\/author\/admin\/\"}]}<\/script>\n<!-- \/ Yoast SEO plugin. -->","yoast_head_json":{"title":"Ulcinj: Nova ru\u0161enja na Pristanu - Lajme nga Ulqini","description":"Ulcinj \u2013 Akcija uklanjanja privremenih objekata sa Pristana u Ulcinju uskoro ?e biti nastavljena, saznaju \u201cVijesti\u201d u Ministarstvu za ure?enje prostora i","robots":{"index":"index","follow":"follow","max-snippet":"max-snippet:-1","max-image-preview":"max-image-preview:large","max-video-preview":"max-video-preview:-1"},"canonical":"https:\/\/www.visit-ulcinj.com\/blog\/2010\/02\/24\/ulcinj-nova-rusenja-na-pristanu\/","og_locale":"en_US","og_type":"article","og_title":"Ulcinj: Nova ru\u0161enja na Pristanu - Lajme nga Ulqini","og_description":"Ulcinj \u2013 Akcija uklanjanja privremenih objekata sa Pristana u Ulcinju uskoro ?e biti nastavljena, saznaju \u201cVijesti\u201d u Ministarstvu za ure?enje prostora i","og_url":"https:\/\/www.visit-ulcinj.com\/blog\/2010\/02\/24\/ulcinj-nova-rusenja-na-pristanu\/","og_site_name":"Lajme nga Ulqini","article_published_time":"2010-02-24T18:31:04+00:00","twitter_misc":{"Written by":"ulqini","Est. reading time":"3 minutes"},"schema":{"@context":"https:\/\/schema.org","@graph":[{"@type":"WebSite","@id":"https:\/\/www.visit-ulcinj.com\/blog\/#website","url":"https:\/\/www.visit-ulcinj.com\/blog\/","name":"Lajme nga Ulqini","description":"Lajme,Vijesti,Ulqini,Ulqin,Crna Gora,Mali i Zi","potentialAction":[{"@type":"SearchAction","target":{"@type":"EntryPoint","urlTemplate":"https:\/\/www.visit-ulcinj.com\/blog\/?s={search_term_string}"},"query-input":"required name=search_term_string"}],"inLanguage":"en-US"},{"@type":"WebPage","@id":"https:\/\/www.visit-ulcinj.com\/blog\/2010\/02\/24\/ulcinj-nova-rusenja-na-pristanu\/#webpage","url":"https:\/\/www.visit-ulcinj.com\/blog\/2010\/02\/24\/ulcinj-nova-rusenja-na-pristanu\/","name":"Ulcinj: Nova ru\u0161enja na Pristanu - Lajme nga Ulqini","isPartOf":{"@id":"https:\/\/www.visit-ulcinj.com\/blog\/#website"},"datePublished":"2010-02-24T18:31:04+00:00","dateModified":"2010-02-24T18:31:04+00:00","author":{"@id":"https:\/\/www.visit-ulcinj.com\/blog\/#\/schema\/person\/dcab619c614d3038751c63bc2aadc06d"},"description":"Ulcinj \u2013 Akcija uklanjanja privremenih objekata sa Pristana u Ulcinju uskoro ?e biti nastavljena, saznaju \u201cVijesti\u201d u Ministarstvu za ure?enje prostora i","breadcrumb":{"@id":"https:\/\/www.visit-ulcinj.com\/blog\/2010\/02\/24\/ulcinj-nova-rusenja-na-pristanu\/#breadcrumb"},"inLanguage":"en-US","potentialAction":[{"@type":"ReadAction","target":["https:\/\/www.visit-ulcinj.com\/blog\/2010\/02\/24\/ulcinj-nova-rusenja-na-pristanu\/"]}]},{"@type":"BreadcrumbList","@id":"https:\/\/www.visit-ulcinj.com\/blog\/2010\/02\/24\/ulcinj-nova-rusenja-na-pristanu\/#breadcrumb","itemListElement":[{"@type":"ListItem","position":1,"name":"Ulcinj: Nova ru\u0161enja na Pristanu"}]},{"@type":"Person","@id":"https:\/\/www.visit-ulcinj.com\/blog\/#\/schema\/person\/dcab619c614d3038751c63bc2aadc06d","name":"ulqini","sameAs":["http:\/\/www.visit-ulcinj.com"],"url":"https:\/\/www.visit-ulcinj.com\/blog\/author\/admin\/"}]}},"jetpack_featured_media_url":"","jetpack_sharing_enabled":true,"jetpack_shortlink":"https:\/\/wp.me\/pe6lTn-7Yl","_links":{"self":[{"href":"https:\/\/www.visit-ulcinj.com\/blog\/wp-json\/wp\/v2\/posts\/30649"}],"collection":[{"href":"https:\/\/www.visit-ulcinj.com\/blog\/wp-json\/wp\/v2\/posts"}],"about":[{"href":"https:\/\/www.visit-ulcinj.com\/blog\/wp-json\/wp\/v2\/types\/post"}],"author":[{"embeddable":true,"href":"https:\/\/www.visit-ulcinj.com\/blog\/wp-json\/wp\/v2\/users\/1"}],"replies":[{"embeddable":true,"href":"https:\/\/www.visit-ulcinj.com\/blog\/wp-json\/wp\/v2\/comments?post=30649"}],"version-history":[{"count":0,"href":"https:\/\/www.visit-ulcinj.com\/blog\/wp-json\/wp\/v2\/posts\/30649\/revisions"}],"wp:attachment":[{"href":"https:\/\/www.visit-ulcinj.com\/blog\/wp-json\/wp\/v2\/media?parent=30649"}],"wp:term":[{"taxonomy":"category","embeddable":true,"href":"https:\/\/www.visit-ulcinj.com\/blog\/wp-json\/wp\/v2\/categories?post=30649"},{"taxonomy":"post_tag","embeddable":true,"href":"https:\/\/www.visit-ulcinj.com\/blog\/wp-json\/wp\/v2\/tags?post=30649"}],"curies":[{"name":"wp","href":"https:\/\/api.w.org\/{rel}","templated":true}]}}