{"id":30653,"date":"2010-02-24T20:47:58","date_gmt":"2010-02-24T18:47:58","guid":{"rendered":"http:\/\/www.visit-ulcinj.com\/blog\/?p=30653"},"modified":"2010-02-24T20:47:58","modified_gmt":"2010-02-24T18:47:58","slug":"forca-ce-se-zbog-izbornog-zakona-zaliti-ustavnom-sudu","status":"publish","type":"post","link":"https:\/\/www.visit-ulcinj.com\/blog\/2010\/02\/24\/forca-ce-se-zbog-izbornog-zakona-zaliti-ustavnom-sudu\/","title":{"rendered":"Forca ?e se zbog izbornog zakona \u017ealiti ustavnom sudu"},"content":{"rendered":"<p><strong><a href=\"http:\/\/www.visit-ulcinj.com\/blog\/wp-content\/uploads\/2010\/02\/Genci_Nimanbegu_ulcinj.jpg\"><img loading=\"lazy\" class=\"alignleft size-full wp-image-30654\" title=\"Genci_Nimanbegu_ulcinj\" src=\"http:\/\/www.visit-ulcinj.com\/blog\/wp-content\/uploads\/2010\/02\/Genci_Nimanbegu_ulcinj.jpg\" alt=\"Genci_Nimanbegu_ulcinj\" width=\"330\" height=\"536\" srcset=\"https:\/\/www.visit-ulcinj.com\/blog\/wp-content\/uploads\/2010\/02\/Genci_Nimanbegu_ulcinj.jpg 330w, https:\/\/www.visit-ulcinj.com\/blog\/wp-content\/uploads\/2010\/02\/Genci_Nimanbegu_ulcinj-184x300.jpg 184w\" sizes=\"(max-width: 330px) 100vw, 330px\" \/><\/a>Izbore ne?emo propustiti<\/strong><br \/>\nPodgorica(MINA) \u2013 Forca ?e se, ukoliko predlo\u017eeni model manjinskog predstavljanja u parlamentu bude usvojen, \u017ealiti Ustavnom sudu, ali ne?e odustati od u?e\u0161?a na lokalnim izborima, najavljeno je iz te partije.<br \/>\nPredlo\u017eenim izbornim modelom, Crna Gora je jedna izborna jedinica. Sve partije da bi u\u0161le u Skup\u0161tinu moraju pre?i cenzus od tri odsto. Partije sa manjinskih lista, koje ne pre?u taj uslov, a imaju vi\u0161e od 0,7 odsto glasova sti?u pravo u?e\u0161?a u raspodjeli mandata kao jedna zbirna izborna lista, sa ukupno dobijenim brojem va\u017ee?ih glasova.<br \/>\nPotpredsjednik Force Genci Nimanbegu kazao je da to rje\u0161enje predstavlja kr\u0161enje Ustava i odredbe o autenti?noj i proporcionalnoj zastupljenosti.<br \/>\n\u201cUkoliko do toga do?e, \u017eali?emo se Ustavnom sudu ?ija je nadle\u017enost da odlu?uje o ustavnoj \u017ealbi u slu?aju povrede ljudskih prava i sloboda zajam?enih Ustavom\u201c, rekao je Nimanbegu agenciji MINA.<br \/>\nOn je kazao da njegova lokalne izbore smatra veoma va\u017enim, ?ak i ravnopravnim sa parlamentarnim izborima, jer se ta stranka zala\u017ee za decentralizaciju vlasti u Crnoj Gori.<br \/>\n\u201eVlast je na lokalnom nivou najbli\u017ea gra?anima i oni su zainteresovani da bude kvalitetna i efikasna. Smatramo da bojkot nije na?in kvalitetne borbe u parlamentanim demokratijama\u201d, naveo je Nimanbegu.<br \/>\nPrema njegovim rije?ima, bojkot mo\u017eda pri\u017eeljkuju partije koje su na vlasti u op\u0161tinama gdje Forca djeluje.<br \/>\n\u201cI koje su radile veoma lo\u0161e, u Ulcinju, recimo, katastrofalno. I mi ne bi imali nikakvo opravdanje kad bi bojkotom izbora indirektno uticali da oni nastave da vr\u0161e vlast\u201d, rekao je Nimanbegu.<br \/>\nKako je kazao, Forca \u201cne pomi\u0161lja\u201d da ne u?estvuje na lokalnim izborima.<br \/>\n\u201cVe? se spremamo za njih i uvjereni smo da ?emo zabilje\u017eiti o?ekivani rast podr\u0161ke gra?ana\u201d, kazao je on.<br \/>\n<a href=\"http:\/\/www.vijesti.me\/index.php?id_pre=330405&amp;godina=2010\" target=\"_blank\"><br \/>\n<strong>Vijesti<\/strong><\/a><\/p>\n<p><strong>VIDEO TVCG<\/strong><br \/>\n[flv width=&#8221;580&#8243;  height=&#8221;400&#8243;]http:\/\/www.rtcg.me\/images\/biblioteka\/audio_video_arhiva\/Nedjeljom%20u%2016%20-%20Genci%20Nimanbegu.flv[\/flv]<\/p>\n","protected":false},"excerpt":{"rendered":"<p>Izbore ne?emo propustiti Podgorica(MINA) \u2013 Forca ?e se, ukoliko predlo\u017eeni model manjinskog predstavljanja u parlamentu bude usvojen, \u017ealiti Ustavnom sudu, ali ne?e odustati od u?e\u0161?a na lokalnim izborima, najavljeno je iz te partije. Predlo\u017eenim izbornim modelom, Crna Gora je jedna izborna jedinica. Sve partije da bi u\u0161le u Skup\u0161tinu moraju pre?i cenzus od tri odsto. [&hellip;]<\/p>\n","protected":false},"author":1,"featured_media":0,"comment_status":"open","ping_status":"closed","sticky":false,"template":"","format":"standard","meta":{"spay_email":"","jetpack_publicize_message":"","jetpack_is_tweetstorm":false,"jetpack_publicize_feature_enabled":true},"categories":[8337],"tags":[117,1073],"jetpack_publicize_connections":[],"yoast_head":"<!-- This site is optimized with the Yoast SEO plugin v19.1 - https:\/\/yoast.com\/wordpress\/plugins\/seo\/ -->\n<title>Forca ?e se zbog izbornog zakona \u017ealiti ustavnom sudu - Lajme nga Ulqini<\/title>\n<meta name=\"description\" content=\"Izbore ne?emo propustiti Podgorica(MINA) \u2013 Forca ?e se, ukoliko predlo\u017eeni model manjinskog predstavljanja u parlamentu bude usvojen, \u017ealiti Ustavnom\" \/>\n<meta name=\"robots\" content=\"index, follow, max-snippet:-1, max-image-preview:large, max-video-preview:-1\" \/>\n<link rel=\"canonical\" href=\"https:\/\/www.visit-ulcinj.com\/blog\/2010\/02\/24\/forca-ce-se-zbog-izbornog-zakona-zaliti-ustavnom-sudu\/\" \/>\n<meta property=\"og:locale\" content=\"en_US\" \/>\n<meta property=\"og:type\" content=\"article\" \/>\n<meta property=\"og:title\" content=\"Forca ?e se zbog izbornog zakona \u017ealiti ustavnom sudu - Lajme nga Ulqini\" \/>\n<meta property=\"og:description\" content=\"Izbore ne?emo propustiti Podgorica(MINA) \u2013 Forca ?e se, ukoliko predlo\u017eeni model manjinskog predstavljanja u parlamentu bude usvojen, \u017ealiti Ustavnom\" \/>\n<meta property=\"og:url\" content=\"https:\/\/www.visit-ulcinj.com\/blog\/2010\/02\/24\/forca-ce-se-zbog-izbornog-zakona-zaliti-ustavnom-sudu\/\" \/>\n<meta property=\"og:site_name\" content=\"Lajme nga Ulqini\" \/>\n<meta property=\"article:published_time\" content=\"2010-02-24T18:47:58+00:00\" \/>\n<meta property=\"og:image\" content=\"http:\/\/www.visit-ulcinj.com\/blog\/wp-content\/uploads\/2010\/02\/Genci_Nimanbegu_ulcinj.jpg\" \/>\n<meta name=\"twitter:label1\" content=\"Written by\" \/>\n\t<meta name=\"twitter:data1\" content=\"ulqini\" \/>\n\t<meta name=\"twitter:label2\" content=\"Est. reading time\" \/>\n\t<meta name=\"twitter:data2\" content=\"2 minutes\" \/>\n<script type=\"application\/ld+json\" class=\"yoast-schema-graph\">{\"@context\":\"https:\/\/schema.org\",\"@graph\":[{\"@type\":\"WebSite\",\"@id\":\"https:\/\/www.visit-ulcinj.com\/blog\/#website\",\"url\":\"https:\/\/www.visit-ulcinj.com\/blog\/\",\"name\":\"Lajme nga Ulqini\",\"description\":\"Lajme,Vijesti,Ulqini,Ulqin,Crna Gora,Mali i Zi\",\"potentialAction\":[{\"@type\":\"SearchAction\",\"target\":{\"@type\":\"EntryPoint\",\"urlTemplate\":\"https:\/\/www.visit-ulcinj.com\/blog\/?s={search_term_string}\"},\"query-input\":\"required name=search_term_string\"}],\"inLanguage\":\"en-US\"},{\"@type\":\"ImageObject\",\"inLanguage\":\"en-US\",\"@id\":\"https:\/\/www.visit-ulcinj.com\/blog\/2010\/02\/24\/forca-ce-se-zbog-izbornog-zakona-zaliti-ustavnom-sudu\/#primaryimage\",\"url\":\"https:\/\/www.visit-ulcinj.com\/blog\/wp-content\/uploads\/2010\/02\/Genci_Nimanbegu_ulcinj.jpg\",\"contentUrl\":\"https:\/\/www.visit-ulcinj.com\/blog\/wp-content\/uploads\/2010\/02\/Genci_Nimanbegu_ulcinj.jpg\",\"width\":\"330\",\"height\":\"536\"},{\"@type\":\"WebPage\",\"@id\":\"https:\/\/www.visit-ulcinj.com\/blog\/2010\/02\/24\/forca-ce-se-zbog-izbornog-zakona-zaliti-ustavnom-sudu\/#webpage\",\"url\":\"https:\/\/www.visit-ulcinj.com\/blog\/2010\/02\/24\/forca-ce-se-zbog-izbornog-zakona-zaliti-ustavnom-sudu\/\",\"name\":\"Forca ?e se zbog izbornog zakona \u017ealiti ustavnom sudu - Lajme nga Ulqini\",\"isPartOf\":{\"@id\":\"https:\/\/www.visit-ulcinj.com\/blog\/#website\"},\"primaryImageOfPage\":{\"@id\":\"https:\/\/www.visit-ulcinj.com\/blog\/2010\/02\/24\/forca-ce-se-zbog-izbornog-zakona-zaliti-ustavnom-sudu\/#primaryimage\"},\"datePublished\":\"2010-02-24T18:47:58+00:00\",\"dateModified\":\"2010-02-24T18:47:58+00:00\",\"author\":{\"@id\":\"https:\/\/www.visit-ulcinj.com\/blog\/#\/schema\/person\/dcab619c614d3038751c63bc2aadc06d\"},\"description\":\"Izbore ne?emo propustiti Podgorica(MINA) \u2013 Forca ?e se, ukoliko predlo\u017eeni model manjinskog predstavljanja u parlamentu bude usvojen, \u017ealiti Ustavnom\",\"breadcrumb\":{\"@id\":\"https:\/\/www.visit-ulcinj.com\/blog\/2010\/02\/24\/forca-ce-se-zbog-izbornog-zakona-zaliti-ustavnom-sudu\/#breadcrumb\"},\"inLanguage\":\"en-US\",\"potentialAction\":[{\"@type\":\"ReadAction\",\"target\":[\"https:\/\/www.visit-ulcinj.com\/blog\/2010\/02\/24\/forca-ce-se-zbog-izbornog-zakona-zaliti-ustavnom-sudu\/\"]}]},{\"@type\":\"BreadcrumbList\",\"@id\":\"https:\/\/www.visit-ulcinj.com\/blog\/2010\/02\/24\/forca-ce-se-zbog-izbornog-zakona-zaliti-ustavnom-sudu\/#breadcrumb\",\"itemListElement\":[{\"@type\":\"ListItem\",\"position\":1,\"name\":\"Forca ?e se zbog izbornog zakona \u017ealiti ustavnom sudu\"}]},{\"@type\":\"Person\",\"@id\":\"https:\/\/www.visit-ulcinj.com\/blog\/#\/schema\/person\/dcab619c614d3038751c63bc2aadc06d\",\"name\":\"ulqini\",\"sameAs\":[\"http:\/\/www.visit-ulcinj.com\"],\"url\":\"https:\/\/www.visit-ulcinj.com\/blog\/author\/admin\/\"}]}<\/script>\n<!-- \/ Yoast SEO plugin. -->","yoast_head_json":{"title":"Forca ?e se zbog izbornog zakona \u017ealiti ustavnom sudu - Lajme nga Ulqini","description":"Izbore ne?emo propustiti Podgorica(MINA) \u2013 Forca ?e se, ukoliko predlo\u017eeni model manjinskog predstavljanja u parlamentu bude usvojen, \u017ealiti Ustavnom","robots":{"index":"index","follow":"follow","max-snippet":"max-snippet:-1","max-image-preview":"max-image-preview:large","max-video-preview":"max-video-preview:-1"},"canonical":"https:\/\/www.visit-ulcinj.com\/blog\/2010\/02\/24\/forca-ce-se-zbog-izbornog-zakona-zaliti-ustavnom-sudu\/","og_locale":"en_US","og_type":"article","og_title":"Forca ?e se zbog izbornog zakona \u017ealiti ustavnom sudu - Lajme nga Ulqini","og_description":"Izbore ne?emo propustiti Podgorica(MINA) \u2013 Forca ?e se, ukoliko predlo\u017eeni model manjinskog predstavljanja u parlamentu bude usvojen, \u017ealiti Ustavnom","og_url":"https:\/\/www.visit-ulcinj.com\/blog\/2010\/02\/24\/forca-ce-se-zbog-izbornog-zakona-zaliti-ustavnom-sudu\/","og_site_name":"Lajme nga Ulqini","article_published_time":"2010-02-24T18:47:58+00:00","og_image":[{"url":"http:\/\/www.visit-ulcinj.com\/blog\/wp-content\/uploads\/2010\/02\/Genci_Nimanbegu_ulcinj.jpg"}],"twitter_misc":{"Written by":"ulqini","Est. reading time":"2 minutes"},"schema":{"@context":"https:\/\/schema.org","@graph":[{"@type":"WebSite","@id":"https:\/\/www.visit-ulcinj.com\/blog\/#website","url":"https:\/\/www.visit-ulcinj.com\/blog\/","name":"Lajme nga Ulqini","description":"Lajme,Vijesti,Ulqini,Ulqin,Crna Gora,Mali i Zi","potentialAction":[{"@type":"SearchAction","target":{"@type":"EntryPoint","urlTemplate":"https:\/\/www.visit-ulcinj.com\/blog\/?s={search_term_string}"},"query-input":"required name=search_term_string"}],"inLanguage":"en-US"},{"@type":"ImageObject","inLanguage":"en-US","@id":"https:\/\/www.visit-ulcinj.com\/blog\/2010\/02\/24\/forca-ce-se-zbog-izbornog-zakona-zaliti-ustavnom-sudu\/#primaryimage","url":"https:\/\/www.visit-ulcinj.com\/blog\/wp-content\/uploads\/2010\/02\/Genci_Nimanbegu_ulcinj.jpg","contentUrl":"https:\/\/www.visit-ulcinj.com\/blog\/wp-content\/uploads\/2010\/02\/Genci_Nimanbegu_ulcinj.jpg","width":"330","height":"536"},{"@type":"WebPage","@id":"https:\/\/www.visit-ulcinj.com\/blog\/2010\/02\/24\/forca-ce-se-zbog-izbornog-zakona-zaliti-ustavnom-sudu\/#webpage","url":"https:\/\/www.visit-ulcinj.com\/blog\/2010\/02\/24\/forca-ce-se-zbog-izbornog-zakona-zaliti-ustavnom-sudu\/","name":"Forca ?e se zbog izbornog zakona \u017ealiti ustavnom sudu - Lajme nga Ulqini","isPartOf":{"@id":"https:\/\/www.visit-ulcinj.com\/blog\/#website"},"primaryImageOfPage":{"@id":"https:\/\/www.visit-ulcinj.com\/blog\/2010\/02\/24\/forca-ce-se-zbog-izbornog-zakona-zaliti-ustavnom-sudu\/#primaryimage"},"datePublished":"2010-02-24T18:47:58+00:00","dateModified":"2010-02-24T18:47:58+00:00","author":{"@id":"https:\/\/www.visit-ulcinj.com\/blog\/#\/schema\/person\/dcab619c614d3038751c63bc2aadc06d"},"description":"Izbore ne?emo propustiti Podgorica(MINA) \u2013 Forca ?e se, ukoliko predlo\u017eeni model manjinskog predstavljanja u parlamentu bude usvojen, \u017ealiti Ustavnom","breadcrumb":{"@id":"https:\/\/www.visit-ulcinj.com\/blog\/2010\/02\/24\/forca-ce-se-zbog-izbornog-zakona-zaliti-ustavnom-sudu\/#breadcrumb"},"inLanguage":"en-US","potentialAction":[{"@type":"ReadAction","target":["https:\/\/www.visit-ulcinj.com\/blog\/2010\/02\/24\/forca-ce-se-zbog-izbornog-zakona-zaliti-ustavnom-sudu\/"]}]},{"@type":"BreadcrumbList","@id":"https:\/\/www.visit-ulcinj.com\/blog\/2010\/02\/24\/forca-ce-se-zbog-izbornog-zakona-zaliti-ustavnom-sudu\/#breadcrumb","itemListElement":[{"@type":"ListItem","position":1,"name":"Forca ?e se zbog izbornog zakona \u017ealiti ustavnom sudu"}]},{"@type":"Person","@id":"https:\/\/www.visit-ulcinj.com\/blog\/#\/schema\/person\/dcab619c614d3038751c63bc2aadc06d","name":"ulqini","sameAs":["http:\/\/www.visit-ulcinj.com"],"url":"https:\/\/www.visit-ulcinj.com\/blog\/author\/admin\/"}]}},"jetpack_featured_media_url":"","jetpack_sharing_enabled":true,"jetpack_shortlink":"https:\/\/wp.me\/pe6lTn-7Yp","_links":{"self":[{"href":"https:\/\/www.visit-ulcinj.com\/blog\/wp-json\/wp\/v2\/posts\/30653"}],"collection":[{"href":"https:\/\/www.visit-ulcinj.com\/blog\/wp-json\/wp\/v2\/posts"}],"about":[{"href":"https:\/\/www.visit-ulcinj.com\/blog\/wp-json\/wp\/v2\/types\/post"}],"author":[{"embeddable":true,"href":"https:\/\/www.visit-ulcinj.com\/blog\/wp-json\/wp\/v2\/users\/1"}],"replies":[{"embeddable":true,"href":"https:\/\/www.visit-ulcinj.com\/blog\/wp-json\/wp\/v2\/comments?post=30653"}],"version-history":[{"count":0,"href":"https:\/\/www.visit-ulcinj.com\/blog\/wp-json\/wp\/v2\/posts\/30653\/revisions"}],"wp:attachment":[{"href":"https:\/\/www.visit-ulcinj.com\/blog\/wp-json\/wp\/v2\/media?parent=30653"}],"wp:term":[{"taxonomy":"category","embeddable":true,"href":"https:\/\/www.visit-ulcinj.com\/blog\/wp-json\/wp\/v2\/categories?post=30653"},{"taxonomy":"post_tag","embeddable":true,"href":"https:\/\/www.visit-ulcinj.com\/blog\/wp-json\/wp\/v2\/tags?post=30653"}],"curies":[{"name":"wp","href":"https:\/\/api.w.org\/{rel}","templated":true}]}}