{"id":30658,"date":"2010-02-25T17:47:55","date_gmt":"2010-02-25T15:47:55","guid":{"rendered":"http:\/\/www.visit-ulcinj.com\/blog\/?p=30658"},"modified":"2010-02-25T17:48:25","modified_gmt":"2010-02-25T15:48:25","slug":"maknucemo-ministra-ako-ne-makne-crkvu","status":"publish","type":"post","link":"https:\/\/www.visit-ulcinj.com\/blog\/2010\/02\/25\/maknucemo-ministra-ako-ne-makne-crkvu\/","title":{"rendered":"Maknu?emo ministra ako ne makne crkvu"},"content":{"rendered":"<p>Podgorica &#8211; Predsjednik Skup\u0161tine Ranko Krivokapi? poru?io je ju?e  ministru ure?enja prostora i za\u0161tite \u017eivotne sredine Branimiru  Gvozdenovi?u da podnese ostavku ukoliko ne mo\u017ee da ukloni metalnu crkvu  sa Rumije, na \u0161ta mu je Gvozdenovi? kazao da nije njegovo da mijenja  ministre. Krivokapi? je ranije ju?e kazao da Gvozdenovi? ne mo\u017ee da  ispuni zakonsku obavezu uklanjanja crkve na Rumiji, poja\u0161njavaju?i kako  isti?e bilo kakvo strpljenje za nepo\u0161tovanje zakona.<br \/>\n\u201cAko ne mo\u017eete to da rije\u0161ite, podnesite ostavku, da mi to ne bismo  tra\u017eili&#8230; Mora?emo micati ministra ukoliko ne mo\u017eemo crkvu. Ako ne?e da  ispo\u0161tuje zakon, onda ima drugih poslova koje treba da radi\u201d, poru?io  je Krivokapi? u intervjuu za Radio Crne Gore.<br \/>\nNelegalno postavljanje metalne crkve na vrhu Rumije prije pet godina  izazvalo je revolt u dijelu crnogorske javnosti, uz ocjene da je u  pitanju naru\u0161avanje me?unacionalnog sklada.<br \/>\nReaguju?i na Krivokapi?evu izjavu, Gvozdenovi? je kazao da predsjednik  parlamenta ide naruku onima koji manipuli\u0161u religijskom osje?anjima  gra?ana i kojima bi  ishitrenost dobrodo\u0161la kao potvrda la\u017enih teza o  ugro\u017eavanju vjerskih sloboda.<br \/>\nU Mitropoliji Crnogorsko-primorskoj smatraju da ovakvim izjavama  Krivokapi?, po ko zna koji put, poziva na otvoreno nasilje i lin?  Mitropolije i raspiruje vjersku i nacionalnu mr\u017enju. U saop\u0161tenju  se  navodi da nema ni manje crkve u Crnoj Gori ni ve?e mr\u017enje i duha  destrukcije protiv nje i onih koji su je sagradili, na mjestu gdje je  ona vjekovima postojala i bila poru\u0161ena od Turaka, prilikom turske  okupacije Bara 1571.<br \/>\nPodsje?aju?i da je o sprovo?enju rje\u0161enja o uklanjanju bespravnog  objekta sa Rumije i ranije govorio, Gvozednovi? je ponovio da  ne treba  sumnjati da ?e dr\u017eava sprovesti predmetno rje\u0161enje, na na?in primjeren  zakonu.<br \/>\nGvozdenovi? je kazao da je va\u017eno razumjeti da u Crnoj Gori ima vi\u0161e  desetina hiljada bespravnih objekata pa njihovo uklanjanje nije ni  trivijalan, ni kratkoro?an, ni jeftin posao. On je ocijenio da  Krivokapi? kao predsjednik Skup\u0161tine i predsjednik SDP-a dobro zna \u0161to  je sve preduzeto i koliki je sistemski napredak napravljen, kada je u  pitanju obra?un sa bespravnom gradnjom. Zbog toga, kako tvrdi  Gvozdenovi?, nije dobro \u0161to Krivokapi? postavlja uslovljavanja.<br \/>\nOn je rekao da ne bi bilo prvi put da se Krivokapi? u Skup\u0161tini prikloni  opoziciji u opstrukciji odluka Vlade koju, na bazi koalicionog  dogovora, ?ini i njegova partija. \u201cDok ne ponovi takvu \\&#8217;paradu  dosljednog politi?kog djelovanja\\&#8217;, mora?e da razumije da i ministar  ure?enja prostora i drugi ministri nijesu njegov izbor i da mjeru  njihove uspje\u0161nosti ocjenjuje neko drugi\u201d, poru?io je Gvozdenovi?.<br \/>\nVrijeme je, smatra on, da se Krivokapi? priklju?i odlu?nosti drugih  nosilaca najva\u017enijih funkcija u Crnoj Gori i da se, umjesto  lamentiraju?eg patriotizma iskazanog kroz forsiranje ostavki,  koncentri\u0161e na krucijalna pitanja ekonomskog i demokratskog razvoja Crne  Gore.<br \/>\n\u201cDruga opcija je da Krivokapi?, sa svojom partijom, obezbijedi dovoljnu  podr\u0161ku bira?a na osnovu koje ?e sam mo?i da bira i da \\&#8217;mi?e\\&#8217;  ministre\u201d, poru?io je Gvozdenovi?.<\/p>\n<p>U Skup\u0161tini da se ne pominje \u0160ari?<br \/>\nKrivokapi? je najavio da poslanici u parlamentu ne?e mo?i da pominju ime  Darka \u0160ari?a, poja\u0161njavaju?i da se radi o stranom dr\u017eavljaninu. On je,  gostuju?i na Radiju Crne Gore, podsjetio da je tokom sjednice posve?ene  premijerskom satu lideru Nove srpske demokratije Andriji Mandi?u  sugerisao da ne pominje ime kontraverznog biznismena Stanka Suboti?a  Caneta.<br \/>\n\u201cRekao sam da mo\u017eemo mi misliti \u0161ta ho?emo o njemu. On je na potjernici,  ali nije dr\u017eavljanin Crne Gore i ne interesuje me \u0161ta rade strani  dr\u017eavljani niti bih dozvolio da to u parlamentu pominjemo. Mora?u da  prekinem i sa Darkom \u0160ari?em, jer je on dr\u017eavljanin druge zemlje\u201d, kazao  je Krivokapi?.<br \/>\nPljevaljak  Darko \u0160ari? je od 21. januara na spisku osumnji?enih srpskog  tu\u017eilastva za borbu protiv organizovanog kriminala zbog sumnje da je  organizovao krijum?arenje vi\u0161e od dvije tone kokaina iz Ju\u017ene Amerike  koji je krajem pro\u0161le godine zaplijenjen u Urugvaju.<br \/>\nKomentari\u0161u?i napad na predsjednika Pokreta za promjene (PzP) Neboj\u0161u  Medojevi?a, Krivokapi? je upozorio da se niko ne mo\u017ee prozivati bez  dokaza konstatuju?i da je to ve?i grijeh od napada na nekoga.  \u201cNedozvoljen je napad na poslanika, ali je jo\u0161 manje dozvoljeno  prozivati ljude bez dokaza\u201d, kazao je Krivokapi?.<\/p>\n<div><strong>Sa. KAJO\u0160EVI?<br \/>\n<a href=\"http:\/\/www.vijesti.me\/index.php?id=330402\" target=\"_blank\">Vijesti<\/a><\/strong><\/div>\n","protected":false},"excerpt":{"rendered":"<p>Podgorica &#8211; Predsjednik Skup\u0161tine Ranko Krivokapi? poru?io je ju?e ministru ure?enja prostora i za\u0161tite \u017eivotne sredine Branimiru Gvozdenovi?u da podnese ostavku ukoliko ne mo\u017ee da ukloni metalnu crkvu sa Rumije, na \u0161ta mu je Gvozdenovi? kazao da nije njegovo da mijenja ministre. Krivokapi? je ranije ju?e kazao da Gvozdenovi? ne mo\u017ee da ispuni zakonsku obavezu [&hellip;]<\/p>\n","protected":false},"author":1,"featured_media":0,"comment_status":"open","ping_status":"closed","sticky":false,"template":"","format":"standard","meta":{"spay_email":"","jetpack_publicize_message":"","jetpack_is_tweetstorm":false,"jetpack_publicize_feature_enabled":true},"categories":[8],"tags":[13640],"jetpack_publicize_connections":[],"yoast_head":"<!-- This site is optimized with the Yoast SEO plugin v19.1 - https:\/\/yoast.com\/wordpress\/plugins\/seo\/ -->\n<title>Maknu?emo ministra ako ne makne crkvu - Lajme nga Ulqini<\/title>\n<meta name=\"description\" content=\"Podgorica - Predsjednik Skup\u0161tine Ranko Krivokapi? poru?io je ju?e ministru ure?enja prostora i za\u0161tite \u017eivotne sredine Branimiru Gvozdenovi?u da podnese\" \/>\n<meta name=\"robots\" content=\"index, follow, max-snippet:-1, max-image-preview:large, max-video-preview:-1\" \/>\n<link rel=\"canonical\" href=\"https:\/\/www.visit-ulcinj.com\/blog\/2010\/02\/25\/maknucemo-ministra-ako-ne-makne-crkvu\/\" \/>\n<meta property=\"og:locale\" content=\"en_US\" \/>\n<meta property=\"og:type\" content=\"article\" \/>\n<meta property=\"og:title\" content=\"Maknu?emo ministra ako ne makne crkvu - Lajme nga Ulqini\" \/>\n<meta property=\"og:description\" content=\"Podgorica - Predsjednik Skup\u0161tine Ranko Krivokapi? poru?io je ju?e ministru ure?enja prostora i za\u0161tite \u017eivotne sredine Branimiru Gvozdenovi?u da podnese\" \/>\n<meta property=\"og:url\" content=\"https:\/\/www.visit-ulcinj.com\/blog\/2010\/02\/25\/maknucemo-ministra-ako-ne-makne-crkvu\/\" \/>\n<meta property=\"og:site_name\" content=\"Lajme nga Ulqini\" \/>\n<meta property=\"article:published_time\" content=\"2010-02-25T15:47:55+00:00\" \/>\n<meta property=\"article:modified_time\" content=\"2010-02-25T15:48:25+00:00\" \/>\n<meta name=\"twitter:label1\" content=\"Written by\" \/>\n\t<meta name=\"twitter:data1\" content=\"ulqini\" \/>\n\t<meta name=\"twitter:label2\" content=\"Est. reading time\" \/>\n\t<meta name=\"twitter:data2\" content=\"4 minutes\" \/>\n<script type=\"application\/ld+json\" class=\"yoast-schema-graph\">{\"@context\":\"https:\/\/schema.org\",\"@graph\":[{\"@type\":\"WebSite\",\"@id\":\"https:\/\/www.visit-ulcinj.com\/blog\/#website\",\"url\":\"https:\/\/www.visit-ulcinj.com\/blog\/\",\"name\":\"Lajme nga Ulqini\",\"description\":\"Lajme,Vijesti,Ulqini,Ulqin,Crna Gora,Mali i Zi\",\"potentialAction\":[{\"@type\":\"SearchAction\",\"target\":{\"@type\":\"EntryPoint\",\"urlTemplate\":\"https:\/\/www.visit-ulcinj.com\/blog\/?s={search_term_string}\"},\"query-input\":\"required name=search_term_string\"}],\"inLanguage\":\"en-US\"},{\"@type\":\"WebPage\",\"@id\":\"https:\/\/www.visit-ulcinj.com\/blog\/2010\/02\/25\/maknucemo-ministra-ako-ne-makne-crkvu\/#webpage\",\"url\":\"https:\/\/www.visit-ulcinj.com\/blog\/2010\/02\/25\/maknucemo-ministra-ako-ne-makne-crkvu\/\",\"name\":\"Maknu?emo ministra ako ne makne crkvu - Lajme nga Ulqini\",\"isPartOf\":{\"@id\":\"https:\/\/www.visit-ulcinj.com\/blog\/#website\"},\"datePublished\":\"2010-02-25T15:47:55+00:00\",\"dateModified\":\"2010-02-25T15:48:25+00:00\",\"author\":{\"@id\":\"https:\/\/www.visit-ulcinj.com\/blog\/#\/schema\/person\/dcab619c614d3038751c63bc2aadc06d\"},\"description\":\"Podgorica - Predsjednik Skup\u0161tine Ranko Krivokapi? poru?io je ju?e ministru ure?enja prostora i za\u0161tite \u017eivotne sredine Branimiru Gvozdenovi?u da podnese\",\"breadcrumb\":{\"@id\":\"https:\/\/www.visit-ulcinj.com\/blog\/2010\/02\/25\/maknucemo-ministra-ako-ne-makne-crkvu\/#breadcrumb\"},\"inLanguage\":\"en-US\",\"potentialAction\":[{\"@type\":\"ReadAction\",\"target\":[\"https:\/\/www.visit-ulcinj.com\/blog\/2010\/02\/25\/maknucemo-ministra-ako-ne-makne-crkvu\/\"]}]},{\"@type\":\"BreadcrumbList\",\"@id\":\"https:\/\/www.visit-ulcinj.com\/blog\/2010\/02\/25\/maknucemo-ministra-ako-ne-makne-crkvu\/#breadcrumb\",\"itemListElement\":[{\"@type\":\"ListItem\",\"position\":1,\"name\":\"Maknu?emo ministra ako ne makne crkvu\"}]},{\"@type\":\"Person\",\"@id\":\"https:\/\/www.visit-ulcinj.com\/blog\/#\/schema\/person\/dcab619c614d3038751c63bc2aadc06d\",\"name\":\"ulqini\",\"sameAs\":[\"http:\/\/www.visit-ulcinj.com\"],\"url\":\"https:\/\/www.visit-ulcinj.com\/blog\/author\/admin\/\"}]}<\/script>\n<!-- \/ Yoast SEO plugin. -->","yoast_head_json":{"title":"Maknu?emo ministra ako ne makne crkvu - Lajme nga Ulqini","description":"Podgorica - Predsjednik Skup\u0161tine Ranko Krivokapi? poru?io je ju?e ministru ure?enja prostora i za\u0161tite \u017eivotne sredine Branimiru Gvozdenovi?u da podnese","robots":{"index":"index","follow":"follow","max-snippet":"max-snippet:-1","max-image-preview":"max-image-preview:large","max-video-preview":"max-video-preview:-1"},"canonical":"https:\/\/www.visit-ulcinj.com\/blog\/2010\/02\/25\/maknucemo-ministra-ako-ne-makne-crkvu\/","og_locale":"en_US","og_type":"article","og_title":"Maknu?emo ministra ako ne makne crkvu - Lajme nga Ulqini","og_description":"Podgorica - Predsjednik Skup\u0161tine Ranko Krivokapi? poru?io je ju?e ministru ure?enja prostora i za\u0161tite \u017eivotne sredine Branimiru Gvozdenovi?u da podnese","og_url":"https:\/\/www.visit-ulcinj.com\/blog\/2010\/02\/25\/maknucemo-ministra-ako-ne-makne-crkvu\/","og_site_name":"Lajme nga Ulqini","article_published_time":"2010-02-25T15:47:55+00:00","article_modified_time":"2010-02-25T15:48:25+00:00","twitter_misc":{"Written by":"ulqini","Est. reading time":"4 minutes"},"schema":{"@context":"https:\/\/schema.org","@graph":[{"@type":"WebSite","@id":"https:\/\/www.visit-ulcinj.com\/blog\/#website","url":"https:\/\/www.visit-ulcinj.com\/blog\/","name":"Lajme nga Ulqini","description":"Lajme,Vijesti,Ulqini,Ulqin,Crna Gora,Mali i Zi","potentialAction":[{"@type":"SearchAction","target":{"@type":"EntryPoint","urlTemplate":"https:\/\/www.visit-ulcinj.com\/blog\/?s={search_term_string}"},"query-input":"required name=search_term_string"}],"inLanguage":"en-US"},{"@type":"WebPage","@id":"https:\/\/www.visit-ulcinj.com\/blog\/2010\/02\/25\/maknucemo-ministra-ako-ne-makne-crkvu\/#webpage","url":"https:\/\/www.visit-ulcinj.com\/blog\/2010\/02\/25\/maknucemo-ministra-ako-ne-makne-crkvu\/","name":"Maknu?emo ministra ako ne makne crkvu - Lajme nga Ulqini","isPartOf":{"@id":"https:\/\/www.visit-ulcinj.com\/blog\/#website"},"datePublished":"2010-02-25T15:47:55+00:00","dateModified":"2010-02-25T15:48:25+00:00","author":{"@id":"https:\/\/www.visit-ulcinj.com\/blog\/#\/schema\/person\/dcab619c614d3038751c63bc2aadc06d"},"description":"Podgorica - Predsjednik Skup\u0161tine Ranko Krivokapi? poru?io je ju?e ministru ure?enja prostora i za\u0161tite \u017eivotne sredine Branimiru Gvozdenovi?u da podnese","breadcrumb":{"@id":"https:\/\/www.visit-ulcinj.com\/blog\/2010\/02\/25\/maknucemo-ministra-ako-ne-makne-crkvu\/#breadcrumb"},"inLanguage":"en-US","potentialAction":[{"@type":"ReadAction","target":["https:\/\/www.visit-ulcinj.com\/blog\/2010\/02\/25\/maknucemo-ministra-ako-ne-makne-crkvu\/"]}]},{"@type":"BreadcrumbList","@id":"https:\/\/www.visit-ulcinj.com\/blog\/2010\/02\/25\/maknucemo-ministra-ako-ne-makne-crkvu\/#breadcrumb","itemListElement":[{"@type":"ListItem","position":1,"name":"Maknu?emo ministra ako ne makne crkvu"}]},{"@type":"Person","@id":"https:\/\/www.visit-ulcinj.com\/blog\/#\/schema\/person\/dcab619c614d3038751c63bc2aadc06d","name":"ulqini","sameAs":["http:\/\/www.visit-ulcinj.com"],"url":"https:\/\/www.visit-ulcinj.com\/blog\/author\/admin\/"}]}},"jetpack_featured_media_url":"","jetpack_sharing_enabled":true,"jetpack_shortlink":"https:\/\/wp.me\/pe6lTn-7Yu","_links":{"self":[{"href":"https:\/\/www.visit-ulcinj.com\/blog\/wp-json\/wp\/v2\/posts\/30658"}],"collection":[{"href":"https:\/\/www.visit-ulcinj.com\/blog\/wp-json\/wp\/v2\/posts"}],"about":[{"href":"https:\/\/www.visit-ulcinj.com\/blog\/wp-json\/wp\/v2\/types\/post"}],"author":[{"embeddable":true,"href":"https:\/\/www.visit-ulcinj.com\/blog\/wp-json\/wp\/v2\/users\/1"}],"replies":[{"embeddable":true,"href":"https:\/\/www.visit-ulcinj.com\/blog\/wp-json\/wp\/v2\/comments?post=30658"}],"version-history":[{"count":0,"href":"https:\/\/www.visit-ulcinj.com\/blog\/wp-json\/wp\/v2\/posts\/30658\/revisions"}],"wp:attachment":[{"href":"https:\/\/www.visit-ulcinj.com\/blog\/wp-json\/wp\/v2\/media?parent=30658"}],"wp:term":[{"taxonomy":"category","embeddable":true,"href":"https:\/\/www.visit-ulcinj.com\/blog\/wp-json\/wp\/v2\/categories?post=30658"},{"taxonomy":"post_tag","embeddable":true,"href":"https:\/\/www.visit-ulcinj.com\/blog\/wp-json\/wp\/v2\/tags?post=30658"}],"curies":[{"name":"wp","href":"https:\/\/api.w.org\/{rel}","templated":true}]}}