{"id":30665,"date":"2010-02-25T18:42:00","date_gmt":"2010-02-25T16:42:00","guid":{"rendered":"http:\/\/www.visit-ulcinj.com\/blog\/?p=30665"},"modified":"2010-02-25T18:42:00","modified_gmt":"2010-02-25T16:42:00","slug":"bosnjaci-podrzavaju-promjene-albanci-ne-daju-stecena-prava","status":"publish","type":"post","link":"https:\/\/www.visit-ulcinj.com\/blog\/2010\/02\/25\/bosnjaci-podrzavaju-promjene-albanci-ne-daju-stecena-prava\/","title":{"rendered":"Bo\u0161njaci podr\u017eavaju promjene, Albanci ne daju ste?ena prava"},"content":{"rendered":"<p>Nijesmo potpuno zadovoljni, ali podr\u017ea?emo nacrt zakona &#8211; rekao je  Kemal Puri\u0161i?. Ako tekst nacrta bude usvojen, \u017eali?emo se Ustavnom sudu \u2013  poru?io Genci Nimanbegu<\/p>\n<p>Podgorica \u2013 Nema razloga da bilo koja manjinska zajednica  strahuje od predlo\u017eenog modela autenti?ne zastupljenosti manjina u  parlamentu. On je dovoljno komotan da svako ko se organizuje na pravi  na?in dobije adekvatan broj predstavnika u parlamentu \u2013 kazao je za  \u201ePobjedu\u201d predstavnik Bo\u0161nja?ke stranke u radnoj grupi za uskla?ivanje  izbornog zakonodavstva sa Ustavom Crne Gore Kemal Puri\u0161i?.<\/p>\n<p>Puri\u0161i?, ?ija ?e stranka podr\u017eati tekst nacrta u Skup\u0161tini, kazao  je da je bilo te\u0161ko na?i dobra rje\u0161enja, ali da je radna grupa, ipak,  uspjela da uradi \u201edosta dobar\u201d prijedlog.<\/p>\n<p>&#8211; Nijesmo potpuno zadovoljni, ali morali smo tra\u017eiti kompromis, s  obzirom na to da zakon tra\u017ei podr\u0161ku dvije tre?ine poslanika \u2013 podsje?a  Puri\u0161i?.<\/p>\n<p>&#8211; Na\u0161a partija je imala odre?ene  rezerve koje smo stavili do znanja radnoj grupi,  u smislu da je mogu?e  da na nekim budu?im izborima imamo afirmativnu akciju obezbije?enu kroz  izborni proces i zakonodavstvo, ali da nemamo autenti?nog predstavnika u  parlamentu. To jeste, po nama, problem, jer mislimo da je ustavna norma  jasna, da tra\u017ei da u svakom slu?aju i na svim izborima obezbijedimo  autenti?nog predstavnika u parlamentu.  Nadamo se, ipak, da se to ne?e  desiti i da ovaj model obezbje?uje uslove da sve manjinske zajednice  imaju autenti?ne predstavnike \u2013 rekao je Puri\u0161i?.<\/p>\n<p>Po njegovom mi\u0161ljenju, predstavnici albanskih partija trebalo je  da budu spremniji na tra\u017eenje kompromisnog rje\u0161enja.<\/p>\n<p>&#8211; Nije dobar pristup predstavnika albanske nacionalne zajednice  da ne koriguju svoju polarnu poziciju. Ostali su dosljedni po?etnom  prijedlogu i nijesu htjeli da ga koriguju. To se pokazalo problemati?nim  u radu radne grupe, jer se morao tra\u017eiti kompromis \u2013 rekao je Puri\u0161i?.<\/p>\n<p>Potpredsjednik Nove demokratske  snage Forca i ?lan radne grupe Genci Nimanbegu kazao je za \u201ePobjedu\u201d da  se rje\u0161enjima radne grupe svjesno iskazuje spremnost da se kr\u0161i Ustav i  odredbe o autenti?noj zastupljenosti.<\/p>\n<p>&#8211; Ukoliko bi predlo\u017eeno rje\u0161enje bilo usvojeno, to bi zna?ilo  kr\u0161enje Ustava Crne Gore i odredbe o autenti?noj i proporcionalnoj  zastupljenosti. Ukoliko do toga do?e, \u017eali?emo se Ustavnom sudu \u2013  najavio je Nimanbegu.<\/p>\n<p>Podsjetio je da su predstavnici albanskih partija i koalicija  ostali pri zajedni?kom stavu koji se zasniva na \u201ezadr\u017eavanju ste?enih  prava i njihovom unapre?enju, shodno ?lanu 79 Ustava Crne Gore, koji  govori o auteniti?nom i proporcionalnom predstavljanju u parlamentu\u201d.<\/p>\n<p>&#8211; Radi se o zadr\u017eavanju decenijskog rje\u0161enja o posebnoj izbornoj  jedinici iz koje se bira pet poslanika iz nacionalnih stranaka \u2013  objasnio je Nimanbegu.<\/p>\n<p>On smatra da je rad u radnoj  grupi pokazao da nije postojala volja da se \u201eozbiljno pri?e reformi  izbornog procesa\u201d.<\/p>\n<p>&#8211; To se najbolje vidi po tome \u0161to su partije na vlasti dale skoro  deset prijedloga, koji su bili, ?ak, dijametralno suprotni. Da se  htjelo rje\u0161enje, trebalo je da vladaju?a ve?ina da usagla\u0161en prijedlog  odmah po formiranju radne grupe.Ta konfuzija u brojnim prijedlozima na  kraju je proizvela da se \u201ereforma\u201d izbornog zakonodavstva najvi\u0161e bavila  samo time kako ukinuti ste?ena prava Albanaca \u2013 kazao je Nimanbegu.<\/p>\n<p>&#8211; Predlo\u017eenim rje\u0161enjima,  hipoteti?ki, ako jedna partija koja predstavlja jednu manjinsku  zajednicu pre?e cenzuz od tri odsto, recimo 3,1 odsto, osvojila bi,  najvjerovatnije, dva mandata, kao i gra?anske partije. Tu nema  afirmativne akcije. Ostale partije, iako bi pre\u0161le predvi?enih 0,7, a  manje od tri odsto, ne bi dobile mandat i tu bi se kr\u0161ila odredba o  afirmativnoj akciji, jer je ne bi bilo. Podsje?am, Miodrag Vukovi? u  javnom nastupu tra\u017ei da se ukine afirmativna akcija, iako je Ustavna  odrednica i demokratska tekovina kojom se te\u017ei pobolj\u0161anju statusa neke  zajednice koja nije ravnopravna sa ve?inskom \u2013 ka\u017ee Nimanbegu.<\/p>\n<p>On dodaje da manjinske zajednice treba da imaju \u201eravnopravniji  polo\u017eaj\u201d.                    Istakao je da legitimitet autenti?nog  zastupanja daju glasa?i, ali i me?unarodna zajednica, koja, kako je  kazao, o pitanju polo\u017eaja Albanca u Crnoj Gori kontaktira poslanike iz  nacionalnih stranaka.<\/p>\n<p>?lan radne grupe iz Demokratskog saveza u Crnoj Gori Mehmet  Bardhi ranije nam je kazao da ako njihovi zahtjevi ne budu uva\u017eeni, za  Albance ?e tekst nacrta biti neprihvatljiv.<\/p>\n<p>Prema rje\u0161enjima radne grupe, Crna Gora je jedna izborna jedinica  i nema garantovanih mandata. U raspodjeli mandata u?estvuju liste koje  osvoje najmanje tri odsto ukupunog broja va\u017ee?ih glasova u izbornoj  jedinici. Izborne liste koje u?estvuju za autenti?nu zastupljenost  manjinskog naroda ili manjinske nacionalne zajednice, ako ne pre?u op\u0161ti  cenzus, a pojedina?no osvoje najmanje 0,7 odsto va\u017ee?ih glasova, ste?i  ?e pravo u?e\u0161?a u raspodjeli mandata kao jedna, zbirna lista sa ukupno  dobijenim brojem va\u017ee?ih glasova.<\/p>\n<p>HGI ?eka cenzus za manjine ispod dva odsto<\/p>\n<p>Hrvatska gra?anska inicijativa insistira da izborni cenzus za  manjine koje ?ine manje od dva odsto stanovni\u0161tva Crne Gore bude 0,2  odsto.<\/p>\n<p>&#8211; Za manjine koje ?ine manje od dva odsto stanovni\u0161tva jo\u0161 nije  odre?en cenzus prolaznosti. Ostajemo pri stavu da taj procenat treba da  bude 0,2 odsto i insistira?emo na tome \u2013 ka\u017ee za \u201ePobjedu\u201d predsjednica  Hrvatske gra?anske inicijative Marija Vu?inovi?.<\/p>\n<p>&#8211; ?ekamo da dobijemo tekst nacrta, jer o modelu znamo iz medija.  Kada rje\u0161enja dobijemo u pisanoj formi, komentarisa?emo \u2013 kazala je.<\/p>\n<p>Predlo\u017eeni model u tekstu nacrta predvi?a da izborni cenzus za  manjine koje ?ine manje od dva odsto stanovni\u0161tva Crne Gore bude od 0,4  do 0,7 odsto, zavisno od dogovora.<\/p>\n<p><strong>I. Koprivica<br \/>\n<a href=\"http:\/\/www.pobjeda.co.me\/citanje.php?datum=2010-02-19&amp;id=179956\" target=\"_blank\">Pobjeda<\/a><\/strong><\/p>\n","protected":false},"excerpt":{"rendered":"<p>Nijesmo potpuno zadovoljni, ali podr\u017ea?emo nacrt zakona &#8211; rekao je Kemal Puri\u0161i?. Ako tekst nacrta bude usvojen, \u017eali?emo se Ustavnom sudu \u2013 poru?io Genci Nimanbegu Podgorica \u2013 Nema razloga da bilo koja manjinska zajednica strahuje od predlo\u017eenog modela autenti?ne zastupljenosti manjina u parlamentu. On je dovoljno komotan da svako ko se organizuje na pravi na?in [&hellip;]<\/p>\n","protected":false},"author":1,"featured_media":0,"comment_status":"open","ping_status":"closed","sticky":false,"template":"","format":"standard","meta":{"spay_email":"","jetpack_publicize_message":"","jetpack_is_tweetstorm":false,"jetpack_publicize_feature_enabled":true},"categories":[8],"tags":[13641,19],"jetpack_publicize_connections":[],"yoast_head":"<!-- This site is optimized with the Yoast SEO plugin v19.1 - https:\/\/yoast.com\/wordpress\/plugins\/seo\/ -->\n<title>Bo\u0161njaci podr\u017eavaju promjene, Albanci ne daju ste?ena prava - Lajme nga Ulqini<\/title>\n<meta name=\"description\" content=\"Nijesmo potpuno zadovoljni, ali podr\u017ea?emo nacrt zakona - rekao je Kemal Puri\u0161i?. Ako tekst nacrta bude usvojen, \u017eali?emo se Ustavnom sudu \u2013 poru?io Genci\" \/>\n<meta name=\"robots\" content=\"index, follow, max-snippet:-1, max-image-preview:large, max-video-preview:-1\" \/>\n<link rel=\"canonical\" href=\"https:\/\/www.visit-ulcinj.com\/blog\/2010\/02\/25\/bosnjaci-podrzavaju-promjene-albanci-ne-daju-stecena-prava\/\" \/>\n<meta property=\"og:locale\" content=\"en_US\" \/>\n<meta property=\"og:type\" content=\"article\" \/>\n<meta property=\"og:title\" content=\"Bo\u0161njaci podr\u017eavaju promjene, Albanci ne daju ste?ena prava - Lajme nga Ulqini\" \/>\n<meta property=\"og:description\" content=\"Nijesmo potpuno zadovoljni, ali podr\u017ea?emo nacrt zakona - rekao je Kemal Puri\u0161i?. Ako tekst nacrta bude usvojen, \u017eali?emo se Ustavnom sudu \u2013 poru?io Genci\" \/>\n<meta property=\"og:url\" content=\"https:\/\/www.visit-ulcinj.com\/blog\/2010\/02\/25\/bosnjaci-podrzavaju-promjene-albanci-ne-daju-stecena-prava\/\" \/>\n<meta property=\"og:site_name\" content=\"Lajme nga Ulqini\" \/>\n<meta property=\"article:published_time\" content=\"2010-02-25T16:42:00+00:00\" \/>\n<meta name=\"twitter:label1\" content=\"Written by\" \/>\n\t<meta name=\"twitter:data1\" content=\"ulqini\" \/>\n\t<meta name=\"twitter:label2\" content=\"Est. reading time\" \/>\n\t<meta name=\"twitter:data2\" content=\"5 minutes\" \/>\n<script type=\"application\/ld+json\" class=\"yoast-schema-graph\">{\"@context\":\"https:\/\/schema.org\",\"@graph\":[{\"@type\":\"WebSite\",\"@id\":\"https:\/\/www.visit-ulcinj.com\/blog\/#website\",\"url\":\"https:\/\/www.visit-ulcinj.com\/blog\/\",\"name\":\"Lajme nga Ulqini\",\"description\":\"Lajme,Vijesti,Ulqini,Ulqin,Crna Gora,Mali i Zi\",\"potentialAction\":[{\"@type\":\"SearchAction\",\"target\":{\"@type\":\"EntryPoint\",\"urlTemplate\":\"https:\/\/www.visit-ulcinj.com\/blog\/?s={search_term_string}\"},\"query-input\":\"required name=search_term_string\"}],\"inLanguage\":\"en-US\"},{\"@type\":\"WebPage\",\"@id\":\"https:\/\/www.visit-ulcinj.com\/blog\/2010\/02\/25\/bosnjaci-podrzavaju-promjene-albanci-ne-daju-stecena-prava\/#webpage\",\"url\":\"https:\/\/www.visit-ulcinj.com\/blog\/2010\/02\/25\/bosnjaci-podrzavaju-promjene-albanci-ne-daju-stecena-prava\/\",\"name\":\"Bo\u0161njaci podr\u017eavaju promjene, Albanci ne daju ste?ena prava - Lajme nga Ulqini\",\"isPartOf\":{\"@id\":\"https:\/\/www.visit-ulcinj.com\/blog\/#website\"},\"datePublished\":\"2010-02-25T16:42:00+00:00\",\"dateModified\":\"2010-02-25T16:42:00+00:00\",\"author\":{\"@id\":\"https:\/\/www.visit-ulcinj.com\/blog\/#\/schema\/person\/dcab619c614d3038751c63bc2aadc06d\"},\"description\":\"Nijesmo potpuno zadovoljni, ali podr\u017ea?emo nacrt zakona - rekao je Kemal Puri\u0161i?. Ako tekst nacrta bude usvojen, \u017eali?emo se Ustavnom sudu \u2013 poru?io Genci\",\"breadcrumb\":{\"@id\":\"https:\/\/www.visit-ulcinj.com\/blog\/2010\/02\/25\/bosnjaci-podrzavaju-promjene-albanci-ne-daju-stecena-prava\/#breadcrumb\"},\"inLanguage\":\"en-US\",\"potentialAction\":[{\"@type\":\"ReadAction\",\"target\":[\"https:\/\/www.visit-ulcinj.com\/blog\/2010\/02\/25\/bosnjaci-podrzavaju-promjene-albanci-ne-daju-stecena-prava\/\"]}]},{\"@type\":\"BreadcrumbList\",\"@id\":\"https:\/\/www.visit-ulcinj.com\/blog\/2010\/02\/25\/bosnjaci-podrzavaju-promjene-albanci-ne-daju-stecena-prava\/#breadcrumb\",\"itemListElement\":[{\"@type\":\"ListItem\",\"position\":1,\"name\":\"Bo\u0161njaci podr\u017eavaju promjene, Albanci ne daju ste?ena prava\"}]},{\"@type\":\"Person\",\"@id\":\"https:\/\/www.visit-ulcinj.com\/blog\/#\/schema\/person\/dcab619c614d3038751c63bc2aadc06d\",\"name\":\"ulqini\",\"sameAs\":[\"http:\/\/www.visit-ulcinj.com\"],\"url\":\"https:\/\/www.visit-ulcinj.com\/blog\/author\/admin\/\"}]}<\/script>\n<!-- \/ Yoast SEO plugin. -->","yoast_head_json":{"title":"Bo\u0161njaci podr\u017eavaju promjene, Albanci ne daju ste?ena prava - Lajme nga Ulqini","description":"Nijesmo potpuno zadovoljni, ali podr\u017ea?emo nacrt zakona - rekao je Kemal Puri\u0161i?. Ako tekst nacrta bude usvojen, \u017eali?emo se Ustavnom sudu \u2013 poru?io Genci","robots":{"index":"index","follow":"follow","max-snippet":"max-snippet:-1","max-image-preview":"max-image-preview:large","max-video-preview":"max-video-preview:-1"},"canonical":"https:\/\/www.visit-ulcinj.com\/blog\/2010\/02\/25\/bosnjaci-podrzavaju-promjene-albanci-ne-daju-stecena-prava\/","og_locale":"en_US","og_type":"article","og_title":"Bo\u0161njaci podr\u017eavaju promjene, Albanci ne daju ste?ena prava - Lajme nga Ulqini","og_description":"Nijesmo potpuno zadovoljni, ali podr\u017ea?emo nacrt zakona - rekao je Kemal Puri\u0161i?. Ako tekst nacrta bude usvojen, \u017eali?emo se Ustavnom sudu \u2013 poru?io Genci","og_url":"https:\/\/www.visit-ulcinj.com\/blog\/2010\/02\/25\/bosnjaci-podrzavaju-promjene-albanci-ne-daju-stecena-prava\/","og_site_name":"Lajme nga Ulqini","article_published_time":"2010-02-25T16:42:00+00:00","twitter_misc":{"Written by":"ulqini","Est. reading time":"5 minutes"},"schema":{"@context":"https:\/\/schema.org","@graph":[{"@type":"WebSite","@id":"https:\/\/www.visit-ulcinj.com\/blog\/#website","url":"https:\/\/www.visit-ulcinj.com\/blog\/","name":"Lajme nga Ulqini","description":"Lajme,Vijesti,Ulqini,Ulqin,Crna Gora,Mali i Zi","potentialAction":[{"@type":"SearchAction","target":{"@type":"EntryPoint","urlTemplate":"https:\/\/www.visit-ulcinj.com\/blog\/?s={search_term_string}"},"query-input":"required name=search_term_string"}],"inLanguage":"en-US"},{"@type":"WebPage","@id":"https:\/\/www.visit-ulcinj.com\/blog\/2010\/02\/25\/bosnjaci-podrzavaju-promjene-albanci-ne-daju-stecena-prava\/#webpage","url":"https:\/\/www.visit-ulcinj.com\/blog\/2010\/02\/25\/bosnjaci-podrzavaju-promjene-albanci-ne-daju-stecena-prava\/","name":"Bo\u0161njaci podr\u017eavaju promjene, Albanci ne daju ste?ena prava - Lajme nga Ulqini","isPartOf":{"@id":"https:\/\/www.visit-ulcinj.com\/blog\/#website"},"datePublished":"2010-02-25T16:42:00+00:00","dateModified":"2010-02-25T16:42:00+00:00","author":{"@id":"https:\/\/www.visit-ulcinj.com\/blog\/#\/schema\/person\/dcab619c614d3038751c63bc2aadc06d"},"description":"Nijesmo potpuno zadovoljni, ali podr\u017ea?emo nacrt zakona - rekao je Kemal Puri\u0161i?. Ako tekst nacrta bude usvojen, \u017eali?emo se Ustavnom sudu \u2013 poru?io Genci","breadcrumb":{"@id":"https:\/\/www.visit-ulcinj.com\/blog\/2010\/02\/25\/bosnjaci-podrzavaju-promjene-albanci-ne-daju-stecena-prava\/#breadcrumb"},"inLanguage":"en-US","potentialAction":[{"@type":"ReadAction","target":["https:\/\/www.visit-ulcinj.com\/blog\/2010\/02\/25\/bosnjaci-podrzavaju-promjene-albanci-ne-daju-stecena-prava\/"]}]},{"@type":"BreadcrumbList","@id":"https:\/\/www.visit-ulcinj.com\/blog\/2010\/02\/25\/bosnjaci-podrzavaju-promjene-albanci-ne-daju-stecena-prava\/#breadcrumb","itemListElement":[{"@type":"ListItem","position":1,"name":"Bo\u0161njaci podr\u017eavaju promjene, Albanci ne daju ste?ena prava"}]},{"@type":"Person","@id":"https:\/\/www.visit-ulcinj.com\/blog\/#\/schema\/person\/dcab619c614d3038751c63bc2aadc06d","name":"ulqini","sameAs":["http:\/\/www.visit-ulcinj.com"],"url":"https:\/\/www.visit-ulcinj.com\/blog\/author\/admin\/"}]}},"jetpack_featured_media_url":"","jetpack_sharing_enabled":true,"jetpack_shortlink":"https:\/\/wp.me\/pe6lTn-7YB","_links":{"self":[{"href":"https:\/\/www.visit-ulcinj.com\/blog\/wp-json\/wp\/v2\/posts\/30665"}],"collection":[{"href":"https:\/\/www.visit-ulcinj.com\/blog\/wp-json\/wp\/v2\/posts"}],"about":[{"href":"https:\/\/www.visit-ulcinj.com\/blog\/wp-json\/wp\/v2\/types\/post"}],"author":[{"embeddable":true,"href":"https:\/\/www.visit-ulcinj.com\/blog\/wp-json\/wp\/v2\/users\/1"}],"replies":[{"embeddable":true,"href":"https:\/\/www.visit-ulcinj.com\/blog\/wp-json\/wp\/v2\/comments?post=30665"}],"version-history":[{"count":0,"href":"https:\/\/www.visit-ulcinj.com\/blog\/wp-json\/wp\/v2\/posts\/30665\/revisions"}],"wp:attachment":[{"href":"https:\/\/www.visit-ulcinj.com\/blog\/wp-json\/wp\/v2\/media?parent=30665"}],"wp:term":[{"taxonomy":"category","embeddable":true,"href":"https:\/\/www.visit-ulcinj.com\/blog\/wp-json\/wp\/v2\/categories?post=30665"},{"taxonomy":"post_tag","embeddable":true,"href":"https:\/\/www.visit-ulcinj.com\/blog\/wp-json\/wp\/v2\/tags?post=30665"}],"curies":[{"name":"wp","href":"https:\/\/api.w.org\/{rel}","templated":true}]}}