{"id":30671,"date":"2010-02-25T18:50:12","date_gmt":"2010-02-25T16:50:12","guid":{"rendered":"http:\/\/www.visit-ulcinj.com\/blog\/?p=30671"},"modified":"2010-02-25T18:50:12","modified_gmt":"2010-02-25T16:50:12","slug":"sinistaj-izbori-do-30-maja","status":"publish","type":"post","link":"https:\/\/www.visit-ulcinj.com\/blog\/2010\/02\/25\/sinistaj-izbori-do-30-maja\/","title":{"rendered":"Sini\u0161taj: Izbori do 30. maja"},"content":{"rendered":"<p><span><span>O<\/span>dbornik  Gra?anske inicijative u Skup\u0161tini Gradske op\u0161tine Tuzi Vaselj Sini\u0161aj  saop\u0161tio je podatak da ?e lokalni izbori u Podgorici biti odr\u017eani 23.  ili 30 maja. Ovu informaciju, kako je saop\u0161tio na prekju?era\u0161njoj  sjednici parlamenta, ?uo je od predsjednika Socijalisti?ke narodne  partije Sr?ana Mili?a.<br \/>\n&#8211; Mili? je rekao da je predsjednik Filip Vujanovi? najavio mogu?nost da  izbori budu 23. ili eventualno 30. maja. Do 10. marta bi se trebalo  znati ko ?e s kim. Imamo interes da se osvoji vlast ovdje u Tuzima i da  se zadr\u017ei bar ovo \u0161to trenutno imamo. Bojkot ne donosi ni\u0161ta. U glavnom  gradu ne mo\u017eemo sami. Prije nekoliko godina poku\u0161ali smo mi Albanci, svi  zajedno, pa nismo uspjeli probiti onaj prag koji treba za glavni grad.  Ipak je tu veliki broj glasa?a. Moramo vidjeti kako da se ?uje na\u0161 glas i  u Skup\u0161tini Glavnog grada &#8211; rekao je Sini\u0161taj<br \/>\nFunkcioner Demokratskog saveza Nikola Camaj rekao je da o predstoje?im  izborima i eventualnim izbornim koalicijama jo\u0161 nisu vo?eni konkretni  razgovori.<br \/>\nKako je ranije saop\u0161teno, gotovo je izvjesno da ?e se lokalni izbori  odr\u017eati istovremeno u 14 crnogorskih op\u0161tina, uklju?uju?i Glavni grad i  njegove dvije gradske op\u0161tine &#8211; Tuzi i Golubovci.<\/span><\/p>\n<p><strong>S.P.<br \/>\n<a href=\"http:\/\/www.dan.co.me\/?nivo=3&amp;rubrika=Podgoricom&amp;clanak=219257&amp;datum=2010-02-12\" target=\"_blank\">DAN<\/a><\/strong><\/p>\n","protected":false},"excerpt":{"rendered":"<p>Odbornik Gra?anske inicijative u Skup\u0161tini Gradske op\u0161tine Tuzi Vaselj Sini\u0161aj saop\u0161tio je podatak da ?e lokalni izbori u Podgorici biti odr\u017eani 23. ili 30 maja. Ovu informaciju, kako je saop\u0161tio na prekju?era\u0161njoj sjednici parlamenta, ?uo je od predsjednika Socijalisti?ke narodne partije Sr?ana Mili?a. &#8211; Mili? je rekao da je predsjednik Filip Vujanovi? najavio mogu?nost da [&hellip;]<\/p>\n","protected":false},"author":1,"featured_media":0,"comment_status":"open","ping_status":"closed","sticky":false,"template":"","format":"standard","meta":{"spay_email":"","jetpack_publicize_message":"","jetpack_is_tweetstorm":false,"jetpack_publicize_feature_enabled":true},"categories":[8],"tags":[13643,13642],"jetpack_publicize_connections":[],"yoast_head":"<!-- This site is optimized with the Yoast SEO plugin v19.1 - https:\/\/yoast.com\/wordpress\/plugins\/seo\/ -->\n<title>Sini\u0161taj: Izbori do 30. maja - Lajme nga Ulqini<\/title>\n<meta name=\"description\" content=\"Odbornik Gra?anske inicijative u Skup\u0161tini Gradske op\u0161tine Tuzi Vaselj Sini\u0161aj saop\u0161tio je podatak da ?e lokalni izbori u Podgorici biti odr\u017eani 23. ili\" \/>\n<meta name=\"robots\" content=\"index, follow, max-snippet:-1, max-image-preview:large, max-video-preview:-1\" \/>\n<link rel=\"canonical\" href=\"https:\/\/www.visit-ulcinj.com\/blog\/2010\/02\/25\/sinistaj-izbori-do-30-maja\/\" \/>\n<meta property=\"og:locale\" content=\"en_US\" \/>\n<meta property=\"og:type\" content=\"article\" \/>\n<meta property=\"og:title\" content=\"Sini\u0161taj: Izbori do 30. maja - Lajme nga Ulqini\" \/>\n<meta property=\"og:description\" content=\"Odbornik Gra?anske inicijative u Skup\u0161tini Gradske op\u0161tine Tuzi Vaselj Sini\u0161aj saop\u0161tio je podatak da ?e lokalni izbori u Podgorici biti odr\u017eani 23. ili\" \/>\n<meta property=\"og:url\" content=\"https:\/\/www.visit-ulcinj.com\/blog\/2010\/02\/25\/sinistaj-izbori-do-30-maja\/\" \/>\n<meta property=\"og:site_name\" content=\"Lajme nga Ulqini\" \/>\n<meta property=\"article:published_time\" content=\"2010-02-25T16:50:12+00:00\" \/>\n<meta name=\"twitter:label1\" content=\"Written by\" \/>\n\t<meta name=\"twitter:data1\" content=\"ulqini\" \/>\n\t<meta name=\"twitter:label2\" content=\"Est. reading time\" \/>\n\t<meta name=\"twitter:data2\" content=\"1 minute\" \/>\n<script type=\"application\/ld+json\" class=\"yoast-schema-graph\">{\"@context\":\"https:\/\/schema.org\",\"@graph\":[{\"@type\":\"WebSite\",\"@id\":\"https:\/\/www.visit-ulcinj.com\/blog\/#website\",\"url\":\"https:\/\/www.visit-ulcinj.com\/blog\/\",\"name\":\"Lajme nga Ulqini\",\"description\":\"Lajme,Vijesti,Ulqini,Ulqin,Crna Gora,Mali i Zi\",\"potentialAction\":[{\"@type\":\"SearchAction\",\"target\":{\"@type\":\"EntryPoint\",\"urlTemplate\":\"https:\/\/www.visit-ulcinj.com\/blog\/?s={search_term_string}\"},\"query-input\":\"required name=search_term_string\"}],\"inLanguage\":\"en-US\"},{\"@type\":\"WebPage\",\"@id\":\"https:\/\/www.visit-ulcinj.com\/blog\/2010\/02\/25\/sinistaj-izbori-do-30-maja\/#webpage\",\"url\":\"https:\/\/www.visit-ulcinj.com\/blog\/2010\/02\/25\/sinistaj-izbori-do-30-maja\/\",\"name\":\"Sini\u0161taj: Izbori do 30. maja - Lajme nga Ulqini\",\"isPartOf\":{\"@id\":\"https:\/\/www.visit-ulcinj.com\/blog\/#website\"},\"datePublished\":\"2010-02-25T16:50:12+00:00\",\"dateModified\":\"2010-02-25T16:50:12+00:00\",\"author\":{\"@id\":\"https:\/\/www.visit-ulcinj.com\/blog\/#\/schema\/person\/dcab619c614d3038751c63bc2aadc06d\"},\"description\":\"Odbornik Gra?anske inicijative u Skup\u0161tini Gradske op\u0161tine Tuzi Vaselj Sini\u0161aj saop\u0161tio je podatak da ?e lokalni izbori u Podgorici biti odr\u017eani 23. ili\",\"breadcrumb\":{\"@id\":\"https:\/\/www.visit-ulcinj.com\/blog\/2010\/02\/25\/sinistaj-izbori-do-30-maja\/#breadcrumb\"},\"inLanguage\":\"en-US\",\"potentialAction\":[{\"@type\":\"ReadAction\",\"target\":[\"https:\/\/www.visit-ulcinj.com\/blog\/2010\/02\/25\/sinistaj-izbori-do-30-maja\/\"]}]},{\"@type\":\"BreadcrumbList\",\"@id\":\"https:\/\/www.visit-ulcinj.com\/blog\/2010\/02\/25\/sinistaj-izbori-do-30-maja\/#breadcrumb\",\"itemListElement\":[{\"@type\":\"ListItem\",\"position\":1,\"name\":\"Sini\u0161taj: Izbori do 30. maja\"}]},{\"@type\":\"Person\",\"@id\":\"https:\/\/www.visit-ulcinj.com\/blog\/#\/schema\/person\/dcab619c614d3038751c63bc2aadc06d\",\"name\":\"ulqini\",\"sameAs\":[\"http:\/\/www.visit-ulcinj.com\"],\"url\":\"https:\/\/www.visit-ulcinj.com\/blog\/author\/admin\/\"}]}<\/script>\n<!-- \/ Yoast SEO plugin. -->","yoast_head_json":{"title":"Sini\u0161taj: Izbori do 30. maja - Lajme nga Ulqini","description":"Odbornik Gra?anske inicijative u Skup\u0161tini Gradske op\u0161tine Tuzi Vaselj Sini\u0161aj saop\u0161tio je podatak da ?e lokalni izbori u Podgorici biti odr\u017eani 23. ili","robots":{"index":"index","follow":"follow","max-snippet":"max-snippet:-1","max-image-preview":"max-image-preview:large","max-video-preview":"max-video-preview:-1"},"canonical":"https:\/\/www.visit-ulcinj.com\/blog\/2010\/02\/25\/sinistaj-izbori-do-30-maja\/","og_locale":"en_US","og_type":"article","og_title":"Sini\u0161taj: Izbori do 30. maja - Lajme nga Ulqini","og_description":"Odbornik Gra?anske inicijative u Skup\u0161tini Gradske op\u0161tine Tuzi Vaselj Sini\u0161aj saop\u0161tio je podatak da ?e lokalni izbori u Podgorici biti odr\u017eani 23. ili","og_url":"https:\/\/www.visit-ulcinj.com\/blog\/2010\/02\/25\/sinistaj-izbori-do-30-maja\/","og_site_name":"Lajme nga Ulqini","article_published_time":"2010-02-25T16:50:12+00:00","twitter_misc":{"Written by":"ulqini","Est. reading time":"1 minute"},"schema":{"@context":"https:\/\/schema.org","@graph":[{"@type":"WebSite","@id":"https:\/\/www.visit-ulcinj.com\/blog\/#website","url":"https:\/\/www.visit-ulcinj.com\/blog\/","name":"Lajme nga Ulqini","description":"Lajme,Vijesti,Ulqini,Ulqin,Crna Gora,Mali i Zi","potentialAction":[{"@type":"SearchAction","target":{"@type":"EntryPoint","urlTemplate":"https:\/\/www.visit-ulcinj.com\/blog\/?s={search_term_string}"},"query-input":"required name=search_term_string"}],"inLanguage":"en-US"},{"@type":"WebPage","@id":"https:\/\/www.visit-ulcinj.com\/blog\/2010\/02\/25\/sinistaj-izbori-do-30-maja\/#webpage","url":"https:\/\/www.visit-ulcinj.com\/blog\/2010\/02\/25\/sinistaj-izbori-do-30-maja\/","name":"Sini\u0161taj: Izbori do 30. maja - Lajme nga Ulqini","isPartOf":{"@id":"https:\/\/www.visit-ulcinj.com\/blog\/#website"},"datePublished":"2010-02-25T16:50:12+00:00","dateModified":"2010-02-25T16:50:12+00:00","author":{"@id":"https:\/\/www.visit-ulcinj.com\/blog\/#\/schema\/person\/dcab619c614d3038751c63bc2aadc06d"},"description":"Odbornik Gra?anske inicijative u Skup\u0161tini Gradske op\u0161tine Tuzi Vaselj Sini\u0161aj saop\u0161tio je podatak da ?e lokalni izbori u Podgorici biti odr\u017eani 23. ili","breadcrumb":{"@id":"https:\/\/www.visit-ulcinj.com\/blog\/2010\/02\/25\/sinistaj-izbori-do-30-maja\/#breadcrumb"},"inLanguage":"en-US","potentialAction":[{"@type":"ReadAction","target":["https:\/\/www.visit-ulcinj.com\/blog\/2010\/02\/25\/sinistaj-izbori-do-30-maja\/"]}]},{"@type":"BreadcrumbList","@id":"https:\/\/www.visit-ulcinj.com\/blog\/2010\/02\/25\/sinistaj-izbori-do-30-maja\/#breadcrumb","itemListElement":[{"@type":"ListItem","position":1,"name":"Sini\u0161taj: Izbori do 30. maja"}]},{"@type":"Person","@id":"https:\/\/www.visit-ulcinj.com\/blog\/#\/schema\/person\/dcab619c614d3038751c63bc2aadc06d","name":"ulqini","sameAs":["http:\/\/www.visit-ulcinj.com"],"url":"https:\/\/www.visit-ulcinj.com\/blog\/author\/admin\/"}]}},"jetpack_featured_media_url":"","jetpack_sharing_enabled":true,"jetpack_shortlink":"https:\/\/wp.me\/pe6lTn-7YH","_links":{"self":[{"href":"https:\/\/www.visit-ulcinj.com\/blog\/wp-json\/wp\/v2\/posts\/30671"}],"collection":[{"href":"https:\/\/www.visit-ulcinj.com\/blog\/wp-json\/wp\/v2\/posts"}],"about":[{"href":"https:\/\/www.visit-ulcinj.com\/blog\/wp-json\/wp\/v2\/types\/post"}],"author":[{"embeddable":true,"href":"https:\/\/www.visit-ulcinj.com\/blog\/wp-json\/wp\/v2\/users\/1"}],"replies":[{"embeddable":true,"href":"https:\/\/www.visit-ulcinj.com\/blog\/wp-json\/wp\/v2\/comments?post=30671"}],"version-history":[{"count":0,"href":"https:\/\/www.visit-ulcinj.com\/blog\/wp-json\/wp\/v2\/posts\/30671\/revisions"}],"wp:attachment":[{"href":"https:\/\/www.visit-ulcinj.com\/blog\/wp-json\/wp\/v2\/media?parent=30671"}],"wp:term":[{"taxonomy":"category","embeddable":true,"href":"https:\/\/www.visit-ulcinj.com\/blog\/wp-json\/wp\/v2\/categories?post=30671"},{"taxonomy":"post_tag","embeddable":true,"href":"https:\/\/www.visit-ulcinj.com\/blog\/wp-json\/wp\/v2\/tags?post=30671"}],"curies":[{"name":"wp","href":"https:\/\/api.w.org\/{rel}","templated":true}]}}