{"id":30684,"date":"2010-02-25T19:48:12","date_gmt":"2010-02-25T17:48:12","guid":{"rendered":"http:\/\/www.visit-ulcinj.com\/blog\/?p=30684"},"modified":"2010-02-25T19:48:12","modified_gmt":"2010-02-25T17:48:12","slug":"fazliu-pergatitjet-shkojne-mire-ne-ulqin","status":"publish","type":"post","link":"https:\/\/www.visit-ulcinj.com\/blog\/2010\/02\/25\/fazliu-pergatitjet-shkojne-mire-ne-ulqin\/","title":{"rendered":"Fazliu: P\u00ebrgatitjet shkojn\u00eb mir\u00eb n\u00eb Ulqin"},"content":{"rendered":"<p><a href=\"http:\/\/www.visit-ulcinj.com\/blog\/wp-content\/uploads\/2010\/02\/Astrit-Fazliu_-KF-Prishtina_ulqin.JPG\"><img loading=\"lazy\" class=\"alignleft size-full wp-image-30685\" title=\"Astrit Fazliu_, KF Prishtina_ulqin\" src=\"http:\/\/www.visit-ulcinj.com\/blog\/wp-content\/uploads\/2010\/02\/Astrit-Fazliu_-KF-Prishtina_ulqin.JPG\" alt=\"Astrit Fazliu_, KF Prishtina_ulqin\" width=\"400\" height=\"300\" srcset=\"https:\/\/www.visit-ulcinj.com\/blog\/wp-content\/uploads\/2010\/02\/Astrit-Fazliu_-KF-Prishtina_ulqin.JPG 440w, https:\/\/www.visit-ulcinj.com\/blog\/wp-content\/uploads\/2010\/02\/Astrit-Fazliu_-KF-Prishtina_ulqin-300x224.jpg 300w\" sizes=\"(max-width: 400px) 100vw, 400px\" \/><\/a>Sulmuesi i Prishtin\u00ebs, Astrit Fazliu, tha se p\u00ebrgatitjet shkojn\u00eb si  \u00ebsht\u00eb m\u00eb s\u00eb miri n\u00eb Ulqin. Ai \u00ebsht\u00eb \u00ebn form\u00eb t\u00eb mir\u00eb dhe shpreson se n\u00eb  stinorin n\u00eb pranveror do t\u00eb d\u00ebshmoj\u00eb veten edhe m\u00eb shum\u00eb sesa n\u00eb vjet n\u00eb  radh\u00ebt e skuadr\u00ebs kampione. Fazliu mendon se skuadra e tij \u00ebsht\u00eb mjaft  mir\u00eb e p\u00ebrgatitur dhe pa ndonj\u00eb breng\u00eb e presin stinorin pranveror.  \u201cPrishtina n\u00eb dy ndeshje miq\u00ebsore ka d\u00ebshmuar cil\u00ebsi t\u00eb loj\u00ebs dhe t\u00eb dy  ndeshjet edhe i ka fituar ndaj skuadrave malazeze. Kemi mposhtur  skuadr\u00ebn e Barit me rezultat 3:1 dhe Otranton 2:0. N\u00eb k\u00ebto dy ndeshje  angazhimi ka qen\u00eb jasht\u00ebzakonisht i madh i t\u00eb gjith\u00eb bashk\u00eblojtar\u00ebve t\u00eb  mir\u00eb dhe ka qen\u00eb edhe testi i fuqish\u00ebm p\u00ebr t\u00eb par\u00eb form\u00ebn ton\u00eb para  fillimit t\u00eb stinorit pranveror n\u00eb Raiffeisen Syperlig\u00ebn e Kosov\u00ebs. T\u00eb  m\u00ebrkur\u00ebn e kemi ndeshjen miq\u00ebsore me skuadr\u00ebn e Mornarit nga Tivari i  Malit t\u00eb Zi, nd\u00ebrsa t\u00eb shtun\u00ebn takohem me Vllaznin\u00eb e Shkodr\u00ebs nga  Shqip\u00ebria. K\u00ebto ndeshje mendoj se jan\u00eb t\u00eb mir\u00ebseardhura dhe do t\u00eb  mundohem t\u00eb d\u00ebshmojm\u00eb angazhim dhe cil\u00ebsi\u201d, tha Fazliu. Nj\u00ebri prej  sulmuesve m\u00eb t\u00eb mir\u00eb n\u00eb Kosov\u00eb, Fazliu tha se \u00ebsht\u00eb n\u00eb form\u00eb t\u00eb mir\u00eb dhe  madje n\u00eb dy ndeshje miq\u00ebsore ka sh\u00ebnuar nj\u00eb gol dhe ka asistuar dy  her\u00eb.  \u201cNuk \u00ebsht\u00eb m\u00eb r\u00ebnd\u00ebsi se kush sh\u00ebnon n\u00eb miq\u00ebsore, por e  r\u00ebnd\u00ebsishme \u00ebsht\u00eb t\u00eb krijojm\u00eb loj\u00eb kompakte. Prishtina sa e shoh n\u00eb k\u00ebt\u00eb  faz\u00eb t\u00eb p\u00ebrgatitjeve dhe t\u00eb ndeshjeve miq\u00ebsore, do t\u00eb ket\u00eb fuqi t\u00eb  luftoj\u00eb p\u00ebr mbrojtjen e titullit t\u00eb kampionit. Prandaj, k\u00ebt\u00eb nuk e them  rast\u00ebsisht, por n\u00eb baz\u00eb t\u00eb loj\u00ebs q\u00eb po d\u00ebshmojm\u00eb n\u00eb miq\u00ebsore dhe  potencialit q\u00eb kemi. Assesi Prishtina nui heq dor\u00eb nga titulli, por do  ta ndjekim deri n\u00eb fund\u201d, theskoi Fazliu. Prishtina edicionin vjeshtor e  p\u00ebrfundoi n\u00eb vendin e tet\u00eb me 23 pik\u00eb dhe ka mbetur m n\u00ebnt\u00eb pik\u00eb m\u00eb pak  se kampionit vjeshtor, Trep\u00e7a. Fazliu tha se jan\u00eb t\u00eb gatsh\u00ebm p\u00ebr  ndeshjen e par\u00eb t\u00eb pranver\u00ebs kund\u00ebr Bes\u00ebs n\u00eb Pej\u00eb. \u201cEdhe trajner\u00ebt jan\u00eb  t\u00eb k\u00ebnaqur me loj\u00ebrat q\u00eb d\u00ebshmojm\u00eb n\u00eb ndeshjet miq\u00ebsore n\u00eb Ulqin. T\u00eb  diel\u00ebn do t\u00eb kthehem p\u00ebr n\u00eb Prishtin\u00eb, ku do t;i vzhadojm\u00eb p\u00ebrgatitjet  n\u00eb stadiumin  e qytetit n\u00eb Prishtin\u00eb. Skuyadra e jon\u00eb \u00ebsht\u00eb e gatshme pr  ndeshjen e stinorit pranvero p\u00ebekat\u00ebissht kund\u00ebr Bes\u00ebs s\u00eb pej\u00ebs\u201d,  p\u00ebrfundoi Fazliu.<\/p>\n<p><strong>Bota Sot<\/strong><br \/>\n<!--YouTube Error: bad URL entered--><\/p>\n","protected":false},"excerpt":{"rendered":"<p>Sulmuesi i Prishtin\u00ebs, Astrit Fazliu, tha se p\u00ebrgatitjet shkojn\u00eb si \u00ebsht\u00eb m\u00eb s\u00eb miri n\u00eb Ulqin. Ai \u00ebsht\u00eb \u00ebn form\u00eb t\u00eb mir\u00eb dhe shpreson se n\u00eb stinorin n\u00eb pranveror do t\u00eb d\u00ebshmoj\u00eb veten edhe m\u00eb shum\u00eb sesa n\u00eb vjet n\u00eb radh\u00ebt e skuadr\u00ebs kampione. Fazliu mendon se skuadra e tij \u00ebsht\u00eb mjaft mir\u00eb e p\u00ebrgatitur [&hellip;]<\/p>\n","protected":false},"author":1,"featured_media":0,"comment_status":"open","ping_status":"closed","sticky":false,"template":"","format":"standard","meta":{"spay_email":"","jetpack_publicize_message":"","jetpack_is_tweetstorm":false,"jetpack_publicize_feature_enabled":true},"categories":[3],"tags":[13646,13647,13648],"jetpack_publicize_connections":[],"yoast_head":"<!-- This site is optimized with the Yoast SEO plugin v19.1 - https:\/\/yoast.com\/wordpress\/plugins\/seo\/ -->\n<title>Fazliu: P\u00ebrgatitjet shkojn\u00eb mir\u00eb n\u00eb Ulqin - Lajme nga Ulqini<\/title>\n<meta name=\"description\" content=\"Sulmuesi i Prishtin\u00ebs, Astrit Fazliu, tha se p\u00ebrgatitjet shkojn\u00eb si \u00ebsht\u00eb m\u00eb s\u00eb miri n\u00eb Ulqin. Ai \u00ebsht\u00eb \u00ebn form\u00eb t\u00eb mir\u00eb dhe shpreson se n\u00eb stinorin n\u00eb\" \/>\n<meta name=\"robots\" content=\"index, follow, max-snippet:-1, max-image-preview:large, max-video-preview:-1\" \/>\n<link rel=\"canonical\" href=\"https:\/\/www.visit-ulcinj.com\/blog\/2010\/02\/25\/fazliu-pergatitjet-shkojne-mire-ne-ulqin\/\" \/>\n<meta property=\"og:locale\" content=\"en_US\" \/>\n<meta property=\"og:type\" content=\"article\" \/>\n<meta property=\"og:title\" content=\"Fazliu: P\u00ebrgatitjet shkojn\u00eb mir\u00eb n\u00eb Ulqin - Lajme nga Ulqini\" \/>\n<meta property=\"og:description\" content=\"Sulmuesi i Prishtin\u00ebs, Astrit Fazliu, tha se p\u00ebrgatitjet shkojn\u00eb si \u00ebsht\u00eb m\u00eb s\u00eb miri n\u00eb Ulqin. Ai \u00ebsht\u00eb \u00ebn form\u00eb t\u00eb mir\u00eb dhe shpreson se n\u00eb stinorin n\u00eb\" \/>\n<meta property=\"og:url\" content=\"https:\/\/www.visit-ulcinj.com\/blog\/2010\/02\/25\/fazliu-pergatitjet-shkojne-mire-ne-ulqin\/\" \/>\n<meta property=\"og:site_name\" content=\"Lajme nga Ulqini\" \/>\n<meta property=\"article:published_time\" content=\"2010-02-25T17:48:12+00:00\" \/>\n<meta property=\"og:image\" content=\"http:\/\/www.visit-ulcinj.com\/blog\/wp-content\/uploads\/2010\/02\/Astrit-Fazliu_-KF-Prishtina_ulqin.JPG\" \/>\n<meta name=\"twitter:label1\" content=\"Written by\" \/>\n\t<meta name=\"twitter:data1\" content=\"ulqini\" \/>\n\t<meta name=\"twitter:label2\" content=\"Est. reading time\" \/>\n\t<meta name=\"twitter:data2\" content=\"2 minutes\" \/>\n<script type=\"application\/ld+json\" class=\"yoast-schema-graph\">{\"@context\":\"https:\/\/schema.org\",\"@graph\":[{\"@type\":\"WebSite\",\"@id\":\"https:\/\/www.visit-ulcinj.com\/blog\/#website\",\"url\":\"https:\/\/www.visit-ulcinj.com\/blog\/\",\"name\":\"Lajme nga Ulqini\",\"description\":\"Lajme,Vijesti,Ulqini,Ulqin,Crna Gora,Mali i Zi\",\"potentialAction\":[{\"@type\":\"SearchAction\",\"target\":{\"@type\":\"EntryPoint\",\"urlTemplate\":\"https:\/\/www.visit-ulcinj.com\/blog\/?s={search_term_string}\"},\"query-input\":\"required name=search_term_string\"}],\"inLanguage\":\"en-US\"},{\"@type\":\"ImageObject\",\"inLanguage\":\"en-US\",\"@id\":\"https:\/\/www.visit-ulcinj.com\/blog\/2010\/02\/25\/fazliu-pergatitjet-shkojne-mire-ne-ulqin\/#primaryimage\",\"url\":\"https:\/\/www.visit-ulcinj.com\/blog\/wp-content\/uploads\/2010\/02\/Astrit-Fazliu_-KF-Prishtina_ulqin.JPG\",\"contentUrl\":\"https:\/\/www.visit-ulcinj.com\/blog\/wp-content\/uploads\/2010\/02\/Astrit-Fazliu_-KF-Prishtina_ulqin.JPG\",\"width\":\"440\",\"height\":\"330\"},{\"@type\":\"WebPage\",\"@id\":\"https:\/\/www.visit-ulcinj.com\/blog\/2010\/02\/25\/fazliu-pergatitjet-shkojne-mire-ne-ulqin\/#webpage\",\"url\":\"https:\/\/www.visit-ulcinj.com\/blog\/2010\/02\/25\/fazliu-pergatitjet-shkojne-mire-ne-ulqin\/\",\"name\":\"Fazliu: P\u00ebrgatitjet shkojn\u00eb mir\u00eb n\u00eb Ulqin - Lajme nga Ulqini\",\"isPartOf\":{\"@id\":\"https:\/\/www.visit-ulcinj.com\/blog\/#website\"},\"primaryImageOfPage\":{\"@id\":\"https:\/\/www.visit-ulcinj.com\/blog\/2010\/02\/25\/fazliu-pergatitjet-shkojne-mire-ne-ulqin\/#primaryimage\"},\"datePublished\":\"2010-02-25T17:48:12+00:00\",\"dateModified\":\"2010-02-25T17:48:12+00:00\",\"author\":{\"@id\":\"https:\/\/www.visit-ulcinj.com\/blog\/#\/schema\/person\/dcab619c614d3038751c63bc2aadc06d\"},\"description\":\"Sulmuesi i Prishtin\u00ebs, Astrit Fazliu, tha se p\u00ebrgatitjet shkojn\u00eb si \u00ebsht\u00eb m\u00eb s\u00eb miri n\u00eb Ulqin. Ai \u00ebsht\u00eb \u00ebn form\u00eb t\u00eb mir\u00eb dhe shpreson se n\u00eb stinorin n\u00eb\",\"breadcrumb\":{\"@id\":\"https:\/\/www.visit-ulcinj.com\/blog\/2010\/02\/25\/fazliu-pergatitjet-shkojne-mire-ne-ulqin\/#breadcrumb\"},\"inLanguage\":\"en-US\",\"potentialAction\":[{\"@type\":\"ReadAction\",\"target\":[\"https:\/\/www.visit-ulcinj.com\/blog\/2010\/02\/25\/fazliu-pergatitjet-shkojne-mire-ne-ulqin\/\"]}]},{\"@type\":\"BreadcrumbList\",\"@id\":\"https:\/\/www.visit-ulcinj.com\/blog\/2010\/02\/25\/fazliu-pergatitjet-shkojne-mire-ne-ulqin\/#breadcrumb\",\"itemListElement\":[{\"@type\":\"ListItem\",\"position\":1,\"name\":\"Fazliu: P\u00ebrgatitjet shkojn\u00eb mir\u00eb n\u00eb Ulqin\"}]},{\"@type\":\"Person\",\"@id\":\"https:\/\/www.visit-ulcinj.com\/blog\/#\/schema\/person\/dcab619c614d3038751c63bc2aadc06d\",\"name\":\"ulqini\",\"sameAs\":[\"http:\/\/www.visit-ulcinj.com\"],\"url\":\"https:\/\/www.visit-ulcinj.com\/blog\/author\/admin\/\"}]}<\/script>\n<!-- \/ Yoast SEO plugin. -->","yoast_head_json":{"title":"Fazliu: P\u00ebrgatitjet shkojn\u00eb mir\u00eb n\u00eb Ulqin - Lajme nga Ulqini","description":"Sulmuesi i Prishtin\u00ebs, Astrit Fazliu, tha se p\u00ebrgatitjet shkojn\u00eb si \u00ebsht\u00eb m\u00eb s\u00eb miri n\u00eb Ulqin. Ai \u00ebsht\u00eb \u00ebn form\u00eb t\u00eb mir\u00eb dhe shpreson se n\u00eb stinorin n\u00eb","robots":{"index":"index","follow":"follow","max-snippet":"max-snippet:-1","max-image-preview":"max-image-preview:large","max-video-preview":"max-video-preview:-1"},"canonical":"https:\/\/www.visit-ulcinj.com\/blog\/2010\/02\/25\/fazliu-pergatitjet-shkojne-mire-ne-ulqin\/","og_locale":"en_US","og_type":"article","og_title":"Fazliu: P\u00ebrgatitjet shkojn\u00eb mir\u00eb n\u00eb Ulqin - Lajme nga Ulqini","og_description":"Sulmuesi i Prishtin\u00ebs, Astrit Fazliu, tha se p\u00ebrgatitjet shkojn\u00eb si \u00ebsht\u00eb m\u00eb s\u00eb miri n\u00eb Ulqin. Ai \u00ebsht\u00eb \u00ebn form\u00eb t\u00eb mir\u00eb dhe shpreson se n\u00eb stinorin n\u00eb","og_url":"https:\/\/www.visit-ulcinj.com\/blog\/2010\/02\/25\/fazliu-pergatitjet-shkojne-mire-ne-ulqin\/","og_site_name":"Lajme nga Ulqini","article_published_time":"2010-02-25T17:48:12+00:00","og_image":[{"url":"http:\/\/www.visit-ulcinj.com\/blog\/wp-content\/uploads\/2010\/02\/Astrit-Fazliu_-KF-Prishtina_ulqin.JPG"}],"twitter_misc":{"Written by":"ulqini","Est. reading time":"2 minutes"},"schema":{"@context":"https:\/\/schema.org","@graph":[{"@type":"WebSite","@id":"https:\/\/www.visit-ulcinj.com\/blog\/#website","url":"https:\/\/www.visit-ulcinj.com\/blog\/","name":"Lajme nga Ulqini","description":"Lajme,Vijesti,Ulqini,Ulqin,Crna Gora,Mali i Zi","potentialAction":[{"@type":"SearchAction","target":{"@type":"EntryPoint","urlTemplate":"https:\/\/www.visit-ulcinj.com\/blog\/?s={search_term_string}"},"query-input":"required name=search_term_string"}],"inLanguage":"en-US"},{"@type":"ImageObject","inLanguage":"en-US","@id":"https:\/\/www.visit-ulcinj.com\/blog\/2010\/02\/25\/fazliu-pergatitjet-shkojne-mire-ne-ulqin\/#primaryimage","url":"https:\/\/www.visit-ulcinj.com\/blog\/wp-content\/uploads\/2010\/02\/Astrit-Fazliu_-KF-Prishtina_ulqin.JPG","contentUrl":"https:\/\/www.visit-ulcinj.com\/blog\/wp-content\/uploads\/2010\/02\/Astrit-Fazliu_-KF-Prishtina_ulqin.JPG","width":"440","height":"330"},{"@type":"WebPage","@id":"https:\/\/www.visit-ulcinj.com\/blog\/2010\/02\/25\/fazliu-pergatitjet-shkojne-mire-ne-ulqin\/#webpage","url":"https:\/\/www.visit-ulcinj.com\/blog\/2010\/02\/25\/fazliu-pergatitjet-shkojne-mire-ne-ulqin\/","name":"Fazliu: P\u00ebrgatitjet shkojn\u00eb mir\u00eb n\u00eb Ulqin - Lajme nga Ulqini","isPartOf":{"@id":"https:\/\/www.visit-ulcinj.com\/blog\/#website"},"primaryImageOfPage":{"@id":"https:\/\/www.visit-ulcinj.com\/blog\/2010\/02\/25\/fazliu-pergatitjet-shkojne-mire-ne-ulqin\/#primaryimage"},"datePublished":"2010-02-25T17:48:12+00:00","dateModified":"2010-02-25T17:48:12+00:00","author":{"@id":"https:\/\/www.visit-ulcinj.com\/blog\/#\/schema\/person\/dcab619c614d3038751c63bc2aadc06d"},"description":"Sulmuesi i Prishtin\u00ebs, Astrit Fazliu, tha se p\u00ebrgatitjet shkojn\u00eb si \u00ebsht\u00eb m\u00eb s\u00eb miri n\u00eb Ulqin. Ai \u00ebsht\u00eb \u00ebn form\u00eb t\u00eb mir\u00eb dhe shpreson se n\u00eb stinorin n\u00eb","breadcrumb":{"@id":"https:\/\/www.visit-ulcinj.com\/blog\/2010\/02\/25\/fazliu-pergatitjet-shkojne-mire-ne-ulqin\/#breadcrumb"},"inLanguage":"en-US","potentialAction":[{"@type":"ReadAction","target":["https:\/\/www.visit-ulcinj.com\/blog\/2010\/02\/25\/fazliu-pergatitjet-shkojne-mire-ne-ulqin\/"]}]},{"@type":"BreadcrumbList","@id":"https:\/\/www.visit-ulcinj.com\/blog\/2010\/02\/25\/fazliu-pergatitjet-shkojne-mire-ne-ulqin\/#breadcrumb","itemListElement":[{"@type":"ListItem","position":1,"name":"Fazliu: P\u00ebrgatitjet shkojn\u00eb mir\u00eb n\u00eb Ulqin"}]},{"@type":"Person","@id":"https:\/\/www.visit-ulcinj.com\/blog\/#\/schema\/person\/dcab619c614d3038751c63bc2aadc06d","name":"ulqini","sameAs":["http:\/\/www.visit-ulcinj.com"],"url":"https:\/\/www.visit-ulcinj.com\/blog\/author\/admin\/"}]}},"jetpack_featured_media_url":"","jetpack_sharing_enabled":true,"jetpack_shortlink":"https:\/\/wp.me\/pe6lTn-7YU","_links":{"self":[{"href":"https:\/\/www.visit-ulcinj.com\/blog\/wp-json\/wp\/v2\/posts\/30684"}],"collection":[{"href":"https:\/\/www.visit-ulcinj.com\/blog\/wp-json\/wp\/v2\/posts"}],"about":[{"href":"https:\/\/www.visit-ulcinj.com\/blog\/wp-json\/wp\/v2\/types\/post"}],"author":[{"embeddable":true,"href":"https:\/\/www.visit-ulcinj.com\/blog\/wp-json\/wp\/v2\/users\/1"}],"replies":[{"embeddable":true,"href":"https:\/\/www.visit-ulcinj.com\/blog\/wp-json\/wp\/v2\/comments?post=30684"}],"version-history":[{"count":0,"href":"https:\/\/www.visit-ulcinj.com\/blog\/wp-json\/wp\/v2\/posts\/30684\/revisions"}],"wp:attachment":[{"href":"https:\/\/www.visit-ulcinj.com\/blog\/wp-json\/wp\/v2\/media?parent=30684"}],"wp:term":[{"taxonomy":"category","embeddable":true,"href":"https:\/\/www.visit-ulcinj.com\/blog\/wp-json\/wp\/v2\/categories?post=30684"},{"taxonomy":"post_tag","embeddable":true,"href":"https:\/\/www.visit-ulcinj.com\/blog\/wp-json\/wp\/v2\/tags?post=30684"}],"curies":[{"name":"wp","href":"https:\/\/api.w.org\/{rel}","templated":true}]}}