{"id":30696,"date":"2010-02-26T19:35:56","date_gmt":"2010-02-26T17:35:56","guid":{"rendered":"http:\/\/www.visit-ulcinj.com\/blog\/?p=30696"},"modified":"2010-03-06T20:34:28","modified_gmt":"2010-03-06T18:34:28","slug":"bardhi-ne-rumi-kurre-s%e2%80%99ka-pasur-kishe-serbe","status":"publish","type":"post","link":"https:\/\/www.visit-ulcinj.com\/blog\/2010\/02\/26\/bardhi-ne-rumi-kurre-s%e2%80%99ka-pasur-kishe-serbe\/","title":{"rendered":"Bardhi: N\u00eb Rumi kurr\u00eb s\u2019ka pasur kish\u00eb serbe"},"content":{"rendered":"<p><a href=\"http:\/\/www.visit-ulcinj.com\/blog\/wp-content\/uploads\/2010\/02\/kisha-ortodokse-serbe-_mali-i-rumise_ulqin.jpg\"><img loading=\"lazy\" class=\"alignleft size-full wp-image-30699\" title=\"kisha-ortodokse-serbe-_mali-i-rumise_ulqin\" src=\"http:\/\/www.visit-ulcinj.com\/blog\/wp-content\/uploads\/2010\/02\/kisha-ortodokse-serbe-_mali-i-rumise_ulqin.jpg\" alt=\"kisha-ortodokse-serbe-_mali-i-rumise_ulqin\" width=\"399\" height=\"652\" \/><\/a>Podgoric\u00eb, 24 shkurt &#8211; Kisha e metalt\u00eb, e ngritur n\u00eb vitin 2005 n\u00eb maj\u00ebn e malit Rumia nga Kisha Ortodokse Serbe me ndihm\u00ebn e ushtris\u00eb serbo-malazeze, ka rikthyer tensionet e larta edhe brenda mazhoranc\u00ebs n\u00eb Malin e Zi.<br \/>\nN\u00eb k\u00ebt\u00eb nd\u00ebrlidhje, kryeparlamentari malazias, Ranko Krivokapic, lider i Partis\u00eb Socialidemokratike, partnere e koalicionit qeveris\u00ebs, nj\u00eb dit\u00eb m\u00eb par\u00eb i ka d\u00ebrguar \u201cnj\u00eb mesazh\u201d t\u00eb fuqish\u00ebm ministrit t\u00eb Rregullimit Hap\u00ebsinor dhe Mjedisit, Branimir Gvozdenovic se,\u201d n\u00ebse nuk \u00ebsht\u00eb n\u00eb gjendje t\u00eb zbatoj\u00eb obligimin ligjor p\u00ebr heqjen e kish\u00ebs nga maja e malit t\u00eb Rumis\u00eb, le t\u00eb jap\u00eb dor\u00ebheqje\u201d.<br \/>\nKryeparlamentari malazias, Krivokapiq n\u00ebnvizon se kjo \u00ebsht\u00eb nj\u00eb \u00e7\u00ebshtje shum\u00eb e ndjeshme, \u00ebsht\u00eb sulm mbi Malin e Zi multietnik dhe tradit\u00ebn e tij, \u201d\u00ebsht\u00eb di\u00e7ka posht\u00ebruese dhe fyese.\u201d<br \/>\nNd\u00ebrkaq, ministri Gvozdenoviq \u00ebsht\u00eb p\u00ebrgjigjur t\u00eb m\u00ebrkur\u00ebn se as ministria, as qeveria nuk d\u00ebshirojn\u00eb turbulenca t\u00eb reja n\u00eb shoq\u00ebrin\u00eb malazeze, \u201ct\u00eb cilat disa i presin me padurim\u201d.<br \/>\nAi shprehet se nuk duhet dyshuar se qeveria s`do t\u00eb zbatoj\u00eb vendimin ligjor p\u00ebr heqjen e objektit t\u00eb ngritur n\u00eb m\u00ebnyr\u00eb t\u00eb paligjshme n\u00eb Rumi.<br \/>\nKisha Ortodokse Serbe n\u00ebp\u00ebrmjet nj\u00eb deklarate p\u00ebr opinion, t\u00eb m\u00ebrkur\u00ebn, k\u00ebrkes\u00ebn e kryeparlamentarit p\u00ebr t\u00eb hequr kish\u00ebn e metalt\u00eb nga maja e Rumis\u00eb, e ka quajtur \u201cdestruksion dhe urrejtje shpirt\u00ebrore ndaj atyre q\u00eb e kan\u00eb nd\u00ebrtuar n\u00eb vendin ku ka ekzistuar dhe \u00ebsht\u00eb rrafshuar nga turqit me rastin e okupimit t\u00eb Tivarit n\u00eb vitin 1571\u201d.<br \/>\nLidhja Demokratike, partia dominuese e shqiptar\u00ebve n\u00eb trev\u00ebn e komun\u00ebs s\u00eb Tivarit, ngritjen e kish\u00ebs s\u00eb metalt\u00eb n\u00eb k\u00ebt\u00eb mal, e sheh si nj\u00eb provokim t\u00eb rreziksh\u00ebm antishqiptar. Lideri i k\u00ebsaj partie m\u00eb t\u00eb vjet\u00ebr te shqiptar\u00ebt n\u00eb Malin e Zi, Mehmet Bardhi shprehet se kurr\u00eb nuk ka pasur kish\u00eb ortodokse serbe n\u00eb maj\u00ebn e k\u00ebtij mali,\u201dOlimp\u201d p\u00ebr ne shqiptar\u00ebt e Kraj\u00ebs. LD m\u00eb kot vazhdimisht k\u00ebrkon nga instancat lokale dhe shtet\u00ebrore heqjen e saj.<\/p>\n<p><strong>KOHA NET<\/strong><\/p>\n","protected":false},"excerpt":{"rendered":"<p>Podgoric\u00eb, 24 shkurt &#8211; Kisha e metalt\u00eb, e ngritur n\u00eb vitin 2005 n\u00eb maj\u00ebn e malit Rumia nga Kisha Ortodokse Serbe me ndihm\u00ebn e ushtris\u00eb serbo-malazeze, ka rikthyer tensionet e larta edhe brenda mazhoranc\u00ebs n\u00eb Malin e Zi. N\u00eb k\u00ebt\u00eb nd\u00ebrlidhje, kryeparlamentari malazias, Ranko Krivokapic, lider i Partis\u00eb Socialidemokratike, partnere e koalicionit qeveris\u00ebs, nj\u00eb dit\u00eb [&hellip;]<\/p>\n","protected":false},"author":1,"featured_media":0,"comment_status":"open","ping_status":"closed","sticky":false,"template":"","format":"standard","meta":{"spay_email":"","jetpack_publicize_message":"","jetpack_is_tweetstorm":false,"jetpack_publicize_feature_enabled":true},"categories":[11],"tags":[13649,4233,6194],"jetpack_publicize_connections":[],"yoast_head":"<!-- This site is optimized with the Yoast SEO plugin v19.1 - https:\/\/yoast.com\/wordpress\/plugins\/seo\/ -->\n<title>Bardhi: N\u00eb Rumi kurr\u00eb s\u2019ka pasur kish\u00eb serbe - Lajme nga Ulqini<\/title>\n<meta name=\"description\" content=\"Podgoric\u00eb, 24 shkurt - Kisha e metalt\u00eb, e ngritur n\u00eb vitin 2005 n\u00eb maj\u00ebn e malit Rumia nga Kisha Ortodokse Serbe me ndihm\u00ebn e ushtris\u00eb serbo-malazeze, ka\" \/>\n<meta name=\"robots\" content=\"index, follow, max-snippet:-1, max-image-preview:large, max-video-preview:-1\" \/>\n<link rel=\"canonical\" href=\"https:\/\/www.visit-ulcinj.com\/blog\/2010\/02\/26\/bardhi-ne-rumi-kurre-s\u2019ka-pasur-kishe-serbe\/\" \/>\n<meta property=\"og:locale\" content=\"en_US\" \/>\n<meta property=\"og:type\" content=\"article\" \/>\n<meta property=\"og:title\" content=\"Bardhi: N\u00eb Rumi kurr\u00eb s\u2019ka pasur kish\u00eb serbe - Lajme nga Ulqini\" \/>\n<meta property=\"og:description\" content=\"Podgoric\u00eb, 24 shkurt - Kisha e metalt\u00eb, e ngritur n\u00eb vitin 2005 n\u00eb maj\u00ebn e malit Rumia nga Kisha Ortodokse Serbe me ndihm\u00ebn e ushtris\u00eb serbo-malazeze, ka\" \/>\n<meta property=\"og:url\" content=\"https:\/\/www.visit-ulcinj.com\/blog\/2010\/02\/26\/bardhi-ne-rumi-kurre-s\u2019ka-pasur-kishe-serbe\/\" \/>\n<meta property=\"og:site_name\" content=\"Lajme nga Ulqini\" \/>\n<meta property=\"article:published_time\" content=\"2010-02-26T17:35:56+00:00\" \/>\n<meta property=\"article:modified_time\" content=\"2010-03-06T18:34:28+00:00\" \/>\n<meta property=\"og:image\" content=\"http:\/\/www.visit-ulcinj.com\/blog\/wp-content\/uploads\/2010\/02\/kisha-ortodokse-serbe-_mali-i-rumise_ulqin.jpg\" \/>\n<meta name=\"twitter:label1\" content=\"Written by\" \/>\n\t<meta name=\"twitter:data1\" content=\"ulqini\" \/>\n\t<meta name=\"twitter:label2\" content=\"Est. reading time\" \/>\n\t<meta name=\"twitter:data2\" content=\"2 minutes\" \/>\n<script type=\"application\/ld+json\" class=\"yoast-schema-graph\">{\"@context\":\"https:\/\/schema.org\",\"@graph\":[{\"@type\":\"WebSite\",\"@id\":\"https:\/\/www.visit-ulcinj.com\/blog\/#website\",\"url\":\"https:\/\/www.visit-ulcinj.com\/blog\/\",\"name\":\"Lajme nga Ulqini\",\"description\":\"Lajme,Vijesti,Ulqini,Ulqin,Crna Gora,Mali i Zi\",\"potentialAction\":[{\"@type\":\"SearchAction\",\"target\":{\"@type\":\"EntryPoint\",\"urlTemplate\":\"https:\/\/www.visit-ulcinj.com\/blog\/?s={search_term_string}\"},\"query-input\":\"required name=search_term_string\"}],\"inLanguage\":\"en-US\"},{\"@type\":\"ImageObject\",\"inLanguage\":\"en-US\",\"@id\":\"https:\/\/www.visit-ulcinj.com\/blog\/2010\/02\/26\/bardhi-ne-rumi-kurre-s%e2%80%99ka-pasur-kishe-serbe\/#primaryimage\",\"url\":\"https:\/\/www.visit-ulcinj.com\/blog\/wp-content\/uploads\/2010\/02\/kisha-ortodokse-serbe-_mali-i-rumise_ulqin.jpg\",\"contentUrl\":\"https:\/\/www.visit-ulcinj.com\/blog\/wp-content\/uploads\/2010\/02\/kisha-ortodokse-serbe-_mali-i-rumise_ulqin.jpg\",\"width\":\"489\",\"height\":\"652\"},{\"@type\":\"WebPage\",\"@id\":\"https:\/\/www.visit-ulcinj.com\/blog\/2010\/02\/26\/bardhi-ne-rumi-kurre-s%e2%80%99ka-pasur-kishe-serbe\/#webpage\",\"url\":\"https:\/\/www.visit-ulcinj.com\/blog\/2010\/02\/26\/bardhi-ne-rumi-kurre-s%e2%80%99ka-pasur-kishe-serbe\/\",\"name\":\"Bardhi: N\u00eb Rumi kurr\u00eb s\u2019ka pasur kish\u00eb serbe - Lajme nga Ulqini\",\"isPartOf\":{\"@id\":\"https:\/\/www.visit-ulcinj.com\/blog\/#website\"},\"primaryImageOfPage\":{\"@id\":\"https:\/\/www.visit-ulcinj.com\/blog\/2010\/02\/26\/bardhi-ne-rumi-kurre-s%e2%80%99ka-pasur-kishe-serbe\/#primaryimage\"},\"datePublished\":\"2010-02-26T17:35:56+00:00\",\"dateModified\":\"2010-03-06T18:34:28+00:00\",\"author\":{\"@id\":\"https:\/\/www.visit-ulcinj.com\/blog\/#\/schema\/person\/dcab619c614d3038751c63bc2aadc06d\"},\"description\":\"Podgoric\u00eb, 24 shkurt - Kisha e metalt\u00eb, e ngritur n\u00eb vitin 2005 n\u00eb maj\u00ebn e malit Rumia nga Kisha Ortodokse Serbe me ndihm\u00ebn e ushtris\u00eb serbo-malazeze, ka\",\"breadcrumb\":{\"@id\":\"https:\/\/www.visit-ulcinj.com\/blog\/2010\/02\/26\/bardhi-ne-rumi-kurre-s%e2%80%99ka-pasur-kishe-serbe\/#breadcrumb\"},\"inLanguage\":\"en-US\",\"potentialAction\":[{\"@type\":\"ReadAction\",\"target\":[\"https:\/\/www.visit-ulcinj.com\/blog\/2010\/02\/26\/bardhi-ne-rumi-kurre-s%e2%80%99ka-pasur-kishe-serbe\/\"]}]},{\"@type\":\"BreadcrumbList\",\"@id\":\"https:\/\/www.visit-ulcinj.com\/blog\/2010\/02\/26\/bardhi-ne-rumi-kurre-s%e2%80%99ka-pasur-kishe-serbe\/#breadcrumb\",\"itemListElement\":[{\"@type\":\"ListItem\",\"position\":1,\"name\":\"Bardhi: N\u00eb Rumi kurr\u00eb s\u2019ka pasur kish\u00eb serbe\"}]},{\"@type\":\"Person\",\"@id\":\"https:\/\/www.visit-ulcinj.com\/blog\/#\/schema\/person\/dcab619c614d3038751c63bc2aadc06d\",\"name\":\"ulqini\",\"sameAs\":[\"http:\/\/www.visit-ulcinj.com\"],\"url\":\"https:\/\/www.visit-ulcinj.com\/blog\/author\/admin\/\"}]}<\/script>\n<!-- \/ Yoast SEO plugin. -->","yoast_head_json":{"title":"Bardhi: N\u00eb Rumi kurr\u00eb s\u2019ka pasur kish\u00eb serbe - Lajme nga Ulqini","description":"Podgoric\u00eb, 24 shkurt - Kisha e metalt\u00eb, e ngritur n\u00eb vitin 2005 n\u00eb maj\u00ebn e malit Rumia nga Kisha Ortodokse Serbe me ndihm\u00ebn e ushtris\u00eb serbo-malazeze, ka","robots":{"index":"index","follow":"follow","max-snippet":"max-snippet:-1","max-image-preview":"max-image-preview:large","max-video-preview":"max-video-preview:-1"},"canonical":"https:\/\/www.visit-ulcinj.com\/blog\/2010\/02\/26\/bardhi-ne-rumi-kurre-s\u2019ka-pasur-kishe-serbe\/","og_locale":"en_US","og_type":"article","og_title":"Bardhi: N\u00eb Rumi kurr\u00eb s\u2019ka pasur kish\u00eb serbe - Lajme nga Ulqini","og_description":"Podgoric\u00eb, 24 shkurt - Kisha e metalt\u00eb, e ngritur n\u00eb vitin 2005 n\u00eb maj\u00ebn e malit Rumia nga Kisha Ortodokse Serbe me ndihm\u00ebn e ushtris\u00eb serbo-malazeze, ka","og_url":"https:\/\/www.visit-ulcinj.com\/blog\/2010\/02\/26\/bardhi-ne-rumi-kurre-s\u2019ka-pasur-kishe-serbe\/","og_site_name":"Lajme nga Ulqini","article_published_time":"2010-02-26T17:35:56+00:00","article_modified_time":"2010-03-06T18:34:28+00:00","og_image":[{"url":"http:\/\/www.visit-ulcinj.com\/blog\/wp-content\/uploads\/2010\/02\/kisha-ortodokse-serbe-_mali-i-rumise_ulqin.jpg"}],"twitter_misc":{"Written by":"ulqini","Est. reading time":"2 minutes"},"schema":{"@context":"https:\/\/schema.org","@graph":[{"@type":"WebSite","@id":"https:\/\/www.visit-ulcinj.com\/blog\/#website","url":"https:\/\/www.visit-ulcinj.com\/blog\/","name":"Lajme nga Ulqini","description":"Lajme,Vijesti,Ulqini,Ulqin,Crna Gora,Mali i Zi","potentialAction":[{"@type":"SearchAction","target":{"@type":"EntryPoint","urlTemplate":"https:\/\/www.visit-ulcinj.com\/blog\/?s={search_term_string}"},"query-input":"required name=search_term_string"}],"inLanguage":"en-US"},{"@type":"ImageObject","inLanguage":"en-US","@id":"https:\/\/www.visit-ulcinj.com\/blog\/2010\/02\/26\/bardhi-ne-rumi-kurre-s%e2%80%99ka-pasur-kishe-serbe\/#primaryimage","url":"https:\/\/www.visit-ulcinj.com\/blog\/wp-content\/uploads\/2010\/02\/kisha-ortodokse-serbe-_mali-i-rumise_ulqin.jpg","contentUrl":"https:\/\/www.visit-ulcinj.com\/blog\/wp-content\/uploads\/2010\/02\/kisha-ortodokse-serbe-_mali-i-rumise_ulqin.jpg","width":"489","height":"652"},{"@type":"WebPage","@id":"https:\/\/www.visit-ulcinj.com\/blog\/2010\/02\/26\/bardhi-ne-rumi-kurre-s%e2%80%99ka-pasur-kishe-serbe\/#webpage","url":"https:\/\/www.visit-ulcinj.com\/blog\/2010\/02\/26\/bardhi-ne-rumi-kurre-s%e2%80%99ka-pasur-kishe-serbe\/","name":"Bardhi: N\u00eb Rumi kurr\u00eb s\u2019ka pasur kish\u00eb serbe - Lajme nga Ulqini","isPartOf":{"@id":"https:\/\/www.visit-ulcinj.com\/blog\/#website"},"primaryImageOfPage":{"@id":"https:\/\/www.visit-ulcinj.com\/blog\/2010\/02\/26\/bardhi-ne-rumi-kurre-s%e2%80%99ka-pasur-kishe-serbe\/#primaryimage"},"datePublished":"2010-02-26T17:35:56+00:00","dateModified":"2010-03-06T18:34:28+00:00","author":{"@id":"https:\/\/www.visit-ulcinj.com\/blog\/#\/schema\/person\/dcab619c614d3038751c63bc2aadc06d"},"description":"Podgoric\u00eb, 24 shkurt - Kisha e metalt\u00eb, e ngritur n\u00eb vitin 2005 n\u00eb maj\u00ebn e malit Rumia nga Kisha Ortodokse Serbe me ndihm\u00ebn e ushtris\u00eb serbo-malazeze, ka","breadcrumb":{"@id":"https:\/\/www.visit-ulcinj.com\/blog\/2010\/02\/26\/bardhi-ne-rumi-kurre-s%e2%80%99ka-pasur-kishe-serbe\/#breadcrumb"},"inLanguage":"en-US","potentialAction":[{"@type":"ReadAction","target":["https:\/\/www.visit-ulcinj.com\/blog\/2010\/02\/26\/bardhi-ne-rumi-kurre-s%e2%80%99ka-pasur-kishe-serbe\/"]}]},{"@type":"BreadcrumbList","@id":"https:\/\/www.visit-ulcinj.com\/blog\/2010\/02\/26\/bardhi-ne-rumi-kurre-s%e2%80%99ka-pasur-kishe-serbe\/#breadcrumb","itemListElement":[{"@type":"ListItem","position":1,"name":"Bardhi: N\u00eb Rumi kurr\u00eb s\u2019ka pasur kish\u00eb serbe"}]},{"@type":"Person","@id":"https:\/\/www.visit-ulcinj.com\/blog\/#\/schema\/person\/dcab619c614d3038751c63bc2aadc06d","name":"ulqini","sameAs":["http:\/\/www.visit-ulcinj.com"],"url":"https:\/\/www.visit-ulcinj.com\/blog\/author\/admin\/"}]}},"jetpack_featured_media_url":"","jetpack_sharing_enabled":true,"jetpack_shortlink":"https:\/\/wp.me\/pe6lTn-7Z6","_links":{"self":[{"href":"https:\/\/www.visit-ulcinj.com\/blog\/wp-json\/wp\/v2\/posts\/30696"}],"collection":[{"href":"https:\/\/www.visit-ulcinj.com\/blog\/wp-json\/wp\/v2\/posts"}],"about":[{"href":"https:\/\/www.visit-ulcinj.com\/blog\/wp-json\/wp\/v2\/types\/post"}],"author":[{"embeddable":true,"href":"https:\/\/www.visit-ulcinj.com\/blog\/wp-json\/wp\/v2\/users\/1"}],"replies":[{"embeddable":true,"href":"https:\/\/www.visit-ulcinj.com\/blog\/wp-json\/wp\/v2\/comments?post=30696"}],"version-history":[{"count":0,"href":"https:\/\/www.visit-ulcinj.com\/blog\/wp-json\/wp\/v2\/posts\/30696\/revisions"}],"wp:attachment":[{"href":"https:\/\/www.visit-ulcinj.com\/blog\/wp-json\/wp\/v2\/media?parent=30696"}],"wp:term":[{"taxonomy":"category","embeddable":true,"href":"https:\/\/www.visit-ulcinj.com\/blog\/wp-json\/wp\/v2\/categories?post=30696"},{"taxonomy":"post_tag","embeddable":true,"href":"https:\/\/www.visit-ulcinj.com\/blog\/wp-json\/wp\/v2\/tags?post=30696"}],"curies":[{"name":"wp","href":"https:\/\/api.w.org\/{rel}","templated":true}]}}