{"id":30701,"date":"2010-02-27T20:32:54","date_gmt":"2010-02-27T18:32:54","guid":{"rendered":"http:\/\/www.visit-ulcinj.com\/blog\/?p=30701"},"modified":"2010-02-27T20:36:01","modified_gmt":"2010-02-27T18:36:01","slug":"dafina-shkon-ne-australi-per-nje-spot","status":"publish","type":"post","link":"https:\/\/www.visit-ulcinj.com\/blog\/2010\/02\/27\/dafina-shkon-ne-australi-per-nje-spot\/","title":{"rendered":"Dafina  shkon n\u00eb Australi p\u00ebr nj\u00eb spot"},"content":{"rendered":"<p><a href=\"http:\/\/www.visit-ulcinj.com\/blog\/wp-content\/uploads\/2010\/02\/Dafina-Zeqiri.1.jpg\"><img loading=\"lazy\" class=\"alignleft size-full wp-image-30703\" title=\"Dafina Zeqiri.1\" src=\"http:\/\/www.visit-ulcinj.com\/blog\/wp-content\/uploads\/2010\/02\/Dafina-Zeqiri.1.jpg\" alt=\"Dafina Zeqiri.1\" width=\"580\" height=\"404\" \/><\/a>K\u00ebng\u00ebtarja Dafina Zeqiri pritet t\u00eb realizoj\u00eb nj\u00eb spot n\u00eb Australi.  K\u00ebshtu ka th\u00ebn\u00eb vet\u00eb k\u00ebng\u00ebtarja gjat\u00eb nj\u00eb interviste n\u00eb emisionin  televiziv \u201cOxygen\u201d, ku zbuloi edhe disa detaje interesante q\u00eb kan\u00eb t\u00eb  b\u00ebjn\u00eb me aspektin e saj profesional. Dafina gjat\u00eb k\u00ebtij emisioni ka qen\u00eb  shum\u00eb e matur n\u00eb p\u00ebrgjigjet e saj, nd\u00ebrkaq m\u00eb par\u00eb \u00ebsht\u00eb th\u00ebn\u00eb se i  dashuri i saj jeton n\u00eb Australi. Sigurisht se Daffy prap\u00eb do t\u00eb kthehet  n\u00eb Kosov\u00eb dhe nuk dha ndonj\u00eb detaj se a do t\u00eb tentoj\u00eb q\u00eb t\u00eb k\u00ebndoj\u00eb  ndonj\u00eb k\u00ebng\u00eb anglisht p\u00ebr karrier\u00eb t\u00eb m\u00ebtutjeshme, edhe pse k\u00ebt\u00eb e b\u00ebn  shum\u00eb bukur.<br \/>\n<br \/>\n<!--YouTube Error: bad URL entered--><\/p>\n","protected":false},"excerpt":{"rendered":"<p>K\u00ebng\u00ebtarja Dafina Zeqiri pritet t\u00eb realizoj\u00eb nj\u00eb spot n\u00eb Australi. K\u00ebshtu ka th\u00ebn\u00eb vet\u00eb k\u00ebng\u00ebtarja gjat\u00eb nj\u00eb interviste n\u00eb emisionin televiziv \u201cOxygen\u201d, ku zbuloi edhe disa detaje interesante q\u00eb kan\u00eb t\u00eb b\u00ebjn\u00eb me aspektin e saj profesional. Dafina gjat\u00eb k\u00ebtij emisioni ka qen\u00eb shum\u00eb e matur n\u00eb p\u00ebrgjigjet e saj, nd\u00ebrkaq m\u00eb par\u00eb \u00ebsht\u00eb th\u00ebn\u00eb [&hellip;]<\/p>\n","protected":false},"author":1,"featured_media":0,"comment_status":"open","ping_status":"closed","sticky":false,"template":"","format":"standard","meta":{"spay_email":"","jetpack_publicize_message":"","jetpack_is_tweetstorm":false,"jetpack_publicize_feature_enabled":true},"categories":[1],"tags":[4926],"jetpack_publicize_connections":[],"yoast_head":"<!-- This site is optimized with the Yoast SEO plugin v19.1 - https:\/\/yoast.com\/wordpress\/plugins\/seo\/ -->\n<title>Dafina shkon n\u00eb Australi p\u00ebr nj\u00eb spot - Lajme nga Ulqini<\/title>\n<meta name=\"description\" content=\"K\u00ebng\u00ebtarja Dafina Zeqiri pritet t\u00eb realizoj\u00eb nj\u00eb spot n\u00eb Australi. K\u00ebshtu ka th\u00ebn\u00eb vet\u00eb k\u00ebng\u00ebtarja gjat\u00eb nj\u00eb interviste n\u00eb emisionin televiziv \u201cOxygen\u201d,\" \/>\n<meta name=\"robots\" content=\"index, follow, max-snippet:-1, max-image-preview:large, max-video-preview:-1\" \/>\n<link rel=\"canonical\" href=\"https:\/\/www.visit-ulcinj.com\/blog\/2010\/02\/27\/dafina-shkon-ne-australi-per-nje-spot\/\" \/>\n<meta property=\"og:locale\" content=\"en_US\" \/>\n<meta property=\"og:type\" content=\"article\" \/>\n<meta property=\"og:title\" content=\"Dafina shkon n\u00eb Australi p\u00ebr nj\u00eb spot - Lajme nga Ulqini\" \/>\n<meta property=\"og:description\" content=\"K\u00ebng\u00ebtarja Dafina Zeqiri pritet t\u00eb realizoj\u00eb nj\u00eb spot n\u00eb Australi. K\u00ebshtu ka th\u00ebn\u00eb vet\u00eb k\u00ebng\u00ebtarja gjat\u00eb nj\u00eb interviste n\u00eb emisionin televiziv \u201cOxygen\u201d,\" \/>\n<meta property=\"og:url\" content=\"https:\/\/www.visit-ulcinj.com\/blog\/2010\/02\/27\/dafina-shkon-ne-australi-per-nje-spot\/\" \/>\n<meta property=\"og:site_name\" content=\"Lajme nga Ulqini\" \/>\n<meta property=\"article:published_time\" content=\"2010-02-27T18:32:54+00:00\" \/>\n<meta property=\"article:modified_time\" content=\"2010-02-27T18:36:01+00:00\" \/>\n<meta property=\"og:image\" content=\"https:\/\/www.visit-ulcinj.com\/blog\/wp-content\/uploads\/2010\/02\/Dafina-Zeqiri.2-150x150.jpg\" \/>\n<meta name=\"twitter:label1\" content=\"Written by\" \/>\n\t<meta name=\"twitter:data1\" content=\"ulqini\" \/>\n\t<meta name=\"twitter:label2\" content=\"Est. reading time\" \/>\n\t<meta name=\"twitter:data2\" content=\"1 minute\" \/>\n<script type=\"application\/ld+json\" class=\"yoast-schema-graph\">{\"@context\":\"https:\/\/schema.org\",\"@graph\":[{\"@type\":\"WebSite\",\"@id\":\"https:\/\/www.visit-ulcinj.com\/blog\/#website\",\"url\":\"https:\/\/www.visit-ulcinj.com\/blog\/\",\"name\":\"Lajme nga Ulqini\",\"description\":\"Lajme,Vijesti,Ulqini,Ulqin,Crna Gora,Mali i Zi\",\"potentialAction\":[{\"@type\":\"SearchAction\",\"target\":{\"@type\":\"EntryPoint\",\"urlTemplate\":\"https:\/\/www.visit-ulcinj.com\/blog\/?s={search_term_string}\"},\"query-input\":\"required name=search_term_string\"}],\"inLanguage\":\"en-US\"},{\"@type\":\"ImageObject\",\"inLanguage\":\"en-US\",\"@id\":\"https:\/\/www.visit-ulcinj.com\/blog\/2010\/02\/27\/dafina-shkon-ne-australi-per-nje-spot\/#primaryimage\",\"url\":\"http:\/\/www.visit-ulcinj.com\/blog\/wp-content\/uploads\/2010\/02\/Dafina-Zeqiri.1.jpg\",\"contentUrl\":\"http:\/\/www.visit-ulcinj.com\/blog\/wp-content\/uploads\/2010\/02\/Dafina-Zeqiri.1.jpg\"},{\"@type\":\"WebPage\",\"@id\":\"https:\/\/www.visit-ulcinj.com\/blog\/2010\/02\/27\/dafina-shkon-ne-australi-per-nje-spot\/#webpage\",\"url\":\"https:\/\/www.visit-ulcinj.com\/blog\/2010\/02\/27\/dafina-shkon-ne-australi-per-nje-spot\/\",\"name\":\"Dafina shkon n\u00eb Australi p\u00ebr nj\u00eb spot - Lajme nga Ulqini\",\"isPartOf\":{\"@id\":\"https:\/\/www.visit-ulcinj.com\/blog\/#website\"},\"primaryImageOfPage\":{\"@id\":\"https:\/\/www.visit-ulcinj.com\/blog\/2010\/02\/27\/dafina-shkon-ne-australi-per-nje-spot\/#primaryimage\"},\"datePublished\":\"2010-02-27T18:32:54+00:00\",\"dateModified\":\"2010-02-27T18:36:01+00:00\",\"author\":{\"@id\":\"https:\/\/www.visit-ulcinj.com\/blog\/#\/schema\/person\/dcab619c614d3038751c63bc2aadc06d\"},\"description\":\"K\u00ebng\u00ebtarja Dafina Zeqiri pritet t\u00eb realizoj\u00eb nj\u00eb spot n\u00eb Australi. K\u00ebshtu ka th\u00ebn\u00eb vet\u00eb k\u00ebng\u00ebtarja gjat\u00eb nj\u00eb interviste n\u00eb emisionin televiziv \u201cOxygen\u201d,\",\"breadcrumb\":{\"@id\":\"https:\/\/www.visit-ulcinj.com\/blog\/2010\/02\/27\/dafina-shkon-ne-australi-per-nje-spot\/#breadcrumb\"},\"inLanguage\":\"en-US\",\"potentialAction\":[{\"@type\":\"ReadAction\",\"target\":[\"https:\/\/www.visit-ulcinj.com\/blog\/2010\/02\/27\/dafina-shkon-ne-australi-per-nje-spot\/\"]}]},{\"@type\":\"BreadcrumbList\",\"@id\":\"https:\/\/www.visit-ulcinj.com\/blog\/2010\/02\/27\/dafina-shkon-ne-australi-per-nje-spot\/#breadcrumb\",\"itemListElement\":[{\"@type\":\"ListItem\",\"position\":1,\"name\":\"Dafina shkon n\u00eb Australi p\u00ebr nj\u00eb spot\"}]},{\"@type\":\"Person\",\"@id\":\"https:\/\/www.visit-ulcinj.com\/blog\/#\/schema\/person\/dcab619c614d3038751c63bc2aadc06d\",\"name\":\"ulqini\",\"sameAs\":[\"http:\/\/www.visit-ulcinj.com\"],\"url\":\"https:\/\/www.visit-ulcinj.com\/blog\/author\/admin\/\"}]}<\/script>\n<!-- \/ Yoast SEO plugin. -->","yoast_head_json":{"title":"Dafina shkon n\u00eb Australi p\u00ebr nj\u00eb spot - Lajme nga Ulqini","description":"K\u00ebng\u00ebtarja Dafina Zeqiri pritet t\u00eb realizoj\u00eb nj\u00eb spot n\u00eb Australi. K\u00ebshtu ka th\u00ebn\u00eb vet\u00eb k\u00ebng\u00ebtarja gjat\u00eb nj\u00eb interviste n\u00eb emisionin televiziv \u201cOxygen\u201d,","robots":{"index":"index","follow":"follow","max-snippet":"max-snippet:-1","max-image-preview":"max-image-preview:large","max-video-preview":"max-video-preview:-1"},"canonical":"https:\/\/www.visit-ulcinj.com\/blog\/2010\/02\/27\/dafina-shkon-ne-australi-per-nje-spot\/","og_locale":"en_US","og_type":"article","og_title":"Dafina shkon n\u00eb Australi p\u00ebr nj\u00eb spot - Lajme nga Ulqini","og_description":"K\u00ebng\u00ebtarja Dafina Zeqiri pritet t\u00eb realizoj\u00eb nj\u00eb spot n\u00eb Australi. K\u00ebshtu ka th\u00ebn\u00eb vet\u00eb k\u00ebng\u00ebtarja gjat\u00eb nj\u00eb interviste n\u00eb emisionin televiziv \u201cOxygen\u201d,","og_url":"https:\/\/www.visit-ulcinj.com\/blog\/2010\/02\/27\/dafina-shkon-ne-australi-per-nje-spot\/","og_site_name":"Lajme nga Ulqini","article_published_time":"2010-02-27T18:32:54+00:00","article_modified_time":"2010-02-27T18:36:01+00:00","og_image":[{"url":"https:\/\/www.visit-ulcinj.com\/blog\/wp-content\/uploads\/2010\/02\/Dafina-Zeqiri.2-150x150.jpg"}],"twitter_misc":{"Written by":"ulqini","Est. reading time":"1 minute"},"schema":{"@context":"https:\/\/schema.org","@graph":[{"@type":"WebSite","@id":"https:\/\/www.visit-ulcinj.com\/blog\/#website","url":"https:\/\/www.visit-ulcinj.com\/blog\/","name":"Lajme nga Ulqini","description":"Lajme,Vijesti,Ulqini,Ulqin,Crna Gora,Mali i Zi","potentialAction":[{"@type":"SearchAction","target":{"@type":"EntryPoint","urlTemplate":"https:\/\/www.visit-ulcinj.com\/blog\/?s={search_term_string}"},"query-input":"required name=search_term_string"}],"inLanguage":"en-US"},{"@type":"ImageObject","inLanguage":"en-US","@id":"https:\/\/www.visit-ulcinj.com\/blog\/2010\/02\/27\/dafina-shkon-ne-australi-per-nje-spot\/#primaryimage","url":"http:\/\/www.visit-ulcinj.com\/blog\/wp-content\/uploads\/2010\/02\/Dafina-Zeqiri.1.jpg","contentUrl":"http:\/\/www.visit-ulcinj.com\/blog\/wp-content\/uploads\/2010\/02\/Dafina-Zeqiri.1.jpg"},{"@type":"WebPage","@id":"https:\/\/www.visit-ulcinj.com\/blog\/2010\/02\/27\/dafina-shkon-ne-australi-per-nje-spot\/#webpage","url":"https:\/\/www.visit-ulcinj.com\/blog\/2010\/02\/27\/dafina-shkon-ne-australi-per-nje-spot\/","name":"Dafina shkon n\u00eb Australi p\u00ebr nj\u00eb spot - Lajme nga Ulqini","isPartOf":{"@id":"https:\/\/www.visit-ulcinj.com\/blog\/#website"},"primaryImageOfPage":{"@id":"https:\/\/www.visit-ulcinj.com\/blog\/2010\/02\/27\/dafina-shkon-ne-australi-per-nje-spot\/#primaryimage"},"datePublished":"2010-02-27T18:32:54+00:00","dateModified":"2010-02-27T18:36:01+00:00","author":{"@id":"https:\/\/www.visit-ulcinj.com\/blog\/#\/schema\/person\/dcab619c614d3038751c63bc2aadc06d"},"description":"K\u00ebng\u00ebtarja Dafina Zeqiri pritet t\u00eb realizoj\u00eb nj\u00eb spot n\u00eb Australi. K\u00ebshtu ka th\u00ebn\u00eb vet\u00eb k\u00ebng\u00ebtarja gjat\u00eb nj\u00eb interviste n\u00eb emisionin televiziv \u201cOxygen\u201d,","breadcrumb":{"@id":"https:\/\/www.visit-ulcinj.com\/blog\/2010\/02\/27\/dafina-shkon-ne-australi-per-nje-spot\/#breadcrumb"},"inLanguage":"en-US","potentialAction":[{"@type":"ReadAction","target":["https:\/\/www.visit-ulcinj.com\/blog\/2010\/02\/27\/dafina-shkon-ne-australi-per-nje-spot\/"]}]},{"@type":"BreadcrumbList","@id":"https:\/\/www.visit-ulcinj.com\/blog\/2010\/02\/27\/dafina-shkon-ne-australi-per-nje-spot\/#breadcrumb","itemListElement":[{"@type":"ListItem","position":1,"name":"Dafina shkon n\u00eb Australi p\u00ebr nj\u00eb spot"}]},{"@type":"Person","@id":"https:\/\/www.visit-ulcinj.com\/blog\/#\/schema\/person\/dcab619c614d3038751c63bc2aadc06d","name":"ulqini","sameAs":["http:\/\/www.visit-ulcinj.com"],"url":"https:\/\/www.visit-ulcinj.com\/blog\/author\/admin\/"}]}},"jetpack_featured_media_url":"","jetpack_sharing_enabled":true,"jetpack_shortlink":"https:\/\/wp.me\/pe6lTn-7Zb","_links":{"self":[{"href":"https:\/\/www.visit-ulcinj.com\/blog\/wp-json\/wp\/v2\/posts\/30701"}],"collection":[{"href":"https:\/\/www.visit-ulcinj.com\/blog\/wp-json\/wp\/v2\/posts"}],"about":[{"href":"https:\/\/www.visit-ulcinj.com\/blog\/wp-json\/wp\/v2\/types\/post"}],"author":[{"embeddable":true,"href":"https:\/\/www.visit-ulcinj.com\/blog\/wp-json\/wp\/v2\/users\/1"}],"replies":[{"embeddable":true,"href":"https:\/\/www.visit-ulcinj.com\/blog\/wp-json\/wp\/v2\/comments?post=30701"}],"version-history":[{"count":0,"href":"https:\/\/www.visit-ulcinj.com\/blog\/wp-json\/wp\/v2\/posts\/30701\/revisions"}],"wp:attachment":[{"href":"https:\/\/www.visit-ulcinj.com\/blog\/wp-json\/wp\/v2\/media?parent=30701"}],"wp:term":[{"taxonomy":"category","embeddable":true,"href":"https:\/\/www.visit-ulcinj.com\/blog\/wp-json\/wp\/v2\/categories?post=30701"},{"taxonomy":"post_tag","embeddable":true,"href":"https:\/\/www.visit-ulcinj.com\/blog\/wp-json\/wp\/v2\/tags?post=30701"}],"curies":[{"name":"wp","href":"https:\/\/api.w.org\/{rel}","templated":true}]}}