{"id":30718,"date":"2010-02-28T00:22:52","date_gmt":"2010-02-27T22:22:52","guid":{"rendered":"http:\/\/www.visit-ulcinj.com\/blog\/?p=30718"},"modified":"2010-02-28T00:22:52","modified_gmt":"2010-02-27T22:22:52","slug":"redzep-kraja-reagovao-na-tekst-%e2%80%9eza-ubisto-kraje-14-godina%e2%80%9c","status":"publish","type":"post","link":"https:\/\/www.visit-ulcinj.com\/blog\/2010\/02\/28\/redzep-kraja-reagovao-na-tekst-%e2%80%9eza-ubisto-kraje-14-godina%e2%80%9c\/","title":{"rendered":"Red\u017eep Kraja reagovao na tekst \u201eZa ubisto kraje 14 godina\u201c"},"content":{"rendered":"<p><a href=\"http:\/\/www.visit-ulcinj.com\/blog\/wp-content\/uploads\/2010\/02\/Ramo-Rexhep-Kraja.jpg\"><img loading=\"lazy\" class=\"alignleft size-full wp-image-30719\" title=\"Ramo Rexhep Kraja\" src=\"http:\/\/www.visit-ulcinj.com\/blog\/wp-content\/uploads\/2010\/02\/Ramo-Rexhep-Kraja.jpg\" alt=\"Ramo Rexhep Kraja\" width=\"580\" height=\"400\" \/><\/a>Ulcinj &#8211; Otac Rama Kraje, Red\u017eep Kraja, reagovao je na tekst \u201eZa ubistvo  Kraje 14 godina zatvora\u201c, objavljen u \u201eVijestima\u201c 17. februara, zbog,  kako ka\u017ee, nedoli?ne odbrane osu?enog Ivice Rai?evi?a i propusta u  predkrivi?nom postupku.<br \/>\n\u201cKao nesre?ni otac ubijenog Rama Kraje, duboko sam povrije?en na?inom na  koji se branio ?ovjek koji je bez povoda i razloga oduzeo \u017eivot mom  sinu jedincu. Objavljivanjem njegove odbrane, stvara se slika u javnosti  a kod mene u?vr\u0161?uje uvjerenje da su ovom nezapam?enom zlo?inu namjerno  za\u0161ti?eni i ostali nepoznati sau?esnici i organizatori koji su i  formalno oslobo?eni optu\u017ebe. To se posebno odnosi na osobu koja je  direktno u?estvovala u zlo?inu tako \u0161to je dovezao ubicu do mjesta  doga?aja, iza\u0161ao iz vozila, bio prisutan kada je ubica sa ve? ranije  pripremljenim pi\u0161toljem pri\u0161ao i mu?ki mi ubio sina a zatim ga i odvezao  sa lica mjesta\u201d, ka\u017ee se u reagovanju i dodaje \u201eda svako razuman mo\u017ee  da zaklju?i da je ta osoba direktni u?esnik u tragi?nom doga?aju\u201c.<\/p>\n<p>\u201cTa osoba je tek nakon dva dana pozvana u policiju, dala la\u017enu izjavu  kako je to utvrdio sud u Podgorici i bez pritvaranja pu\u0161tena na slobodu.  Vjerovao sam da ?e Vi\u0161i sud po\u0161tenom presudom uspjeti da otkloni sve  namjerne ili nenamjerne propuste iz predkrivi?nog i krivi?nog postupka  na \u0161ta sam ja vi\u0161e puta usmeno i u pisanoj formi obavje\u0161tavao sve  nadle\u017ene dr\u017eavne organe. Me?utim, oni ni\u0161ta nijesu preduzimali ba\u0161 kao  ni moj advokat koji je bio vi\u0161e nego pasivan, ali razlog tome sada je  kao i njemu, poznat i meni\u201d, isti?e Kraja u reagovanju. On ka\u017ee da je  motiv zbog koga je odlu?io da reaguje, \u201eneistina koja ponovo ubija\u201d.<br \/>\n\u201cUbica ka\u017ee da bi, kada bi mu se sudilo u Ulcinju, dobio 100 godina  zatvora zato \u0161to u na\u0161oj sredini ve?inom \u017eive Albanci ?ime cijelu pri?u  \u017eeli prenijeti na nacionalni teren. Jedna je ?injenica da je moj sin  mu?ki ubijen u le\u017ee?em polo\u017eaju i potpuno bespomo?an a nijedan od  dr\u017eavnih organa nije preduzeo radnju da cijelu istinu izvede do kraja\u201d.<\/p>\n<div><strong>S. A.<br \/>\n<a href=\"http:\/\/www.vijesti.me\/index.php?id_pre=330739&amp;godina=2010\" target=\"_blank\">Vijesti<\/a><\/strong><\/div>\n<div><strong>\n\t\t<style type=\"text\/css\">\n\t\t\t#gallery-1 {\n\t\t\t\tmargin: auto;\n\t\t\t}\n\t\t\t#gallery-1 .gallery-item {\n\t\t\t\tfloat: left;\n\t\t\t\tmargin-top: 10px;\n\t\t\t\ttext-align: center;\n\t\t\t\twidth: 33%;\n\t\t\t}\n\t\t\t#gallery-1 img {\n\t\t\t\tborder: 2px solid #cfcfcf;\n\t\t\t}\n\t\t\t#gallery-1 .gallery-caption {\n\t\t\t\tmargin-left: 0;\n\t\t\t}\n\t\t\t\/* see gallery_shortcode() in wp-includes\/media.php *\/\n\t\t<\/style>\n\t\t<div id='gallery-1' class='gallery galleryid-30718 gallery-columns-3 gallery-size-thumbnail'><dl class='gallery-item'>\n\t\t\t<dt class='gallery-icon landscape'>\n\t\t\t\t<a href='https:\/\/www.visit-ulcinj.com\/blog\/wp-content\/uploads\/2010\/02\/Ramo-Rexhep-Kraja.jpg'><img width=\"150\" height=\"150\" src=\"https:\/\/www.visit-ulcinj.com\/blog\/wp-content\/uploads\/2010\/02\/Ramo-Rexhep-Kraja-150x150.jpg\" class=\"attachment-thumbnail size-thumbnail\" alt=\"\" loading=\"lazy\" \/><\/a>\n\t\t\t<\/dt><\/dl><dl class='gallery-item'>\n\t\t\t<dt class='gallery-icon landscape'>\n\t\t\t\t<a href='https:\/\/www.visit-ulcinj.com\/blog\/wp-content\/uploads\/2010\/02\/Ramo-Rexhep-Kraja.2.jpg'><img width=\"150\" height=\"150\" src=\"https:\/\/www.visit-ulcinj.com\/blog\/wp-content\/uploads\/2010\/02\/Ramo-Rexhep-Kraja.2-150x150.jpg\" class=\"attachment-thumbnail size-thumbnail\" alt=\"\" loading=\"lazy\" \/><\/a>\n\t\t\t<\/dt><\/dl><dl class='gallery-item'>\n\t\t\t<dt class='gallery-icon landscape'>\n\t\t\t\t<a href='https:\/\/www.visit-ulcinj.com\/blog\/wp-content\/uploads\/2010\/02\/Ramo-Rexhep-Kraja.1.jpg'><img width=\"150\" height=\"150\" src=\"https:\/\/www.visit-ulcinj.com\/blog\/wp-content\/uploads\/2010\/02\/Ramo-Rexhep-Kraja.1-150x150.jpg\" class=\"attachment-thumbnail size-thumbnail\" alt=\"\" loading=\"lazy\" \/><\/a>\n\t\t\t<\/dt><\/dl><br style=\"clear: both\" \/>\n\t\t<\/div>\n<br \/>\n<\/strong><\/div>\n","protected":false},"excerpt":{"rendered":"<p>Ulcinj &#8211; Otac Rama Kraje, Red\u017eep Kraja, reagovao je na tekst \u201eZa ubistvo Kraje 14 godina zatvora\u201c, objavljen u \u201eVijestima\u201c 17. februara, zbog, kako ka\u017ee, nedoli?ne odbrane osu?enog Ivice Rai?evi?a i propusta u predkrivi?nom postupku. \u201cKao nesre?ni otac ubijenog Rama Kraje, duboko sam povrije?en na?inom na koji se branio ?ovjek koji je bez povoda i [&hellip;]<\/p>\n","protected":false},"author":1,"featured_media":0,"comment_status":"open","ping_status":"closed","sticky":false,"template":"","format":"standard","meta":{"spay_email":"","jetpack_publicize_message":"","jetpack_is_tweetstorm":false,"jetpack_publicize_feature_enabled":true},"categories":[8337],"tags":[2403,2153,2152,13650,19],"jetpack_publicize_connections":[],"yoast_head":"<!-- This site is optimized with the Yoast SEO plugin v19.1 - https:\/\/yoast.com\/wordpress\/plugins\/seo\/ -->\n<title>Red\u017eep Kraja reagovao na tekst \u201eZa ubisto kraje 14 godina\u201c - Lajme nga Ulqini<\/title>\n<meta name=\"description\" content=\"Ulcinj - Otac Rama Kraje, Red\u017eep Kraja, reagovao je na tekst \u201eZa ubistvo Kraje 14 godina zatvora\u201c, objavljen u \u201eVijestima\u201c 17. februara, zbog, kako ka\u017ee,\" \/>\n<meta name=\"robots\" content=\"index, follow, max-snippet:-1, max-image-preview:large, max-video-preview:-1\" \/>\n<link rel=\"canonical\" href=\"https:\/\/www.visit-ulcinj.com\/blog\/2010\/02\/28\/redzep-kraja-reagovao-na-tekst-\u201eza-ubisto-kraje-14-godina\u201c\/\" \/>\n<meta property=\"og:locale\" content=\"en_US\" \/>\n<meta property=\"og:type\" content=\"article\" \/>\n<meta property=\"og:title\" content=\"Red\u017eep Kraja reagovao na tekst \u201eZa ubisto kraje 14 godina\u201c - Lajme nga Ulqini\" \/>\n<meta property=\"og:description\" content=\"Ulcinj - Otac Rama Kraje, Red\u017eep Kraja, reagovao je na tekst \u201eZa ubistvo Kraje 14 godina zatvora\u201c, objavljen u \u201eVijestima\u201c 17. februara, zbog, kako ka\u017ee,\" \/>\n<meta property=\"og:url\" content=\"https:\/\/www.visit-ulcinj.com\/blog\/2010\/02\/28\/redzep-kraja-reagovao-na-tekst-\u201eza-ubisto-kraje-14-godina\u201c\/\" \/>\n<meta property=\"og:site_name\" content=\"Lajme nga Ulqini\" \/>\n<meta property=\"article:published_time\" content=\"2010-02-27T22:22:52+00:00\" \/>\n<meta property=\"og:image\" content=\"https:\/\/www.visit-ulcinj.com\/blog\/wp-content\/uploads\/2010\/02\/Ramo-Rexhep-Kraja-150x150.jpg\" \/>\n<meta name=\"twitter:label1\" content=\"Written by\" \/>\n\t<meta name=\"twitter:data1\" content=\"ulqini\" \/>\n\t<meta name=\"twitter:label2\" content=\"Est. reading time\" \/>\n\t<meta name=\"twitter:data2\" content=\"2 minutes\" \/>\n<script type=\"application\/ld+json\" class=\"yoast-schema-graph\">{\"@context\":\"https:\/\/schema.org\",\"@graph\":[{\"@type\":\"WebSite\",\"@id\":\"https:\/\/www.visit-ulcinj.com\/blog\/#website\",\"url\":\"https:\/\/www.visit-ulcinj.com\/blog\/\",\"name\":\"Lajme nga Ulqini\",\"description\":\"Lajme,Vijesti,Ulqini,Ulqin,Crna Gora,Mali i Zi\",\"potentialAction\":[{\"@type\":\"SearchAction\",\"target\":{\"@type\":\"EntryPoint\",\"urlTemplate\":\"https:\/\/www.visit-ulcinj.com\/blog\/?s={search_term_string}\"},\"query-input\":\"required name=search_term_string\"}],\"inLanguage\":\"en-US\"},{\"@type\":\"ImageObject\",\"inLanguage\":\"en-US\",\"@id\":\"https:\/\/www.visit-ulcinj.com\/blog\/2010\/02\/28\/redzep-kraja-reagovao-na-tekst-%e2%80%9eza-ubisto-kraje-14-godina%e2%80%9c\/#primaryimage\",\"url\":\"https:\/\/www.visit-ulcinj.com\/blog\/wp-content\/uploads\/2010\/02\/Ramo-Rexhep-Kraja.jpg\",\"contentUrl\":\"https:\/\/www.visit-ulcinj.com\/blog\/wp-content\/uploads\/2010\/02\/Ramo-Rexhep-Kraja.jpg\",\"width\":\"600\",\"height\":\"450\"},{\"@type\":\"WebPage\",\"@id\":\"https:\/\/www.visit-ulcinj.com\/blog\/2010\/02\/28\/redzep-kraja-reagovao-na-tekst-%e2%80%9eza-ubisto-kraje-14-godina%e2%80%9c\/#webpage\",\"url\":\"https:\/\/www.visit-ulcinj.com\/blog\/2010\/02\/28\/redzep-kraja-reagovao-na-tekst-%e2%80%9eza-ubisto-kraje-14-godina%e2%80%9c\/\",\"name\":\"Red\u017eep Kraja reagovao na tekst \u201eZa ubisto kraje 14 godina\u201c - Lajme nga Ulqini\",\"isPartOf\":{\"@id\":\"https:\/\/www.visit-ulcinj.com\/blog\/#website\"},\"primaryImageOfPage\":{\"@id\":\"https:\/\/www.visit-ulcinj.com\/blog\/2010\/02\/28\/redzep-kraja-reagovao-na-tekst-%e2%80%9eza-ubisto-kraje-14-godina%e2%80%9c\/#primaryimage\"},\"datePublished\":\"2010-02-27T22:22:52+00:00\",\"dateModified\":\"2010-02-27T22:22:52+00:00\",\"author\":{\"@id\":\"https:\/\/www.visit-ulcinj.com\/blog\/#\/schema\/person\/dcab619c614d3038751c63bc2aadc06d\"},\"description\":\"Ulcinj - Otac Rama Kraje, Red\u017eep Kraja, reagovao je na tekst \u201eZa ubistvo Kraje 14 godina zatvora\u201c, objavljen u \u201eVijestima\u201c 17. februara, zbog, kako ka\u017ee,\",\"breadcrumb\":{\"@id\":\"https:\/\/www.visit-ulcinj.com\/blog\/2010\/02\/28\/redzep-kraja-reagovao-na-tekst-%e2%80%9eza-ubisto-kraje-14-godina%e2%80%9c\/#breadcrumb\"},\"inLanguage\":\"en-US\",\"potentialAction\":[{\"@type\":\"ReadAction\",\"target\":[\"https:\/\/www.visit-ulcinj.com\/blog\/2010\/02\/28\/redzep-kraja-reagovao-na-tekst-%e2%80%9eza-ubisto-kraje-14-godina%e2%80%9c\/\"]}]},{\"@type\":\"BreadcrumbList\",\"@id\":\"https:\/\/www.visit-ulcinj.com\/blog\/2010\/02\/28\/redzep-kraja-reagovao-na-tekst-%e2%80%9eza-ubisto-kraje-14-godina%e2%80%9c\/#breadcrumb\",\"itemListElement\":[{\"@type\":\"ListItem\",\"position\":1,\"name\":\"Red\u017eep Kraja reagovao na tekst \u201eZa ubisto kraje 14 godina\u201c\"}]},{\"@type\":\"Person\",\"@id\":\"https:\/\/www.visit-ulcinj.com\/blog\/#\/schema\/person\/dcab619c614d3038751c63bc2aadc06d\",\"name\":\"ulqini\",\"sameAs\":[\"http:\/\/www.visit-ulcinj.com\"],\"url\":\"https:\/\/www.visit-ulcinj.com\/blog\/author\/admin\/\"}]}<\/script>\n<!-- \/ Yoast SEO plugin. -->","yoast_head_json":{"title":"Red\u017eep Kraja reagovao na tekst \u201eZa ubisto kraje 14 godina\u201c - Lajme nga Ulqini","description":"Ulcinj - Otac Rama Kraje, Red\u017eep Kraja, reagovao je na tekst \u201eZa ubistvo Kraje 14 godina zatvora\u201c, objavljen u \u201eVijestima\u201c 17. februara, zbog, kako ka\u017ee,","robots":{"index":"index","follow":"follow","max-snippet":"max-snippet:-1","max-image-preview":"max-image-preview:large","max-video-preview":"max-video-preview:-1"},"canonical":"https:\/\/www.visit-ulcinj.com\/blog\/2010\/02\/28\/redzep-kraja-reagovao-na-tekst-\u201eza-ubisto-kraje-14-godina\u201c\/","og_locale":"en_US","og_type":"article","og_title":"Red\u017eep Kraja reagovao na tekst \u201eZa ubisto kraje 14 godina\u201c - Lajme nga Ulqini","og_description":"Ulcinj - Otac Rama Kraje, Red\u017eep Kraja, reagovao je na tekst \u201eZa ubistvo Kraje 14 godina zatvora\u201c, objavljen u \u201eVijestima\u201c 17. februara, zbog, kako ka\u017ee,","og_url":"https:\/\/www.visit-ulcinj.com\/blog\/2010\/02\/28\/redzep-kraja-reagovao-na-tekst-\u201eza-ubisto-kraje-14-godina\u201c\/","og_site_name":"Lajme nga Ulqini","article_published_time":"2010-02-27T22:22:52+00:00","og_image":[{"url":"https:\/\/www.visit-ulcinj.com\/blog\/wp-content\/uploads\/2010\/02\/Ramo-Rexhep-Kraja-150x150.jpg"}],"twitter_misc":{"Written by":"ulqini","Est. reading time":"2 minutes"},"schema":{"@context":"https:\/\/schema.org","@graph":[{"@type":"WebSite","@id":"https:\/\/www.visit-ulcinj.com\/blog\/#website","url":"https:\/\/www.visit-ulcinj.com\/blog\/","name":"Lajme nga Ulqini","description":"Lajme,Vijesti,Ulqini,Ulqin,Crna Gora,Mali i Zi","potentialAction":[{"@type":"SearchAction","target":{"@type":"EntryPoint","urlTemplate":"https:\/\/www.visit-ulcinj.com\/blog\/?s={search_term_string}"},"query-input":"required name=search_term_string"}],"inLanguage":"en-US"},{"@type":"ImageObject","inLanguage":"en-US","@id":"https:\/\/www.visit-ulcinj.com\/blog\/2010\/02\/28\/redzep-kraja-reagovao-na-tekst-%e2%80%9eza-ubisto-kraje-14-godina%e2%80%9c\/#primaryimage","url":"https:\/\/www.visit-ulcinj.com\/blog\/wp-content\/uploads\/2010\/02\/Ramo-Rexhep-Kraja.jpg","contentUrl":"https:\/\/www.visit-ulcinj.com\/blog\/wp-content\/uploads\/2010\/02\/Ramo-Rexhep-Kraja.jpg","width":"600","height":"450"},{"@type":"WebPage","@id":"https:\/\/www.visit-ulcinj.com\/blog\/2010\/02\/28\/redzep-kraja-reagovao-na-tekst-%e2%80%9eza-ubisto-kraje-14-godina%e2%80%9c\/#webpage","url":"https:\/\/www.visit-ulcinj.com\/blog\/2010\/02\/28\/redzep-kraja-reagovao-na-tekst-%e2%80%9eza-ubisto-kraje-14-godina%e2%80%9c\/","name":"Red\u017eep Kraja reagovao na tekst \u201eZa ubisto kraje 14 godina\u201c - Lajme nga Ulqini","isPartOf":{"@id":"https:\/\/www.visit-ulcinj.com\/blog\/#website"},"primaryImageOfPage":{"@id":"https:\/\/www.visit-ulcinj.com\/blog\/2010\/02\/28\/redzep-kraja-reagovao-na-tekst-%e2%80%9eza-ubisto-kraje-14-godina%e2%80%9c\/#primaryimage"},"datePublished":"2010-02-27T22:22:52+00:00","dateModified":"2010-02-27T22:22:52+00:00","author":{"@id":"https:\/\/www.visit-ulcinj.com\/blog\/#\/schema\/person\/dcab619c614d3038751c63bc2aadc06d"},"description":"Ulcinj - Otac Rama Kraje, Red\u017eep Kraja, reagovao je na tekst \u201eZa ubistvo Kraje 14 godina zatvora\u201c, objavljen u \u201eVijestima\u201c 17. februara, zbog, kako ka\u017ee,","breadcrumb":{"@id":"https:\/\/www.visit-ulcinj.com\/blog\/2010\/02\/28\/redzep-kraja-reagovao-na-tekst-%e2%80%9eza-ubisto-kraje-14-godina%e2%80%9c\/#breadcrumb"},"inLanguage":"en-US","potentialAction":[{"@type":"ReadAction","target":["https:\/\/www.visit-ulcinj.com\/blog\/2010\/02\/28\/redzep-kraja-reagovao-na-tekst-%e2%80%9eza-ubisto-kraje-14-godina%e2%80%9c\/"]}]},{"@type":"BreadcrumbList","@id":"https:\/\/www.visit-ulcinj.com\/blog\/2010\/02\/28\/redzep-kraja-reagovao-na-tekst-%e2%80%9eza-ubisto-kraje-14-godina%e2%80%9c\/#breadcrumb","itemListElement":[{"@type":"ListItem","position":1,"name":"Red\u017eep Kraja reagovao na tekst \u201eZa ubisto kraje 14 godina\u201c"}]},{"@type":"Person","@id":"https:\/\/www.visit-ulcinj.com\/blog\/#\/schema\/person\/dcab619c614d3038751c63bc2aadc06d","name":"ulqini","sameAs":["http:\/\/www.visit-ulcinj.com"],"url":"https:\/\/www.visit-ulcinj.com\/blog\/author\/admin\/"}]}},"jetpack_featured_media_url":"","jetpack_sharing_enabled":true,"jetpack_shortlink":"https:\/\/wp.me\/pe6lTn-7Zs","_links":{"self":[{"href":"https:\/\/www.visit-ulcinj.com\/blog\/wp-json\/wp\/v2\/posts\/30718"}],"collection":[{"href":"https:\/\/www.visit-ulcinj.com\/blog\/wp-json\/wp\/v2\/posts"}],"about":[{"href":"https:\/\/www.visit-ulcinj.com\/blog\/wp-json\/wp\/v2\/types\/post"}],"author":[{"embeddable":true,"href":"https:\/\/www.visit-ulcinj.com\/blog\/wp-json\/wp\/v2\/users\/1"}],"replies":[{"embeddable":true,"href":"https:\/\/www.visit-ulcinj.com\/blog\/wp-json\/wp\/v2\/comments?post=30718"}],"version-history":[{"count":0,"href":"https:\/\/www.visit-ulcinj.com\/blog\/wp-json\/wp\/v2\/posts\/30718\/revisions"}],"wp:attachment":[{"href":"https:\/\/www.visit-ulcinj.com\/blog\/wp-json\/wp\/v2\/media?parent=30718"}],"wp:term":[{"taxonomy":"category","embeddable":true,"href":"https:\/\/www.visit-ulcinj.com\/blog\/wp-json\/wp\/v2\/categories?post=30718"},{"taxonomy":"post_tag","embeddable":true,"href":"https:\/\/www.visit-ulcinj.com\/blog\/wp-json\/wp\/v2\/tags?post=30718"}],"curies":[{"name":"wp","href":"https:\/\/api.w.org\/{rel}","templated":true}]}}