{"id":30725,"date":"2010-02-28T00:31:23","date_gmt":"2010-02-27T22:31:23","guid":{"rendered":"http:\/\/www.visit-ulcinj.com\/blog\/?p=30725"},"modified":"2010-02-28T00:31:23","modified_gmt":"2010-02-27T22:31:23","slug":"gazetenkoha-javore%e2%80%9d-duhet-ta-ndihmojme-te-mbijetoje","status":"publish","type":"post","link":"https:\/\/www.visit-ulcinj.com\/blog\/2010\/02\/28\/gazetenkoha-javore%e2%80%9d-duhet-ta-ndihmojme-te-mbijetoje\/","title":{"rendered":"Gazet\u00ebn,,Koha Javore\u201d duhet ta ndihmojm\u00eb t\u00eb mbijetoj\u00eb"},"content":{"rendered":"<p><strong><img loading=\"lazy\" class=\"alignleft\" title=\"Koha javore duhet ndihmuar\" src=\"http:\/\/www.visit-ulcinj.com\/blog\/wp-content\/uploads\/2009\/04\/fundi-i-kohes-javore.jpg\" alt=\"\" width=\"301\" height=\"378\" \/>Moment i r\u00ebnd\u00ebsish\u00ebm p\u00ebr shqiptar\u00ebt n\u00eb Mal t\u00eb Zi<\/strong><\/p>\n<p><strong>Gazet\u00ebn,,Koha Javore\u201d duhet ta ndihmojm\u00eb t\u00eb mbijetoj\u00eb. Ajo  ndihmohet duke e bler\u00eb, lexuar e mbi t\u00eb gjitha duke sensibilizuar  opinionin p\u00ebr domosdoshm\u00ebrin\u00eb e\u00a0 daljes\u00a0 n\u00eb mbrojtje t\u00eb saj.<\/strong><\/p>\n<p><span id=\"more-54\"> <\/span><strong> <\/strong><\/p>\n<p>Para tet\u00eb viteve ndodhi nj\u00eb befasi e k\u00ebndshme p\u00ebr shqiptar\u00ebt n\u00eb Malin  e Zi. Doli numri i par\u00eb i gazet\u00ebs s\u00eb vetme informative n\u00eb gjuh\u00ebn shqipe  ,,Koha Javore\u201d. Kjo e p\u00ebrjavshme me aktualitete, shkenc\u00eb e kultur\u00eb e  arsyetoi daljen e vet dhe paraqet nj\u00eb moment shum\u00eb t\u00eb r\u00ebnd\u00ebsish\u00ebm p\u00ebr  ne, shqiptar\u00ebt n\u00eb Malin e Zi, duke sh\u00ebrbyer si ur\u00eb lidh\u00ebse, ku fjala e  shkruar dep\u00ebrton edhe p\u00ebrtej kufijve me hap\u00ebsirat e tjera shqiptare.<br \/>\nP\u00ebrderisa t\u00eb jet\u00eb i vetmi burim  informativ n\u00eb gjuh\u00ebn shqipe n\u00eb Malin e Zi, nuk duhet marr\u00eb seriozisht  qoft\u00eb edhe ndonj\u00eb mang\u00ebsi t\u00eb vog\u00ebl q\u00eb mund t\u00eb ket\u00eb kjo gazet\u00eb sepse nuk  kemi mund\u00ebsi zgjedhjeje. N\u00eb vend q\u00eb t\u00eb k\u00ebrkojn\u00eb shtimin e numrit t\u00eb  faqeve t\u00eb k\u00ebsaj gazete apo daljen edhe t\u00eb ndonj\u00eb gazete tjet\u00ebr n\u00eb gjuh\u00ebn  shqipe, disa me pa t\u00eb drejt\u00eb merren me politik\u00ebn redaktuese duke mos e  lexuar fare gazet\u00ebn, vet\u00ebm \u00e7ka u thon\u00eb t\u00eb tjer\u00ebt.<br \/>\nGazet\u00ebn,,Koha Javore\u201d duhet ta ndihmojm\u00eb t\u00eb mbijetoj\u00eb. Ajo ndihmohet  duke e bler\u00eb, lexuar e mbi t\u00eb gjitha duke sensibilizuar opinionin p\u00ebr  domosdoshm\u00ebrin\u00eb e\u00a0 daljes\u00a0 n\u00eb mbrojtje t\u00eb saj.<br \/>\nUroj pun\u00eb t\u00eb mbar\u00eb redaksis\u00eb, duke festuar edhe shum\u00eb p\u00ebrvjetor\u00eb t\u00eb  tjer\u00eb, me shpres\u00eb se do t\u00eb p\u00ebrkushtoheni n\u00eb ruajtjen e p\u00ebrmbajtjes  cil\u00ebsore dhe begatimin e faqeve me tema t\u00eb ndryshme, gjithmon\u00eb n\u00eb  interes t\u00eb informimit t\u00eb drejt\u00eb dhe cil\u00ebsor\u00eb t\u00eb shqiptar\u00ebve kudo q\u00eb  jan\u00eb.<br \/>\n(autori \u00ebsht\u00eb poet dhe publicist)<\/p>\n<p><a href=\"http:\/\/www.kohajavore.co.me\/\" target=\"_blank\"><strong>Hajredin Kova\u00e7i<\/strong><\/a><strong><a href=\"http:\/\/www.kohajavore.co.me\/\" target=\"_blank\"><br \/>\nKoha Javore<\/a><br \/>\n<\/strong><\/p>\n","protected":false},"excerpt":{"rendered":"<p>Moment i r\u00ebnd\u00ebsish\u00ebm p\u00ebr shqiptar\u00ebt n\u00eb Mal t\u00eb Zi Gazet\u00ebn,,Koha Javore\u201d duhet ta ndihmojm\u00eb t\u00eb mbijetoj\u00eb. Ajo ndihmohet duke e bler\u00eb, lexuar e mbi t\u00eb gjitha duke sensibilizuar opinionin p\u00ebr domosdoshm\u00ebrin\u00eb e\u00a0 daljes\u00a0 n\u00eb mbrojtje t\u00eb saj. Para tet\u00eb viteve ndodhi nj\u00eb befasi e k\u00ebndshme p\u00ebr shqiptar\u00ebt n\u00eb Malin e Zi. Doli numri i par\u00eb [&hellip;]<\/p>\n","protected":false},"author":1,"featured_media":0,"comment_status":"open","ping_status":"closed","sticky":false,"template":"","format":"standard","meta":{"spay_email":"","jetpack_publicize_message":"","jetpack_is_tweetstorm":false,"jetpack_publicize_feature_enabled":true},"categories":[1],"tags":[216],"jetpack_publicize_connections":[],"yoast_head":"<!-- This site is optimized with the Yoast SEO plugin v19.1 - https:\/\/yoast.com\/wordpress\/plugins\/seo\/ -->\n<title>Gazet\u00ebn,,Koha Javore\u201d duhet ta ndihmojm\u00eb t\u00eb mbijetoj\u00eb - Lajme nga Ulqini<\/title>\n<meta name=\"description\" content=\"Moment i r\u00ebnd\u00ebsish\u00ebm p\u00ebr shqiptar\u00ebt n\u00eb Mal t\u00eb Zi Gazet\u00ebn,,Koha Javore\u201d duhet ta ndihmojm\u00eb t\u00eb mbijetoj\u00eb. Ajo ndihmohet duke e bler\u00eb, lexuar e mbi t\u00eb gjitha\" \/>\n<meta name=\"robots\" content=\"index, follow, max-snippet:-1, max-image-preview:large, max-video-preview:-1\" \/>\n<link rel=\"canonical\" href=\"https:\/\/www.visit-ulcinj.com\/blog\/2010\/02\/28\/gazetenkoha-javore\u201d-duhet-ta-ndihmojme-te-mbijetoje\/\" \/>\n<meta property=\"og:locale\" content=\"en_US\" \/>\n<meta property=\"og:type\" content=\"article\" \/>\n<meta property=\"og:title\" content=\"Gazet\u00ebn,,Koha Javore\u201d duhet ta ndihmojm\u00eb t\u00eb mbijetoj\u00eb - Lajme nga Ulqini\" \/>\n<meta property=\"og:description\" content=\"Moment i r\u00ebnd\u00ebsish\u00ebm p\u00ebr shqiptar\u00ebt n\u00eb Mal t\u00eb Zi Gazet\u00ebn,,Koha Javore\u201d duhet ta ndihmojm\u00eb t\u00eb mbijetoj\u00eb. Ajo ndihmohet duke e bler\u00eb, lexuar e mbi t\u00eb gjitha\" \/>\n<meta property=\"og:url\" content=\"https:\/\/www.visit-ulcinj.com\/blog\/2010\/02\/28\/gazetenkoha-javore\u201d-duhet-ta-ndihmojme-te-mbijetoje\/\" \/>\n<meta property=\"og:site_name\" content=\"Lajme nga Ulqini\" \/>\n<meta property=\"article:published_time\" content=\"2010-02-27T22:31:23+00:00\" \/>\n<meta property=\"og:image\" content=\"http:\/\/www.visit-ulcinj.com\/blog\/wp-content\/uploads\/2009\/04\/fundi-i-kohes-javore.jpg\" \/>\n<meta name=\"twitter:label1\" content=\"Written by\" \/>\n\t<meta name=\"twitter:data1\" content=\"ulqini\" \/>\n\t<meta name=\"twitter:label2\" content=\"Est. reading time\" \/>\n\t<meta name=\"twitter:data2\" content=\"2 minutes\" \/>\n<script type=\"application\/ld+json\" class=\"yoast-schema-graph\">{\"@context\":\"https:\/\/schema.org\",\"@graph\":[{\"@type\":\"WebSite\",\"@id\":\"https:\/\/www.visit-ulcinj.com\/blog\/#website\",\"url\":\"https:\/\/www.visit-ulcinj.com\/blog\/\",\"name\":\"Lajme nga Ulqini\",\"description\":\"Lajme,Vijesti,Ulqini,Ulqin,Crna Gora,Mali i Zi\",\"potentialAction\":[{\"@type\":\"SearchAction\",\"target\":{\"@type\":\"EntryPoint\",\"urlTemplate\":\"https:\/\/www.visit-ulcinj.com\/blog\/?s={search_term_string}\"},\"query-input\":\"required name=search_term_string\"}],\"inLanguage\":\"en-US\"},{\"@type\":\"ImageObject\",\"inLanguage\":\"en-US\",\"@id\":\"https:\/\/www.visit-ulcinj.com\/blog\/2010\/02\/28\/gazetenkoha-javore%e2%80%9d-duhet-ta-ndihmojme-te-mbijetoje\/#primaryimage\",\"url\":\"http:\/\/www.visit-ulcinj.com\/blog\/wp-content\/uploads\/2009\/04\/fundi-i-kohes-javore.jpg\",\"contentUrl\":\"http:\/\/www.visit-ulcinj.com\/blog\/wp-content\/uploads\/2009\/04\/fundi-i-kohes-javore.jpg\"},{\"@type\":\"WebPage\",\"@id\":\"https:\/\/www.visit-ulcinj.com\/blog\/2010\/02\/28\/gazetenkoha-javore%e2%80%9d-duhet-ta-ndihmojme-te-mbijetoje\/#webpage\",\"url\":\"https:\/\/www.visit-ulcinj.com\/blog\/2010\/02\/28\/gazetenkoha-javore%e2%80%9d-duhet-ta-ndihmojme-te-mbijetoje\/\",\"name\":\"Gazet\u00ebn,,Koha Javore\u201d duhet ta ndihmojm\u00eb t\u00eb mbijetoj\u00eb - Lajme nga Ulqini\",\"isPartOf\":{\"@id\":\"https:\/\/www.visit-ulcinj.com\/blog\/#website\"},\"primaryImageOfPage\":{\"@id\":\"https:\/\/www.visit-ulcinj.com\/blog\/2010\/02\/28\/gazetenkoha-javore%e2%80%9d-duhet-ta-ndihmojme-te-mbijetoje\/#primaryimage\"},\"datePublished\":\"2010-02-27T22:31:23+00:00\",\"dateModified\":\"2010-02-27T22:31:23+00:00\",\"author\":{\"@id\":\"https:\/\/www.visit-ulcinj.com\/blog\/#\/schema\/person\/dcab619c614d3038751c63bc2aadc06d\"},\"description\":\"Moment i r\u00ebnd\u00ebsish\u00ebm p\u00ebr shqiptar\u00ebt n\u00eb Mal t\u00eb Zi Gazet\u00ebn,,Koha Javore\u201d duhet ta ndihmojm\u00eb t\u00eb mbijetoj\u00eb. Ajo ndihmohet duke e bler\u00eb, lexuar e mbi t\u00eb gjitha\",\"breadcrumb\":{\"@id\":\"https:\/\/www.visit-ulcinj.com\/blog\/2010\/02\/28\/gazetenkoha-javore%e2%80%9d-duhet-ta-ndihmojme-te-mbijetoje\/#breadcrumb\"},\"inLanguage\":\"en-US\",\"potentialAction\":[{\"@type\":\"ReadAction\",\"target\":[\"https:\/\/www.visit-ulcinj.com\/blog\/2010\/02\/28\/gazetenkoha-javore%e2%80%9d-duhet-ta-ndihmojme-te-mbijetoje\/\"]}]},{\"@type\":\"BreadcrumbList\",\"@id\":\"https:\/\/www.visit-ulcinj.com\/blog\/2010\/02\/28\/gazetenkoha-javore%e2%80%9d-duhet-ta-ndihmojme-te-mbijetoje\/#breadcrumb\",\"itemListElement\":[{\"@type\":\"ListItem\",\"position\":1,\"name\":\"Gazet\u00ebn,,Koha Javore\u201d duhet ta ndihmojm\u00eb t\u00eb mbijetoj\u00eb\"}]},{\"@type\":\"Person\",\"@id\":\"https:\/\/www.visit-ulcinj.com\/blog\/#\/schema\/person\/dcab619c614d3038751c63bc2aadc06d\",\"name\":\"ulqini\",\"sameAs\":[\"http:\/\/www.visit-ulcinj.com\"],\"url\":\"https:\/\/www.visit-ulcinj.com\/blog\/author\/admin\/\"}]}<\/script>\n<!-- \/ Yoast SEO plugin. -->","yoast_head_json":{"title":"Gazet\u00ebn,,Koha Javore\u201d duhet ta ndihmojm\u00eb t\u00eb mbijetoj\u00eb - Lajme nga Ulqini","description":"Moment i r\u00ebnd\u00ebsish\u00ebm p\u00ebr shqiptar\u00ebt n\u00eb Mal t\u00eb Zi Gazet\u00ebn,,Koha Javore\u201d duhet ta ndihmojm\u00eb t\u00eb mbijetoj\u00eb. Ajo ndihmohet duke e bler\u00eb, lexuar e mbi t\u00eb gjitha","robots":{"index":"index","follow":"follow","max-snippet":"max-snippet:-1","max-image-preview":"max-image-preview:large","max-video-preview":"max-video-preview:-1"},"canonical":"https:\/\/www.visit-ulcinj.com\/blog\/2010\/02\/28\/gazetenkoha-javore\u201d-duhet-ta-ndihmojme-te-mbijetoje\/","og_locale":"en_US","og_type":"article","og_title":"Gazet\u00ebn,,Koha Javore\u201d duhet ta ndihmojm\u00eb t\u00eb mbijetoj\u00eb - Lajme nga Ulqini","og_description":"Moment i r\u00ebnd\u00ebsish\u00ebm p\u00ebr shqiptar\u00ebt n\u00eb Mal t\u00eb Zi Gazet\u00ebn,,Koha Javore\u201d duhet ta ndihmojm\u00eb t\u00eb mbijetoj\u00eb. Ajo ndihmohet duke e bler\u00eb, lexuar e mbi t\u00eb gjitha","og_url":"https:\/\/www.visit-ulcinj.com\/blog\/2010\/02\/28\/gazetenkoha-javore\u201d-duhet-ta-ndihmojme-te-mbijetoje\/","og_site_name":"Lajme nga Ulqini","article_published_time":"2010-02-27T22:31:23+00:00","og_image":[{"url":"http:\/\/www.visit-ulcinj.com\/blog\/wp-content\/uploads\/2009\/04\/fundi-i-kohes-javore.jpg"}],"twitter_misc":{"Written by":"ulqini","Est. reading time":"2 minutes"},"schema":{"@context":"https:\/\/schema.org","@graph":[{"@type":"WebSite","@id":"https:\/\/www.visit-ulcinj.com\/blog\/#website","url":"https:\/\/www.visit-ulcinj.com\/blog\/","name":"Lajme nga Ulqini","description":"Lajme,Vijesti,Ulqini,Ulqin,Crna Gora,Mali i Zi","potentialAction":[{"@type":"SearchAction","target":{"@type":"EntryPoint","urlTemplate":"https:\/\/www.visit-ulcinj.com\/blog\/?s={search_term_string}"},"query-input":"required name=search_term_string"}],"inLanguage":"en-US"},{"@type":"ImageObject","inLanguage":"en-US","@id":"https:\/\/www.visit-ulcinj.com\/blog\/2010\/02\/28\/gazetenkoha-javore%e2%80%9d-duhet-ta-ndihmojme-te-mbijetoje\/#primaryimage","url":"http:\/\/www.visit-ulcinj.com\/blog\/wp-content\/uploads\/2009\/04\/fundi-i-kohes-javore.jpg","contentUrl":"http:\/\/www.visit-ulcinj.com\/blog\/wp-content\/uploads\/2009\/04\/fundi-i-kohes-javore.jpg"},{"@type":"WebPage","@id":"https:\/\/www.visit-ulcinj.com\/blog\/2010\/02\/28\/gazetenkoha-javore%e2%80%9d-duhet-ta-ndihmojme-te-mbijetoje\/#webpage","url":"https:\/\/www.visit-ulcinj.com\/blog\/2010\/02\/28\/gazetenkoha-javore%e2%80%9d-duhet-ta-ndihmojme-te-mbijetoje\/","name":"Gazet\u00ebn,,Koha Javore\u201d duhet ta ndihmojm\u00eb t\u00eb mbijetoj\u00eb - Lajme nga Ulqini","isPartOf":{"@id":"https:\/\/www.visit-ulcinj.com\/blog\/#website"},"primaryImageOfPage":{"@id":"https:\/\/www.visit-ulcinj.com\/blog\/2010\/02\/28\/gazetenkoha-javore%e2%80%9d-duhet-ta-ndihmojme-te-mbijetoje\/#primaryimage"},"datePublished":"2010-02-27T22:31:23+00:00","dateModified":"2010-02-27T22:31:23+00:00","author":{"@id":"https:\/\/www.visit-ulcinj.com\/blog\/#\/schema\/person\/dcab619c614d3038751c63bc2aadc06d"},"description":"Moment i r\u00ebnd\u00ebsish\u00ebm p\u00ebr shqiptar\u00ebt n\u00eb Mal t\u00eb Zi Gazet\u00ebn,,Koha Javore\u201d duhet ta ndihmojm\u00eb t\u00eb mbijetoj\u00eb. Ajo ndihmohet duke e bler\u00eb, lexuar e mbi t\u00eb gjitha","breadcrumb":{"@id":"https:\/\/www.visit-ulcinj.com\/blog\/2010\/02\/28\/gazetenkoha-javore%e2%80%9d-duhet-ta-ndihmojme-te-mbijetoje\/#breadcrumb"},"inLanguage":"en-US","potentialAction":[{"@type":"ReadAction","target":["https:\/\/www.visit-ulcinj.com\/blog\/2010\/02\/28\/gazetenkoha-javore%e2%80%9d-duhet-ta-ndihmojme-te-mbijetoje\/"]}]},{"@type":"BreadcrumbList","@id":"https:\/\/www.visit-ulcinj.com\/blog\/2010\/02\/28\/gazetenkoha-javore%e2%80%9d-duhet-ta-ndihmojme-te-mbijetoje\/#breadcrumb","itemListElement":[{"@type":"ListItem","position":1,"name":"Gazet\u00ebn,,Koha Javore\u201d duhet ta ndihmojm\u00eb t\u00eb mbijetoj\u00eb"}]},{"@type":"Person","@id":"https:\/\/www.visit-ulcinj.com\/blog\/#\/schema\/person\/dcab619c614d3038751c63bc2aadc06d","name":"ulqini","sameAs":["http:\/\/www.visit-ulcinj.com"],"url":"https:\/\/www.visit-ulcinj.com\/blog\/author\/admin\/"}]}},"jetpack_featured_media_url":"","jetpack_sharing_enabled":true,"jetpack_shortlink":"https:\/\/wp.me\/pe6lTn-7Zz","_links":{"self":[{"href":"https:\/\/www.visit-ulcinj.com\/blog\/wp-json\/wp\/v2\/posts\/30725"}],"collection":[{"href":"https:\/\/www.visit-ulcinj.com\/blog\/wp-json\/wp\/v2\/posts"}],"about":[{"href":"https:\/\/www.visit-ulcinj.com\/blog\/wp-json\/wp\/v2\/types\/post"}],"author":[{"embeddable":true,"href":"https:\/\/www.visit-ulcinj.com\/blog\/wp-json\/wp\/v2\/users\/1"}],"replies":[{"embeddable":true,"href":"https:\/\/www.visit-ulcinj.com\/blog\/wp-json\/wp\/v2\/comments?post=30725"}],"version-history":[{"count":0,"href":"https:\/\/www.visit-ulcinj.com\/blog\/wp-json\/wp\/v2\/posts\/30725\/revisions"}],"wp:attachment":[{"href":"https:\/\/www.visit-ulcinj.com\/blog\/wp-json\/wp\/v2\/media?parent=30725"}],"wp:term":[{"taxonomy":"category","embeddable":true,"href":"https:\/\/www.visit-ulcinj.com\/blog\/wp-json\/wp\/v2\/categories?post=30725"},{"taxonomy":"post_tag","embeddable":true,"href":"https:\/\/www.visit-ulcinj.com\/blog\/wp-json\/wp\/v2\/tags?post=30725"}],"curies":[{"name":"wp","href":"https:\/\/api.w.org\/{rel}","templated":true}]}}