{"id":30728,"date":"2010-02-28T00:37:44","date_gmt":"2010-02-27T22:37:44","guid":{"rendered":"http:\/\/www.visit-ulcinj.com\/blog\/?p=30728"},"modified":"2010-03-08T14:13:13","modified_gmt":"2010-03-08T12:13:13","slug":"ne-maj-fillon-ndertimi-i-ures-mbi-port-milene","status":"publish","type":"post","link":"https:\/\/www.visit-ulcinj.com\/blog\/2010\/02\/28\/ne-maj-fillon-ndertimi-i-ures-mbi-port-milene\/","title":{"rendered":"N\u00eb maj fillon nd\u00ebrtimi i ur\u00ebs mbi Port Milen\u00eb"},"content":{"rendered":"<p><strong><a href=\"http:\/\/www.visit-ulcinj.com\/blog\/wp-content\/uploads\/2009\/08\/Rasklopni-most-na-Port-Mileni.1.jpg\"><img loading=\"lazy\" class=\"alignleft\" title=\"ur\u00ebs mbi Port Milen\u00eb Ulqin\" src=\"http:\/\/www.visit-ulcinj.com\/blog\/wp-content\/uploads\/2009\/08\/Rasklopni-most-na-Port-Mileni.1.jpg\" alt=\"\" width=\"580\" height=\"400\" \/><\/a>\u201cUra do t\u00eb punohet k\u00ebt\u00eb vit dhe  vitin e ardhsh\u00ebm. Presim q\u00eb jav\u00ebn e ardhshme Qeveria t\u00eb shpall\u00eb  interesin publik, n\u00eb m\u00ebnyr\u00eb q\u00eb m\u00eb pas t\u00eb b\u00ebhet ekspropriimi i tok\u00ebs. T\u00eb  gjitha pun\u00ebt  p\u00ebrgatitore jan\u00eb kryer dhe un\u00eb pres q\u00eb t\u00eb fitojm\u00eb lejen e nd\u00ebrtimit n\u00eb  m\u00ebnyr\u00eb q\u00eb m\u00eb 1 maj t\u00eb nisim <\/strong><strong>nd\u00ebrtimin e k\u00ebtij objekti,  v\u00ebrtet impozant\u201d, ka th\u00ebn\u00eb Grboviq.<\/strong><\/p>\n<p style=\"text-align: left;\"><strong><span id=\"more-1\"> <\/span><\/strong><\/p>\n<p style=\"text-align: left;\"><strong>Ulqin \u2013<\/strong> Drejtori i  Drejtoris\u00eb s\u00eb Komunikacionit, Veselin Grboviq, ka premtuar se nd\u00ebrtimi i  ur\u00ebs mbi Port Milen\u00eb do t\u00eb filloj\u00eb n\u00eb maj, n\u00eb takimin q\u00eb ka zhvilluar  t\u00eb premten me kryetarin e komun\u00ebs s\u00eb Ulqinit, G\u00ebzim Hajdinaga.<br \/>\n\u201cT\u00eb gjitha pun\u00ebt e domosdoshme p\u00ebr fillimin e realizimit t\u00eb k\u00ebtij  projekti jan\u00eb kryer. Projekti \u00ebsht\u00eb reviduar. Ai \u00ebsht\u00eb punuar n\u00eb m\u00ebnyr\u00eb  cil\u00ebsore. Prandaj presim q\u00eb nd\u00ebrmjet dat\u00ebs 1-5 mars t\u00eb hapet tenderi. Ne  presim nj\u00eb interesim t\u00eb madh jo vet\u00ebm t\u00eb nd\u00ebrmarrjeve vendore, por edhe  t\u00eb firmave t\u00eb huaja p\u00ebr t\u00eb marr\u00eb pjes\u00eb n\u00eb tender\u201d, ka th\u00ebn\u00eb Grboviq.<br \/>\nAi ka theksuar se mjetet financiare p\u00ebr nd\u00ebrtimin e ur\u00ebs, q\u00eb sipas  p\u00ebrllogaritjeve paraprake kap vler\u00ebn 18 milion\u00eb euro, jan\u00eb siguruar nga  buxheti.<br \/>\n\u201cUra do t\u00eb punohet k\u00ebt\u00eb vit dhe vitin e ardhsh\u00ebm. Presim q\u00eb jav\u00ebn e  ardhshme Qeveria t\u00eb shpall\u00eb interesin publik, n\u00eb m\u00ebnyr\u00eb q\u00eb m\u00eb pas t\u00eb  b\u00ebhet ekspropriimi i tok\u00ebs. T\u00eb gjitha pun\u00ebt p\u00ebrgatitore jan\u00eb kryer dhe  un\u00eb pres q\u00eb t\u00eb fitojm\u00eb lejen e nd\u00ebrtimit n\u00eb m\u00ebnyr\u00eb q\u00eb m\u00eb 1 maj t\u00eb nisim  nd\u00ebrtimin e k\u00ebtij objekti, v\u00ebrtet impozant\u201d, ka th\u00ebn\u00eb ai.<br \/>\nNga kjo drejtori kan\u00eb paralajm\u00ebruar m\u00eb par\u00eb se nd\u00ebrtimi i ur\u00ebs do t\u00eb  filloj\u00eb n\u00eb tetor t\u00eb vitit t\u00eb kaluar, por fillimi i punimeve \u00ebsht\u00eb  shtyr\u00eb.<br \/>\nKryetari i komun\u00ebs s\u00eb Ulqinit, G\u00ebzim Hajdinaga, ka shprehur k\u00ebnaq\u00ebsi p\u00ebr  lajmin e mir\u00eb t\u00eb fillimit t\u00eb k\u00ebtij projekti shum\u00eb t\u00eb r\u00ebnd\u00ebsish\u00ebm.<br \/>\n\u201cJam shum\u00eb i k\u00ebnaqur q\u00eb para opinionit po transmetojm\u00eb nj\u00eb lajm t\u00eb  g\u00ebzuar. P\u00ebrfundimisht kemi marr\u00eb drit\u00ebn jeshile q\u00eb n\u00eb muajin maj do t\u00eb  fillojn\u00eb punimet n\u00eb Ur\u00ebn e Port Milen\u00ebs\u201d, ka th\u00ebn\u00eb ai.<br \/>\nAi edhe me k\u00ebt\u00eb rast ka kritikuar ata q\u00eb, sipas tij, kan\u00eb dashur q\u00eb ky  projekt t\u00eb mos realizohet duke th\u00ebn\u00eb se kan\u00eb b\u00ebr\u00eb gabim dhe se v\u00ebrtet  kan\u00eb dashur q\u00eb ky projekt t\u00eb mos jet\u00eb pjes\u00eb e ofert\u00ebs turistike t\u00eb  Ulqinit.<br \/>\nDrejtori i Drejtoris\u00eb s\u00eb Komunikacionit, Veselin Grboviq, dhe kryetari i  komun\u00ebs s\u00eb Ulqinit, G\u00ebzim Hajdinaga, kan\u00eb paralajm\u00ebruar po ashtu se s\u00eb  shpejti do t\u00eb fillojn\u00eb punimet p\u00ebr asfaltimin e rrug\u00ebs nga Krytha e  Kat\u00ebrkoll\u00ebs deri n\u00eb pik\u00ebn kufitare n\u00eb Sukubin\u00eb, si dhe se do t\u00eb  nd\u00ebrhyhet pjes\u00ebrisht n\u00eb disa pjes\u00eb n\u00eb aksin Kryth\u00eb e Kat\u00ebrkoll\u00ebs \u2013  Ulqin.<br \/>\nLidhur me k\u00ebt\u00eb, kryetari i komun\u00ebs s\u00eb Ulqinit, G\u00ebzim Hajdinaga, ka th\u00ebn\u00eb  se p\u00ebrkund\u00ebr q\u00ebllimit t\u00eb komun\u00ebs s\u00eb Ulqinit dhe gatishm\u00ebris\u00eb s\u00eb  Qeveris\u00eb s\u00eb Malit t\u00eb Zi dhe Drejtoris\u00eb s\u00eb Komunikacionit p\u00ebr zgjerimin e  k\u00ebsaj rruge, jan\u00eb p\u00ebrcaktuar p\u00ebr variantin n\u00eb fjal\u00eb.<br \/>\n\u201cJemi marr\u00eb vesh q\u00eb edhe p\u00ebr shkak t\u00eb koh\u00ebs q\u00eb na pret, p\u00ebr shkak t\u00eb  fillimit t\u00eb sezonit turistik, t\u00eb heqim dor\u00eb p\u00ebr momentin nga zgjerimi i  saj\u201d, ka th\u00ebn\u00eb ai.<br \/>\nDrejtori i Drejtoris\u00eb s\u00eb Komunikacionit, Veselin Grboviq, ka premtuar se  kjo drejtori do t\u00eb jet\u00eb sivjet m\u00eb e pranishme sesa vitet e kaluara n\u00eb  komun\u00ebn e Ulqinit sa i p\u00ebrket investimeve.<\/p>\n<p><a href=\"http:\/\/www.kohajavore.co.me\/?p=1\" target=\"_blank\"><strong>(Kohapress)<\/strong><\/a><br \/>\n<a href=\"http:\/\/www.kohajavore.co.me\/?p=1\" target=\"_blank\"><strong>Koha Javore<\/strong><\/a><br \/>\n<!--YouTube Error: bad URL entered--><\/p>\n","protected":false},"excerpt":{"rendered":"<p>\u201cUra do t\u00eb punohet k\u00ebt\u00eb vit dhe vitin e ardhsh\u00ebm. Presim q\u00eb jav\u00ebn e ardhshme Qeveria t\u00eb shpall\u00eb interesin publik, n\u00eb m\u00ebnyr\u00eb q\u00eb m\u00eb pas t\u00eb b\u00ebhet ekspropriimi i tok\u00ebs. T\u00eb gjitha pun\u00ebt p\u00ebrgatitore jan\u00eb kryer dhe un\u00eb pres q\u00eb t\u00eb fitojm\u00eb lejen e nd\u00ebrtimit n\u00eb m\u00ebnyr\u00eb q\u00eb m\u00eb 1 maj t\u00eb nisim nd\u00ebrtimin e [&hellip;]<\/p>\n","protected":false},"author":1,"featured_media":0,"comment_status":"open","ping_status":"closed","sticky":false,"template":"","format":"standard","meta":{"spay_email":"","jetpack_publicize_message":"","jetpack_is_tweetstorm":false,"jetpack_publicize_feature_enabled":true},"categories":[1],"tags":[4857,200,13651],"jetpack_publicize_connections":[],"yoast_head":"<!-- This site is optimized with the Yoast SEO plugin v19.1 - https:\/\/yoast.com\/wordpress\/plugins\/seo\/ -->\n<title>N\u00eb maj fillon nd\u00ebrtimi i ur\u00ebs mbi Port Milen\u00eb - Lajme nga Ulqini<\/title>\n<meta name=\"description\" content=\"\u201cUra do t\u00eb punohet k\u00ebt\u00eb vit dhe vitin e ardhsh\u00ebm. Presim q\u00eb jav\u00ebn e ardhshme Qeveria t\u00eb shpall\u00eb interesin publik, n\u00eb m\u00ebnyr\u00eb q\u00eb m\u00eb pas t\u00eb b\u00ebhet\" \/>\n<meta name=\"robots\" content=\"index, follow, max-snippet:-1, max-image-preview:large, max-video-preview:-1\" \/>\n<link rel=\"canonical\" href=\"https:\/\/www.visit-ulcinj.com\/blog\/2010\/02\/28\/ne-maj-fillon-ndertimi-i-ures-mbi-port-milene\/\" \/>\n<meta property=\"og:locale\" content=\"en_US\" \/>\n<meta property=\"og:type\" content=\"article\" \/>\n<meta property=\"og:title\" content=\"N\u00eb maj fillon nd\u00ebrtimi i ur\u00ebs mbi Port Milen\u00eb - Lajme nga Ulqini\" \/>\n<meta property=\"og:description\" content=\"\u201cUra do t\u00eb punohet k\u00ebt\u00eb vit dhe vitin e ardhsh\u00ebm. Presim q\u00eb jav\u00ebn e ardhshme Qeveria t\u00eb shpall\u00eb interesin publik, n\u00eb m\u00ebnyr\u00eb q\u00eb m\u00eb pas t\u00eb b\u00ebhet\" \/>\n<meta property=\"og:url\" content=\"https:\/\/www.visit-ulcinj.com\/blog\/2010\/02\/28\/ne-maj-fillon-ndertimi-i-ures-mbi-port-milene\/\" \/>\n<meta property=\"og:site_name\" content=\"Lajme nga Ulqini\" \/>\n<meta property=\"article:published_time\" content=\"2010-02-27T22:37:44+00:00\" \/>\n<meta property=\"article:modified_time\" content=\"2010-03-08T12:13:13+00:00\" \/>\n<meta property=\"og:image\" content=\"http:\/\/www.visit-ulcinj.com\/blog\/wp-content\/uploads\/2009\/08\/Rasklopni-most-na-Port-Mileni.1.jpg\" \/>\n<meta name=\"twitter:label1\" content=\"Written by\" \/>\n\t<meta name=\"twitter:data1\" content=\"ulqini\" \/>\n\t<meta name=\"twitter:label2\" content=\"Est. reading time\" \/>\n\t<meta name=\"twitter:data2\" content=\"3 minutes\" \/>\n<script type=\"application\/ld+json\" class=\"yoast-schema-graph\">{\"@context\":\"https:\/\/schema.org\",\"@graph\":[{\"@type\":\"WebSite\",\"@id\":\"https:\/\/www.visit-ulcinj.com\/blog\/#website\",\"url\":\"https:\/\/www.visit-ulcinj.com\/blog\/\",\"name\":\"Lajme nga Ulqini\",\"description\":\"Lajme,Vijesti,Ulqini,Ulqin,Crna Gora,Mali i Zi\",\"potentialAction\":[{\"@type\":\"SearchAction\",\"target\":{\"@type\":\"EntryPoint\",\"urlTemplate\":\"https:\/\/www.visit-ulcinj.com\/blog\/?s={search_term_string}\"},\"query-input\":\"required name=search_term_string\"}],\"inLanguage\":\"en-US\"},{\"@type\":\"ImageObject\",\"inLanguage\":\"en-US\",\"@id\":\"https:\/\/www.visit-ulcinj.com\/blog\/2010\/02\/28\/ne-maj-fillon-ndertimi-i-ures-mbi-port-milene\/#primaryimage\",\"url\":\"https:\/\/www.visit-ulcinj.com\/blog\/wp-content\/uploads\/2009\/08\/Rasklopni-most-na-Port-Mileni.1.jpg\",\"contentUrl\":\"https:\/\/www.visit-ulcinj.com\/blog\/wp-content\/uploads\/2009\/08\/Rasklopni-most-na-Port-Mileni.1.jpg\",\"width\":\"1024\",\"height\":\"768\"},{\"@type\":\"WebPage\",\"@id\":\"https:\/\/www.visit-ulcinj.com\/blog\/2010\/02\/28\/ne-maj-fillon-ndertimi-i-ures-mbi-port-milene\/#webpage\",\"url\":\"https:\/\/www.visit-ulcinj.com\/blog\/2010\/02\/28\/ne-maj-fillon-ndertimi-i-ures-mbi-port-milene\/\",\"name\":\"N\u00eb maj fillon nd\u00ebrtimi i ur\u00ebs mbi Port Milen\u00eb - Lajme nga Ulqini\",\"isPartOf\":{\"@id\":\"https:\/\/www.visit-ulcinj.com\/blog\/#website\"},\"primaryImageOfPage\":{\"@id\":\"https:\/\/www.visit-ulcinj.com\/blog\/2010\/02\/28\/ne-maj-fillon-ndertimi-i-ures-mbi-port-milene\/#primaryimage\"},\"datePublished\":\"2010-02-27T22:37:44+00:00\",\"dateModified\":\"2010-03-08T12:13:13+00:00\",\"author\":{\"@id\":\"https:\/\/www.visit-ulcinj.com\/blog\/#\/schema\/person\/dcab619c614d3038751c63bc2aadc06d\"},\"description\":\"\u201cUra do t\u00eb punohet k\u00ebt\u00eb vit dhe vitin e ardhsh\u00ebm. Presim q\u00eb jav\u00ebn e ardhshme Qeveria t\u00eb shpall\u00eb interesin publik, n\u00eb m\u00ebnyr\u00eb q\u00eb m\u00eb pas t\u00eb b\u00ebhet\",\"breadcrumb\":{\"@id\":\"https:\/\/www.visit-ulcinj.com\/blog\/2010\/02\/28\/ne-maj-fillon-ndertimi-i-ures-mbi-port-milene\/#breadcrumb\"},\"inLanguage\":\"en-US\",\"potentialAction\":[{\"@type\":\"ReadAction\",\"target\":[\"https:\/\/www.visit-ulcinj.com\/blog\/2010\/02\/28\/ne-maj-fillon-ndertimi-i-ures-mbi-port-milene\/\"]}]},{\"@type\":\"BreadcrumbList\",\"@id\":\"https:\/\/www.visit-ulcinj.com\/blog\/2010\/02\/28\/ne-maj-fillon-ndertimi-i-ures-mbi-port-milene\/#breadcrumb\",\"itemListElement\":[{\"@type\":\"ListItem\",\"position\":1,\"name\":\"N\u00eb maj fillon nd\u00ebrtimi i ur\u00ebs mbi Port Milen\u00eb\"}]},{\"@type\":\"Person\",\"@id\":\"https:\/\/www.visit-ulcinj.com\/blog\/#\/schema\/person\/dcab619c614d3038751c63bc2aadc06d\",\"name\":\"ulqini\",\"sameAs\":[\"http:\/\/www.visit-ulcinj.com\"],\"url\":\"https:\/\/www.visit-ulcinj.com\/blog\/author\/admin\/\"}]}<\/script>\n<!-- \/ Yoast SEO plugin. -->","yoast_head_json":{"title":"N\u00eb maj fillon nd\u00ebrtimi i ur\u00ebs mbi Port Milen\u00eb - Lajme nga Ulqini","description":"\u201cUra do t\u00eb punohet k\u00ebt\u00eb vit dhe vitin e ardhsh\u00ebm. Presim q\u00eb jav\u00ebn e ardhshme Qeveria t\u00eb shpall\u00eb interesin publik, n\u00eb m\u00ebnyr\u00eb q\u00eb m\u00eb pas t\u00eb b\u00ebhet","robots":{"index":"index","follow":"follow","max-snippet":"max-snippet:-1","max-image-preview":"max-image-preview:large","max-video-preview":"max-video-preview:-1"},"canonical":"https:\/\/www.visit-ulcinj.com\/blog\/2010\/02\/28\/ne-maj-fillon-ndertimi-i-ures-mbi-port-milene\/","og_locale":"en_US","og_type":"article","og_title":"N\u00eb maj fillon nd\u00ebrtimi i ur\u00ebs mbi Port Milen\u00eb - Lajme nga Ulqini","og_description":"\u201cUra do t\u00eb punohet k\u00ebt\u00eb vit dhe vitin e ardhsh\u00ebm. Presim q\u00eb jav\u00ebn e ardhshme Qeveria t\u00eb shpall\u00eb interesin publik, n\u00eb m\u00ebnyr\u00eb q\u00eb m\u00eb pas t\u00eb b\u00ebhet","og_url":"https:\/\/www.visit-ulcinj.com\/blog\/2010\/02\/28\/ne-maj-fillon-ndertimi-i-ures-mbi-port-milene\/","og_site_name":"Lajme nga Ulqini","article_published_time":"2010-02-27T22:37:44+00:00","article_modified_time":"2010-03-08T12:13:13+00:00","og_image":[{"url":"http:\/\/www.visit-ulcinj.com\/blog\/wp-content\/uploads\/2009\/08\/Rasklopni-most-na-Port-Mileni.1.jpg"}],"twitter_misc":{"Written by":"ulqini","Est. reading time":"3 minutes"},"schema":{"@context":"https:\/\/schema.org","@graph":[{"@type":"WebSite","@id":"https:\/\/www.visit-ulcinj.com\/blog\/#website","url":"https:\/\/www.visit-ulcinj.com\/blog\/","name":"Lajme nga Ulqini","description":"Lajme,Vijesti,Ulqini,Ulqin,Crna Gora,Mali i Zi","potentialAction":[{"@type":"SearchAction","target":{"@type":"EntryPoint","urlTemplate":"https:\/\/www.visit-ulcinj.com\/blog\/?s={search_term_string}"},"query-input":"required name=search_term_string"}],"inLanguage":"en-US"},{"@type":"ImageObject","inLanguage":"en-US","@id":"https:\/\/www.visit-ulcinj.com\/blog\/2010\/02\/28\/ne-maj-fillon-ndertimi-i-ures-mbi-port-milene\/#primaryimage","url":"https:\/\/www.visit-ulcinj.com\/blog\/wp-content\/uploads\/2009\/08\/Rasklopni-most-na-Port-Mileni.1.jpg","contentUrl":"https:\/\/www.visit-ulcinj.com\/blog\/wp-content\/uploads\/2009\/08\/Rasklopni-most-na-Port-Mileni.1.jpg","width":"1024","height":"768"},{"@type":"WebPage","@id":"https:\/\/www.visit-ulcinj.com\/blog\/2010\/02\/28\/ne-maj-fillon-ndertimi-i-ures-mbi-port-milene\/#webpage","url":"https:\/\/www.visit-ulcinj.com\/blog\/2010\/02\/28\/ne-maj-fillon-ndertimi-i-ures-mbi-port-milene\/","name":"N\u00eb maj fillon nd\u00ebrtimi i ur\u00ebs mbi Port Milen\u00eb - Lajme nga Ulqini","isPartOf":{"@id":"https:\/\/www.visit-ulcinj.com\/blog\/#website"},"primaryImageOfPage":{"@id":"https:\/\/www.visit-ulcinj.com\/blog\/2010\/02\/28\/ne-maj-fillon-ndertimi-i-ures-mbi-port-milene\/#primaryimage"},"datePublished":"2010-02-27T22:37:44+00:00","dateModified":"2010-03-08T12:13:13+00:00","author":{"@id":"https:\/\/www.visit-ulcinj.com\/blog\/#\/schema\/person\/dcab619c614d3038751c63bc2aadc06d"},"description":"\u201cUra do t\u00eb punohet k\u00ebt\u00eb vit dhe vitin e ardhsh\u00ebm. Presim q\u00eb jav\u00ebn e ardhshme Qeveria t\u00eb shpall\u00eb interesin publik, n\u00eb m\u00ebnyr\u00eb q\u00eb m\u00eb pas t\u00eb b\u00ebhet","breadcrumb":{"@id":"https:\/\/www.visit-ulcinj.com\/blog\/2010\/02\/28\/ne-maj-fillon-ndertimi-i-ures-mbi-port-milene\/#breadcrumb"},"inLanguage":"en-US","potentialAction":[{"@type":"ReadAction","target":["https:\/\/www.visit-ulcinj.com\/blog\/2010\/02\/28\/ne-maj-fillon-ndertimi-i-ures-mbi-port-milene\/"]}]},{"@type":"BreadcrumbList","@id":"https:\/\/www.visit-ulcinj.com\/blog\/2010\/02\/28\/ne-maj-fillon-ndertimi-i-ures-mbi-port-milene\/#breadcrumb","itemListElement":[{"@type":"ListItem","position":1,"name":"N\u00eb maj fillon nd\u00ebrtimi i ur\u00ebs mbi Port Milen\u00eb"}]},{"@type":"Person","@id":"https:\/\/www.visit-ulcinj.com\/blog\/#\/schema\/person\/dcab619c614d3038751c63bc2aadc06d","name":"ulqini","sameAs":["http:\/\/www.visit-ulcinj.com"],"url":"https:\/\/www.visit-ulcinj.com\/blog\/author\/admin\/"}]}},"jetpack_featured_media_url":"","jetpack_sharing_enabled":true,"jetpack_shortlink":"https:\/\/wp.me\/pe6lTn-7ZC","_links":{"self":[{"href":"https:\/\/www.visit-ulcinj.com\/blog\/wp-json\/wp\/v2\/posts\/30728"}],"collection":[{"href":"https:\/\/www.visit-ulcinj.com\/blog\/wp-json\/wp\/v2\/posts"}],"about":[{"href":"https:\/\/www.visit-ulcinj.com\/blog\/wp-json\/wp\/v2\/types\/post"}],"author":[{"embeddable":true,"href":"https:\/\/www.visit-ulcinj.com\/blog\/wp-json\/wp\/v2\/users\/1"}],"replies":[{"embeddable":true,"href":"https:\/\/www.visit-ulcinj.com\/blog\/wp-json\/wp\/v2\/comments?post=30728"}],"version-history":[{"count":0,"href":"https:\/\/www.visit-ulcinj.com\/blog\/wp-json\/wp\/v2\/posts\/30728\/revisions"}],"wp:attachment":[{"href":"https:\/\/www.visit-ulcinj.com\/blog\/wp-json\/wp\/v2\/media?parent=30728"}],"wp:term":[{"taxonomy":"category","embeddable":true,"href":"https:\/\/www.visit-ulcinj.com\/blog\/wp-json\/wp\/v2\/categories?post=30728"},{"taxonomy":"post_tag","embeddable":true,"href":"https:\/\/www.visit-ulcinj.com\/blog\/wp-json\/wp\/v2\/tags?post=30728"}],"curies":[{"name":"wp","href":"https:\/\/api.w.org\/{rel}","templated":true}]}}