{"id":3073,"date":"2008-09-06T12:06:02","date_gmt":"2008-09-06T17:06:02","guid":{"rendered":"http:\/\/www.visit-ulcinj.com\/blog\/?p=3073"},"modified":"2008-09-06T12:06:02","modified_gmt":"2008-09-06T17:06:02","slug":"kosova-ne-pritje-te-njohjeve-te-reja","status":"publish","type":"post","link":"https:\/\/www.visit-ulcinj.com\/blog\/2008\/09\/06\/kosova-ne-pritje-te-njohjeve-te-reja\/","title":{"rendered":"Kosova: N\u00eb pritje t\u00eb njohjeve t\u00eb reja"},"content":{"rendered":"<p><a href=\"http:\/\/www.visit-ulcinj.com\/blog\/wp-content\/uploads\/2008\/09\/getattachment1-2.jpg\"><img loading=\"lazy\" class=\"alignleft size-medium wp-image-2993\" title=\"Pavar\u00ebsia e Kosov\u00ebs\" src=\"http:\/\/www.visit-ulcinj.com\/blog\/wp-content\/uploads\/2008\/09\/getattachment1-2.jpg\" alt=\"\" width=\"223\" height=\"236\" \/><\/a>Prishtina nuk ka njoftime zyrtare p\u00ebr mund\u00ebsin\u00eb e njohjes m\u00eb t\u00eb shpejt\u00eb t\u00eb Kosov\u00ebs nga Maqedonia e Mali i Zi. P\u00ebrfaq\u00ebsues t\u00eb institucioneve t\u00eb Kosov\u00ebs thon\u00eb se Podgorica dhe Shkupi kan\u00eb d\u00ebrguar sinjale zyrtare se do t\u00eb ket\u00eb njohje t\u00eb pavar\u00ebsis\u00eb s\u00eb Kosov\u00ebs.<br \/>\nNjohja e Kosov\u00ebs nga vendet fqinje, p\u00ebrkat\u00ebsisht Maqedonia e Mali i Zi, mbetet nj\u00eb prej \u00e7\u00ebshtjeve q\u00eb konsiderohet se \u00ebsht\u00eb n\u00eb interes t\u00eb Kosov\u00ebs, por aktualisht n\u00eb Prishtin\u00eb nuk ka sinjale t\u00eb reja nga k\u00ebto dy vende.<br \/>\nN\u00eb Ministrin\u00eb e Pun\u00ebve t\u00eb Jashtme thon\u00eb se nuk presin befasi dhe se Shkupi e Podgorica do ta njohin Kosov\u00ebn e pavarur. Z\u00ebdh\u00ebn\u00ebsja e ministrit t\u00eb Jasht\u00ebm, Albana Beqiri, thot\u00eb se Qeveria e Kosov\u00ebs po i vazhdon kontaktet me qeverit\u00eb maqedonase dhe at\u00eb t\u00eb Malit t\u00eb Zi, q\u00eb vendimi p\u00ebr njohjen e Kosov\u00ebs t\u00eb merret sa m\u00eb shpejt.<br \/>\n\u201cNe vazhdojm\u00eb t\u00eb q\u00ebndrojm\u00eb n\u00eb t\u00eb nj\u00ebjtat pozita sa i p\u00ebrket k\u00ebsaj \u00e7\u00ebshtjeje, vazhdojm\u00eb t&#8217;i kemi t\u00eb nj\u00ebjtat sinjale se fqinj\u00ebt, ve\u00e7mas Maqedonia dhe Mali i Zi, do ta njohin Kosov\u00ebn dhe nuk kan\u00eb dilema sa i p\u00ebrket k\u00ebtij procesi. Por, ende definitivisht, ne nuk mund t\u00eb flasim apo spekulojm\u00eb p\u00ebr nj\u00eb dat\u00eb t\u00eb sakt\u00eb\u201d, thot\u00eb Beqiri.<br \/>\nNga Presidenca e Kosov\u00ebs, z\u00ebdh\u00ebn\u00ebsi Xhavit Beqiri thot\u00eb se vendet fqinje edhe zyrtarisht kan\u00eb d\u00ebrguar sinjale p\u00ebr njohjen e Kosov\u00ebs, pavar\u00ebsisht se ato ende nuk e kan\u00eb b\u00ebr\u00eb nj\u00eb gj\u00eb t\u00eb till\u00eb. Ai thot\u00eb se njohjet reciproke dhe raportet e mira nd\u00ebrfqinj\u00ebsore jan\u00eb jo vet\u00ebm n\u00eb interesin e Kosov\u00ebs, por edhe t\u00eb vendeve tjera t\u00eb rajonit.<br \/>\n\u201cSinjalet kan\u00eb ekzistuar edhe m\u00eb par\u00eb, madje ato kan\u00eb ardhur edhe nga qarqe zyrtare t\u00eb k\u00ebtyre dy vendeve fqinje, dhe ne besojm\u00eb q\u00eb njohja do t\u00eb ndodh\u00eb s\u00eb shpejti, sepse ajo do t\u00eb kontribuonte drejtp\u00ebrdrejt\u00eb n\u00eb stabilitetin e rajonit dhe do t\u00eb leht\u00ebsonte thellimin e bashk\u00ebpunimit t\u00eb m\u00ebtejm\u00eb n\u00eb t\u00eb gjitha fushat mes Kosov\u00ebs dhe k\u00ebtyre dy vendeve\u201d, thot\u00eb Beqiri.<\/p>\n<div style=\"width: 163px\" class=\"wp-caption alignright\"><a href=\"http:\/\/www.ks-gov.net\/MPJ\/Portals\/0\/Albana_Beqiri.jpg\"><img loading=\"lazy\" title=\"Albana Beqiri \u2013 K\u00ebshilltare p\u00ebr medie\" src=\"http:\/\/www.ks-gov.net\/MPJ\/Portals\/0\/Albana_Beqiri.jpg\" alt=\"Albana Beqiri \u2013 K\u00ebshilltare p\u00ebr medie\" width=\"153\" height=\"214\" \/><\/a><p class=\"wp-caption-text\">Albana Beqiri  <\/p><\/div>\n<p>Nd\u00ebrsa vendet fqinje i vazhdojn\u00eb hamendjet dhe dilemat p\u00ebr njohjen e Kosov\u00ebs, n\u00eb analiza e komente t\u00eb ndryshme, thuhet se Kosova ka sh\u00ebnuar ngecje n\u00eb lobimin e saj p\u00ebr pavar\u00ebsi edhe n\u00eb pjes\u00eb t\u00eb ndryshme t\u00eb bot\u00ebs, marr\u00eb parasysh se numri i njohjeve konsiderohet se nuk \u00ebsht\u00eb ai q\u00eb \u00ebsht\u00eb pritur.<br \/>\nPor, z\u00ebdh\u00ebn\u00ebsi i presidentit, Xhavit Beqiri, thot\u00eb si ai nuk pajtohet q\u00eb ka stagnim n\u00eb k\u00ebt\u00eb proces dhe pret q\u00eb njohjet t\u00eb vazhdojn\u00eb.<br \/>\n\u201cNuk mund t\u00eb themi q\u00eb ka stagnim pavar\u00ebsisht q\u00eb t\u00eb gjith\u00eb ne do t\u00eb d\u00ebshironim q\u00eb numri i k\u00ebtyre njohjeve t\u00eb ishte edhe m\u00eb i madh. Sidoqoft\u00eb, institucionet e Republik\u00ebs s\u00eb Kosov\u00ebs, n\u00eb bashk\u00ebpunim t\u00eb thell\u00eb edhe me vendet mike t\u00eb Kosov\u00ebs, jan\u00eb duke punuar q\u00eb edhe ato vende q\u00eb eventualisht hezitojn\u00eb ta njohin Republik\u00ebn e Kosov\u00ebs, k\u00ebt\u00eb ta b\u00ebjn\u00eb sa m\u00eb shpejt\u201d, thekson Beqiri.<br \/>\nEdhe n\u00eb Ministrin\u00eb e Pun\u00ebve t\u00eb Jashtme, z\u00ebdh\u00ebn\u00ebsja Albana Beqiri paralajm\u00ebron se Kosova do t\u00eb njihet shum\u00eb shpejt nga vende t\u00eb ndryshme, duke mos specifikuar se p\u00ebr cilat vende apo rajone t\u00eb bot\u00ebs b\u00ebhet fjal\u00eb.<br \/>\n\u201cMinistria e Jashtme e Kosov\u00ebs dhe ministri Hyseni, jo vet\u00ebm n\u00eb takimet e vazhdueshme, por edhe n\u00eb t\u00eb gjitha kanalet diplomatike q\u00eb p\u00ebrdoren p\u00ebr lobim, kan\u00eb sinjale p\u00ebr njohje nga disa shtete. Nuk mund t\u00eb specifikojm\u00eb emra t\u00eb posa\u00e7\u00ebm shtetesh, por mund t\u00eb flasim p\u00ebr emra konkret\u00eb vet\u00ebm kur t&#8217;i kemi zyrtarisht letrat e njohjes\u201d, tha Beqiri.<br \/>\nKosova \u00ebsht\u00eb njohur si shtet i pavarur e sovran nga 46 vende. Prej tyre, edhe nga Shtetet e Bashkuara t\u00eb Amerik\u00ebs dhe 21 vende an\u00ebtare t\u00eb Bashkimit Evropian. Sidoqoft\u00eb, synimet e Prishtin\u00ebs ishin q\u00eb Kosova t\u00eb ket\u00eb t\u00eb pakt\u00ebn njohjen e dy t\u00eb tretave nga 192 vendet an\u00ebtare t\u00eb Organizat\u00ebs s\u00eb Kombeve t\u00eb Bashkuara, shif\u00ebr kjo q\u00eb do t\u00eb legjitimonte statusin e ri t\u00eb Kosov\u00ebs edhe n\u00eb OKB<br \/>\n<strong>Zijadin Gashi<br \/>\nBurimi \/ Evropa e Lir\u00eb <\/strong><\/p>\n<p style=\"text-align: center;\"><a class=\"aligncenter\" title=\"???? ????,?????,Ulcinj,Montenegru,??????????,\u00c7ernoqoriya,Besplatni internet oglasi,Besplatni oglasi,besplatni mali oglasi,besplatni turisti?ki oglasi,oglasi, usluge, turizam,Turisti?ke usluge,Doma?i turizam,Besplatni Oglasnik,Brzi Oglasi Besplatno,Besplatno OglasavanjeTurizam,besplatni oglasi sa slikom,Turisticki informator besplatni,li?ni-oglasi,BESPLATNI Turisticki OGLASI SA SLIKAMA,BESPLATNI Turisticki Oglasi saVideom,turisticki smestaj oglasi,Turisti?ki vodi? balkana,BESPLATNA REZERVACIJA SMESTAJA,Postavite besplatno Vas oglas,FREE TOURIST GUIDES,Izdavanje-Turizam oglasi,Balkan Turisticki vodic,shpallje turistike falas,Shpallje Falas,Shpallje falas per Komplekse Turistike,Lajmerime,Njoftime,shpallje shqip per shqiptaret ne shqiperi kosova maqedoni,mal te zi,???????????,Montenegiro,?ern\u00e1 Hora,??????????,Cz\u00f4rnog\u00f3ra,Cz\u00f4rn\u00f4 G\u00f3ra,Carna G\u00f3ra,T\u0161ernogooria,\u00c7ernogoriya,Montain\u00e9agr\u00f3,Montenegwo,?orna Hora,Montenegr\u00f3,M?ntenigro,Chernogoriya ,\u00c7\u00earnogor\u00ee ,?????????,????????? ,??????? ,Montes Nigrae,Mons Niger,M\u00f4ntenegr\u00f4,Muntenegru,??????????,Czarnog\u00f3ra,Muntinigru,Muntenegro,&lt;br &gt;&lt;\/a&gt; Muntenegru,\t?ierna Hora,Cxerngora,????????,?rna gora,Moontineegro,?ornog?ra,\u00c7ernogori\u00fda,Chernogoriya,Mont\u00f5negro,????? ???? ,?r?na Gora,?r?nogorije,?ernogorija,?arnahoryja,??????????,???????????????????? ,?ern?g?riy\u00e2,M?nt?n??r?,????? ?????? ,?????????,??????????,???????????,M?nten?gro,???? ????? ,????????,M\u00f4ntenegr\u00f4,????????????,???????????,????????????, ??????????? ,????????????,??????????? ,\u008d\u2022?R\/?K?R ,\u0192\u201a\u0192\u201c\u0192e\u0192l\u0192O\u0192\u008d,\u00b8???\u00b3?\u00b1?\u00b7? ,Muntenegru, ????? ????, Montenegr?,chambres ? louer ? ulcinj, location de vacance, location saisonni?res, louer villa,location de vacance, Locations vacance, h?bergements vacances, locations villa, logements de vacances, location maison avec piscine, Location vacance, locations de vacance, h?bergements de vacances, location villa, locations entre particulier, logements vacance, vacances ? Mont?n?gro - location ? Ulcinj ,location  de bigorre,Urlaub in Ulcinj -Montenegro,Hotelbewertungen Ulcinj,Reisen Ulcinj, Urlaub Ulcinj,Hotel in Serbien und Montenegro von Urlaubern bewertet,Billig Urlaub in Ulcinj,ferienh?user,ferienwohnung,Billige Ferienh?user,Ferienwohnung ULCINJ,Ferien an der Adria,Urlaub im Ferienhaus ulcinjBilligreisen Ulcinj,Pauschalreisen,FKK Strand Ada Bojana ulcinj,Last Minute Angebote ulcinj,Preise f?r Lastminute,Kleinanzeigen gratis,Ausflug nach Ulcinj,FKK-Reisen ada bojana,FKK-Urlaub ulcinj,Privatni smje?taj,rezervacija smje?taja,apartmani,sobe,ku?e,odmor,sobe za odmor ulcinj,Pretra?ivanje privatnog smje?taja,rooms rent accommodation ulcinj, rentail private accommodation ulcinj,?elite rezervirati privatni smje?taj,Private accommodation,Smje?taj ulcinj,Pushime Verore ulqin,pushime t? lira n? ulqin,Pushime ne plazh,Pushime te kendshme,dhoma per pushime ulqin,dhoma me qera ulqin,dhoma te lira ulqin,pushime te lira ulqin,mali i zi,kosova,maqedoni,shqiperi,Pushime ne det te ulqinit,godi?nji odmor u ulcinj,odmor u ulcinj,Ku?a za odmor,kuda na odmor,ljetovanje u ulcinj,slobodne sobe,dhoma te lira,ku?a uz more,turisti?ka ponuda,odmor i zabava,povolne cene,sobe,usluge,Mjesto za Va? odmor , Place for Your holiday,Odmor portal,putovanaja,Iznajmljivanje soba ulcinj,odmor ulcinj info,Va?e mjesto za odmor ulcinj,nudisticka plaza ada bojana,smjestaj ponuda ulcinj,lokacioni i dhomave ulqin,deti,plazhet e bukura,diskoteka,zbavitja,.\" href=\"http:\/\/www.visit-ulcinj.com\/tourism\/\" target=\"_blank\"><img loading=\"lazy\" class=\"aligncenter\" title=\"SHPALLJE TURISTIKE FALAS,FREE TOURIST GUIDES,BESPLATNI TURISTI?KI OGLASI,balkan holiday rentals,ALBANIJA,ALBANIA,SHQIPERIJA,CRNA GORA,HRVATSKA,KROACIA,SLOVENIJA,MAKEDONIJA,MAKEDONIA,SRBIJA,MONTENEGRO,MALI I ZI,\" src=\"http:\/\/www.visit-ulcinj.com\/blog\/wp-content\/uploads\/2008\/09\/balkanholidayrentals.gif\" alt=\"Apatin,  Aran?elovac,  ?uprija,  ?a?ak,  ?apljina,  ?itluk,  ?abac,  ?ipovo,  ?iroki Brijeg,  ?ep?e,  ?ivinice,  Ba?ka Palanka,  Banja Luka,  Banovi?i,  Be?ej,  beograd,  Biha?,  Bijeljina,  Bor,  Bor?a,  Bosanska Gradi?ka,  Bosanska Krupa,  Bosanski ?amac,  Bosanski Brod,  Bosanski Novi,  Br?ko,  Bu?im,  Bugojno,  Cazin,  Crna Gora,  Derventa,  Doboj,  Donji Vakuf,  Drvar,  Dubrovnik,  Fo?a,  Fojnica,  Glamo?,  Gora?de,  Gornji Milanovac,  Gornji Vakuf,  gostivar,  Gra?anica,  Grada?ac,  Gradiska,  Grahovo,  Had?i?i,  Ilid?a,  In?ija,  Jablanica,  Jagodina,  Jajce,  Kakanj,  Kalu?erica,  Kikinda,  Klju?,  Konjic,  Kotor Varo?,  Kragujevac,  Kraljevo,  Kru?evac,  Kula,  Kupres,  Lakta?i,  Lazarevac,  Leskovac,  Livno,  Ljubinje,  ljublana,  Ljubu?ki,  Loznica,  Lukavac,  Maglaj,  Mladenovac,  Modri?a,  montenegro erlajnz,  mostar,  Mrkonji? Grad,  Neum,  Ni?,  Novi Pazar,  Novi Sad,  Novi Travnik,  Obrenovac,  Od?ak,  ohrid,  Ora?je,  Pale,  Pan?evo,  Para?in,  Pirot,  Po?arevac,  Podgorica,  Priboj,  Prijedor,  Prokuplje,  Prozor,  pula,  rijeka,  Ruma,  Sanski Most,  Sarajevo,  Senta,  serbija,  sibenik,  skopje,  Smederevo,  Smederevska Palanka,  Sokolac,  Sombor,  split,  Srebrenica,  Srebrenik,  Sremska Mitrovica,  Stolac,  Struga,  Subotica,  Temerin,  Tesli?,  tetovo,  Travnik,  Trebinje,  tuzla,  U?ice,  ulcinj,  Valjevo,  Velika Kladu?a,  Vi?egrad,  Visoko,  Vitez,  Vogo??a,  vojvodina,  Vranje,  Vr?ac,  Vrbas,  zadar,  Zagreb,  Zaje?ar,  Zavidovi?i,  Zenica,  Zrenjanin,  Zvornik,copacabana ulcinj,  h?tels,  hotel ulqin,  Kosova,  Mali i Zi,  Maqedonija,  Montenegro,  montenegro tourisme plage,  montenegro ulcinj,  Shpallje Falas,  Shpallje Falas per shitjen e shtepis se juaj,  Shpallje Falas per villat e juaj,  Shpallje Falas Real Estate,  Shpallje Falas turistike,  shqiperija,  tourisme,  Ulci?,  ulcinj,  ulqin,  ulqin hotel,  ulqini,  ulqini 2007,Ada Bojana,  Alba?czyk,  Cita di Dolcino,  Copacabana,  Czarnog?ra,  Czarnog?rzec,  Don Kichota,  Ma\u00b3a Pla\u00bfa,  Mandra,  MIGUEL DE SERVANTES,  p?\u00b3wyspy Marjan,  Pla\u00bfa Valdanos,  Rzeka Bojana,  Shas \/ ?as \/ Sva?,  Ulci?,  Ulcinjsk\u00b9 Riwier?,  Wielka Pla\u00bfa,  Wyspa Bojana,GORA,??????????,???????,??????????, ?ern? Hora,TO ULCINJ \/ ULQIN,MONTENEGRO, Czarnog?ra, Muntenegru, ????? ????, Montenegr?,villa ? louer ? ulcinj, location de vacance, location saisonni?res, louer chambres,location de vacance, Locations vacance, h?bergements vacances, locations villa, logements de vacances, location maison avec piscine, Location vacance, locations de vacance, h?bergements de vacances, location, locations entre particulier, logements vacance, vacances ? Mont?n?gro - location ? Ulcinj ,location  de bigorre,Albaniku,  Artana,  Bujanoci,  Burimi,  Dardana,  Dardan?,  De?an,  Dibra,  Drenas,  Drenasi,  Ferizaj,  Ferizaji,  Fush? Kosova,Besplatni internet oglasi,Besplatni oglasi,besplatni mali oglasi,besplatni turisti?ki oglasi,oglasi, usluge, turizam,Turisti?ke usluge,Doma?i turizam,Besplatni Oglasnik,Brzi Oglasi Besplatno,Besplatno OglasavanjeTurizam,besplatni oglasi sa slikom,Turisticki informator besplatni,li?ni-oglasi,BESPLATNI Turisticki OGLASI SA SLIKAMA,BESPLATNI Turisticki Oglasi saVideom,turisticki smestaj oglasi,Turisti?ki vodi? balkana,BESPLATNA REZERVACIJA SMESTAJA,Postavite besplatno Vas oglas,FREE TOURIST GUIDES,Izdavanje-Turizam oglasi,Balkan Turisticki vodic,shpallje turistike falas,Shpallje Falas,Shpallje falas per Komplekse Turistike,Lajmerime,Njoftime,shpallje shqip per shqiptaret ne shqiperi kosova maqedoni,mal te zi,Fush? Kosov?,  Gjakova,  Gjakov?,  Gjilan,  Gjilani,  Gostivari,  Istog,  Istog\u00b7,  Ka?anik,  Ka?aniku,  Kastrioti,  K?r?ova,  Klina,  Klin?,  Kumanova,  Leposaviq,  Leskovci,  Likova,  Lipjan,  Lipjani,  Malisheva,  Malishev?,  Manastiri,  Medvegja,  Mitrovica,  Mitrovic?,  Novob?rd?,  Obiliq\u00b7 Rahovec,  Ohri,  Peja,  Pej?,  Podujeva,  Podujev?,  Presheva,  Prishtina,  Prishtin?,  Prizren,  Prizreni,  Rahoveci,  Sharri,  Sharri (Kosov?),  Shkupi,  Sht?rpca,  Sht?rpc?,  Shtime,  Sk?nderaj,  Struga,  Tetova,  Theranda,  Therand?,  Triumf Riza,  Veleshta,  Viti,  Vitia,  Vushtrri,  Vushtrria,  Zubin Potok,  Zubin Potoku,  Zve?an,  Zve?ani,Struga,Gostivari,Gostivar,Ker?ova,Tirana,Durr?si,Elbasani,Shkodra,Tuzi,Vlora, Kor?a,Fieri,Berati,Lushnja ,Kavaja,Pogradeci,La?i,Gjirokastra,Patosi,Kruja,Ku?ova,Kuk?si,Lezha,Saranda,Peshkopia,Burreli,C?rriku,?orovoda,Shijaku,Librazhdi,Tepelena,Gramshi,Poli?ani,Bulqiza,P?rmeti,Fush?Kruja,Kamza,Rr?sheni,Ballshi,Mamurrasi,BajramCurri,Erseka,Peqini,Divjaka,Selenica,Bilishti,Roskoveci,Puka,Memaliaj,Rrogozhina,Ura Vajgurore,Himara,Delvina,Vora,Kopliku,Maliqi,P?rrenjasi,Kruma, Libohova,Orikumi,Fush?-Arr?za,Sh?ngjini,Rubiku,Miloti, Leskoviku,Konispoli,K?lcyra,Krasta,K?rraba,Manastiri,Hara?ina,Likova,Prilepi,Zajazi,Vrap?ishti,Bogovin?,\" width=\"420\" height=\"120\" \/><\/a><\/p>\n","protected":false},"excerpt":{"rendered":"<p><img loading=\"lazy\" class=\"alignleft size-medium wp-image-2993\" title=\"Pavar\u00ebsia e Kosov\u00ebs\" src=\"http:\/\/www.visit-ulcinj.com\/blog\/wp-content\/uploads\/2008\/09\/getattachment1-2.jpg\" alt=\"\" width=\"140\" height=\"140\" \/><\/p>\n","protected":false},"author":1,"featured_media":0,"comment_status":"open","ping_status":"closed","sticky":false,"template":"","format":"standard","meta":{"spay_email":"","jetpack_publicize_message":"","jetpack_is_tweetstorm":false,"jetpack_publicize_feature_enabled":true},"categories":[6,12],"tags":[4510,4511,95,3945,200],"jetpack_publicize_connections":[],"yoast_head":"<!-- This site is optimized with the Yoast SEO plugin v19.1 - https:\/\/yoast.com\/wordpress\/plugins\/seo\/ -->\n<title>Kosova: N\u00eb pritje t\u00eb njohjeve t\u00eb reja - Lajme nga Ulqini<\/title>\n<meta name=\"robots\" content=\"index, follow, max-snippet:-1, max-image-preview:large, max-video-preview:-1\" \/>\n<link rel=\"canonical\" href=\"https:\/\/www.visit-ulcinj.com\/blog\/2008\/09\/06\/kosova-ne-pritje-te-njohjeve-te-reja\/\" \/>\n<meta property=\"og:locale\" content=\"en_US\" \/>\n<meta property=\"og:type\" content=\"article\" \/>\n<meta property=\"og:title\" content=\"Kosova: N\u00eb pritje t\u00eb njohjeve t\u00eb reja - Lajme nga Ulqini\" \/>\n<meta property=\"og:url\" content=\"https:\/\/www.visit-ulcinj.com\/blog\/2008\/09\/06\/kosova-ne-pritje-te-njohjeve-te-reja\/\" \/>\n<meta property=\"og:site_name\" content=\"Lajme nga Ulqini\" \/>\n<meta property=\"article:published_time\" content=\"2008-09-06T17:06:02+00:00\" \/>\n<meta property=\"og:image\" content=\"http:\/\/www.visit-ulcinj.com\/blog\/wp-content\/uploads\/2008\/09\/getattachment1-2.jpg\" \/>\n<meta name=\"twitter:label1\" content=\"Written by\" \/>\n\t<meta name=\"twitter:data1\" content=\"ulqini\" \/>\n\t<meta name=\"twitter:label2\" content=\"Est. reading time\" \/>\n\t<meta name=\"twitter:data2\" content=\"4 minutes\" \/>\n<script type=\"application\/ld+json\" class=\"yoast-schema-graph\">{\"@context\":\"https:\/\/schema.org\",\"@graph\":[{\"@type\":\"WebSite\",\"@id\":\"https:\/\/www.visit-ulcinj.com\/blog\/#website\",\"url\":\"https:\/\/www.visit-ulcinj.com\/blog\/\",\"name\":\"Lajme nga Ulqini\",\"description\":\"Lajme,Vijesti,Ulqini,Ulqin,Crna Gora,Mali i Zi\",\"potentialAction\":[{\"@type\":\"SearchAction\",\"target\":{\"@type\":\"EntryPoint\",\"urlTemplate\":\"https:\/\/www.visit-ulcinj.com\/blog\/?s={search_term_string}\"},\"query-input\":\"required name=search_term_string\"}],\"inLanguage\":\"en-US\"},{\"@type\":\"ImageObject\",\"inLanguage\":\"en-US\",\"@id\":\"https:\/\/www.visit-ulcinj.com\/blog\/2008\/09\/06\/kosova-ne-pritje-te-njohjeve-te-reja\/#primaryimage\",\"url\":\"http:\/\/www.visit-ulcinj.com\/blog\/wp-content\/uploads\/2008\/09\/getattachment1-2.jpg\",\"contentUrl\":\"http:\/\/www.visit-ulcinj.com\/blog\/wp-content\/uploads\/2008\/09\/getattachment1-2.jpg\"},{\"@type\":\"WebPage\",\"@id\":\"https:\/\/www.visit-ulcinj.com\/blog\/2008\/09\/06\/kosova-ne-pritje-te-njohjeve-te-reja\/#webpage\",\"url\":\"https:\/\/www.visit-ulcinj.com\/blog\/2008\/09\/06\/kosova-ne-pritje-te-njohjeve-te-reja\/\",\"name\":\"Kosova: N\u00eb pritje t\u00eb njohjeve t\u00eb reja - Lajme nga Ulqini\",\"isPartOf\":{\"@id\":\"https:\/\/www.visit-ulcinj.com\/blog\/#website\"},\"primaryImageOfPage\":{\"@id\":\"https:\/\/www.visit-ulcinj.com\/blog\/2008\/09\/06\/kosova-ne-pritje-te-njohjeve-te-reja\/#primaryimage\"},\"datePublished\":\"2008-09-06T17:06:02+00:00\",\"dateModified\":\"2008-09-06T17:06:02+00:00\",\"author\":{\"@id\":\"https:\/\/www.visit-ulcinj.com\/blog\/#\/schema\/person\/dcab619c614d3038751c63bc2aadc06d\"},\"breadcrumb\":{\"@id\":\"https:\/\/www.visit-ulcinj.com\/blog\/2008\/09\/06\/kosova-ne-pritje-te-njohjeve-te-reja\/#breadcrumb\"},\"inLanguage\":\"en-US\",\"potentialAction\":[{\"@type\":\"ReadAction\",\"target\":[\"https:\/\/www.visit-ulcinj.com\/blog\/2008\/09\/06\/kosova-ne-pritje-te-njohjeve-te-reja\/\"]}]},{\"@type\":\"BreadcrumbList\",\"@id\":\"https:\/\/www.visit-ulcinj.com\/blog\/2008\/09\/06\/kosova-ne-pritje-te-njohjeve-te-reja\/#breadcrumb\",\"itemListElement\":[{\"@type\":\"ListItem\",\"position\":1,\"name\":\"Kosova: N\u00eb pritje t\u00eb njohjeve t\u00eb reja\"}]},{\"@type\":\"Person\",\"@id\":\"https:\/\/www.visit-ulcinj.com\/blog\/#\/schema\/person\/dcab619c614d3038751c63bc2aadc06d\",\"name\":\"ulqini\",\"sameAs\":[\"http:\/\/www.visit-ulcinj.com\"],\"url\":\"https:\/\/www.visit-ulcinj.com\/blog\/author\/admin\/\"}]}<\/script>\n<!-- \/ Yoast SEO plugin. -->","yoast_head_json":{"title":"Kosova: N\u00eb pritje t\u00eb njohjeve t\u00eb reja - Lajme nga Ulqini","robots":{"index":"index","follow":"follow","max-snippet":"max-snippet:-1","max-image-preview":"max-image-preview:large","max-video-preview":"max-video-preview:-1"},"canonical":"https:\/\/www.visit-ulcinj.com\/blog\/2008\/09\/06\/kosova-ne-pritje-te-njohjeve-te-reja\/","og_locale":"en_US","og_type":"article","og_title":"Kosova: N\u00eb pritje t\u00eb njohjeve t\u00eb reja - Lajme nga Ulqini","og_url":"https:\/\/www.visit-ulcinj.com\/blog\/2008\/09\/06\/kosova-ne-pritje-te-njohjeve-te-reja\/","og_site_name":"Lajme nga Ulqini","article_published_time":"2008-09-06T17:06:02+00:00","og_image":[{"url":"http:\/\/www.visit-ulcinj.com\/blog\/wp-content\/uploads\/2008\/09\/getattachment1-2.jpg"}],"twitter_misc":{"Written by":"ulqini","Est. reading time":"4 minutes"},"schema":{"@context":"https:\/\/schema.org","@graph":[{"@type":"WebSite","@id":"https:\/\/www.visit-ulcinj.com\/blog\/#website","url":"https:\/\/www.visit-ulcinj.com\/blog\/","name":"Lajme nga Ulqini","description":"Lajme,Vijesti,Ulqini,Ulqin,Crna Gora,Mali i Zi","potentialAction":[{"@type":"SearchAction","target":{"@type":"EntryPoint","urlTemplate":"https:\/\/www.visit-ulcinj.com\/blog\/?s={search_term_string}"},"query-input":"required name=search_term_string"}],"inLanguage":"en-US"},{"@type":"ImageObject","inLanguage":"en-US","@id":"https:\/\/www.visit-ulcinj.com\/blog\/2008\/09\/06\/kosova-ne-pritje-te-njohjeve-te-reja\/#primaryimage","url":"http:\/\/www.visit-ulcinj.com\/blog\/wp-content\/uploads\/2008\/09\/getattachment1-2.jpg","contentUrl":"http:\/\/www.visit-ulcinj.com\/blog\/wp-content\/uploads\/2008\/09\/getattachment1-2.jpg"},{"@type":"WebPage","@id":"https:\/\/www.visit-ulcinj.com\/blog\/2008\/09\/06\/kosova-ne-pritje-te-njohjeve-te-reja\/#webpage","url":"https:\/\/www.visit-ulcinj.com\/blog\/2008\/09\/06\/kosova-ne-pritje-te-njohjeve-te-reja\/","name":"Kosova: N\u00eb pritje t\u00eb njohjeve t\u00eb reja - Lajme nga Ulqini","isPartOf":{"@id":"https:\/\/www.visit-ulcinj.com\/blog\/#website"},"primaryImageOfPage":{"@id":"https:\/\/www.visit-ulcinj.com\/blog\/2008\/09\/06\/kosova-ne-pritje-te-njohjeve-te-reja\/#primaryimage"},"datePublished":"2008-09-06T17:06:02+00:00","dateModified":"2008-09-06T17:06:02+00:00","author":{"@id":"https:\/\/www.visit-ulcinj.com\/blog\/#\/schema\/person\/dcab619c614d3038751c63bc2aadc06d"},"breadcrumb":{"@id":"https:\/\/www.visit-ulcinj.com\/blog\/2008\/09\/06\/kosova-ne-pritje-te-njohjeve-te-reja\/#breadcrumb"},"inLanguage":"en-US","potentialAction":[{"@type":"ReadAction","target":["https:\/\/www.visit-ulcinj.com\/blog\/2008\/09\/06\/kosova-ne-pritje-te-njohjeve-te-reja\/"]}]},{"@type":"BreadcrumbList","@id":"https:\/\/www.visit-ulcinj.com\/blog\/2008\/09\/06\/kosova-ne-pritje-te-njohjeve-te-reja\/#breadcrumb","itemListElement":[{"@type":"ListItem","position":1,"name":"Kosova: N\u00eb pritje t\u00eb njohjeve t\u00eb reja"}]},{"@type":"Person","@id":"https:\/\/www.visit-ulcinj.com\/blog\/#\/schema\/person\/dcab619c614d3038751c63bc2aadc06d","name":"ulqini","sameAs":["http:\/\/www.visit-ulcinj.com"],"url":"https:\/\/www.visit-ulcinj.com\/blog\/author\/admin\/"}]}},"jetpack_featured_media_url":"","jetpack_sharing_enabled":true,"jetpack_shortlink":"https:\/\/wp.me\/pe6lTn-Nz","_links":{"self":[{"href":"https:\/\/www.visit-ulcinj.com\/blog\/wp-json\/wp\/v2\/posts\/3073"}],"collection":[{"href":"https:\/\/www.visit-ulcinj.com\/blog\/wp-json\/wp\/v2\/posts"}],"about":[{"href":"https:\/\/www.visit-ulcinj.com\/blog\/wp-json\/wp\/v2\/types\/post"}],"author":[{"embeddable":true,"href":"https:\/\/www.visit-ulcinj.com\/blog\/wp-json\/wp\/v2\/users\/1"}],"replies":[{"embeddable":true,"href":"https:\/\/www.visit-ulcinj.com\/blog\/wp-json\/wp\/v2\/comments?post=3073"}],"version-history":[{"count":0,"href":"https:\/\/www.visit-ulcinj.com\/blog\/wp-json\/wp\/v2\/posts\/3073\/revisions"}],"wp:attachment":[{"href":"https:\/\/www.visit-ulcinj.com\/blog\/wp-json\/wp\/v2\/media?parent=3073"}],"wp:term":[{"taxonomy":"category","embeddable":true,"href":"https:\/\/www.visit-ulcinj.com\/blog\/wp-json\/wp\/v2\/categories?post=3073"},{"taxonomy":"post_tag","embeddable":true,"href":"https:\/\/www.visit-ulcinj.com\/blog\/wp-json\/wp\/v2\/tags?post=3073"}],"curies":[{"name":"wp","href":"https:\/\/api.w.org\/{rel}","templated":true}]}}