{"id":30732,"date":"2010-02-28T09:39:33","date_gmt":"2010-02-28T07:39:33","guid":{"rendered":"http:\/\/www.visit-ulcinj.com\/blog\/?p=30732"},"modified":"2010-02-28T09:39:33","modified_gmt":"2010-02-28T07:39:33","slug":"camaj-vrijedaju-nasu-inteligenciju","status":"publish","type":"post","link":"https:\/\/www.visit-ulcinj.com\/blog\/2010\/02\/28\/camaj-vrijedaju-nasu-inteligenciju\/","title":{"rendered":"Camaj: Vrije?aju na\u0161u inteligenciju"},"content":{"rendered":"<p><a href=\"http:\/\/www.visit-ulcinj.com\/blog\/wp-content\/uploads\/2010\/02\/Nikoll\u00eb-Camaj.jpg\"><img loading=\"lazy\" class=\"alignleft size-full wp-image-30733\" title=\"Nikoll\u00eb Camaj\" src=\"http:\/\/www.visit-ulcinj.com\/blog\/wp-content\/uploads\/2010\/02\/Nikoll\u00eb-Camaj.jpg\" alt=\"Nikoll\u00eb Camaj\" width=\"399\" height=\"287\" \/><\/a>Izmjene Zakona o Glavnom gradu, koje treba da donese Vlada Crne Gore,  izazvalo je negodovanje predsjednika skup\u0161tine GO Tuzi Nikole Camaja,  jer prema njegovim tvrdnjama, predlo\u017eene izmjene status te op\u0161tine \u201c?ine  jo\u0161 gorim\u201d.<br \/>\nUmjesto unapre?enja statusa, Nacrt izmjene Zakona, prema rije?ima  Camaja, predstavlja korak nazad i ponovo isklju?uje preno\u0161enje  nadle\u017enosti sa Glavnog grada na gradske op\u0161tine.<br \/>\n&#8211; Izmjene koje se odnose na pobolj\u0161anje na?ina finansiranja, odre?ivanje  prioriteta i preno\u0161enja nadle\u017enosti, izgledale bi osnovano, me?utim,  ovo \u0161to se predla\u017ee ostavlja malo prostora za dijalog, naveo je Camaj.  On je upozorio sve one koji su dobili obe?anja, da pro?itaju predlog  izmjena, pa sami procijene \u201cda li da u njih povjeruju\u201d.<\/p>\n<p>Camaj upozorava da iako se predlaga? poziva na me?unarodna akta,  rje\u0161enja iz Nacrta me?unarodna praksa ne poznaje i vodi daljoj  centralizaciji vlasti.<br \/>\n&#8211; Da li predlaga? misli da mi ne mo\u017eemo uo?iti njihove smicalice ili su  ubije?eni da je me?unarodni faktor spreman da podr\u017ei dalju  centralizaciju, pogotovo kada su u pitanju Albanci, upitao je Camaj,  isti?u?i da ovakvi poku\u0161aji \u201eomalova\u017eavaju malisorsku inteligenciju\u201c.<br \/>\nVa\u017ee?im Zakonom o Glavnom gradu, GO je bila u mogu?nosti da se ne  usaglasi sa nacrtom prostornog plana na svojoj teritoriji, me?utim  predlo\u017eenim izmjenama to pravo je ukinuto. Novim predlogom, prema  navodima Camaja, GO mo\u017ee davati samo mi\u0161ljenja koja nikoga ne obavezuju.<br \/>\n&#8211; Podsje?am da je jedna albanska stranka svojevremeno uslovila podr\u0161ku  zakona o Glavnom gradu, upravo klauzulom koja nam je omogu?ila da dajemo  saglasnost na Nacrt Planske dokumentacije za podru?je GO. Ako se zna da  je planska dokumentacija u izradi, to nas navodi na zaklju?ak da se ne  radi o usagla\u0161avanju Zakona sa Ustavom, ve? da se stvaraju uslovi kako  bi se planiranje prostora radilo bez na\u0161e saglasnosti &#8211; kazao je Camaj.<\/p>\n<p>On je upozorio da se ograni?avanjem mandata sekretara, dovodi u pitanje  profesionalizam i nezavisnost djelovanja prvog ?ovjeka odgovornog za  zakone.<br \/>\n&#8211; Jasno je da ovdje nije rije? o, kao \u0161to je najavljeno, izmjenama  kojima se pobolj\u0161ava status GO ve? eliminaciji svake mogu?nosti uticaja  ove surogat vlasti &#8211; rekao je Camaj.<br \/>\nOn je objasnio da njegovo ogla\u0161avanje u javnosti ne predstavlja zvani?no  reagovanje Skup\u0161tine GO Tuzi, i najavio da ono tek treba da uslijedi.<\/p>\n<div><strong>?.?.<br \/>\n<a href=\"http:\/\/www.vijesti.me\/index.php?id=330782\" target=\"_blank\">Vijesti<\/a><\/strong><\/div>\n","protected":false},"excerpt":{"rendered":"<p>Izmjene Zakona o Glavnom gradu, koje treba da donese Vlada Crne Gore, izazvalo je negodovanje predsjednika skup\u0161tine GO Tuzi Nikole Camaja, jer prema njegovim tvrdnjama, predlo\u017eene izmjene status te op\u0161tine \u201c?ine jo\u0161 gorim\u201d. Umjesto unapre?enja statusa, Nacrt izmjene Zakona, prema rije?ima Camaja, predstavlja korak nazad i ponovo isklju?uje preno\u0161enje nadle\u017enosti sa Glavnog grada na gradske [&hellip;]<\/p>\n","protected":false},"author":1,"featured_media":0,"comment_status":"open","ping_status":"closed","sticky":false,"template":"","format":"standard","meta":{"spay_email":"","jetpack_publicize_message":"","jetpack_is_tweetstorm":false,"jetpack_publicize_feature_enabled":true},"categories":[8337],"tags":[1605],"jetpack_publicize_connections":[],"yoast_head":"<!-- This site is optimized with the Yoast SEO plugin v19.1 - https:\/\/yoast.com\/wordpress\/plugins\/seo\/ -->\n<title>Camaj: Vrije?aju na\u0161u inteligenciju - Lajme nga Ulqini<\/title>\n<meta name=\"description\" content=\"Izmjene Zakona o Glavnom gradu, koje treba da donese Vlada Crne Gore, izazvalo je negodovanje predsjednika skup\u0161tine GO Tuzi Nikole Camaja, jer prema\" \/>\n<meta name=\"robots\" content=\"index, follow, max-snippet:-1, max-image-preview:large, max-video-preview:-1\" \/>\n<link rel=\"canonical\" href=\"https:\/\/www.visit-ulcinj.com\/blog\/2010\/02\/28\/camaj-vrijedaju-nasu-inteligenciju\/\" \/>\n<meta property=\"og:locale\" content=\"en_US\" \/>\n<meta property=\"og:type\" content=\"article\" \/>\n<meta property=\"og:title\" content=\"Camaj: Vrije?aju na\u0161u inteligenciju - Lajme nga Ulqini\" \/>\n<meta property=\"og:description\" content=\"Izmjene Zakona o Glavnom gradu, koje treba da donese Vlada Crne Gore, izazvalo je negodovanje predsjednika skup\u0161tine GO Tuzi Nikole Camaja, jer prema\" \/>\n<meta property=\"og:url\" content=\"https:\/\/www.visit-ulcinj.com\/blog\/2010\/02\/28\/camaj-vrijedaju-nasu-inteligenciju\/\" \/>\n<meta property=\"og:site_name\" content=\"Lajme nga Ulqini\" \/>\n<meta property=\"article:published_time\" content=\"2010-02-28T07:39:33+00:00\" \/>\n<meta name=\"twitter:label1\" content=\"Written by\" \/>\n\t<meta name=\"twitter:data1\" content=\"ulqini\" \/>\n\t<meta name=\"twitter:label2\" content=\"Est. reading time\" \/>\n\t<meta name=\"twitter:data2\" content=\"2 minutes\" \/>\n<script type=\"application\/ld+json\" class=\"yoast-schema-graph\">{\"@context\":\"https:\/\/schema.org\",\"@graph\":[{\"@type\":\"WebSite\",\"@id\":\"https:\/\/www.visit-ulcinj.com\/blog\/#website\",\"url\":\"https:\/\/www.visit-ulcinj.com\/blog\/\",\"name\":\"Lajme nga Ulqini\",\"description\":\"Lajme,Vijesti,Ulqini,Ulqin,Crna Gora,Mali i Zi\",\"potentialAction\":[{\"@type\":\"SearchAction\",\"target\":{\"@type\":\"EntryPoint\",\"urlTemplate\":\"https:\/\/www.visit-ulcinj.com\/blog\/?s={search_term_string}\"},\"query-input\":\"required name=search_term_string\"}],\"inLanguage\":\"en-US\"},{\"@type\":\"WebPage\",\"@id\":\"https:\/\/www.visit-ulcinj.com\/blog\/2010\/02\/28\/camaj-vrijedaju-nasu-inteligenciju\/#webpage\",\"url\":\"https:\/\/www.visit-ulcinj.com\/blog\/2010\/02\/28\/camaj-vrijedaju-nasu-inteligenciju\/\",\"name\":\"Camaj: Vrije?aju na\u0161u inteligenciju - Lajme nga Ulqini\",\"isPartOf\":{\"@id\":\"https:\/\/www.visit-ulcinj.com\/blog\/#website\"},\"datePublished\":\"2010-02-28T07:39:33+00:00\",\"dateModified\":\"2010-02-28T07:39:33+00:00\",\"author\":{\"@id\":\"https:\/\/www.visit-ulcinj.com\/blog\/#\/schema\/person\/dcab619c614d3038751c63bc2aadc06d\"},\"description\":\"Izmjene Zakona o Glavnom gradu, koje treba da donese Vlada Crne Gore, izazvalo je negodovanje predsjednika skup\u0161tine GO Tuzi Nikole Camaja, jer prema\",\"breadcrumb\":{\"@id\":\"https:\/\/www.visit-ulcinj.com\/blog\/2010\/02\/28\/camaj-vrijedaju-nasu-inteligenciju\/#breadcrumb\"},\"inLanguage\":\"en-US\",\"potentialAction\":[{\"@type\":\"ReadAction\",\"target\":[\"https:\/\/www.visit-ulcinj.com\/blog\/2010\/02\/28\/camaj-vrijedaju-nasu-inteligenciju\/\"]}]},{\"@type\":\"BreadcrumbList\",\"@id\":\"https:\/\/www.visit-ulcinj.com\/blog\/2010\/02\/28\/camaj-vrijedaju-nasu-inteligenciju\/#breadcrumb\",\"itemListElement\":[{\"@type\":\"ListItem\",\"position\":1,\"name\":\"Camaj: Vrije?aju na\u0161u inteligenciju\"}]},{\"@type\":\"Person\",\"@id\":\"https:\/\/www.visit-ulcinj.com\/blog\/#\/schema\/person\/dcab619c614d3038751c63bc2aadc06d\",\"name\":\"ulqini\",\"sameAs\":[\"http:\/\/www.visit-ulcinj.com\"],\"url\":\"https:\/\/www.visit-ulcinj.com\/blog\/author\/admin\/\"}]}<\/script>\n<!-- \/ Yoast SEO plugin. -->","yoast_head_json":{"title":"Camaj: Vrije?aju na\u0161u inteligenciju - Lajme nga Ulqini","description":"Izmjene Zakona o Glavnom gradu, koje treba da donese Vlada Crne Gore, izazvalo je negodovanje predsjednika skup\u0161tine GO Tuzi Nikole Camaja, jer prema","robots":{"index":"index","follow":"follow","max-snippet":"max-snippet:-1","max-image-preview":"max-image-preview:large","max-video-preview":"max-video-preview:-1"},"canonical":"https:\/\/www.visit-ulcinj.com\/blog\/2010\/02\/28\/camaj-vrijedaju-nasu-inteligenciju\/","og_locale":"en_US","og_type":"article","og_title":"Camaj: Vrije?aju na\u0161u inteligenciju - Lajme nga Ulqini","og_description":"Izmjene Zakona o Glavnom gradu, koje treba da donese Vlada Crne Gore, izazvalo je negodovanje predsjednika skup\u0161tine GO Tuzi Nikole Camaja, jer prema","og_url":"https:\/\/www.visit-ulcinj.com\/blog\/2010\/02\/28\/camaj-vrijedaju-nasu-inteligenciju\/","og_site_name":"Lajme nga Ulqini","article_published_time":"2010-02-28T07:39:33+00:00","twitter_misc":{"Written by":"ulqini","Est. reading time":"2 minutes"},"schema":{"@context":"https:\/\/schema.org","@graph":[{"@type":"WebSite","@id":"https:\/\/www.visit-ulcinj.com\/blog\/#website","url":"https:\/\/www.visit-ulcinj.com\/blog\/","name":"Lajme nga Ulqini","description":"Lajme,Vijesti,Ulqini,Ulqin,Crna Gora,Mali i Zi","potentialAction":[{"@type":"SearchAction","target":{"@type":"EntryPoint","urlTemplate":"https:\/\/www.visit-ulcinj.com\/blog\/?s={search_term_string}"},"query-input":"required name=search_term_string"}],"inLanguage":"en-US"},{"@type":"WebPage","@id":"https:\/\/www.visit-ulcinj.com\/blog\/2010\/02\/28\/camaj-vrijedaju-nasu-inteligenciju\/#webpage","url":"https:\/\/www.visit-ulcinj.com\/blog\/2010\/02\/28\/camaj-vrijedaju-nasu-inteligenciju\/","name":"Camaj: Vrije?aju na\u0161u inteligenciju - Lajme nga Ulqini","isPartOf":{"@id":"https:\/\/www.visit-ulcinj.com\/blog\/#website"},"datePublished":"2010-02-28T07:39:33+00:00","dateModified":"2010-02-28T07:39:33+00:00","author":{"@id":"https:\/\/www.visit-ulcinj.com\/blog\/#\/schema\/person\/dcab619c614d3038751c63bc2aadc06d"},"description":"Izmjene Zakona o Glavnom gradu, koje treba da donese Vlada Crne Gore, izazvalo je negodovanje predsjednika skup\u0161tine GO Tuzi Nikole Camaja, jer prema","breadcrumb":{"@id":"https:\/\/www.visit-ulcinj.com\/blog\/2010\/02\/28\/camaj-vrijedaju-nasu-inteligenciju\/#breadcrumb"},"inLanguage":"en-US","potentialAction":[{"@type":"ReadAction","target":["https:\/\/www.visit-ulcinj.com\/blog\/2010\/02\/28\/camaj-vrijedaju-nasu-inteligenciju\/"]}]},{"@type":"BreadcrumbList","@id":"https:\/\/www.visit-ulcinj.com\/blog\/2010\/02\/28\/camaj-vrijedaju-nasu-inteligenciju\/#breadcrumb","itemListElement":[{"@type":"ListItem","position":1,"name":"Camaj: Vrije?aju na\u0161u inteligenciju"}]},{"@type":"Person","@id":"https:\/\/www.visit-ulcinj.com\/blog\/#\/schema\/person\/dcab619c614d3038751c63bc2aadc06d","name":"ulqini","sameAs":["http:\/\/www.visit-ulcinj.com"],"url":"https:\/\/www.visit-ulcinj.com\/blog\/author\/admin\/"}]}},"jetpack_featured_media_url":"","jetpack_sharing_enabled":true,"jetpack_shortlink":"https:\/\/wp.me\/pe6lTn-7ZG","_links":{"self":[{"href":"https:\/\/www.visit-ulcinj.com\/blog\/wp-json\/wp\/v2\/posts\/30732"}],"collection":[{"href":"https:\/\/www.visit-ulcinj.com\/blog\/wp-json\/wp\/v2\/posts"}],"about":[{"href":"https:\/\/www.visit-ulcinj.com\/blog\/wp-json\/wp\/v2\/types\/post"}],"author":[{"embeddable":true,"href":"https:\/\/www.visit-ulcinj.com\/blog\/wp-json\/wp\/v2\/users\/1"}],"replies":[{"embeddable":true,"href":"https:\/\/www.visit-ulcinj.com\/blog\/wp-json\/wp\/v2\/comments?post=30732"}],"version-history":[{"count":0,"href":"https:\/\/www.visit-ulcinj.com\/blog\/wp-json\/wp\/v2\/posts\/30732\/revisions"}],"wp:attachment":[{"href":"https:\/\/www.visit-ulcinj.com\/blog\/wp-json\/wp\/v2\/media?parent=30732"}],"wp:term":[{"taxonomy":"category","embeddable":true,"href":"https:\/\/www.visit-ulcinj.com\/blog\/wp-json\/wp\/v2\/categories?post=30732"},{"taxonomy":"post_tag","embeddable":true,"href":"https:\/\/www.visit-ulcinj.com\/blog\/wp-json\/wp\/v2\/tags?post=30732"}],"curies":[{"name":"wp","href":"https:\/\/api.w.org\/{rel}","templated":true}]}}