{"id":30736,"date":"2010-02-28T10:08:23","date_gmt":"2010-02-28T08:08:23","guid":{"rendered":"http:\/\/www.visit-ulcinj.com\/blog\/?p=30736"},"modified":"2010-03-01T14:01:14","modified_gmt":"2010-03-01T12:01:14","slug":"katundi-milla-dhe-vorri-i-harapit-huazuar-nga-libri-koha-e-sheges","status":"publish","type":"post","link":"https:\/\/www.visit-ulcinj.com\/blog\/2010\/02\/28\/katundi-milla-dhe-vorri-i-harapit-huazuar-nga-libri-koha-e-sheges\/","title":{"rendered":"Katundi Milla dhe Vorri i Harapit huazuar nga libri &#8220;Koha e Sheges&#8221;"},"content":{"rendered":"<p><a href=\"http:\/\/www.visit-ulcinj.com\/blog\/wp-content\/uploads\/2010\/02\/Katundi-Milla-dhe-Vorri-i-Harapit.jpg\"><img loading=\"lazy\" class=\"alignleft size-full wp-image-30737\" title=\"Katundi Milla dhe Vorri i Harapit\" src=\"http:\/\/www.visit-ulcinj.com\/blog\/wp-content\/uploads\/2010\/02\/Katundi-Milla-dhe-Vorri-i-Harapit.jpg\" alt=\"Katundi Milla dhe Vorri i Harapit\" width=\"580\" height=\"400\" \/><\/a>Fshati Milla. E dini se ku bie? Po ta dinit do t\u00eb thoshit t\u00eb habitur: pran\u00eb.. Milla na pret aty, mb\u00ebshtetur pran\u00eb Malit t\u00eb Gjan\u00eb, prej nga buronte gurra e famshme Uji i cemt\u00eb i Mill\u00ebs, n\u00ebn Lipoj\u00eb. Ky uj\u00eb asht oh&#8230;shalqirin e p\u00eblcet; ah, fllad; ah, mrekulli n\u00ebn male. Uji i Mill\u00ebs gurgullon nd\u00ebrmjet Lisit t\u00eb Madh, qindravje\u00e7ar. Fle aty mes maleve t\u00eb Kalimanit, maj\u00ebs Rrasa Decit dhe Les\u00eb Kocit, maj\u00ebs Pat Lakut, nd\u00ebrsa mbi tre Shkambijt e Petit rrjedh Uji Mill\u00ebs. Kroni brufullon, vrion \u2018OJI\u2019. Ai e b\u00ebnte Mill\u00ebn t\u00eb njohur. Gjer n\u00eb mbarim t\u00eb shekullit XIX dhe fillim t\u00eb shekullit XX vinin e nga e gjith\u00eb zona e Mbishkodr\u00ebs p\u00ebr t\u00eb bluar miell \u2013\u2018MILL\u00cb\u2019 pik\u00ebrisht n\u00eb at\u00eb vend. Aty mbante edhe rruga kryesore q\u00eb lidhte krah\u00ebt e an\u00ebve tejmalit t\u00eb Shkodr\u00ebs me Ulqinin bregdetar. Njihej si rruga me emrin Leqet e Mill\u2019s, af\u00ebr \u2018rrezigaqeve\u2019. K\u00ebshtu, pra, emri Milla, si rrug\u00eb dhe vend i ujit t\u00eb bollsh\u00ebm me mullinjt\u00eb e saj (askokohe kishte p\u00ebrmbi 15 mullinj t\u00eb gurit p\u00ebr t\u00eb cil\u00ebt katundi ishte n\u00eb z\u00eb dhe e fitoi emrin MILL se pik\u00ebrisht at\u00eb pun\u00eb b\u00ebnte&#8230;). Uji zgjati derisa u grabit nga qyteti i Ulqinit mbas 1950-t\u00ebs. Me ikjen e Ujit n\u00eb qytet, mullinjt\u00eb e humben vler\u00ebn. (Sot, kur uji ka shteruar, punon vet\u00ebm nj\u00eb mulli guri, ai n\u00eb fund t\u00eb Mill\u00ebs q\u00eb dikurshme, t\u00eb famshme q\u00ebmoti, nj\u00eb, sa p\u00ebr t\u00eb na zhytur s\u00ebrish n\u00eb kujtime).<br \/>\nN\u00eb Lipoj, atje lart, n\u00eb vetmi, aty prej nga edhe buron gurra, duket si fantazm\u00eb nj\u00eb varr i madh p\u00ebr afro 3 metra. Habiteshin t\u00eb gjith\u00eb: fshatar\u00eb e kalimtar\u00eb t\u00eb radh\u00ebs e me droje shqiptonin nj\u00eb em\u00ebr:<br \/>\n&#8211; Po, po. Ky asht\u2019 Vorri Harapit! Jan\u00eb ruajtur edhe k\u00ebng\u00ebt p\u00ebr t\u00eb. Harapi k\u00ebrkonte mejdanxhi n\u00eb bejleg.<\/p>\n<p>&#8211; Harapi An\u00ebs Malit po i \u00e7on fjal\u00eb,<br \/>\n&#8211; P\u00ebr hara\u00e7 \u00e7a don me \u2018j marr\u00eb:<br \/>\n&#8211; Ka \u2018j taro\u00e7 me zi p\u00ebr dark\u00eb!<br \/>\n&#8211; Ka nji vajz\u00eb me \u2018j \u00e7u\u2019 p\u00ebr nat\u00eb,<br \/>\n&#8211; Gjeto Nika pej Millet, thot\u00eb, kuj\u00eb si lidhet,<br \/>\n&#8211; N\u00eb kjoft\u00eb shkru\u2019 kryt ta shkurtom!<br \/>\n&#8211; P\u00ebr kta vajza qi ke lyp\u00eb,<br \/>\n&#8211; Kem\u2019 me t\u2019dhan\u00eb hekur\u2014\u00e7elik!<br \/>\n&#8211; Sa p\u00ebr mish, n\u00eb don dark\u00eb me zi \u2014<br \/>\n&#8211; Do t\u2019jesh ti me gjith\u00eb ushtri,<br \/>\n&#8211; P\u00ebr mejdan nana m\u2019ka rrit\u00eb, kurr\u00ebn mos mu korit!<\/p>\n<p>Sidoqoft\u00eb ka edhe shum\u00eb strofa t\u00eb tjera, por nuk \u00ebsht\u00eb vendi me u zgjat. Po sidoqoft\u00eb fundi duhet me i van\u2019 kapak e me diftue se kush fitoi se si shkoi kjo histori, se edhe kjo e jona asht\u2019. \u201cMbet harapi n\u00eb fush\u00eb t\u00eb mejdanit\u2026\u201d etj., etj. Kaq. Tani t\u00eb gjith\u00eb e din\u00eb edhe prej kang\u00ebs se cili vend thirret Vorri i Harapit.<\/p>\n<p><strong><a href=\"http:\/\/www.facebook.com\/pages\/VALDANOS\/317003033858?ref=pymk&amp;v=wall#!\/notes\/naim-flamuri\/katundi-milla-dhe-vorri-i-harapit-huazuar-nga-libri-koha-e-shegesnsflamuri\/330325868166\" target=\"_blank\"><span title=\"HPHP\">Facebook: <\/span>Naim &amp; Sami Flamuri<br \/>\n\n\t\t<style type=\"text\/css\">\n\t\t\t#gallery-1 {\n\t\t\t\tmargin: auto;\n\t\t\t}\n\t\t\t#gallery-1 .gallery-item {\n\t\t\t\tfloat: left;\n\t\t\t\tmargin-top: 10px;\n\t\t\t\ttext-align: center;\n\t\t\t\twidth: 33%;\n\t\t\t}\n\t\t\t#gallery-1 img {\n\t\t\t\tborder: 2px solid #cfcfcf;\n\t\t\t}\n\t\t\t#gallery-1 .gallery-caption {\n\t\t\t\tmargin-left: 0;\n\t\t\t}\n\t\t\t\/* see gallery_shortcode() in wp-includes\/media.php *\/\n\t\t<\/style>\n\t\t<div id='gallery-1' class='gallery galleryid-30736 gallery-columns-3 gallery-size-thumbnail'><dl class='gallery-item'>\n\t\t\t<dt class='gallery-icon landscape'>\n\t\t\t\t<a href='https:\/\/www.visit-ulcinj.com\/blog\/wp-content\/uploads\/2010\/02\/Katundi-Milla-dhe-Vorri-i-Harapit.jpg'><img width=\"150\" height=\"150\" src=\"https:\/\/www.visit-ulcinj.com\/blog\/wp-content\/uploads\/2010\/02\/Katundi-Milla-dhe-Vorri-i-Harapit-150x150.jpg\" class=\"attachment-thumbnail size-thumbnail\" alt=\"\" loading=\"lazy\" \/><\/a>\n\t\t\t<\/dt><\/dl><dl class='gallery-item'>\n\t\t\t<dt class='gallery-icon '>\n\t\t\t\t<a href='https:\/\/www.visit-ulcinj.com\/blog\/wp-content\/uploads\/2010\/02\/Fshati-Mill\u00c3\u00ab_komuna-e-Ulqinit.jpg'><img width=\"1\" height=\"1\" src=\"https:\/\/www.visit-ulcinj.com\/blog\/wp-content\/uploads\/2010\/02\/Fshati-Mill\u00c3\u00ab_komuna-e-Ulqinit.jpg\" class=\"attachment-thumbnail size-thumbnail\" alt=\"\" loading=\"lazy\" \/><\/a>\n\t\t\t<\/dt><\/dl><dl class='gallery-item'>\n\t\t\t<dt class='gallery-icon '>\n\t\t\t\t<a href='https:\/\/www.visit-ulcinj.com\/blog\/wp-content\/uploads\/2010\/02\/Fshati-Mill\u00c3\u00ab_komuna-e-Ulqinit.1.jpg'><img width=\"1\" height=\"1\" src=\"https:\/\/www.visit-ulcinj.com\/blog\/wp-content\/uploads\/2010\/02\/Fshati-Mill\u00c3\u00ab_komuna-e-Ulqinit.1.jpg\" class=\"attachment-thumbnail size-thumbnail\" alt=\"\" loading=\"lazy\" \/><\/a>\n\t\t\t<\/dt><\/dl><br style=\"clear: both\" \/>\n\t\t<\/div>\n<\/p>\n<p><\/a><\/strong><\/p>\n<!--YouTube Error: bad URL entered-->\n","protected":false},"excerpt":{"rendered":"<p>Fshati Milla. E dini se ku bie? Po ta dinit do t\u00eb thoshit t\u00eb habitur: pran\u00eb.. Milla na pret aty, mb\u00ebshtetur pran\u00eb Malit t\u00eb Gjan\u00eb, prej nga buronte gurra e famshme Uji i cemt\u00eb i Mill\u00ebs, n\u00ebn Lipoj\u00eb. Ky uj\u00eb asht oh&#8230;shalqirin e p\u00eblcet; ah, fllad; ah, mrekulli n\u00ebn male. Uji i Mill\u00ebs gurgullon nd\u00ebrmjet [&hellip;]<\/p>\n","protected":false},"author":1,"featured_media":0,"comment_status":"open","ping_status":"closed","sticky":false,"template":"","format":"standard","meta":{"spay_email":"","jetpack_publicize_message":"","jetpack_is_tweetstorm":false,"jetpack_publicize_feature_enabled":true},"categories":[4],"tags":[13653,1658,13654,13652],"jetpack_publicize_connections":[],"yoast_head":"<!-- This site is optimized with the Yoast SEO plugin v19.1 - https:\/\/yoast.com\/wordpress\/plugins\/seo\/ -->\n<title>Katundi Milla dhe Vorri i Harapit huazuar nga libri &quot;Koha e Sheges&quot; - Lajme nga Ulqini<\/title>\n<meta name=\"description\" content=\"Fshati Milla. E dini se ku bie? Po ta dinit do t\u00eb thoshit t\u00eb habitur: pran\u00eb.. Milla na pret aty, mb\u00ebshtetur pran\u00eb Malit t\u00eb Gjan\u00eb, prej nga buronte gurra e\" \/>\n<meta name=\"robots\" content=\"index, follow, max-snippet:-1, max-image-preview:large, max-video-preview:-1\" \/>\n<link rel=\"canonical\" href=\"https:\/\/www.visit-ulcinj.com\/blog\/2010\/02\/28\/katundi-milla-dhe-vorri-i-harapit-huazuar-nga-libri-koha-e-sheges\/\" \/>\n<meta property=\"og:locale\" content=\"en_US\" \/>\n<meta property=\"og:type\" content=\"article\" \/>\n<meta property=\"og:title\" content=\"Katundi Milla dhe Vorri i Harapit huazuar nga libri &quot;Koha e Sheges&quot; - Lajme nga Ulqini\" \/>\n<meta property=\"og:description\" content=\"Fshati Milla. E dini se ku bie? Po ta dinit do t\u00eb thoshit t\u00eb habitur: pran\u00eb.. Milla na pret aty, mb\u00ebshtetur pran\u00eb Malit t\u00eb Gjan\u00eb, prej nga buronte gurra e\" \/>\n<meta property=\"og:url\" content=\"https:\/\/www.visit-ulcinj.com\/blog\/2010\/02\/28\/katundi-milla-dhe-vorri-i-harapit-huazuar-nga-libri-koha-e-sheges\/\" \/>\n<meta property=\"og:site_name\" content=\"Lajme nga Ulqini\" \/>\n<meta property=\"article:published_time\" content=\"2010-02-28T08:08:23+00:00\" \/>\n<meta property=\"article:modified_time\" content=\"2010-03-01T12:01:14+00:00\" \/>\n<meta property=\"og:image\" content=\"https:\/\/www.visit-ulcinj.com\/blog\/wp-content\/uploads\/2010\/02\/Katundi-Milla-dhe-Vorri-i-Harapit-150x150.jpg\" \/>\n<meta name=\"twitter:label1\" content=\"Written by\" \/>\n\t<meta name=\"twitter:data1\" content=\"ulqini\" \/>\n\t<meta name=\"twitter:label2\" content=\"Est. reading time\" \/>\n\t<meta name=\"twitter:data2\" content=\"3 minutes\" \/>\n<script type=\"application\/ld+json\" class=\"yoast-schema-graph\">{\"@context\":\"https:\/\/schema.org\",\"@graph\":[{\"@type\":\"WebSite\",\"@id\":\"https:\/\/www.visit-ulcinj.com\/blog\/#website\",\"url\":\"https:\/\/www.visit-ulcinj.com\/blog\/\",\"name\":\"Lajme nga Ulqini\",\"description\":\"Lajme,Vijesti,Ulqini,Ulqin,Crna Gora,Mali i Zi\",\"potentialAction\":[{\"@type\":\"SearchAction\",\"target\":{\"@type\":\"EntryPoint\",\"urlTemplate\":\"https:\/\/www.visit-ulcinj.com\/blog\/?s={search_term_string}\"},\"query-input\":\"required name=search_term_string\"}],\"inLanguage\":\"en-US\"},{\"@type\":\"ImageObject\",\"inLanguage\":\"en-US\",\"@id\":\"https:\/\/www.visit-ulcinj.com\/blog\/2010\/02\/28\/katundi-milla-dhe-vorri-i-harapit-huazuar-nga-libri-koha-e-sheges\/#primaryimage\",\"url\":\"https:\/\/www.visit-ulcinj.com\/blog\/wp-content\/uploads\/2010\/02\/Katundi-Milla-dhe-Vorri-i-Harapit.jpg\",\"contentUrl\":\"https:\/\/www.visit-ulcinj.com\/blog\/wp-content\/uploads\/2010\/02\/Katundi-Milla-dhe-Vorri-i-Harapit.jpg\",\"width\":\"720\",\"height\":\"540\"},{\"@type\":\"WebPage\",\"@id\":\"https:\/\/www.visit-ulcinj.com\/blog\/2010\/02\/28\/katundi-milla-dhe-vorri-i-harapit-huazuar-nga-libri-koha-e-sheges\/#webpage\",\"url\":\"https:\/\/www.visit-ulcinj.com\/blog\/2010\/02\/28\/katundi-milla-dhe-vorri-i-harapit-huazuar-nga-libri-koha-e-sheges\/\",\"name\":\"Katundi Milla dhe Vorri i Harapit huazuar nga libri \\\"Koha e Sheges\\\" - Lajme nga Ulqini\",\"isPartOf\":{\"@id\":\"https:\/\/www.visit-ulcinj.com\/blog\/#website\"},\"primaryImageOfPage\":{\"@id\":\"https:\/\/www.visit-ulcinj.com\/blog\/2010\/02\/28\/katundi-milla-dhe-vorri-i-harapit-huazuar-nga-libri-koha-e-sheges\/#primaryimage\"},\"datePublished\":\"2010-02-28T08:08:23+00:00\",\"dateModified\":\"2010-03-01T12:01:14+00:00\",\"author\":{\"@id\":\"https:\/\/www.visit-ulcinj.com\/blog\/#\/schema\/person\/dcab619c614d3038751c63bc2aadc06d\"},\"description\":\"Fshati Milla. E dini se ku bie? Po ta dinit do t\u00eb thoshit t\u00eb habitur: pran\u00eb.. Milla na pret aty, mb\u00ebshtetur pran\u00eb Malit t\u00eb Gjan\u00eb, prej nga buronte gurra e\",\"breadcrumb\":{\"@id\":\"https:\/\/www.visit-ulcinj.com\/blog\/2010\/02\/28\/katundi-milla-dhe-vorri-i-harapit-huazuar-nga-libri-koha-e-sheges\/#breadcrumb\"},\"inLanguage\":\"en-US\",\"potentialAction\":[{\"@type\":\"ReadAction\",\"target\":[\"https:\/\/www.visit-ulcinj.com\/blog\/2010\/02\/28\/katundi-milla-dhe-vorri-i-harapit-huazuar-nga-libri-koha-e-sheges\/\"]}]},{\"@type\":\"BreadcrumbList\",\"@id\":\"https:\/\/www.visit-ulcinj.com\/blog\/2010\/02\/28\/katundi-milla-dhe-vorri-i-harapit-huazuar-nga-libri-koha-e-sheges\/#breadcrumb\",\"itemListElement\":[{\"@type\":\"ListItem\",\"position\":1,\"name\":\"Katundi Milla dhe Vorri i Harapit huazuar nga libri &#8220;Koha e Sheges&#8221;\"}]},{\"@type\":\"Person\",\"@id\":\"https:\/\/www.visit-ulcinj.com\/blog\/#\/schema\/person\/dcab619c614d3038751c63bc2aadc06d\",\"name\":\"ulqini\",\"sameAs\":[\"http:\/\/www.visit-ulcinj.com\"],\"url\":\"https:\/\/www.visit-ulcinj.com\/blog\/author\/admin\/\"}]}<\/script>\n<!-- \/ Yoast SEO plugin. -->","yoast_head_json":{"title":"Katundi Milla dhe Vorri i Harapit huazuar nga libri \"Koha e Sheges\" - Lajme nga Ulqini","description":"Fshati Milla. E dini se ku bie? Po ta dinit do t\u00eb thoshit t\u00eb habitur: pran\u00eb.. Milla na pret aty, mb\u00ebshtetur pran\u00eb Malit t\u00eb Gjan\u00eb, prej nga buronte gurra e","robots":{"index":"index","follow":"follow","max-snippet":"max-snippet:-1","max-image-preview":"max-image-preview:large","max-video-preview":"max-video-preview:-1"},"canonical":"https:\/\/www.visit-ulcinj.com\/blog\/2010\/02\/28\/katundi-milla-dhe-vorri-i-harapit-huazuar-nga-libri-koha-e-sheges\/","og_locale":"en_US","og_type":"article","og_title":"Katundi Milla dhe Vorri i Harapit huazuar nga libri \"Koha e Sheges\" - Lajme nga Ulqini","og_description":"Fshati Milla. E dini se ku bie? Po ta dinit do t\u00eb thoshit t\u00eb habitur: pran\u00eb.. Milla na pret aty, mb\u00ebshtetur pran\u00eb Malit t\u00eb Gjan\u00eb, prej nga buronte gurra e","og_url":"https:\/\/www.visit-ulcinj.com\/blog\/2010\/02\/28\/katundi-milla-dhe-vorri-i-harapit-huazuar-nga-libri-koha-e-sheges\/","og_site_name":"Lajme nga Ulqini","article_published_time":"2010-02-28T08:08:23+00:00","article_modified_time":"2010-03-01T12:01:14+00:00","og_image":[{"url":"https:\/\/www.visit-ulcinj.com\/blog\/wp-content\/uploads\/2010\/02\/Katundi-Milla-dhe-Vorri-i-Harapit-150x150.jpg"}],"twitter_misc":{"Written by":"ulqini","Est. reading time":"3 minutes"},"schema":{"@context":"https:\/\/schema.org","@graph":[{"@type":"WebSite","@id":"https:\/\/www.visit-ulcinj.com\/blog\/#website","url":"https:\/\/www.visit-ulcinj.com\/blog\/","name":"Lajme nga Ulqini","description":"Lajme,Vijesti,Ulqini,Ulqin,Crna Gora,Mali i Zi","potentialAction":[{"@type":"SearchAction","target":{"@type":"EntryPoint","urlTemplate":"https:\/\/www.visit-ulcinj.com\/blog\/?s={search_term_string}"},"query-input":"required name=search_term_string"}],"inLanguage":"en-US"},{"@type":"ImageObject","inLanguage":"en-US","@id":"https:\/\/www.visit-ulcinj.com\/blog\/2010\/02\/28\/katundi-milla-dhe-vorri-i-harapit-huazuar-nga-libri-koha-e-sheges\/#primaryimage","url":"https:\/\/www.visit-ulcinj.com\/blog\/wp-content\/uploads\/2010\/02\/Katundi-Milla-dhe-Vorri-i-Harapit.jpg","contentUrl":"https:\/\/www.visit-ulcinj.com\/blog\/wp-content\/uploads\/2010\/02\/Katundi-Milla-dhe-Vorri-i-Harapit.jpg","width":"720","height":"540"},{"@type":"WebPage","@id":"https:\/\/www.visit-ulcinj.com\/blog\/2010\/02\/28\/katundi-milla-dhe-vorri-i-harapit-huazuar-nga-libri-koha-e-sheges\/#webpage","url":"https:\/\/www.visit-ulcinj.com\/blog\/2010\/02\/28\/katundi-milla-dhe-vorri-i-harapit-huazuar-nga-libri-koha-e-sheges\/","name":"Katundi Milla dhe Vorri i Harapit huazuar nga libri \"Koha e Sheges\" - Lajme nga Ulqini","isPartOf":{"@id":"https:\/\/www.visit-ulcinj.com\/blog\/#website"},"primaryImageOfPage":{"@id":"https:\/\/www.visit-ulcinj.com\/blog\/2010\/02\/28\/katundi-milla-dhe-vorri-i-harapit-huazuar-nga-libri-koha-e-sheges\/#primaryimage"},"datePublished":"2010-02-28T08:08:23+00:00","dateModified":"2010-03-01T12:01:14+00:00","author":{"@id":"https:\/\/www.visit-ulcinj.com\/blog\/#\/schema\/person\/dcab619c614d3038751c63bc2aadc06d"},"description":"Fshati Milla. E dini se ku bie? Po ta dinit do t\u00eb thoshit t\u00eb habitur: pran\u00eb.. Milla na pret aty, mb\u00ebshtetur pran\u00eb Malit t\u00eb Gjan\u00eb, prej nga buronte gurra e","breadcrumb":{"@id":"https:\/\/www.visit-ulcinj.com\/blog\/2010\/02\/28\/katundi-milla-dhe-vorri-i-harapit-huazuar-nga-libri-koha-e-sheges\/#breadcrumb"},"inLanguage":"en-US","potentialAction":[{"@type":"ReadAction","target":["https:\/\/www.visit-ulcinj.com\/blog\/2010\/02\/28\/katundi-milla-dhe-vorri-i-harapit-huazuar-nga-libri-koha-e-sheges\/"]}]},{"@type":"BreadcrumbList","@id":"https:\/\/www.visit-ulcinj.com\/blog\/2010\/02\/28\/katundi-milla-dhe-vorri-i-harapit-huazuar-nga-libri-koha-e-sheges\/#breadcrumb","itemListElement":[{"@type":"ListItem","position":1,"name":"Katundi Milla dhe Vorri i Harapit huazuar nga libri &#8220;Koha e Sheges&#8221;"}]},{"@type":"Person","@id":"https:\/\/www.visit-ulcinj.com\/blog\/#\/schema\/person\/dcab619c614d3038751c63bc2aadc06d","name":"ulqini","sameAs":["http:\/\/www.visit-ulcinj.com"],"url":"https:\/\/www.visit-ulcinj.com\/blog\/author\/admin\/"}]}},"jetpack_featured_media_url":"","jetpack_sharing_enabled":true,"jetpack_shortlink":"https:\/\/wp.me\/pe6lTn-7ZK","_links":{"self":[{"href":"https:\/\/www.visit-ulcinj.com\/blog\/wp-json\/wp\/v2\/posts\/30736"}],"collection":[{"href":"https:\/\/www.visit-ulcinj.com\/blog\/wp-json\/wp\/v2\/posts"}],"about":[{"href":"https:\/\/www.visit-ulcinj.com\/blog\/wp-json\/wp\/v2\/types\/post"}],"author":[{"embeddable":true,"href":"https:\/\/www.visit-ulcinj.com\/blog\/wp-json\/wp\/v2\/users\/1"}],"replies":[{"embeddable":true,"href":"https:\/\/www.visit-ulcinj.com\/blog\/wp-json\/wp\/v2\/comments?post=30736"}],"version-history":[{"count":0,"href":"https:\/\/www.visit-ulcinj.com\/blog\/wp-json\/wp\/v2\/posts\/30736\/revisions"}],"wp:attachment":[{"href":"https:\/\/www.visit-ulcinj.com\/blog\/wp-json\/wp\/v2\/media?parent=30736"}],"wp:term":[{"taxonomy":"category","embeddable":true,"href":"https:\/\/www.visit-ulcinj.com\/blog\/wp-json\/wp\/v2\/categories?post=30736"},{"taxonomy":"post_tag","embeddable":true,"href":"https:\/\/www.visit-ulcinj.com\/blog\/wp-json\/wp\/v2\/tags?post=30736"}],"curies":[{"name":"wp","href":"https:\/\/api.w.org\/{rel}","templated":true}]}}