{"id":30781,"date":"2010-03-01T13:30:05","date_gmt":"2010-03-01T11:30:05","guid":{"rendered":"http:\/\/www.visit-ulcinj.com\/blog\/?p=30781"},"modified":"2010-03-01T13:30:05","modified_gmt":"2010-03-01T11:30:05","slug":"ndryshimet-e-ligjit-mbi-kryeqytetin","status":"publish","type":"post","link":"https:\/\/www.visit-ulcinj.com\/blog\/2010\/03\/01\/ndryshimet-e-ligjit-mbi-kryeqytetin\/","title":{"rendered":"Ndryshimet e ligjit mbi kryeqytetin"},"content":{"rendered":"<p><strong><a href=\"http:\/\/www.visit-ulcinj.com\/blog\/wp-content\/uploads\/2010\/02\/Nikoll\u00eb-Camaj.jpg\"><img loading=\"lazy\" class=\"alignleft size-full wp-image-30733\" title=\"Nikoll\u00eb Camaj\" src=\"http:\/\/www.visit-ulcinj.com\/blog\/wp-content\/uploads\/2010\/02\/Nikoll\u00eb-Camaj.jpg\" alt=\"Nikoll\u00eb Camaj\" width=\"371\" height=\"299\" \/><\/a>Centralizimi nuk \u00ebsht\u00eb norm\u00eb nd\u00ebrkomb\u00ebtare<\/strong><br \/>\nNdryshimet pozitive q\u00eb ishin paralajm\u00ebruar, e q\u00eb do t\u00eb ishin n\u00eb funksion t\u00eb kap\u00ebrcimit t\u00eb situat\u00ebs, p\u00ebr hir t\u00eb nevojave politike t\u00eb Podgoric\u00ebs, (!), e q\u00eb kan\u00eb t\u00eb b\u00ebjn\u00eb me ndryshimin e m\u00ebnyr\u00ebs s\u00eb financimit, caktimit t\u00eb prioriteteve, zhvendosjes s\u00eb kompetencave nga Kryeqyteti drejt komunave urbane, e jo e kund\u00ebrta, ndoshta do t\u00eb dukeshin si t\u00eb arsyeshme dhe besoj se kishin hapur vend p\u00ebr dialog, sidomos n\u00ebse kihet parasysh nevoja e afrimit t\u00eb spektrit politik shqiptar por kjo q\u00eb propozohet, e n\u00ebse edhe realizohet, kam frik\u00eb se le pak vend p\u00ebr dialog. K\u00ebshtu, ata q\u00eb kan\u00eb marr\u00eb premtime, e u besojn\u00eb atyre, le t\u2019i lexojn\u00eb propozim-ndryshimet, pastaj t\u00eb shohin se sa ka vend q\u00eb ato t\u00eb besohen. Po aq sa edhe atyre t\u00eb deritashm\u00ebve.<\/p>\n<p>N\u00eb prag t\u00eb aprovimit t\u00eb Ligjit mbi organizimin territorial e pa dh\u00ebn\u00eb p\u00ebrgjigjen definitive ndaj k\u00ebrkes\u00ebs son\u00eb p\u00ebr komun\u00eb t\u00eb plot\u00eb, Qeveria e Malit t\u00eb Zi, po p\u00ebrgatit\u00eb edhe ndryshimet e Ligjit mbi Kryeqytetin. Arsyeja \u00ebsht\u00eb se edhe ky Ligj duhet t\u00eb harmonizohet me Kushtetut\u00ebn dhe me Ligjin e ri mbi vet\u00ebqeverisjen lokale. Edhe pse ndoshta, si person i p\u00ebrkushtuar themelimit t\u00eb komun\u00ebs s\u00eb plot\u00eb t\u00eb Mal\u00ebsis\u00eb, nuk do t\u00eb duhej t\u00eb m\u00eb interesonte tep\u00ebr rimodelimi i Ligjit mbi kryeqytetin, e as t\u00eb merrem me t\u00eb, ajo q\u00eb lexova n\u00eb projektin e ndryshimeve t\u00eb propozuara, q\u00eb m\u00eb ra n\u00eb dor\u00eb krejt rast\u00ebsisht, nuk m\u00eb jep t\u00eb drejt\u00eb t\u00eb heshti. Propozimi i ri, Ligjin mbi kryeqytetin dhe statusin ton\u00eb, i b\u00ebjn\u00eb m\u00eb t\u00eb ligsht\u00eb. Pra, n\u00eb vend t\u00eb avancimit t\u00eb statusit, \u00e7ka pritej dhe \u00e7ka premtohej, Propozimi i ndryshimit t\u00eb Ligjit mbi kryeqytetin paraqet hap mbrapa, dhe si i till\u00eb i nuk i l\u00eb vend k\u00ebrkimit t\u00eb kompromisit.<br \/>\nNdryshimet pozitive q\u00eb ishin paralajm\u00ebruar, e q\u00eb do t\u00eb ishin n\u00eb funksion t\u00eb kap\u00ebrcimit t\u00eb situat\u00ebs, p\u00ebr hir t\u00eb nevojave politike t\u00eb Podgoric\u00ebs, (!), e q\u00eb kan\u00eb t\u00eb b\u00ebjn\u00eb me ndryshimin e m\u00ebnyr\u00ebs s\u00eb financimit, caktimit t\u00eb prioriteteve, zhvendosjes s\u00eb kompetencave nga Kryeqyteti drejt komunave urbane, e jo e kund\u00ebrta, ndoshta do t\u00eb dukeshin si t\u00eb arsyeshme dhe besoj se kishin hapur vend p\u00ebr dialog, sidomos n\u00ebse kihet parasysh nevoja e afrimit t\u00eb spektrit<br \/>\npolitik shqiptar por kjo q\u00eb propozohet, e n\u00ebse edhe realizohet, kam frik\u00eb se le pak vend p\u00ebr dialog. K\u00ebshtu, ata q\u00eb kan\u00eb marr\u00eb premtime, e u besojn\u00eb atyre, le t\u2019i lexojn\u00eb propozim-ndryshimet, pastaj t\u00eb shohin se sa ka vend q\u00eb ato t\u00eb besohen. Po aq sa edhe atyre t\u00eb deritashm\u00ebve.<br \/>\n\u00cbsht\u00eb interesant fakti se edhe n\u00eb k\u00ebto ndryshime t\u00eb propozuara, propozuesi thirret n\u00eb aktet nd\u00ebrkomb\u00ebtare, por zgjidhjet q\u00eb ofron propozimi, praktika nd\u00ebrkomb\u00ebtare nuk i njeh. A thua se propozuesi mendon se ne nuk kemi t\u00eb atill\u00eb q\u00eb t\u2019i hetojn\u00eb hilet e tyre, apo v\u00ebrtet jan\u00eb t\u00eb bindur se faktori nd\u00ebrkomb\u00ebtar \u00ebsht\u00eb i gatsh\u00ebm q\u00eb t\u00eb p\u00ebrsh\u00ebndes\u00eb \u00e7far\u00ebdo q\u00eb ofron Podgorica zyrtare, sidomos kur jan\u00eb n\u00eb pyetje shqiptar\u00ebt. Ndoshta ata po, por ne e kemi me borxh, q\u00eb t\u00eb gjith\u00eb, pa dallim partie e bindjeje politike, t\u00eb ngrehim z\u00ebrin p\u00ebr k\u00ebso tentativash, e jo m\u00eb shkeljesh. M\u00eb n\u00eb fund, propozimet e tilla fyejn\u00eb inteligjencin\u00eb mal\u00ebsore, kurse heshtja do t\u00eb fyente dinjitetin ton\u00eb. Andaj, ne nuk guxojm\u00eb t\u00eb heshtim.<\/p>\n<p>Me Ligjin aktual mbi kryeqytetin, Komuna urbane mund t\u00eb mos jepte p\u00eblqim n\u00eb Planin hap\u00ebsinor n\u00eb territorin e vet, kurse me propozim ndryshimet, kjo e drejt\u00eb i merret. N\u00eb planet e tilla ne vet\u00ebm do t\u00eb mund t\u00eb japim mendim, q\u00eb nuk obligon ndok\u00ebnd. Pra vazhdohet me centralizim. A mos centralizimi \u00ebsht\u00eb norm\u00eb e akteve nd\u00ebrkomb\u00ebtare? A thua se me t\u00eb mund t\u00eb ecet n\u00eb Evrop\u00eb?<br \/>\nNj\u00eb ndryshim tjet\u00ebr \u00ebsht\u00eb edhe kufizimi i mandatit t\u00eb sekretarit, i cili sipas t\u00eb gjitha gjasave duhet t\u2019i n\u00ebnshtrohet politik\u00ebs. Po ku mbetet at\u00ebher\u00eb profesionalizmi dhe pavar\u00ebsia e veprimit t\u00eb njeriut num\u00ebr nj\u00eb, p\u00ebrgjegj\u00ebs p\u00ebr ligjet.<br \/>\nSidoqoft\u00eb, pra nuk \u00ebsht\u00eb fjala vet\u00ebm p\u00ebr do ndryshime kozmetike e p\u00ebr aq m\u00eb pak q\u00eb p\u00ebrmir\u00ebsojn\u00eb statusin e KU, si\u00e7 paralajm\u00ebrohej, por ato \u00e7rr\u00ebnjosin \u00e7do mund\u00ebsi t\u00eb influenc\u00ebs s\u00eb k\u00ebtij surrogat pushteti dhe le pak shpres\u00eb se k\u00ebrkesa jon\u00eb p\u00ebr komun\u00eb t\u00eb plot\u00eb trajtohet seriozisht\u00a0 nga Podgorica zyrtare. Ata, thjesht, injorojn\u00eb \u00e7do k\u00ebrkes\u00eb q\u00eb vjen nga Mal\u00ebsia.<br \/>\nKy reagim imi nuk \u00ebsht\u00eb mendim zyrtar i organit q\u00eb p\u00ebrfaq\u00ebsoj, sepse ai do t\u00eb pasoj\u00eb, por thjesht nj\u00eb klithje q\u00eb shp\u00ebrthen nga propozimet e k\u00ebtilla. Le t\u00eb jet\u00eb ky nj\u00eb apel p\u00ebr t\u00eb gjith\u00eb ata q\u00eb kan\u00eb fituar premtime, e sidomos p\u00ebr ata q\u00eb i besojn\u00eb ato, q\u00eb t\u00eb rishqyrtojn\u00eb q\u00ebndrimin e vet dhe, p\u00ebr hir t\u00eb nd\u00ebrgjegjes s\u00eb vet e nevoj\u00ebs s\u00eb qytetar\u00ebve t\u00eb Mal\u00ebsis\u00eb, t\u00eb nd\u00ebrmarrin \u00e7ka \u00ebsht\u00eb e mundur q\u00eb t\u00eb mos jemi p\u00ebrs\u00ebri t\u00eb tradhtuar, p\u00ebrs\u00ebri t\u00eb n\u00ebp\u00ebrk\u00ebmbur, p\u00ebrs\u00ebri n\u00eb pritje t\u00eb asaj q\u00eb \u00ebsht\u00eb dashur t\u00eb ndodh\u00eb dje.<\/p>\n<p>(autori \u00ebsht\u00eb kryetar\u00eb i K.U. t\u00eb Tuzit)<br \/>\n<strong>Nikoll\u00eb Camaj<br \/>\nKoha Javore<\/strong><\/p>\n","protected":false},"excerpt":{"rendered":"<p>Centralizimi nuk \u00ebsht\u00eb norm\u00eb nd\u00ebrkomb\u00ebtare Ndryshimet pozitive q\u00eb ishin paralajm\u00ebruar, e q\u00eb do t\u00eb ishin n\u00eb funksion t\u00eb kap\u00ebrcimit t\u00eb situat\u00ebs, p\u00ebr hir t\u00eb nevojave politike t\u00eb Podgoric\u00ebs, (!), e q\u00eb kan\u00eb t\u00eb b\u00ebjn\u00eb me ndryshimin e m\u00ebnyr\u00ebs s\u00eb financimit, caktimit t\u00eb prioriteteve, zhvendosjes s\u00eb kompetencave nga Kryeqyteti drejt komunave urbane, e jo e kund\u00ebrta, [&hellip;]<\/p>\n","protected":false},"author":1,"featured_media":0,"comment_status":"open","ping_status":"closed","sticky":false,"template":"","format":"standard","meta":{"spay_email":"","jetpack_publicize_message":"","jetpack_is_tweetstorm":false,"jetpack_publicize_feature_enabled":true},"categories":[12],"tags":[189],"jetpack_publicize_connections":[],"yoast_head":"<!-- This site is optimized with the Yoast SEO plugin v19.1 - https:\/\/yoast.com\/wordpress\/plugins\/seo\/ -->\n<title>Ndryshimet e ligjit mbi kryeqytetin - Lajme nga Ulqini<\/title>\n<meta name=\"description\" content=\"Centralizimi nuk \u00ebsht\u00eb norm\u00eb nd\u00ebrkomb\u00ebtare Ndryshimet pozitive q\u00eb ishin paralajm\u00ebruar, e q\u00eb do t\u00eb ishin n\u00eb funksion t\u00eb kap\u00ebrcimit t\u00eb situat\u00ebs, p\u00ebr hir t\u00eb\" \/>\n<meta name=\"robots\" content=\"index, follow, max-snippet:-1, max-image-preview:large, max-video-preview:-1\" \/>\n<link rel=\"canonical\" href=\"https:\/\/www.visit-ulcinj.com\/blog\/2010\/03\/01\/ndryshimet-e-ligjit-mbi-kryeqytetin\/\" \/>\n<meta property=\"og:locale\" content=\"en_US\" \/>\n<meta property=\"og:type\" content=\"article\" \/>\n<meta property=\"og:title\" content=\"Ndryshimet e ligjit mbi kryeqytetin - Lajme nga Ulqini\" \/>\n<meta property=\"og:description\" content=\"Centralizimi nuk \u00ebsht\u00eb norm\u00eb nd\u00ebrkomb\u00ebtare Ndryshimet pozitive q\u00eb ishin paralajm\u00ebruar, e q\u00eb do t\u00eb ishin n\u00eb funksion t\u00eb kap\u00ebrcimit t\u00eb situat\u00ebs, p\u00ebr hir t\u00eb\" \/>\n<meta property=\"og:url\" content=\"https:\/\/www.visit-ulcinj.com\/blog\/2010\/03\/01\/ndryshimet-e-ligjit-mbi-kryeqytetin\/\" \/>\n<meta property=\"og:site_name\" content=\"Lajme nga Ulqini\" \/>\n<meta property=\"article:published_time\" content=\"2010-03-01T11:30:05+00:00\" \/>\n<meta name=\"twitter:label1\" content=\"Written by\" \/>\n\t<meta name=\"twitter:data1\" content=\"ulqini\" \/>\n\t<meta name=\"twitter:label2\" content=\"Est. reading time\" \/>\n\t<meta name=\"twitter:data2\" content=\"5 minutes\" \/>\n<script type=\"application\/ld+json\" class=\"yoast-schema-graph\">{\"@context\":\"https:\/\/schema.org\",\"@graph\":[{\"@type\":\"WebSite\",\"@id\":\"https:\/\/www.visit-ulcinj.com\/blog\/#website\",\"url\":\"https:\/\/www.visit-ulcinj.com\/blog\/\",\"name\":\"Lajme nga Ulqini\",\"description\":\"Lajme,Vijesti,Ulqini,Ulqin,Crna Gora,Mali i Zi\",\"potentialAction\":[{\"@type\":\"SearchAction\",\"target\":{\"@type\":\"EntryPoint\",\"urlTemplate\":\"https:\/\/www.visit-ulcinj.com\/blog\/?s={search_term_string}\"},\"query-input\":\"required name=search_term_string\"}],\"inLanguage\":\"en-US\"},{\"@type\":\"WebPage\",\"@id\":\"https:\/\/www.visit-ulcinj.com\/blog\/2010\/03\/01\/ndryshimet-e-ligjit-mbi-kryeqytetin\/#webpage\",\"url\":\"https:\/\/www.visit-ulcinj.com\/blog\/2010\/03\/01\/ndryshimet-e-ligjit-mbi-kryeqytetin\/\",\"name\":\"Ndryshimet e ligjit mbi kryeqytetin - Lajme nga Ulqini\",\"isPartOf\":{\"@id\":\"https:\/\/www.visit-ulcinj.com\/blog\/#website\"},\"datePublished\":\"2010-03-01T11:30:05+00:00\",\"dateModified\":\"2010-03-01T11:30:05+00:00\",\"author\":{\"@id\":\"https:\/\/www.visit-ulcinj.com\/blog\/#\/schema\/person\/dcab619c614d3038751c63bc2aadc06d\"},\"description\":\"Centralizimi nuk \u00ebsht\u00eb norm\u00eb nd\u00ebrkomb\u00ebtare Ndryshimet pozitive q\u00eb ishin paralajm\u00ebruar, e q\u00eb do t\u00eb ishin n\u00eb funksion t\u00eb kap\u00ebrcimit t\u00eb situat\u00ebs, p\u00ebr hir t\u00eb\",\"breadcrumb\":{\"@id\":\"https:\/\/www.visit-ulcinj.com\/blog\/2010\/03\/01\/ndryshimet-e-ligjit-mbi-kryeqytetin\/#breadcrumb\"},\"inLanguage\":\"en-US\",\"potentialAction\":[{\"@type\":\"ReadAction\",\"target\":[\"https:\/\/www.visit-ulcinj.com\/blog\/2010\/03\/01\/ndryshimet-e-ligjit-mbi-kryeqytetin\/\"]}]},{\"@type\":\"BreadcrumbList\",\"@id\":\"https:\/\/www.visit-ulcinj.com\/blog\/2010\/03\/01\/ndryshimet-e-ligjit-mbi-kryeqytetin\/#breadcrumb\",\"itemListElement\":[{\"@type\":\"ListItem\",\"position\":1,\"name\":\"Ndryshimet e ligjit mbi kryeqytetin\"}]},{\"@type\":\"Person\",\"@id\":\"https:\/\/www.visit-ulcinj.com\/blog\/#\/schema\/person\/dcab619c614d3038751c63bc2aadc06d\",\"name\":\"ulqini\",\"sameAs\":[\"http:\/\/www.visit-ulcinj.com\"],\"url\":\"https:\/\/www.visit-ulcinj.com\/blog\/author\/admin\/\"}]}<\/script>\n<!-- \/ Yoast SEO plugin. -->","yoast_head_json":{"title":"Ndryshimet e ligjit mbi kryeqytetin - Lajme nga Ulqini","description":"Centralizimi nuk \u00ebsht\u00eb norm\u00eb nd\u00ebrkomb\u00ebtare Ndryshimet pozitive q\u00eb ishin paralajm\u00ebruar, e q\u00eb do t\u00eb ishin n\u00eb funksion t\u00eb kap\u00ebrcimit t\u00eb situat\u00ebs, p\u00ebr hir t\u00eb","robots":{"index":"index","follow":"follow","max-snippet":"max-snippet:-1","max-image-preview":"max-image-preview:large","max-video-preview":"max-video-preview:-1"},"canonical":"https:\/\/www.visit-ulcinj.com\/blog\/2010\/03\/01\/ndryshimet-e-ligjit-mbi-kryeqytetin\/","og_locale":"en_US","og_type":"article","og_title":"Ndryshimet e ligjit mbi kryeqytetin - Lajme nga Ulqini","og_description":"Centralizimi nuk \u00ebsht\u00eb norm\u00eb nd\u00ebrkomb\u00ebtare Ndryshimet pozitive q\u00eb ishin paralajm\u00ebruar, e q\u00eb do t\u00eb ishin n\u00eb funksion t\u00eb kap\u00ebrcimit t\u00eb situat\u00ebs, p\u00ebr hir t\u00eb","og_url":"https:\/\/www.visit-ulcinj.com\/blog\/2010\/03\/01\/ndryshimet-e-ligjit-mbi-kryeqytetin\/","og_site_name":"Lajme nga Ulqini","article_published_time":"2010-03-01T11:30:05+00:00","twitter_misc":{"Written by":"ulqini","Est. reading time":"5 minutes"},"schema":{"@context":"https:\/\/schema.org","@graph":[{"@type":"WebSite","@id":"https:\/\/www.visit-ulcinj.com\/blog\/#website","url":"https:\/\/www.visit-ulcinj.com\/blog\/","name":"Lajme nga Ulqini","description":"Lajme,Vijesti,Ulqini,Ulqin,Crna Gora,Mali i Zi","potentialAction":[{"@type":"SearchAction","target":{"@type":"EntryPoint","urlTemplate":"https:\/\/www.visit-ulcinj.com\/blog\/?s={search_term_string}"},"query-input":"required name=search_term_string"}],"inLanguage":"en-US"},{"@type":"WebPage","@id":"https:\/\/www.visit-ulcinj.com\/blog\/2010\/03\/01\/ndryshimet-e-ligjit-mbi-kryeqytetin\/#webpage","url":"https:\/\/www.visit-ulcinj.com\/blog\/2010\/03\/01\/ndryshimet-e-ligjit-mbi-kryeqytetin\/","name":"Ndryshimet e ligjit mbi kryeqytetin - Lajme nga Ulqini","isPartOf":{"@id":"https:\/\/www.visit-ulcinj.com\/blog\/#website"},"datePublished":"2010-03-01T11:30:05+00:00","dateModified":"2010-03-01T11:30:05+00:00","author":{"@id":"https:\/\/www.visit-ulcinj.com\/blog\/#\/schema\/person\/dcab619c614d3038751c63bc2aadc06d"},"description":"Centralizimi nuk \u00ebsht\u00eb norm\u00eb nd\u00ebrkomb\u00ebtare Ndryshimet pozitive q\u00eb ishin paralajm\u00ebruar, e q\u00eb do t\u00eb ishin n\u00eb funksion t\u00eb kap\u00ebrcimit t\u00eb situat\u00ebs, p\u00ebr hir t\u00eb","breadcrumb":{"@id":"https:\/\/www.visit-ulcinj.com\/blog\/2010\/03\/01\/ndryshimet-e-ligjit-mbi-kryeqytetin\/#breadcrumb"},"inLanguage":"en-US","potentialAction":[{"@type":"ReadAction","target":["https:\/\/www.visit-ulcinj.com\/blog\/2010\/03\/01\/ndryshimet-e-ligjit-mbi-kryeqytetin\/"]}]},{"@type":"BreadcrumbList","@id":"https:\/\/www.visit-ulcinj.com\/blog\/2010\/03\/01\/ndryshimet-e-ligjit-mbi-kryeqytetin\/#breadcrumb","itemListElement":[{"@type":"ListItem","position":1,"name":"Ndryshimet e ligjit mbi kryeqytetin"}]},{"@type":"Person","@id":"https:\/\/www.visit-ulcinj.com\/blog\/#\/schema\/person\/dcab619c614d3038751c63bc2aadc06d","name":"ulqini","sameAs":["http:\/\/www.visit-ulcinj.com"],"url":"https:\/\/www.visit-ulcinj.com\/blog\/author\/admin\/"}]}},"jetpack_featured_media_url":"","jetpack_sharing_enabled":true,"jetpack_shortlink":"https:\/\/wp.me\/pe6lTn-80t","_links":{"self":[{"href":"https:\/\/www.visit-ulcinj.com\/blog\/wp-json\/wp\/v2\/posts\/30781"}],"collection":[{"href":"https:\/\/www.visit-ulcinj.com\/blog\/wp-json\/wp\/v2\/posts"}],"about":[{"href":"https:\/\/www.visit-ulcinj.com\/blog\/wp-json\/wp\/v2\/types\/post"}],"author":[{"embeddable":true,"href":"https:\/\/www.visit-ulcinj.com\/blog\/wp-json\/wp\/v2\/users\/1"}],"replies":[{"embeddable":true,"href":"https:\/\/www.visit-ulcinj.com\/blog\/wp-json\/wp\/v2\/comments?post=30781"}],"version-history":[{"count":0,"href":"https:\/\/www.visit-ulcinj.com\/blog\/wp-json\/wp\/v2\/posts\/30781\/revisions"}],"wp:attachment":[{"href":"https:\/\/www.visit-ulcinj.com\/blog\/wp-json\/wp\/v2\/media?parent=30781"}],"wp:term":[{"taxonomy":"category","embeddable":true,"href":"https:\/\/www.visit-ulcinj.com\/blog\/wp-json\/wp\/v2\/categories?post=30781"},{"taxonomy":"post_tag","embeddable":true,"href":"https:\/\/www.visit-ulcinj.com\/blog\/wp-json\/wp\/v2\/tags?post=30781"}],"curies":[{"name":"wp","href":"https:\/\/api.w.org\/{rel}","templated":true}]}}