{"id":30787,"date":"2010-03-01T14:13:46","date_gmt":"2010-03-01T12:13:46","guid":{"rendered":"http:\/\/www.visit-ulcinj.com\/blog\/?p=30787"},"modified":"2010-03-01T14:13:46","modified_gmt":"2010-03-01T12:13:46","slug":"%e2%80%9ctyrbja-e-faneve%e2%80%9dhuazuar-nga-libri-koha-e-sheges","status":"publish","type":"post","link":"https:\/\/www.visit-ulcinj.com\/blog\/2010\/03\/01\/%e2%80%9ctyrbja-e-faneve%e2%80%9dhuazuar-nga-libri-koha-e-sheges\/","title":{"rendered":"\u201cTyrbja e Fan\u00ebve\u201d,(huazuar nga libri Koha e Sheges)"},"content":{"rendered":"<p><a href=\"http:\/\/www.visit-ulcinj.com\/blog\/wp-content\/uploads\/2010\/03\/Tyrbja-e-Faneve_ulqin.1.jpg\"><img loading=\"lazy\" class=\"alignleft size-full wp-image-30789\" title=\"Tyrbja e Faneve_ulqin.1\" src=\"http:\/\/www.visit-ulcinj.com\/blog\/wp-content\/uploads\/2010\/03\/Tyrbja-e-Faneve_ulqin.1.jpg\" alt=\"Tyrbja e Faneve_ulqin.1\" width=\"580\" height=\"400\" \/><\/a>Po nga nan\u00ebmadhja e kishim porosi q\u00eb nga droja ndaj Zotit disa nikla t\u00eb  holla t\u2019i \u00e7onim n\u00eb tyrben e shenjtor\u00ebve n\u00eb ran\u00eb, q\u00eb quhej \u201cTyrbja e  Fan\u00ebve\u201d, dy v\u00ebllez\u00ebr t\u00eb varrosur aty buz\u00eb plazhit t\u00eb vog\u00ebl. Aty gjithnj\u00eb  ndizen qirinj dhe nd\u00ebrrohen havljijat-peshqir\u00ebt e temista-past\u00ebrta dhe  kjo pamje neve na ngjallte nj\u00eb respekt t\u00eb jasht\u00ebzakont\u00eb. U munduan  njer\u00ebzit e \u00e7artur t\u00eb qytetit ta zhduknin tyrben e Fan\u00ebve, por ata  zhduk\u00ebn veten. T\u00eb gjitha festat respektoheshin n\u00eb Ulqinin ton\u00eb, sidomos  ajo e Shin Gjergjit (Sh\u00ebn Gjergjit). Rasti p\u00ebr t\u2019u th\u00ebn\u00eb patjet\u00ebr, o  Zot! Tani ne f\u00ebmij\u00ebt e m\u00ebhall\u00ebs e dinim se ardhja e ngroht\u00ebsis\u00eb s\u00eb  stin\u00ebs prandvera, sjell Shinjergjin e na befasonte me hithrat dhe lulet e  v\u00ebna nga gjyshja n\u00eb n\u00ebnkres\u00eb t\u00eb shtratit ton\u00eb. Njehnim-ngriheshim brof  me k\u00ebmb\u00eb t\u00eb djegura. \u201cErdhi lum Shin Gjergji!\u201d Por ne m\u00eb shum\u00eb   shendeshim se dinim q\u00eb do p\u00ebrcillnim nga pas p\u00ebr t\u00eb  p\u00ebrjetuar ritin  p\u00ebrvjetor nga axha Cuf Brahushi, q\u00eb t\u00ebr\u00eb rrug\u00ebt, nga e reja, Meraja,  Totoshi, Rana, Meterizi, Kroni Ballos (n\u00eb Ulqin \u00e7do \u00e7ezm\u00eb e sht\u00ebpis\u00eb  quhet kru dhe \u00e7do nam e hankove t\u00eb Ulqinit, kur b\u00ebnin shamata u n\u00ebmnin e  faronin me fjal\u00ebn \u201cblefsh oj\u00eb (uj\u00eb) qi pifsh\u00eb\u201d); sot nj\u00ebmend po blejm\u00eb  ujin q\u00eb pim\u00eb, po shyqyr q\u00eb ka), Prroni, Gjerana, Kalaja, shkonte me nj\u00eb  kallam t\u00eb gjat\u00eb n\u00eb dor\u00eb me \u2018aman, zaman, aman, zaman\u2019, n\u00eb k\u00ebt\u00eb kallam  mbante rub\u00ebn n\u00eb maje t\u00eb saj, pra nj\u00eb fasolet\u00eb-mandil\u00eb t\u00eb ngulur mbi  kallam dhe trokiste trapazaneve-penxhereve t\u00eb sht\u00ebpive ulqinake, ku  ushtonte duke virr\u00eb me k\u00ebng\u00ebn, thirrjen, URAT\u00cbN qindravje\u00e7are:<\/p>\n<p>Llaxare, Llaxare,<br \/>\na ke pare, Cuf a\u2019te?<br \/>\nEj, Zat, si na re!<br \/>\nKush ma dhasht\u00eb<br \/>\nnji kok\u00ebrr ve,<br \/>\ni dhasht\u00eb Zoti nji pend qe.<br \/>\nKush ma dhasht\u00eb<br \/>\nnji kok\u00ebrr arr\u00eb,<br \/>\ni dhasht\u00eb Zoti nji djal\u00eb.<br \/>\nKush ma dhasht\u00eb<br \/>\nnji kok\u00ebrr fik,<br \/>\nI dhasht\u00eb Zoti nj\u00eb kaik (vark\u00eb me rrema)<\/p>\n<p><strong><a href=\"http:\/\/www.facebook.com\/pages\/VALDANOS\/317003033858?ref=pymk&amp;v=wall#!\/notes\/naim-flamuri\/katundi-milla-dhe-vorri-i-harapit-huazuar-nga-libri-koha-e-shegesnsflamuri\/330325868166\" target=\"_blank\"><span title=\"HPHP\">Facebook: <\/span>Naim &amp; Sami  Flamuri<\/a><\/strong><br \/>\n\n\t\t<style type=\"text\/css\">\n\t\t\t#gallery-1 {\n\t\t\t\tmargin: auto;\n\t\t\t}\n\t\t\t#gallery-1 .gallery-item {\n\t\t\t\tfloat: left;\n\t\t\t\tmargin-top: 10px;\n\t\t\t\ttext-align: center;\n\t\t\t\twidth: 33%;\n\t\t\t}\n\t\t\t#gallery-1 img {\n\t\t\t\tborder: 2px solid #cfcfcf;\n\t\t\t}\n\t\t\t#gallery-1 .gallery-caption {\n\t\t\t\tmargin-left: 0;\n\t\t\t}\n\t\t\t\/* see gallery_shortcode() in wp-includes\/media.php *\/\n\t\t<\/style>\n\t\t<div id='gallery-1' class='gallery galleryid-30787 gallery-columns-3 gallery-size-thumbnail'><dl class='gallery-item'>\n\t\t\t<dt class='gallery-icon landscape'>\n\t\t\t\t<a href='https:\/\/www.visit-ulcinj.com\/blog\/wp-content\/uploads\/2010\/03\/Tyrbja-e-Faneve_ulqin.jpg'><img width=\"150\" height=\"150\" src=\"https:\/\/www.visit-ulcinj.com\/blog\/wp-content\/uploads\/2010\/03\/Tyrbja-e-Faneve_ulqin-150x150.jpg\" class=\"attachment-thumbnail size-thumbnail\" alt=\"\" loading=\"lazy\" \/><\/a>\n\t\t\t<\/dt><\/dl><dl class='gallery-item'>\n\t\t\t<dt class='gallery-icon landscape'>\n\t\t\t\t<a href='https:\/\/www.visit-ulcinj.com\/blog\/wp-content\/uploads\/2010\/03\/Tyrbja-e-Faneve_ulqin.1.jpg'><img width=\"150\" height=\"150\" src=\"https:\/\/www.visit-ulcinj.com\/blog\/wp-content\/uploads\/2010\/03\/Tyrbja-e-Faneve_ulqin.1-150x150.jpg\" class=\"attachment-thumbnail size-thumbnail\" alt=\"\" loading=\"lazy\" \/><\/a>\n\t\t\t<\/dt><\/dl><dl class='gallery-item'>\n\t\t\t<dt class='gallery-icon landscape'>\n\t\t\t\t<a href='https:\/\/www.visit-ulcinj.com\/blog\/wp-content\/uploads\/2010\/03\/Tyrbja-e-Faneve_ulqin.2.jpg'><img width=\"150\" height=\"150\" src=\"https:\/\/www.visit-ulcinj.com\/blog\/wp-content\/uploads\/2010\/03\/Tyrbja-e-Faneve_ulqin.2-150x150.jpg\" class=\"attachment-thumbnail size-thumbnail\" alt=\"\" loading=\"lazy\" \/><\/a>\n\t\t\t<\/dt><\/dl><br style=\"clear: both\" \/>\n\t\t<\/div>\n<br \/>\n<!--YouTube Error: bad URL entered--><\/p>\n","protected":false},"excerpt":{"rendered":"<p>Po nga nan\u00ebmadhja e kishim porosi q\u00eb nga droja ndaj Zotit disa nikla t\u00eb holla t\u2019i \u00e7onim n\u00eb tyrben e shenjtor\u00ebve n\u00eb ran\u00eb, q\u00eb quhej \u201cTyrbja e Fan\u00ebve\u201d, dy v\u00ebllez\u00ebr t\u00eb varrosur aty buz\u00eb plazhit t\u00eb vog\u00ebl. Aty gjithnj\u00eb ndizen qirinj dhe nd\u00ebrrohen havljijat-peshqir\u00ebt e temista-past\u00ebrta dhe kjo pamje neve na ngjallte nj\u00eb respekt t\u00eb [&hellip;]<\/p>\n","protected":false},"author":1,"featured_media":0,"comment_status":"open","ping_status":"closed","sticky":false,"template":"","format":"standard","meta":{"spay_email":"","jetpack_publicize_message":"","jetpack_is_tweetstorm":false,"jetpack_publicize_feature_enabled":true},"categories":[4],"tags":[13680,1658,200,18,13679],"jetpack_publicize_connections":[],"yoast_head":"<!-- This site is optimized with the Yoast SEO plugin v19.1 - https:\/\/yoast.com\/wordpress\/plugins\/seo\/ -->\n<title>\u201cTyrbja e Fan\u00ebve\u201d,(huazuar nga libri Koha e Sheges) - Lajme nga Ulqini<\/title>\n<meta name=\"description\" content=\"Po nga nan\u00ebmadhja e kishim porosi q\u00eb nga droja ndaj Zotit disa nikla t\u00eb holla t\u2019i \u00e7onim n\u00eb tyrben e shenjtor\u00ebve n\u00eb ran\u00eb, q\u00eb quhej \u201cTyrbja e Fan\u00ebve\u201d, dy\" \/>\n<meta name=\"robots\" content=\"index, follow, max-snippet:-1, max-image-preview:large, max-video-preview:-1\" \/>\n<link rel=\"canonical\" href=\"https:\/\/www.visit-ulcinj.com\/blog\/2010\/03\/01\/\u201ctyrbja-e-faneve\u201dhuazuar-nga-libri-koha-e-sheges\/\" \/>\n<meta property=\"og:locale\" content=\"en_US\" \/>\n<meta property=\"og:type\" content=\"article\" \/>\n<meta property=\"og:title\" content=\"\u201cTyrbja e Fan\u00ebve\u201d,(huazuar nga libri Koha e Sheges) - Lajme nga Ulqini\" \/>\n<meta property=\"og:description\" content=\"Po nga nan\u00ebmadhja e kishim porosi q\u00eb nga droja ndaj Zotit disa nikla t\u00eb holla t\u2019i \u00e7onim n\u00eb tyrben e shenjtor\u00ebve n\u00eb ran\u00eb, q\u00eb quhej \u201cTyrbja e Fan\u00ebve\u201d, dy\" \/>\n<meta property=\"og:url\" content=\"https:\/\/www.visit-ulcinj.com\/blog\/2010\/03\/01\/\u201ctyrbja-e-faneve\u201dhuazuar-nga-libri-koha-e-sheges\/\" \/>\n<meta property=\"og:site_name\" content=\"Lajme nga Ulqini\" \/>\n<meta property=\"article:published_time\" content=\"2010-03-01T12:13:46+00:00\" \/>\n<meta property=\"og:image\" content=\"https:\/\/www.visit-ulcinj.com\/blog\/wp-content\/uploads\/2010\/03\/Tyrbja-e-Faneve_ulqin-150x150.jpg\" \/>\n<meta name=\"twitter:label1\" content=\"Written by\" \/>\n\t<meta name=\"twitter:data1\" content=\"ulqini\" \/>\n\t<meta name=\"twitter:label2\" content=\"Est. reading time\" \/>\n\t<meta name=\"twitter:data2\" content=\"2 minutes\" \/>\n<script type=\"application\/ld+json\" class=\"yoast-schema-graph\">{\"@context\":\"https:\/\/schema.org\",\"@graph\":[{\"@type\":\"WebSite\",\"@id\":\"https:\/\/www.visit-ulcinj.com\/blog\/#website\",\"url\":\"https:\/\/www.visit-ulcinj.com\/blog\/\",\"name\":\"Lajme nga Ulqini\",\"description\":\"Lajme,Vijesti,Ulqini,Ulqin,Crna Gora,Mali i Zi\",\"potentialAction\":[{\"@type\":\"SearchAction\",\"target\":{\"@type\":\"EntryPoint\",\"urlTemplate\":\"https:\/\/www.visit-ulcinj.com\/blog\/?s={search_term_string}\"},\"query-input\":\"required name=search_term_string\"}],\"inLanguage\":\"en-US\"},{\"@type\":\"ImageObject\",\"inLanguage\":\"en-US\",\"@id\":\"https:\/\/www.visit-ulcinj.com\/blog\/2010\/03\/01\/%e2%80%9ctyrbja-e-faneve%e2%80%9dhuazuar-nga-libri-koha-e-sheges\/#primaryimage\",\"url\":\"https:\/\/www.visit-ulcinj.com\/blog\/wp-content\/uploads\/2010\/03\/Tyrbja-e-Faneve_ulqin.1.jpg\",\"contentUrl\":\"https:\/\/www.visit-ulcinj.com\/blog\/wp-content\/uploads\/2010\/03\/Tyrbja-e-Faneve_ulqin.1.jpg\",\"width\":\"938\",\"height\":\"548\"},{\"@type\":\"WebPage\",\"@id\":\"https:\/\/www.visit-ulcinj.com\/blog\/2010\/03\/01\/%e2%80%9ctyrbja-e-faneve%e2%80%9dhuazuar-nga-libri-koha-e-sheges\/#webpage\",\"url\":\"https:\/\/www.visit-ulcinj.com\/blog\/2010\/03\/01\/%e2%80%9ctyrbja-e-faneve%e2%80%9dhuazuar-nga-libri-koha-e-sheges\/\",\"name\":\"\u201cTyrbja e Fan\u00ebve\u201d,(huazuar nga libri Koha e Sheges) - Lajme nga Ulqini\",\"isPartOf\":{\"@id\":\"https:\/\/www.visit-ulcinj.com\/blog\/#website\"},\"primaryImageOfPage\":{\"@id\":\"https:\/\/www.visit-ulcinj.com\/blog\/2010\/03\/01\/%e2%80%9ctyrbja-e-faneve%e2%80%9dhuazuar-nga-libri-koha-e-sheges\/#primaryimage\"},\"datePublished\":\"2010-03-01T12:13:46+00:00\",\"dateModified\":\"2010-03-01T12:13:46+00:00\",\"author\":{\"@id\":\"https:\/\/www.visit-ulcinj.com\/blog\/#\/schema\/person\/dcab619c614d3038751c63bc2aadc06d\"},\"description\":\"Po nga nan\u00ebmadhja e kishim porosi q\u00eb nga droja ndaj Zotit disa nikla t\u00eb holla t\u2019i \u00e7onim n\u00eb tyrben e shenjtor\u00ebve n\u00eb ran\u00eb, q\u00eb quhej \u201cTyrbja e Fan\u00ebve\u201d, dy\",\"breadcrumb\":{\"@id\":\"https:\/\/www.visit-ulcinj.com\/blog\/2010\/03\/01\/%e2%80%9ctyrbja-e-faneve%e2%80%9dhuazuar-nga-libri-koha-e-sheges\/#breadcrumb\"},\"inLanguage\":\"en-US\",\"potentialAction\":[{\"@type\":\"ReadAction\",\"target\":[\"https:\/\/www.visit-ulcinj.com\/blog\/2010\/03\/01\/%e2%80%9ctyrbja-e-faneve%e2%80%9dhuazuar-nga-libri-koha-e-sheges\/\"]}]},{\"@type\":\"BreadcrumbList\",\"@id\":\"https:\/\/www.visit-ulcinj.com\/blog\/2010\/03\/01\/%e2%80%9ctyrbja-e-faneve%e2%80%9dhuazuar-nga-libri-koha-e-sheges\/#breadcrumb\",\"itemListElement\":[{\"@type\":\"ListItem\",\"position\":1,\"name\":\"\u201cTyrbja e Fan\u00ebve\u201d,(huazuar nga libri Koha e Sheges)\"}]},{\"@type\":\"Person\",\"@id\":\"https:\/\/www.visit-ulcinj.com\/blog\/#\/schema\/person\/dcab619c614d3038751c63bc2aadc06d\",\"name\":\"ulqini\",\"sameAs\":[\"http:\/\/www.visit-ulcinj.com\"],\"url\":\"https:\/\/www.visit-ulcinj.com\/blog\/author\/admin\/\"}]}<\/script>\n<!-- \/ Yoast SEO plugin. -->","yoast_head_json":{"title":"\u201cTyrbja e Fan\u00ebve\u201d,(huazuar nga libri Koha e Sheges) - Lajme nga Ulqini","description":"Po nga nan\u00ebmadhja e kishim porosi q\u00eb nga droja ndaj Zotit disa nikla t\u00eb holla t\u2019i \u00e7onim n\u00eb tyrben e shenjtor\u00ebve n\u00eb ran\u00eb, q\u00eb quhej \u201cTyrbja e Fan\u00ebve\u201d, dy","robots":{"index":"index","follow":"follow","max-snippet":"max-snippet:-1","max-image-preview":"max-image-preview:large","max-video-preview":"max-video-preview:-1"},"canonical":"https:\/\/www.visit-ulcinj.com\/blog\/2010\/03\/01\/\u201ctyrbja-e-faneve\u201dhuazuar-nga-libri-koha-e-sheges\/","og_locale":"en_US","og_type":"article","og_title":"\u201cTyrbja e Fan\u00ebve\u201d,(huazuar nga libri Koha e Sheges) - Lajme nga Ulqini","og_description":"Po nga nan\u00ebmadhja e kishim porosi q\u00eb nga droja ndaj Zotit disa nikla t\u00eb holla t\u2019i \u00e7onim n\u00eb tyrben e shenjtor\u00ebve n\u00eb ran\u00eb, q\u00eb quhej \u201cTyrbja e Fan\u00ebve\u201d, dy","og_url":"https:\/\/www.visit-ulcinj.com\/blog\/2010\/03\/01\/\u201ctyrbja-e-faneve\u201dhuazuar-nga-libri-koha-e-sheges\/","og_site_name":"Lajme nga Ulqini","article_published_time":"2010-03-01T12:13:46+00:00","og_image":[{"url":"https:\/\/www.visit-ulcinj.com\/blog\/wp-content\/uploads\/2010\/03\/Tyrbja-e-Faneve_ulqin-150x150.jpg"}],"twitter_misc":{"Written by":"ulqini","Est. reading time":"2 minutes"},"schema":{"@context":"https:\/\/schema.org","@graph":[{"@type":"WebSite","@id":"https:\/\/www.visit-ulcinj.com\/blog\/#website","url":"https:\/\/www.visit-ulcinj.com\/blog\/","name":"Lajme nga Ulqini","description":"Lajme,Vijesti,Ulqini,Ulqin,Crna Gora,Mali i Zi","potentialAction":[{"@type":"SearchAction","target":{"@type":"EntryPoint","urlTemplate":"https:\/\/www.visit-ulcinj.com\/blog\/?s={search_term_string}"},"query-input":"required name=search_term_string"}],"inLanguage":"en-US"},{"@type":"ImageObject","inLanguage":"en-US","@id":"https:\/\/www.visit-ulcinj.com\/blog\/2010\/03\/01\/%e2%80%9ctyrbja-e-faneve%e2%80%9dhuazuar-nga-libri-koha-e-sheges\/#primaryimage","url":"https:\/\/www.visit-ulcinj.com\/blog\/wp-content\/uploads\/2010\/03\/Tyrbja-e-Faneve_ulqin.1.jpg","contentUrl":"https:\/\/www.visit-ulcinj.com\/blog\/wp-content\/uploads\/2010\/03\/Tyrbja-e-Faneve_ulqin.1.jpg","width":"938","height":"548"},{"@type":"WebPage","@id":"https:\/\/www.visit-ulcinj.com\/blog\/2010\/03\/01\/%e2%80%9ctyrbja-e-faneve%e2%80%9dhuazuar-nga-libri-koha-e-sheges\/#webpage","url":"https:\/\/www.visit-ulcinj.com\/blog\/2010\/03\/01\/%e2%80%9ctyrbja-e-faneve%e2%80%9dhuazuar-nga-libri-koha-e-sheges\/","name":"\u201cTyrbja e Fan\u00ebve\u201d,(huazuar nga libri Koha e Sheges) - Lajme nga Ulqini","isPartOf":{"@id":"https:\/\/www.visit-ulcinj.com\/blog\/#website"},"primaryImageOfPage":{"@id":"https:\/\/www.visit-ulcinj.com\/blog\/2010\/03\/01\/%e2%80%9ctyrbja-e-faneve%e2%80%9dhuazuar-nga-libri-koha-e-sheges\/#primaryimage"},"datePublished":"2010-03-01T12:13:46+00:00","dateModified":"2010-03-01T12:13:46+00:00","author":{"@id":"https:\/\/www.visit-ulcinj.com\/blog\/#\/schema\/person\/dcab619c614d3038751c63bc2aadc06d"},"description":"Po nga nan\u00ebmadhja e kishim porosi q\u00eb nga droja ndaj Zotit disa nikla t\u00eb holla t\u2019i \u00e7onim n\u00eb tyrben e shenjtor\u00ebve n\u00eb ran\u00eb, q\u00eb quhej \u201cTyrbja e Fan\u00ebve\u201d, dy","breadcrumb":{"@id":"https:\/\/www.visit-ulcinj.com\/blog\/2010\/03\/01\/%e2%80%9ctyrbja-e-faneve%e2%80%9dhuazuar-nga-libri-koha-e-sheges\/#breadcrumb"},"inLanguage":"en-US","potentialAction":[{"@type":"ReadAction","target":["https:\/\/www.visit-ulcinj.com\/blog\/2010\/03\/01\/%e2%80%9ctyrbja-e-faneve%e2%80%9dhuazuar-nga-libri-koha-e-sheges\/"]}]},{"@type":"BreadcrumbList","@id":"https:\/\/www.visit-ulcinj.com\/blog\/2010\/03\/01\/%e2%80%9ctyrbja-e-faneve%e2%80%9dhuazuar-nga-libri-koha-e-sheges\/#breadcrumb","itemListElement":[{"@type":"ListItem","position":1,"name":"\u201cTyrbja e Fan\u00ebve\u201d,(huazuar nga libri Koha e Sheges)"}]},{"@type":"Person","@id":"https:\/\/www.visit-ulcinj.com\/blog\/#\/schema\/person\/dcab619c614d3038751c63bc2aadc06d","name":"ulqini","sameAs":["http:\/\/www.visit-ulcinj.com"],"url":"https:\/\/www.visit-ulcinj.com\/blog\/author\/admin\/"}]}},"jetpack_featured_media_url":"","jetpack_sharing_enabled":true,"jetpack_shortlink":"https:\/\/wp.me\/pe6lTn-80z","_links":{"self":[{"href":"https:\/\/www.visit-ulcinj.com\/blog\/wp-json\/wp\/v2\/posts\/30787"}],"collection":[{"href":"https:\/\/www.visit-ulcinj.com\/blog\/wp-json\/wp\/v2\/posts"}],"about":[{"href":"https:\/\/www.visit-ulcinj.com\/blog\/wp-json\/wp\/v2\/types\/post"}],"author":[{"embeddable":true,"href":"https:\/\/www.visit-ulcinj.com\/blog\/wp-json\/wp\/v2\/users\/1"}],"replies":[{"embeddable":true,"href":"https:\/\/www.visit-ulcinj.com\/blog\/wp-json\/wp\/v2\/comments?post=30787"}],"version-history":[{"count":0,"href":"https:\/\/www.visit-ulcinj.com\/blog\/wp-json\/wp\/v2\/posts\/30787\/revisions"}],"wp:attachment":[{"href":"https:\/\/www.visit-ulcinj.com\/blog\/wp-json\/wp\/v2\/media?parent=30787"}],"wp:term":[{"taxonomy":"category","embeddable":true,"href":"https:\/\/www.visit-ulcinj.com\/blog\/wp-json\/wp\/v2\/categories?post=30787"},{"taxonomy":"post_tag","embeddable":true,"href":"https:\/\/www.visit-ulcinj.com\/blog\/wp-json\/wp\/v2\/tags?post=30787"}],"curies":[{"name":"wp","href":"https:\/\/api.w.org\/{rel}","templated":true}]}}