{"id":30794,"date":"2010-03-02T20:55:41","date_gmt":"2010-03-02T18:55:41","guid":{"rendered":"http:\/\/www.visit-ulcinj.com\/blog\/?p=30794"},"modified":"2010-03-02T20:55:41","modified_gmt":"2010-03-02T18:55:41","slug":"shqiptaret-ne-mal-te-zi-te-percare-rreth-ligjit-mbi-pakicat","status":"publish","type":"post","link":"https:\/\/www.visit-ulcinj.com\/blog\/2010\/03\/02\/shqiptaret-ne-mal-te-zi-te-percare-rreth-ligjit-mbi-pakicat\/","title":{"rendered":"Shqiptar\u00ebt n\u00eb Mal t\u00eb Zi t\u00eb p\u00ebr\u00e7ar\u00eb rreth ligjit mbi pakicat"},"content":{"rendered":"<p><a href=\"http:\/\/www.visit-ulcinj.com\/blog\/wp-content\/uploads\/2010\/03\/Partit-politike-shqiptare-ne-mal-te-zi.jpg\"><img loading=\"lazy\" class=\"alignleft size-full wp-image-30795\" title=\"Partit politike shqiptare ne mal te zi\" src=\"http:\/\/www.visit-ulcinj.com\/blog\/wp-content\/uploads\/2010\/03\/Partit-politike-shqiptare-ne-mal-te-zi.jpg\" alt=\"Partit politike shqiptare ne mal te zi\" width=\"580\" height=\"400\" \/><\/a>Ulqin, 1 mars &#8211; Kryetari i Lidhjes Demokratike dhe deputet i k\u00ebsaj partie n\u00eb Kuvendin e Malit t\u00eb Zi, i ka b\u00ebr\u00eb thirrje Qeveris\u00eb s\u00eb Malit t\u00eb Zi q\u00eb t\u00eb t\u00ebrheq nga procedura Propozimligjin mbi t\u00eb drejtat dhe lirit\u00eb e pakicave, duke vler\u00ebsuar se ministria p\u00ebrkat\u00ebse synon ta v\u00ebr\u00eb n\u00ebn kontroll pun\u00ebn e k\u00ebshillave nacionale, merr vesh KosovaLive.<br \/>\nMbi k\u00ebt\u00eb draft t\u00eb ligjit, Kuvendi i Malit t\u00eb Zi do t\u00eb diskutoj\u00eb t\u00eb m\u00ebrkur\u00ebn.<br \/>\nBardhi konsideron se Qeveria, duhet t\u00eb punoj\u00eb s\u00eb bashku me p\u00ebrfaq\u00ebsuesit politik\u00eb t\u00eb pakicave, sidomos, me ata q\u00eb kan\u00eb p\u00ebrfaq\u00ebsuesit e tyre n\u00eb parlamentin republikan dhe ata lokal, p\u00ebrfaq\u00ebsuesit e k\u00ebshillave nacionale, p\u00ebr t\u00eb p\u00ebrgatitur ndryshime dhe plot\u00ebsime t\u00eb k\u00ebtij ligji.<br \/>\nSipas Bardhit, Ministria mbi t\u00eb Drejtat e Njeriut dhe Pakicave, q\u00eb drejtohet nga Unioni Demokratik i Shqiptar\u00ebve (UDSH), d\u00ebshiron t\u00eb kontrolloj\u00eb K\u00ebshillin Nacional t\u00eb Shqiptar\u00ebve. Ky, sipas gjasave \u00ebsht\u00eb edhe q\u00ebllimi i k\u00ebtij ligji, mendon Bardhi. Ai shton se mjetet financiare q\u00eb ndahen p\u00ebr pun\u00ebn e k\u00ebshillave nacionale jan\u00eb t\u00eb vogla.<br \/>\n\u201cQeveria e ka aprovuar k\u00ebt\u00eb propozimligj, i cili m\u00eb shum\u00eb \u00ebsht\u00eb hartuar nga inati dhe m\u00ebria e dikujt. K\u00ebshillat nacionale posa kan\u00eb filluar t\u00eb veprojn\u00eb, nd\u00ebrsa tash dikush synon q\u00eb \u00e7do gj\u00eb t\u00eb nis nga fillimi\u201d, n\u00ebnvizon Bardhi.<br \/>\nLideri i UDSH, Ferhat Dinosha, minist\u00ebr aktual p\u00ebr t\u00eb Drejtat e Njeriut dhe Pakicave n\u00eb Qeverin\u00eb e Malit t\u00eb Zi, q\u00eb nga themelimi i K\u00ebshillit Nacional Shqiptar ka kritikuar Lidhjen Demokratike n\u00eb Malin e Zi se \u201cka shkelur ligjin n\u00eb Kuvendin e elektor\u00ebve, duke marr\u00eb shumic\u00ebn absolute n\u00eb p\u00ebrb\u00ebrjen e k\u00ebtij k\u00ebshilli, duke mos i l\u00ebn\u00eb vend shoq\u00ebris\u00eb civile\u201d.<br \/>\nMbi k\u00ebto baza, ministri Dinosha thot\u00eb se duhet b\u00ebr\u00eb ndryshime, sepse partit\u00eb politike n\u00eb k\u00ebshilla hyjn\u00eb sipas automatizmit.<\/p>\n<p><strong>KOHA NET<\/strong><\/p>\n","protected":false},"excerpt":{"rendered":"<p>Ulqin, 1 mars &#8211; Kryetari i Lidhjes Demokratike dhe deputet i k\u00ebsaj partie n\u00eb Kuvendin e Malit t\u00eb Zi, i ka b\u00ebr\u00eb thirrje Qeveris\u00eb s\u00eb Malit t\u00eb Zi q\u00eb t\u00eb t\u00ebrheq nga procedura Propozimligjin mbi t\u00eb drejtat dhe lirit\u00eb e pakicave, duke vler\u00ebsuar se ministria p\u00ebrkat\u00ebse synon ta v\u00ebr\u00eb n\u00ebn kontroll pun\u00ebn e k\u00ebshillave nacionale, [&hellip;]<\/p>\n","protected":false},"author":1,"featured_media":0,"comment_status":"open","ping_status":"closed","sticky":false,"template":"","format":"standard","meta":{"spay_email":"","jetpack_publicize_message":"","jetpack_is_tweetstorm":false,"jetpack_publicize_feature_enabled":true},"categories":[6],"tags":[496],"jetpack_publicize_connections":[],"yoast_head":"<!-- This site is optimized with the Yoast SEO plugin v19.1 - https:\/\/yoast.com\/wordpress\/plugins\/seo\/ -->\n<title>Shqiptar\u00ebt n\u00eb Mal t\u00eb Zi t\u00eb p\u00ebr\u00e7ar\u00eb rreth ligjit mbi pakicat - Lajme nga Ulqini<\/title>\n<meta name=\"description\" content=\"Ulqin, 1 mars - Kryetari i Lidhjes Demokratike dhe deputet i k\u00ebsaj partie n\u00eb Kuvendin e Malit t\u00eb Zi, i ka b\u00ebr\u00eb thirrje Qeveris\u00eb s\u00eb Malit t\u00eb Zi q\u00eb t\u00eb\" \/>\n<meta name=\"robots\" content=\"index, follow, max-snippet:-1, max-image-preview:large, max-video-preview:-1\" \/>\n<link rel=\"canonical\" href=\"https:\/\/www.visit-ulcinj.com\/blog\/2010\/03\/02\/shqiptaret-ne-mal-te-zi-te-percare-rreth-ligjit-mbi-pakicat\/\" \/>\n<meta property=\"og:locale\" content=\"en_US\" \/>\n<meta property=\"og:type\" content=\"article\" \/>\n<meta property=\"og:title\" content=\"Shqiptar\u00ebt n\u00eb Mal t\u00eb Zi t\u00eb p\u00ebr\u00e7ar\u00eb rreth ligjit mbi pakicat - Lajme nga Ulqini\" \/>\n<meta property=\"og:description\" content=\"Ulqin, 1 mars - Kryetari i Lidhjes Demokratike dhe deputet i k\u00ebsaj partie n\u00eb Kuvendin e Malit t\u00eb Zi, i ka b\u00ebr\u00eb thirrje Qeveris\u00eb s\u00eb Malit t\u00eb Zi q\u00eb t\u00eb\" \/>\n<meta property=\"og:url\" content=\"https:\/\/www.visit-ulcinj.com\/blog\/2010\/03\/02\/shqiptaret-ne-mal-te-zi-te-percare-rreth-ligjit-mbi-pakicat\/\" \/>\n<meta property=\"og:site_name\" content=\"Lajme nga Ulqini\" \/>\n<meta property=\"article:published_time\" content=\"2010-03-02T18:55:41+00:00\" \/>\n<meta property=\"og:image\" content=\"http:\/\/www.visit-ulcinj.com\/blog\/wp-content\/uploads\/2010\/03\/Partit-politike-shqiptare-ne-mal-te-zi.jpg\" \/>\n<meta name=\"twitter:label1\" content=\"Written by\" \/>\n\t<meta name=\"twitter:data1\" content=\"ulqini\" \/>\n\t<meta name=\"twitter:label2\" content=\"Est. reading time\" \/>\n\t<meta name=\"twitter:data2\" content=\"2 minutes\" \/>\n<script type=\"application\/ld+json\" class=\"yoast-schema-graph\">{\"@context\":\"https:\/\/schema.org\",\"@graph\":[{\"@type\":\"WebSite\",\"@id\":\"https:\/\/www.visit-ulcinj.com\/blog\/#website\",\"url\":\"https:\/\/www.visit-ulcinj.com\/blog\/\",\"name\":\"Lajme nga Ulqini\",\"description\":\"Lajme,Vijesti,Ulqini,Ulqin,Crna Gora,Mali i Zi\",\"potentialAction\":[{\"@type\":\"SearchAction\",\"target\":{\"@type\":\"EntryPoint\",\"urlTemplate\":\"https:\/\/www.visit-ulcinj.com\/blog\/?s={search_term_string}\"},\"query-input\":\"required name=search_term_string\"}],\"inLanguage\":\"en-US\"},{\"@type\":\"ImageObject\",\"inLanguage\":\"en-US\",\"@id\":\"https:\/\/www.visit-ulcinj.com\/blog\/2010\/03\/02\/shqiptaret-ne-mal-te-zi-te-percare-rreth-ligjit-mbi-pakicat\/#primaryimage\",\"url\":\"https:\/\/www.visit-ulcinj.com\/blog\/wp-content\/uploads\/2010\/03\/Partit-politike-shqiptare-ne-mal-te-zi.jpg\",\"contentUrl\":\"https:\/\/www.visit-ulcinj.com\/blog\/wp-content\/uploads\/2010\/03\/Partit-politike-shqiptare-ne-mal-te-zi.jpg\",\"width\":\"580\",\"height\":\"434\"},{\"@type\":\"WebPage\",\"@id\":\"https:\/\/www.visit-ulcinj.com\/blog\/2010\/03\/02\/shqiptaret-ne-mal-te-zi-te-percare-rreth-ligjit-mbi-pakicat\/#webpage\",\"url\":\"https:\/\/www.visit-ulcinj.com\/blog\/2010\/03\/02\/shqiptaret-ne-mal-te-zi-te-percare-rreth-ligjit-mbi-pakicat\/\",\"name\":\"Shqiptar\u00ebt n\u00eb Mal t\u00eb Zi t\u00eb p\u00ebr\u00e7ar\u00eb rreth ligjit mbi pakicat - Lajme nga Ulqini\",\"isPartOf\":{\"@id\":\"https:\/\/www.visit-ulcinj.com\/blog\/#website\"},\"primaryImageOfPage\":{\"@id\":\"https:\/\/www.visit-ulcinj.com\/blog\/2010\/03\/02\/shqiptaret-ne-mal-te-zi-te-percare-rreth-ligjit-mbi-pakicat\/#primaryimage\"},\"datePublished\":\"2010-03-02T18:55:41+00:00\",\"dateModified\":\"2010-03-02T18:55:41+00:00\",\"author\":{\"@id\":\"https:\/\/www.visit-ulcinj.com\/blog\/#\/schema\/person\/dcab619c614d3038751c63bc2aadc06d\"},\"description\":\"Ulqin, 1 mars - Kryetari i Lidhjes Demokratike dhe deputet i k\u00ebsaj partie n\u00eb Kuvendin e Malit t\u00eb Zi, i ka b\u00ebr\u00eb thirrje Qeveris\u00eb s\u00eb Malit t\u00eb Zi q\u00eb t\u00eb\",\"breadcrumb\":{\"@id\":\"https:\/\/www.visit-ulcinj.com\/blog\/2010\/03\/02\/shqiptaret-ne-mal-te-zi-te-percare-rreth-ligjit-mbi-pakicat\/#breadcrumb\"},\"inLanguage\":\"en-US\",\"potentialAction\":[{\"@type\":\"ReadAction\",\"target\":[\"https:\/\/www.visit-ulcinj.com\/blog\/2010\/03\/02\/shqiptaret-ne-mal-te-zi-te-percare-rreth-ligjit-mbi-pakicat\/\"]}]},{\"@type\":\"BreadcrumbList\",\"@id\":\"https:\/\/www.visit-ulcinj.com\/blog\/2010\/03\/02\/shqiptaret-ne-mal-te-zi-te-percare-rreth-ligjit-mbi-pakicat\/#breadcrumb\",\"itemListElement\":[{\"@type\":\"ListItem\",\"position\":1,\"name\":\"Shqiptar\u00ebt n\u00eb Mal t\u00eb Zi t\u00eb p\u00ebr\u00e7ar\u00eb rreth ligjit mbi pakicat\"}]},{\"@type\":\"Person\",\"@id\":\"https:\/\/www.visit-ulcinj.com\/blog\/#\/schema\/person\/dcab619c614d3038751c63bc2aadc06d\",\"name\":\"ulqini\",\"sameAs\":[\"http:\/\/www.visit-ulcinj.com\"],\"url\":\"https:\/\/www.visit-ulcinj.com\/blog\/author\/admin\/\"}]}<\/script>\n<!-- \/ Yoast SEO plugin. -->","yoast_head_json":{"title":"Shqiptar\u00ebt n\u00eb Mal t\u00eb Zi t\u00eb p\u00ebr\u00e7ar\u00eb rreth ligjit mbi pakicat - Lajme nga Ulqini","description":"Ulqin, 1 mars - Kryetari i Lidhjes Demokratike dhe deputet i k\u00ebsaj partie n\u00eb Kuvendin e Malit t\u00eb Zi, i ka b\u00ebr\u00eb thirrje Qeveris\u00eb s\u00eb Malit t\u00eb Zi q\u00eb t\u00eb","robots":{"index":"index","follow":"follow","max-snippet":"max-snippet:-1","max-image-preview":"max-image-preview:large","max-video-preview":"max-video-preview:-1"},"canonical":"https:\/\/www.visit-ulcinj.com\/blog\/2010\/03\/02\/shqiptaret-ne-mal-te-zi-te-percare-rreth-ligjit-mbi-pakicat\/","og_locale":"en_US","og_type":"article","og_title":"Shqiptar\u00ebt n\u00eb Mal t\u00eb Zi t\u00eb p\u00ebr\u00e7ar\u00eb rreth ligjit mbi pakicat - Lajme nga Ulqini","og_description":"Ulqin, 1 mars - Kryetari i Lidhjes Demokratike dhe deputet i k\u00ebsaj partie n\u00eb Kuvendin e Malit t\u00eb Zi, i ka b\u00ebr\u00eb thirrje Qeveris\u00eb s\u00eb Malit t\u00eb Zi q\u00eb t\u00eb","og_url":"https:\/\/www.visit-ulcinj.com\/blog\/2010\/03\/02\/shqiptaret-ne-mal-te-zi-te-percare-rreth-ligjit-mbi-pakicat\/","og_site_name":"Lajme nga Ulqini","article_published_time":"2010-03-02T18:55:41+00:00","og_image":[{"url":"http:\/\/www.visit-ulcinj.com\/blog\/wp-content\/uploads\/2010\/03\/Partit-politike-shqiptare-ne-mal-te-zi.jpg"}],"twitter_misc":{"Written by":"ulqini","Est. reading time":"2 minutes"},"schema":{"@context":"https:\/\/schema.org","@graph":[{"@type":"WebSite","@id":"https:\/\/www.visit-ulcinj.com\/blog\/#website","url":"https:\/\/www.visit-ulcinj.com\/blog\/","name":"Lajme nga Ulqini","description":"Lajme,Vijesti,Ulqini,Ulqin,Crna Gora,Mali i Zi","potentialAction":[{"@type":"SearchAction","target":{"@type":"EntryPoint","urlTemplate":"https:\/\/www.visit-ulcinj.com\/blog\/?s={search_term_string}"},"query-input":"required name=search_term_string"}],"inLanguage":"en-US"},{"@type":"ImageObject","inLanguage":"en-US","@id":"https:\/\/www.visit-ulcinj.com\/blog\/2010\/03\/02\/shqiptaret-ne-mal-te-zi-te-percare-rreth-ligjit-mbi-pakicat\/#primaryimage","url":"https:\/\/www.visit-ulcinj.com\/blog\/wp-content\/uploads\/2010\/03\/Partit-politike-shqiptare-ne-mal-te-zi.jpg","contentUrl":"https:\/\/www.visit-ulcinj.com\/blog\/wp-content\/uploads\/2010\/03\/Partit-politike-shqiptare-ne-mal-te-zi.jpg","width":"580","height":"434"},{"@type":"WebPage","@id":"https:\/\/www.visit-ulcinj.com\/blog\/2010\/03\/02\/shqiptaret-ne-mal-te-zi-te-percare-rreth-ligjit-mbi-pakicat\/#webpage","url":"https:\/\/www.visit-ulcinj.com\/blog\/2010\/03\/02\/shqiptaret-ne-mal-te-zi-te-percare-rreth-ligjit-mbi-pakicat\/","name":"Shqiptar\u00ebt n\u00eb Mal t\u00eb Zi t\u00eb p\u00ebr\u00e7ar\u00eb rreth ligjit mbi pakicat - Lajme nga Ulqini","isPartOf":{"@id":"https:\/\/www.visit-ulcinj.com\/blog\/#website"},"primaryImageOfPage":{"@id":"https:\/\/www.visit-ulcinj.com\/blog\/2010\/03\/02\/shqiptaret-ne-mal-te-zi-te-percare-rreth-ligjit-mbi-pakicat\/#primaryimage"},"datePublished":"2010-03-02T18:55:41+00:00","dateModified":"2010-03-02T18:55:41+00:00","author":{"@id":"https:\/\/www.visit-ulcinj.com\/blog\/#\/schema\/person\/dcab619c614d3038751c63bc2aadc06d"},"description":"Ulqin, 1 mars - Kryetari i Lidhjes Demokratike dhe deputet i k\u00ebsaj partie n\u00eb Kuvendin e Malit t\u00eb Zi, i ka b\u00ebr\u00eb thirrje Qeveris\u00eb s\u00eb Malit t\u00eb Zi q\u00eb t\u00eb","breadcrumb":{"@id":"https:\/\/www.visit-ulcinj.com\/blog\/2010\/03\/02\/shqiptaret-ne-mal-te-zi-te-percare-rreth-ligjit-mbi-pakicat\/#breadcrumb"},"inLanguage":"en-US","potentialAction":[{"@type":"ReadAction","target":["https:\/\/www.visit-ulcinj.com\/blog\/2010\/03\/02\/shqiptaret-ne-mal-te-zi-te-percare-rreth-ligjit-mbi-pakicat\/"]}]},{"@type":"BreadcrumbList","@id":"https:\/\/www.visit-ulcinj.com\/blog\/2010\/03\/02\/shqiptaret-ne-mal-te-zi-te-percare-rreth-ligjit-mbi-pakicat\/#breadcrumb","itemListElement":[{"@type":"ListItem","position":1,"name":"Shqiptar\u00ebt n\u00eb Mal t\u00eb Zi t\u00eb p\u00ebr\u00e7ar\u00eb rreth ligjit mbi pakicat"}]},{"@type":"Person","@id":"https:\/\/www.visit-ulcinj.com\/blog\/#\/schema\/person\/dcab619c614d3038751c63bc2aadc06d","name":"ulqini","sameAs":["http:\/\/www.visit-ulcinj.com"],"url":"https:\/\/www.visit-ulcinj.com\/blog\/author\/admin\/"}]}},"jetpack_featured_media_url":"","jetpack_sharing_enabled":true,"jetpack_shortlink":"https:\/\/wp.me\/pe6lTn-80G","_links":{"self":[{"href":"https:\/\/www.visit-ulcinj.com\/blog\/wp-json\/wp\/v2\/posts\/30794"}],"collection":[{"href":"https:\/\/www.visit-ulcinj.com\/blog\/wp-json\/wp\/v2\/posts"}],"about":[{"href":"https:\/\/www.visit-ulcinj.com\/blog\/wp-json\/wp\/v2\/types\/post"}],"author":[{"embeddable":true,"href":"https:\/\/www.visit-ulcinj.com\/blog\/wp-json\/wp\/v2\/users\/1"}],"replies":[{"embeddable":true,"href":"https:\/\/www.visit-ulcinj.com\/blog\/wp-json\/wp\/v2\/comments?post=30794"}],"version-history":[{"count":0,"href":"https:\/\/www.visit-ulcinj.com\/blog\/wp-json\/wp\/v2\/posts\/30794\/revisions"}],"wp:attachment":[{"href":"https:\/\/www.visit-ulcinj.com\/blog\/wp-json\/wp\/v2\/media?parent=30794"}],"wp:term":[{"taxonomy":"category","embeddable":true,"href":"https:\/\/www.visit-ulcinj.com\/blog\/wp-json\/wp\/v2\/categories?post=30794"},{"taxonomy":"post_tag","embeddable":true,"href":"https:\/\/www.visit-ulcinj.com\/blog\/wp-json\/wp\/v2\/tags?post=30794"}],"curies":[{"name":"wp","href":"https:\/\/api.w.org\/{rel}","templated":true}]}}