{"id":30798,"date":"2010-03-02T21:09:22","date_gmt":"2010-03-02T19:09:22","guid":{"rendered":"http:\/\/www.visit-ulcinj.com\/blog\/?p=30798"},"modified":"2010-03-09T19:26:01","modified_gmt":"2010-03-09T17:26:01","slug":"diten-e-mesuesit-me-7-mars-nje-manifestim-te-vecante-ne-qendren-e-kultures-ulqin","status":"publish","type":"post","link":"https:\/\/www.visit-ulcinj.com\/blog\/2010\/03\/02\/diten-e-mesuesit-me-7-mars-nje-manifestim-te-vecante-ne-qendren-e-kultures-ulqin\/","title":{"rendered":"KNSH: Dit\u00ebn e M\u00ebsuesit me 7 Mars nj\u00eb manifestim t\u00eb ve\u00e7ant\u00eb n\u00eb Qendr\u00ebn e Kultur\u00ebs Tuz"},"content":{"rendered":"<p><strong><a href=\"http:\/\/www.visit-ulcinj.com\/blog\/wp-content\/uploads\/2010\/03\/Pllakat_7_marsi-2010.jpg\"><img loading=\"lazy\" class=\"alignleft size-full wp-image-30799\" title=\"Pllakat_7_marsi  2010\" src=\"http:\/\/www.visit-ulcinj.com\/blog\/wp-content\/uploads\/2010\/03\/Pllakat_7_marsi-2010.jpg\" alt=\"Pllakat_7_marsi  2010\" width=\"580\" height=\"812\" srcset=\"https:\/\/www.visit-ulcinj.com\/blog\/wp-content\/uploads\/2010\/03\/Pllakat_7_marsi-2010.jpg 715w, https:\/\/www.visit-ulcinj.com\/blog\/wp-content\/uploads\/2010\/03\/Pllakat_7_marsi-2010-214x300.jpg 214w\" sizes=\"(max-width: 580px) 100vw, 580px\" \/><\/a><br \/>\nKNSH organizoi sh\u00ebnimin e 7 marsit, dit\u00ebs s\u00eb m\u00ebsuesit<br \/>\n<\/strong><\/p>\n<p>Mbr\u00ebm\u00eb n\u00eb Tuz, n\u00eb organizimin e K\u00ebshilit Nacional t\u00eb Shqiptar\u00ebve , u  organizua nj\u00eb solemnitet me rastin e 7 marsit dit\u00ebs s\u00eb m\u00ebsuesit.<\/p>\n<p>N\u00eb pranin\u00eb e qytetar\u00ebve t\u00eb shumt\u00eb nga Mal\u00ebsia , Ulqini , Plava, Gucia  dhe viset tjera Shqiptare, tubimi u mbajt n\u00eb sall\u00ebn e QKI &#8220;Mal\u00ebsia&#8221; dhe  n\u00eb t\u00eb cil\u00ebn, poashtu  ishin t\u00eb pranish\u00ebm p\u00ebrfaq\u00ebsues t\u00eb shumt\u00eb t\u00eb jet\u00ebs  publike, politike dhe kulturore  si dhe veteran t\u00eb shumt\u00eb t\u00eb m\u00ebsimit  dhe edukimit t\u00eb gjeneratave t\u00eb shumta nga k\u00ebto treva.<\/p>\n<p>T\u00eb pranishmit i p\u00ebrsh\u00ebndeti Kryetari i KNSH Tahir Tahiri, kurse fjal\u00ebn e  rastit e mbajti veteran i arsimit dhe edukimit shqip n\u00eb Mal t\u00eb Zi ,  Pjet\u00ebr Dreshaj.<\/p>\n<p>M\u00eb pas u shfaq nj\u00eb program i pasur kulturo \u2013 muzikor i p\u00ebrgatitur p\u00ebr  k\u00ebt\u00eb rast.<\/p>\n","protected":false},"excerpt":{"rendered":"<p>KNSH organizoi sh\u00ebnimin e 7 marsit, dit\u00ebs s\u00eb m\u00ebsuesit Mbr\u00ebm\u00eb n\u00eb Tuz, n\u00eb organizimin e K\u00ebshilit Nacional t\u00eb Shqiptar\u00ebve , u organizua nj\u00eb solemnitet me rastin e 7 marsit dit\u00ebs s\u00eb m\u00ebsuesit. N\u00eb pranin\u00eb e qytetar\u00ebve t\u00eb shumt\u00eb nga Mal\u00ebsia , Ulqini , Plava, Gucia dhe viset tjera Shqiptare, tubimi u mbajt n\u00eb sall\u00ebn e [&hellip;]<\/p>\n","protected":false},"author":1,"featured_media":0,"comment_status":"open","ping_status":"closed","sticky":false,"template":"","format":"standard","meta":{"spay_email":"","jetpack_publicize_message":"","jetpack_is_tweetstorm":false,"jetpack_publicize_feature_enabled":true},"categories":[8],"tags":[],"jetpack_publicize_connections":[],"yoast_head":"<!-- This site is optimized with the Yoast SEO plugin v19.1 - https:\/\/yoast.com\/wordpress\/plugins\/seo\/ -->\n<title>KNSH: Dit\u00ebn e M\u00ebsuesit me 7 Mars nj\u00eb manifestim t\u00eb ve\u00e7ant\u00eb n\u00eb Qendr\u00ebn e Kultur\u00ebs Tuz - Lajme nga Ulqini<\/title>\n<meta name=\"description\" content=\"KNSH organizoi sh\u00ebnimin e 7 marsit, dit\u00ebs s\u00eb m\u00ebsuesit Mbr\u00ebm\u00eb n\u00eb Tuz, n\u00eb organizimin e K\u00ebshilit Nacional t\u00eb Shqiptar\u00ebve , u organizua nj\u00eb solemnitet me\" \/>\n<meta name=\"robots\" content=\"index, follow, max-snippet:-1, max-image-preview:large, max-video-preview:-1\" \/>\n<link rel=\"canonical\" href=\"https:\/\/www.visit-ulcinj.com\/blog\/2010\/03\/02\/diten-e-mesuesit-me-7-mars-nje-manifestim-te-vecante-ne-qendren-e-kultures-ulqin\/\" \/>\n<meta property=\"og:locale\" content=\"en_US\" \/>\n<meta property=\"og:type\" content=\"article\" \/>\n<meta property=\"og:title\" content=\"KNSH: Dit\u00ebn e M\u00ebsuesit me 7 Mars nj\u00eb manifestim t\u00eb ve\u00e7ant\u00eb n\u00eb Qendr\u00ebn e Kultur\u00ebs Tuz - Lajme nga Ulqini\" \/>\n<meta property=\"og:description\" content=\"KNSH organizoi sh\u00ebnimin e 7 marsit, dit\u00ebs s\u00eb m\u00ebsuesit Mbr\u00ebm\u00eb n\u00eb Tuz, n\u00eb organizimin e K\u00ebshilit Nacional t\u00eb Shqiptar\u00ebve , u organizua nj\u00eb solemnitet me\" \/>\n<meta property=\"og:url\" content=\"https:\/\/www.visit-ulcinj.com\/blog\/2010\/03\/02\/diten-e-mesuesit-me-7-mars-nje-manifestim-te-vecante-ne-qendren-e-kultures-ulqin\/\" \/>\n<meta property=\"og:site_name\" content=\"Lajme nga Ulqini\" \/>\n<meta property=\"article:published_time\" content=\"2010-03-02T19:09:22+00:00\" \/>\n<meta property=\"article:modified_time\" content=\"2010-03-09T17:26:01+00:00\" \/>\n<meta property=\"og:image\" content=\"http:\/\/www.visit-ulcinj.com\/blog\/wp-content\/uploads\/2010\/03\/Pllakat_7_marsi-2010.jpg\" \/>\n<meta name=\"twitter:label1\" content=\"Written by\" \/>\n\t<meta name=\"twitter:data1\" content=\"ulqini\" \/>\n\t<meta name=\"twitter:label2\" content=\"Est. reading time\" \/>\n\t<meta name=\"twitter:data2\" content=\"1 minute\" \/>\n<script type=\"application\/ld+json\" class=\"yoast-schema-graph\">{\"@context\":\"https:\/\/schema.org\",\"@graph\":[{\"@type\":\"WebSite\",\"@id\":\"https:\/\/www.visit-ulcinj.com\/blog\/#website\",\"url\":\"https:\/\/www.visit-ulcinj.com\/blog\/\",\"name\":\"Lajme nga Ulqini\",\"description\":\"Lajme,Vijesti,Ulqini,Ulqin,Crna Gora,Mali i Zi\",\"potentialAction\":[{\"@type\":\"SearchAction\",\"target\":{\"@type\":\"EntryPoint\",\"urlTemplate\":\"https:\/\/www.visit-ulcinj.com\/blog\/?s={search_term_string}\"},\"query-input\":\"required name=search_term_string\"}],\"inLanguage\":\"en-US\"},{\"@type\":\"ImageObject\",\"inLanguage\":\"en-US\",\"@id\":\"https:\/\/www.visit-ulcinj.com\/blog\/2010\/03\/02\/diten-e-mesuesit-me-7-mars-nje-manifestim-te-vecante-ne-qendren-e-kultures-ulqin\/#primaryimage\",\"url\":\"https:\/\/www.visit-ulcinj.com\/blog\/wp-content\/uploads\/2010\/03\/Pllakat_7_marsi-2010.jpg\",\"contentUrl\":\"https:\/\/www.visit-ulcinj.com\/blog\/wp-content\/uploads\/2010\/03\/Pllakat_7_marsi-2010.jpg\",\"width\":\"715\",\"height\":\"1002\"},{\"@type\":\"WebPage\",\"@id\":\"https:\/\/www.visit-ulcinj.com\/blog\/2010\/03\/02\/diten-e-mesuesit-me-7-mars-nje-manifestim-te-vecante-ne-qendren-e-kultures-ulqin\/#webpage\",\"url\":\"https:\/\/www.visit-ulcinj.com\/blog\/2010\/03\/02\/diten-e-mesuesit-me-7-mars-nje-manifestim-te-vecante-ne-qendren-e-kultures-ulqin\/\",\"name\":\"KNSH: Dit\u00ebn e M\u00ebsuesit me 7 Mars nj\u00eb manifestim t\u00eb ve\u00e7ant\u00eb n\u00eb Qendr\u00ebn e Kultur\u00ebs Tuz - Lajme nga Ulqini\",\"isPartOf\":{\"@id\":\"https:\/\/www.visit-ulcinj.com\/blog\/#website\"},\"primaryImageOfPage\":{\"@id\":\"https:\/\/www.visit-ulcinj.com\/blog\/2010\/03\/02\/diten-e-mesuesit-me-7-mars-nje-manifestim-te-vecante-ne-qendren-e-kultures-ulqin\/#primaryimage\"},\"datePublished\":\"2010-03-02T19:09:22+00:00\",\"dateModified\":\"2010-03-09T17:26:01+00:00\",\"author\":{\"@id\":\"https:\/\/www.visit-ulcinj.com\/blog\/#\/schema\/person\/dcab619c614d3038751c63bc2aadc06d\"},\"description\":\"KNSH organizoi sh\u00ebnimin e 7 marsit, dit\u00ebs s\u00eb m\u00ebsuesit Mbr\u00ebm\u00eb n\u00eb Tuz, n\u00eb organizimin e K\u00ebshilit Nacional t\u00eb Shqiptar\u00ebve , u organizua nj\u00eb solemnitet me\",\"breadcrumb\":{\"@id\":\"https:\/\/www.visit-ulcinj.com\/blog\/2010\/03\/02\/diten-e-mesuesit-me-7-mars-nje-manifestim-te-vecante-ne-qendren-e-kultures-ulqin\/#breadcrumb\"},\"inLanguage\":\"en-US\",\"potentialAction\":[{\"@type\":\"ReadAction\",\"target\":[\"https:\/\/www.visit-ulcinj.com\/blog\/2010\/03\/02\/diten-e-mesuesit-me-7-mars-nje-manifestim-te-vecante-ne-qendren-e-kultures-ulqin\/\"]}]},{\"@type\":\"BreadcrumbList\",\"@id\":\"https:\/\/www.visit-ulcinj.com\/blog\/2010\/03\/02\/diten-e-mesuesit-me-7-mars-nje-manifestim-te-vecante-ne-qendren-e-kultures-ulqin\/#breadcrumb\",\"itemListElement\":[{\"@type\":\"ListItem\",\"position\":1,\"name\":\"KNSH: Dit\u00ebn e M\u00ebsuesit me 7 Mars nj\u00eb manifestim t\u00eb ve\u00e7ant\u00eb n\u00eb Qendr\u00ebn e Kultur\u00ebs Tuz\"}]},{\"@type\":\"Person\",\"@id\":\"https:\/\/www.visit-ulcinj.com\/blog\/#\/schema\/person\/dcab619c614d3038751c63bc2aadc06d\",\"name\":\"ulqini\",\"sameAs\":[\"http:\/\/www.visit-ulcinj.com\"],\"url\":\"https:\/\/www.visit-ulcinj.com\/blog\/author\/admin\/\"}]}<\/script>\n<!-- \/ Yoast SEO plugin. -->","yoast_head_json":{"title":"KNSH: Dit\u00ebn e M\u00ebsuesit me 7 Mars nj\u00eb manifestim t\u00eb ve\u00e7ant\u00eb n\u00eb Qendr\u00ebn e Kultur\u00ebs Tuz - Lajme nga Ulqini","description":"KNSH organizoi sh\u00ebnimin e 7 marsit, dit\u00ebs s\u00eb m\u00ebsuesit Mbr\u00ebm\u00eb n\u00eb Tuz, n\u00eb organizimin e K\u00ebshilit Nacional t\u00eb Shqiptar\u00ebve , u organizua nj\u00eb solemnitet me","robots":{"index":"index","follow":"follow","max-snippet":"max-snippet:-1","max-image-preview":"max-image-preview:large","max-video-preview":"max-video-preview:-1"},"canonical":"https:\/\/www.visit-ulcinj.com\/blog\/2010\/03\/02\/diten-e-mesuesit-me-7-mars-nje-manifestim-te-vecante-ne-qendren-e-kultures-ulqin\/","og_locale":"en_US","og_type":"article","og_title":"KNSH: Dit\u00ebn e M\u00ebsuesit me 7 Mars nj\u00eb manifestim t\u00eb ve\u00e7ant\u00eb n\u00eb Qendr\u00ebn e Kultur\u00ebs Tuz - Lajme nga Ulqini","og_description":"KNSH organizoi sh\u00ebnimin e 7 marsit, dit\u00ebs s\u00eb m\u00ebsuesit Mbr\u00ebm\u00eb n\u00eb Tuz, n\u00eb organizimin e K\u00ebshilit Nacional t\u00eb Shqiptar\u00ebve , u organizua nj\u00eb solemnitet me","og_url":"https:\/\/www.visit-ulcinj.com\/blog\/2010\/03\/02\/diten-e-mesuesit-me-7-mars-nje-manifestim-te-vecante-ne-qendren-e-kultures-ulqin\/","og_site_name":"Lajme nga Ulqini","article_published_time":"2010-03-02T19:09:22+00:00","article_modified_time":"2010-03-09T17:26:01+00:00","og_image":[{"url":"http:\/\/www.visit-ulcinj.com\/blog\/wp-content\/uploads\/2010\/03\/Pllakat_7_marsi-2010.jpg"}],"twitter_misc":{"Written by":"ulqini","Est. reading time":"1 minute"},"schema":{"@context":"https:\/\/schema.org","@graph":[{"@type":"WebSite","@id":"https:\/\/www.visit-ulcinj.com\/blog\/#website","url":"https:\/\/www.visit-ulcinj.com\/blog\/","name":"Lajme nga Ulqini","description":"Lajme,Vijesti,Ulqini,Ulqin,Crna Gora,Mali i Zi","potentialAction":[{"@type":"SearchAction","target":{"@type":"EntryPoint","urlTemplate":"https:\/\/www.visit-ulcinj.com\/blog\/?s={search_term_string}"},"query-input":"required name=search_term_string"}],"inLanguage":"en-US"},{"@type":"ImageObject","inLanguage":"en-US","@id":"https:\/\/www.visit-ulcinj.com\/blog\/2010\/03\/02\/diten-e-mesuesit-me-7-mars-nje-manifestim-te-vecante-ne-qendren-e-kultures-ulqin\/#primaryimage","url":"https:\/\/www.visit-ulcinj.com\/blog\/wp-content\/uploads\/2010\/03\/Pllakat_7_marsi-2010.jpg","contentUrl":"https:\/\/www.visit-ulcinj.com\/blog\/wp-content\/uploads\/2010\/03\/Pllakat_7_marsi-2010.jpg","width":"715","height":"1002"},{"@type":"WebPage","@id":"https:\/\/www.visit-ulcinj.com\/blog\/2010\/03\/02\/diten-e-mesuesit-me-7-mars-nje-manifestim-te-vecante-ne-qendren-e-kultures-ulqin\/#webpage","url":"https:\/\/www.visit-ulcinj.com\/blog\/2010\/03\/02\/diten-e-mesuesit-me-7-mars-nje-manifestim-te-vecante-ne-qendren-e-kultures-ulqin\/","name":"KNSH: Dit\u00ebn e M\u00ebsuesit me 7 Mars nj\u00eb manifestim t\u00eb ve\u00e7ant\u00eb n\u00eb Qendr\u00ebn e Kultur\u00ebs Tuz - Lajme nga Ulqini","isPartOf":{"@id":"https:\/\/www.visit-ulcinj.com\/blog\/#website"},"primaryImageOfPage":{"@id":"https:\/\/www.visit-ulcinj.com\/blog\/2010\/03\/02\/diten-e-mesuesit-me-7-mars-nje-manifestim-te-vecante-ne-qendren-e-kultures-ulqin\/#primaryimage"},"datePublished":"2010-03-02T19:09:22+00:00","dateModified":"2010-03-09T17:26:01+00:00","author":{"@id":"https:\/\/www.visit-ulcinj.com\/blog\/#\/schema\/person\/dcab619c614d3038751c63bc2aadc06d"},"description":"KNSH organizoi sh\u00ebnimin e 7 marsit, dit\u00ebs s\u00eb m\u00ebsuesit Mbr\u00ebm\u00eb n\u00eb Tuz, n\u00eb organizimin e K\u00ebshilit Nacional t\u00eb Shqiptar\u00ebve , u organizua nj\u00eb solemnitet me","breadcrumb":{"@id":"https:\/\/www.visit-ulcinj.com\/blog\/2010\/03\/02\/diten-e-mesuesit-me-7-mars-nje-manifestim-te-vecante-ne-qendren-e-kultures-ulqin\/#breadcrumb"},"inLanguage":"en-US","potentialAction":[{"@type":"ReadAction","target":["https:\/\/www.visit-ulcinj.com\/blog\/2010\/03\/02\/diten-e-mesuesit-me-7-mars-nje-manifestim-te-vecante-ne-qendren-e-kultures-ulqin\/"]}]},{"@type":"BreadcrumbList","@id":"https:\/\/www.visit-ulcinj.com\/blog\/2010\/03\/02\/diten-e-mesuesit-me-7-mars-nje-manifestim-te-vecante-ne-qendren-e-kultures-ulqin\/#breadcrumb","itemListElement":[{"@type":"ListItem","position":1,"name":"KNSH: Dit\u00ebn e M\u00ebsuesit me 7 Mars nj\u00eb manifestim t\u00eb ve\u00e7ant\u00eb n\u00eb Qendr\u00ebn e Kultur\u00ebs Tuz"}]},{"@type":"Person","@id":"https:\/\/www.visit-ulcinj.com\/blog\/#\/schema\/person\/dcab619c614d3038751c63bc2aadc06d","name":"ulqini","sameAs":["http:\/\/www.visit-ulcinj.com"],"url":"https:\/\/www.visit-ulcinj.com\/blog\/author\/admin\/"}]}},"jetpack_featured_media_url":"","jetpack_sharing_enabled":true,"jetpack_shortlink":"https:\/\/wp.me\/pe6lTn-80K","_links":{"self":[{"href":"https:\/\/www.visit-ulcinj.com\/blog\/wp-json\/wp\/v2\/posts\/30798"}],"collection":[{"href":"https:\/\/www.visit-ulcinj.com\/blog\/wp-json\/wp\/v2\/posts"}],"about":[{"href":"https:\/\/www.visit-ulcinj.com\/blog\/wp-json\/wp\/v2\/types\/post"}],"author":[{"embeddable":true,"href":"https:\/\/www.visit-ulcinj.com\/blog\/wp-json\/wp\/v2\/users\/1"}],"replies":[{"embeddable":true,"href":"https:\/\/www.visit-ulcinj.com\/blog\/wp-json\/wp\/v2\/comments?post=30798"}],"version-history":[{"count":0,"href":"https:\/\/www.visit-ulcinj.com\/blog\/wp-json\/wp\/v2\/posts\/30798\/revisions"}],"wp:attachment":[{"href":"https:\/\/www.visit-ulcinj.com\/blog\/wp-json\/wp\/v2\/media?parent=30798"}],"wp:term":[{"taxonomy":"category","embeddable":true,"href":"https:\/\/www.visit-ulcinj.com\/blog\/wp-json\/wp\/v2\/categories?post=30798"},{"taxonomy":"post_tag","embeddable":true,"href":"https:\/\/www.visit-ulcinj.com\/blog\/wp-json\/wp\/v2\/tags?post=30798"}],"curies":[{"name":"wp","href":"https:\/\/api.w.org\/{rel}","templated":true}]}}