{"id":30830,"date":"2010-03-03T20:15:24","date_gmt":"2010-03-03T18:15:24","guid":{"rendered":"http:\/\/www.visit-ulcinj.com\/blog\/?p=30830"},"modified":"2010-03-05T18:49:51","modified_gmt":"2010-03-05T16:49:51","slug":"forca-kritikuje-vlast-u-ulcinju","status":"publish","type":"post","link":"https:\/\/www.visit-ulcinj.com\/blog\/2010\/03\/03\/forca-kritikuje-vlast-u-ulcinju\/","title":{"rendered":"Forca kritikuje vlast u Ulcinju"},"content":{"rendered":"<p><strong><a href=\"http:\/\/www.visit-ulcinj.com\/blog\/wp-content\/uploads\/2010\/03\/forca-logo-ulcinj.jpg\"><img loading=\"lazy\" class=\"alignleft size-full wp-image-30862\" title=\"forca-logo-ulcinj\" src=\"http:\/\/www.visit-ulcinj.com\/blog\/wp-content\/uploads\/2010\/03\/forca-logo-ulcinj.jpg\" alt=\"forca-logo-ulcinj\" width=\"393\" height=\"391\" \/><\/a>Hajdinaga tro\u0161i vi\u0161e od Hozea<\/strong><br \/>\nUlcinj \u2013 Forca je ju?e ironi?no poru?ila funkcionerima Evropske komisije  da se ne sjekiraju puno zbog tro\u0161kova od 32.500 eura koje je na ime  reprezentacije potro\u0161io njihov predsjednik Hoze Manuel Barozo jer, kako  su naveli, \u201cgradona?elnik jedne male op\u0161tine u Crnoj Gori tro\u0161i duplo  vi\u0161e\u201d.<br \/>\nOdbornik Force u lokalnom parlamentu Ilirijana Lika tvrdi da je  gradona?elnik Ulcinja Gzim Hajdinaga za tri godine potro\u0161io 200.000 eura  na ime tro\u0161kova reprezentacije.<br \/>\n\u201cNa ime tro\u0161kova za slu\u017ebena putovanja, za tri godine, isti predsjednik  potro\u0161io je tako?e vi\u0161e od 200.000 eura. Trenutno na \u017eiro-ra?unu Op\u0161tine  nema ni 10 eura\u201d, navela je Lika na ju?era\u0161njoj konferenciji za  novinare.<br \/>\nOna je kazala da je Sekretarijat za finansije odbio zahtjev Force za  dobijanje podataka o tro\u0161enju sredstava za reprezentaciju \u201cuz  obrazlo\u017eenje da je rije? o slu\u017ebenoj tajni\u201d.<br \/>\n\u201cO kakvoj tajni je rije?, to ?e najvjerovatnije utvrditi nadle\u017ene  dr\u017eavne slu\u017ebe\u201d, istakla je Lika.<br \/>\nNaglasiv\u0161i da realizacija bud\u017eeta u 2009. godini iznosi 4.636.000 eura  ili 28,5 odsto, ona je ocijenila da su se potvrdile sumnje Force da u  predlogu odluke o rebalansu manjka milion eura.<br \/>\n\u201cOd predvi?enih investicija u iznosu 9.500.000 eura realizovano je  280.000 eura ili svega tri odsto. O?igledno je da je koalicija \u2018Za  evropski Ulcinj\u2018, najbolje od svih shvatila taj slogan i ubrzano krenula  na put evropskih integracija\u201d, ocijenila je Lika. Ona je skrenula  pa\u017enju svima onima kojima je Hajdinaga obe?ao da ?e vratiti dugove kada  do?e do prodaje op\u0161tinske imovine, \u201cda ne ra?unaju na to jer Skup\u0161tina  do dana\u0161njeg dana nije donijela nijednu odluku o prodaji svojih  nepokretnosti\u201d.<\/p>\n<div><strong>S.ADROVI?<br \/>\n<a href=\"http:\/\/www.vijesti.me\" target=\"_blank\">Vijesti<\/a><\/strong><\/div>\n","protected":false},"excerpt":{"rendered":"<p>Hajdinaga tro\u0161i vi\u0161e od Hozea Ulcinj \u2013 Forca je ju?e ironi?no poru?ila funkcionerima Evropske komisije da se ne sjekiraju puno zbog tro\u0161kova od 32.500 eura koje je na ime reprezentacije potro\u0161io njihov predsjednik Hoze Manuel Barozo jer, kako su naveli, \u201cgradona?elnik jedne male op\u0161tine u Crnoj Gori tro\u0161i duplo vi\u0161e\u201d. Odbornik Force u lokalnom parlamentu [&hellip;]<\/p>\n","protected":false},"author":1,"featured_media":0,"comment_status":"open","ping_status":"closed","sticky":false,"template":"","format":"standard","meta":{"spay_email":"","jetpack_publicize_message":"","jetpack_is_tweetstorm":false,"jetpack_publicize_feature_enabled":true},"categories":[8337],"tags":[117,19],"jetpack_publicize_connections":[],"yoast_head":"<!-- This site is optimized with the Yoast SEO plugin v19.1 - https:\/\/yoast.com\/wordpress\/plugins\/seo\/ -->\n<title>Forca kritikuje vlast u Ulcinju - Lajme nga Ulqini<\/title>\n<meta name=\"description\" content=\"Hajdinaga tro\u0161i vi\u0161e od Hozea Ulcinj \u2013 Forca je ju?e ironi?no poru?ila funkcionerima Evropske komisije da se ne sjekiraju puno zbog tro\u0161kova od 32.500\" \/>\n<meta name=\"robots\" content=\"index, follow, max-snippet:-1, max-image-preview:large, max-video-preview:-1\" \/>\n<link rel=\"canonical\" href=\"https:\/\/www.visit-ulcinj.com\/blog\/2010\/03\/03\/forca-kritikuje-vlast-u-ulcinju\/\" \/>\n<meta property=\"og:locale\" content=\"en_US\" \/>\n<meta property=\"og:type\" content=\"article\" \/>\n<meta property=\"og:title\" content=\"Forca kritikuje vlast u Ulcinju - Lajme nga Ulqini\" \/>\n<meta property=\"og:description\" content=\"Hajdinaga tro\u0161i vi\u0161e od Hozea Ulcinj \u2013 Forca je ju?e ironi?no poru?ila funkcionerima Evropske komisije da se ne sjekiraju puno zbog tro\u0161kova od 32.500\" \/>\n<meta property=\"og:url\" content=\"https:\/\/www.visit-ulcinj.com\/blog\/2010\/03\/03\/forca-kritikuje-vlast-u-ulcinju\/\" \/>\n<meta property=\"og:site_name\" content=\"Lajme nga Ulqini\" \/>\n<meta property=\"article:published_time\" content=\"2010-03-03T18:15:24+00:00\" \/>\n<meta property=\"article:modified_time\" content=\"2010-03-05T16:49:51+00:00\" \/>\n<meta property=\"og:image\" content=\"http:\/\/www.visit-ulcinj.com\/blog\/wp-content\/uploads\/2010\/03\/forca-logo-ulcinj.jpg\" \/>\n<meta name=\"twitter:label1\" content=\"Written by\" \/>\n\t<meta name=\"twitter:data1\" content=\"ulqini\" \/>\n\t<meta name=\"twitter:label2\" content=\"Est. reading time\" \/>\n\t<meta name=\"twitter:data2\" content=\"1 minute\" \/>\n<script type=\"application\/ld+json\" class=\"yoast-schema-graph\">{\"@context\":\"https:\/\/schema.org\",\"@graph\":[{\"@type\":\"WebSite\",\"@id\":\"https:\/\/www.visit-ulcinj.com\/blog\/#website\",\"url\":\"https:\/\/www.visit-ulcinj.com\/blog\/\",\"name\":\"Lajme nga Ulqini\",\"description\":\"Lajme,Vijesti,Ulqini,Ulqin,Crna Gora,Mali i Zi\",\"potentialAction\":[{\"@type\":\"SearchAction\",\"target\":{\"@type\":\"EntryPoint\",\"urlTemplate\":\"https:\/\/www.visit-ulcinj.com\/blog\/?s={search_term_string}\"},\"query-input\":\"required name=search_term_string\"}],\"inLanguage\":\"en-US\"},{\"@type\":\"ImageObject\",\"inLanguage\":\"en-US\",\"@id\":\"https:\/\/www.visit-ulcinj.com\/blog\/2010\/03\/03\/forca-kritikuje-vlast-u-ulcinju\/#primaryimage\",\"url\":\"https:\/\/www.visit-ulcinj.com\/blog\/wp-content\/uploads\/2010\/03\/forca-logo-ulcinj.jpg\",\"contentUrl\":\"https:\/\/www.visit-ulcinj.com\/blog\/wp-content\/uploads\/2010\/03\/forca-logo-ulcinj.jpg\",\"width\":\"500\",\"height\":\"481\"},{\"@type\":\"WebPage\",\"@id\":\"https:\/\/www.visit-ulcinj.com\/blog\/2010\/03\/03\/forca-kritikuje-vlast-u-ulcinju\/#webpage\",\"url\":\"https:\/\/www.visit-ulcinj.com\/blog\/2010\/03\/03\/forca-kritikuje-vlast-u-ulcinju\/\",\"name\":\"Forca kritikuje vlast u Ulcinju - Lajme nga Ulqini\",\"isPartOf\":{\"@id\":\"https:\/\/www.visit-ulcinj.com\/blog\/#website\"},\"primaryImageOfPage\":{\"@id\":\"https:\/\/www.visit-ulcinj.com\/blog\/2010\/03\/03\/forca-kritikuje-vlast-u-ulcinju\/#primaryimage\"},\"datePublished\":\"2010-03-03T18:15:24+00:00\",\"dateModified\":\"2010-03-05T16:49:51+00:00\",\"author\":{\"@id\":\"https:\/\/www.visit-ulcinj.com\/blog\/#\/schema\/person\/dcab619c614d3038751c63bc2aadc06d\"},\"description\":\"Hajdinaga tro\u0161i vi\u0161e od Hozea Ulcinj \u2013 Forca je ju?e ironi?no poru?ila funkcionerima Evropske komisije da se ne sjekiraju puno zbog tro\u0161kova od 32.500\",\"breadcrumb\":{\"@id\":\"https:\/\/www.visit-ulcinj.com\/blog\/2010\/03\/03\/forca-kritikuje-vlast-u-ulcinju\/#breadcrumb\"},\"inLanguage\":\"en-US\",\"potentialAction\":[{\"@type\":\"ReadAction\",\"target\":[\"https:\/\/www.visit-ulcinj.com\/blog\/2010\/03\/03\/forca-kritikuje-vlast-u-ulcinju\/\"]}]},{\"@type\":\"BreadcrumbList\",\"@id\":\"https:\/\/www.visit-ulcinj.com\/blog\/2010\/03\/03\/forca-kritikuje-vlast-u-ulcinju\/#breadcrumb\",\"itemListElement\":[{\"@type\":\"ListItem\",\"position\":1,\"name\":\"Forca kritikuje vlast u Ulcinju\"}]},{\"@type\":\"Person\",\"@id\":\"https:\/\/www.visit-ulcinj.com\/blog\/#\/schema\/person\/dcab619c614d3038751c63bc2aadc06d\",\"name\":\"ulqini\",\"sameAs\":[\"http:\/\/www.visit-ulcinj.com\"],\"url\":\"https:\/\/www.visit-ulcinj.com\/blog\/author\/admin\/\"}]}<\/script>\n<!-- \/ Yoast SEO plugin. -->","yoast_head_json":{"title":"Forca kritikuje vlast u Ulcinju - Lajme nga Ulqini","description":"Hajdinaga tro\u0161i vi\u0161e od Hozea Ulcinj \u2013 Forca je ju?e ironi?no poru?ila funkcionerima Evropske komisije da se ne sjekiraju puno zbog tro\u0161kova od 32.500","robots":{"index":"index","follow":"follow","max-snippet":"max-snippet:-1","max-image-preview":"max-image-preview:large","max-video-preview":"max-video-preview:-1"},"canonical":"https:\/\/www.visit-ulcinj.com\/blog\/2010\/03\/03\/forca-kritikuje-vlast-u-ulcinju\/","og_locale":"en_US","og_type":"article","og_title":"Forca kritikuje vlast u Ulcinju - Lajme nga Ulqini","og_description":"Hajdinaga tro\u0161i vi\u0161e od Hozea Ulcinj \u2013 Forca je ju?e ironi?no poru?ila funkcionerima Evropske komisije da se ne sjekiraju puno zbog tro\u0161kova od 32.500","og_url":"https:\/\/www.visit-ulcinj.com\/blog\/2010\/03\/03\/forca-kritikuje-vlast-u-ulcinju\/","og_site_name":"Lajme nga Ulqini","article_published_time":"2010-03-03T18:15:24+00:00","article_modified_time":"2010-03-05T16:49:51+00:00","og_image":[{"url":"http:\/\/www.visit-ulcinj.com\/blog\/wp-content\/uploads\/2010\/03\/forca-logo-ulcinj.jpg"}],"twitter_misc":{"Written by":"ulqini","Est. reading time":"1 minute"},"schema":{"@context":"https:\/\/schema.org","@graph":[{"@type":"WebSite","@id":"https:\/\/www.visit-ulcinj.com\/blog\/#website","url":"https:\/\/www.visit-ulcinj.com\/blog\/","name":"Lajme nga Ulqini","description":"Lajme,Vijesti,Ulqini,Ulqin,Crna Gora,Mali i Zi","potentialAction":[{"@type":"SearchAction","target":{"@type":"EntryPoint","urlTemplate":"https:\/\/www.visit-ulcinj.com\/blog\/?s={search_term_string}"},"query-input":"required name=search_term_string"}],"inLanguage":"en-US"},{"@type":"ImageObject","inLanguage":"en-US","@id":"https:\/\/www.visit-ulcinj.com\/blog\/2010\/03\/03\/forca-kritikuje-vlast-u-ulcinju\/#primaryimage","url":"https:\/\/www.visit-ulcinj.com\/blog\/wp-content\/uploads\/2010\/03\/forca-logo-ulcinj.jpg","contentUrl":"https:\/\/www.visit-ulcinj.com\/blog\/wp-content\/uploads\/2010\/03\/forca-logo-ulcinj.jpg","width":"500","height":"481"},{"@type":"WebPage","@id":"https:\/\/www.visit-ulcinj.com\/blog\/2010\/03\/03\/forca-kritikuje-vlast-u-ulcinju\/#webpage","url":"https:\/\/www.visit-ulcinj.com\/blog\/2010\/03\/03\/forca-kritikuje-vlast-u-ulcinju\/","name":"Forca kritikuje vlast u Ulcinju - Lajme nga Ulqini","isPartOf":{"@id":"https:\/\/www.visit-ulcinj.com\/blog\/#website"},"primaryImageOfPage":{"@id":"https:\/\/www.visit-ulcinj.com\/blog\/2010\/03\/03\/forca-kritikuje-vlast-u-ulcinju\/#primaryimage"},"datePublished":"2010-03-03T18:15:24+00:00","dateModified":"2010-03-05T16:49:51+00:00","author":{"@id":"https:\/\/www.visit-ulcinj.com\/blog\/#\/schema\/person\/dcab619c614d3038751c63bc2aadc06d"},"description":"Hajdinaga tro\u0161i vi\u0161e od Hozea Ulcinj \u2013 Forca je ju?e ironi?no poru?ila funkcionerima Evropske komisije da se ne sjekiraju puno zbog tro\u0161kova od 32.500","breadcrumb":{"@id":"https:\/\/www.visit-ulcinj.com\/blog\/2010\/03\/03\/forca-kritikuje-vlast-u-ulcinju\/#breadcrumb"},"inLanguage":"en-US","potentialAction":[{"@type":"ReadAction","target":["https:\/\/www.visit-ulcinj.com\/blog\/2010\/03\/03\/forca-kritikuje-vlast-u-ulcinju\/"]}]},{"@type":"BreadcrumbList","@id":"https:\/\/www.visit-ulcinj.com\/blog\/2010\/03\/03\/forca-kritikuje-vlast-u-ulcinju\/#breadcrumb","itemListElement":[{"@type":"ListItem","position":1,"name":"Forca kritikuje vlast u Ulcinju"}]},{"@type":"Person","@id":"https:\/\/www.visit-ulcinj.com\/blog\/#\/schema\/person\/dcab619c614d3038751c63bc2aadc06d","name":"ulqini","sameAs":["http:\/\/www.visit-ulcinj.com"],"url":"https:\/\/www.visit-ulcinj.com\/blog\/author\/admin\/"}]}},"jetpack_featured_media_url":"","jetpack_sharing_enabled":true,"jetpack_shortlink":"https:\/\/wp.me\/pe6lTn-81g","_links":{"self":[{"href":"https:\/\/www.visit-ulcinj.com\/blog\/wp-json\/wp\/v2\/posts\/30830"}],"collection":[{"href":"https:\/\/www.visit-ulcinj.com\/blog\/wp-json\/wp\/v2\/posts"}],"about":[{"href":"https:\/\/www.visit-ulcinj.com\/blog\/wp-json\/wp\/v2\/types\/post"}],"author":[{"embeddable":true,"href":"https:\/\/www.visit-ulcinj.com\/blog\/wp-json\/wp\/v2\/users\/1"}],"replies":[{"embeddable":true,"href":"https:\/\/www.visit-ulcinj.com\/blog\/wp-json\/wp\/v2\/comments?post=30830"}],"version-history":[{"count":0,"href":"https:\/\/www.visit-ulcinj.com\/blog\/wp-json\/wp\/v2\/posts\/30830\/revisions"}],"wp:attachment":[{"href":"https:\/\/www.visit-ulcinj.com\/blog\/wp-json\/wp\/v2\/media?parent=30830"}],"wp:term":[{"taxonomy":"category","embeddable":true,"href":"https:\/\/www.visit-ulcinj.com\/blog\/wp-json\/wp\/v2\/categories?post=30830"},{"taxonomy":"post_tag","embeddable":true,"href":"https:\/\/www.visit-ulcinj.com\/blog\/wp-json\/wp\/v2\/tags?post=30830"}],"curies":[{"name":"wp","href":"https:\/\/api.w.org\/{rel}","templated":true}]}}