{"id":30833,"date":"2010-03-03T20:33:24","date_gmt":"2010-03-03T18:33:24","guid":{"rendered":"http:\/\/www.visit-ulcinj.com\/blog\/?p=30833"},"modified":"2010-03-03T20:33:24","modified_gmt":"2010-03-03T18:33:24","slug":"genta-dhe-dafina-i-shpallin-lufte-te-hapur-njera-tjetres","status":"publish","type":"post","link":"https:\/\/www.visit-ulcinj.com\/blog\/2010\/03\/03\/genta-dhe-dafina-i-shpallin-lufte-te-hapur-njera-tjetres\/","title":{"rendered":"Genta dhe Dafina i shpallin lufte te hapur njera-tjetres"},"content":{"rendered":"<p><a href=\"http:\/\/www.visit-ulcinj.com\/blog\/wp-content\/uploads\/2010\/02\/genta-ismajli_Dafina-Zeqiri.jpg\"><img loading=\"lazy\" class=\"alignleft size-full wp-image-29962\" title=\"genta ismajli_Dafina Zeqiri\" src=\"http:\/\/www.visit-ulcinj.com\/blog\/wp-content\/uploads\/2010\/02\/genta-ismajli_Dafina-Zeqiri.jpg\" alt=\"genta ismajli_Dafina Zeqiri\" width=\"580\" height=\"400\" \/><\/a>Pas debatit q\u00eb lindi n\u00eb internet n\u00eb lidhje me nj\u00ebr\u00ebn nga k\u00ebng\u00ebt e  fundit t\u00eb Genta Ismajlit me titull \u201cGame over\u201d, e cila duket q\u00eb i \u00ebsht\u00eb  kushtuar k\u00ebng\u00ebtares Dafina Zeqirit, kjo e fundit nuk \u00ebsht\u00eb e interesuar  q\u00eb t\u00eb diskutoj\u00eb n\u00eb lidhje me k\u00ebt\u00eb tem\u00eb n\u00eb asnj\u00eb nga intervistat e  realizuara deri m\u00eb tani. K\u00ebng\u00ebn, Genta e kishte realizuar n\u00eb studio t\u00eb  Flori Mumajesit, n\u00eb shoq\u00ebri t\u00eb t\u00eb cilit shihet dit\u00ebve t\u00eb fundit. Q\u00eb t\u00eb  dy k\u00ebng\u00ebtar\u00ebt po punojn\u00eb shum\u00eb, por bazuar n\u00eb reagimin e fansave dhe  angazhimin e koncerteve, duket q\u00eb p\u00ebr Gent\u00ebn k\u00ebt\u00eb vit n\u00eb Kosov\u00eb dhe  diaspor\u00eb ka filluar \u201czbehja\u201d e popullaritetit, gjykuar nga numri i  publikut. Ashtu si\u00e7 hyri Genta n\u00eb estrad\u00eb, me nj\u00eb vrull akoma m\u00eb t\u00eb madh  \u00ebsht\u00eb paraqitur edhe Dafina. Rivaliteti dhe xhelozia mes tyre koh\u00ebve t\u00eb  fundit \u00ebsht\u00eb rritur aq shum\u00eb por asnj\u00ebra nuk e pranon t\u00eb v\u00ebrtet\u00ebn,  madje n\u00eb prononcime jan\u00eb shum\u00eb t\u00eb kufizuara kur flasin. \u201cKam menduar t\u00eb  sjell muzik\u00eb t\u00eb mir\u00eb n\u00eb stilin tim dhe mendoj q\u00eb kurr\u00eb mos t\u00eb zhg\u00ebnjej  publikun tim\u201d, thekson Dafina, pa dashur t\u00eb komentoj\u00eb k\u00ebng\u00ebn e Gent\u00ebs.  Burime t\u00eb \u201cPanorama plus\u201d, prezent gjat\u00eb regjistrimit t\u00eb programeve  festive p\u00ebr Vitin e Ri n\u00eb Kosov\u00eb, n\u00eb kushte anonimiteti tregojn\u00eb se  Genta me bashk\u00ebpun\u00ebtor\u00ebt e saj i ka ofruar \u201cduet\u201d Dafina Zeqirit, p\u00ebr t\u00eb  treguar si\u00e7 thuhet \u201cmiq\u00ebsin\u00eb\u201d mes tyre. Por, Dafina as q\u00eb kishte dashur  t\u00eb d\u00ebgjoj\u00eb. Madje t\u00eb af\u00ebrm t\u00eb Gent\u00ebs t\u00eb revoltuar nga ky gjest i  Dafin\u00ebs, nuk kan\u00eb kursyer \u201cfjal\u00ebt fyese\u201d publikisht, si\u00e7 ndodhi n\u00eb nj\u00eb  koncert t\u00eb mbajtur n\u00eb diaspor\u00eb koh\u00eb m\u00eb par\u00eb. Gjat\u00eb xhirimeve t\u00eb  programeve festive v\u00ebrehej qart\u00eb se aty ku ishte e pranishme Genta,  Dafina nuk ishte ftuar dhe e kund\u00ebrta. N\u00eb rastet ku patjet\u00ebr q\u00ebllonin  bashk\u00eb, Dafina me \u00e7do kusht evitonte Gent\u00ebn, dhe kjo gj\u00eb u v\u00ebrejt madje  shum\u00eb. Mjaftuan disa fotografi t\u00eb realizuara gjat\u00eb net\u00ebve festive n\u00eb nj\u00eb  diskotek\u00eb n\u00eb Zvic\u00ebr, ku ishin t\u00eb pranishme t\u00eb dy k\u00ebng\u00ebtaret dhe  menj\u00ebher\u00eb dol\u00ebn fjal\u00ebt se Genta dhe Dafina jan\u00eb \u201cshoqe\u201d, por k\u00ebto foto  ishin b\u00ebr\u00eb me k\u00ebrkes\u00eb t\u00eb fansave q\u00eb t\u00eb jen\u00eb t\u00eb dyja bashk\u00eb. Po t\u00eb  nj\u00ebjtat burime tregojn\u00eb se ka dy muaj q\u00eb Genta i ka ofruar bashk\u00ebpunim  Dafin\u00ebs, nd\u00ebrsa n\u00eb  an\u00ebn tjet\u00ebr Genta luan n\u00eb \u201cloj\u00ebn e sigurt\u00eb\u201d duke  \u201csabotuar\u201d Dafin\u00ebn n\u00eb koncerte, me kushtin q\u00eb Genta t\u00eb jet\u00eb ylli i  mbr\u00ebmjes. K\u00ebto burime brenda estrad\u00ebs kosovare tregojn\u00eb se Dafina as q\u00eb  do t\u00eb d\u00ebgjoj\u00eb p\u00ebr bashk\u00ebpunimin, pasi ndjehet e ofenduar nga k\u00ebnga dhe  nga propaganda q\u00eb po i b\u00ebhet pas shpine. Madje, flitet se ndarja me  Milotin \u00ebsht\u00eb nj\u00eb \u201ctrik\u201d marketingu p\u00ebr t\u00eb rikthyer popullaritetin n\u00ebp\u00ebr  media, derisa e v\u00ebrteta flet ndryshe kur Genta dhe Miloti jan\u00eb par\u00eb s\u00eb  bashku duke frekuentuar lokale t\u00eb ndryshme n\u00eb Tiran\u00eb. Q\u00eb nga Viti i Ri,  k\u00ebto fjal\u00eb qarkullojn\u00eb n\u00ebp\u00ebr estrad\u00ebn kosovare, sepse k\u00ebt\u00eb vit Genta  b\u00ebri t\u00eb pamundur\u00ebn q\u00eb t\u00eb tejkaloj\u00eb Dafin\u00ebn n\u00eb vall\u00ebzim por pa sukses,  sepse klikimet n\u00eb internet p\u00ebr videon ku ka vall\u00ebzuar Genta jan\u00eb shum\u00eb  m\u00eb t\u00eb ul\u00ebta se sa tek Dafina Zeqiri. Si duket, dueti do t\u00eb mbetet vet\u00ebm  nj\u00eb \u00ebnd\u00ebr e parealizuar!!!<br \/>\n<strong>Panorama Plus<br \/>\n<\/strong><!--YouTube Error: bad URL entered--><\/p>\n","protected":false},"excerpt":{"rendered":"<p>Pas debatit q\u00eb lindi n\u00eb internet n\u00eb lidhje me nj\u00ebr\u00ebn nga k\u00ebng\u00ebt e fundit t\u00eb Genta Ismajlit me titull \u201cGame over\u201d, e cila duket q\u00eb i \u00ebsht\u00eb kushtuar k\u00ebng\u00ebtares Dafina Zeqirit, kjo e fundit nuk \u00ebsht\u00eb e interesuar q\u00eb t\u00eb diskutoj\u00eb n\u00eb lidhje me k\u00ebt\u00eb tem\u00eb n\u00eb asnj\u00eb nga intervistat e realizuara deri m\u00eb tani. [&hellip;]<\/p>\n","protected":false},"author":1,"featured_media":0,"comment_status":"open","ping_status":"closed","sticky":false,"template":"","format":"standard","meta":{"spay_email":"","jetpack_publicize_message":"","jetpack_is_tweetstorm":false,"jetpack_publicize_feature_enabled":true},"categories":[1],"tags":[4926,323],"jetpack_publicize_connections":[],"yoast_head":"<!-- This site is optimized with the Yoast SEO plugin v19.1 - https:\/\/yoast.com\/wordpress\/plugins\/seo\/ -->\n<title>Genta dhe Dafina i shpallin lufte te hapur njera-tjetres - Lajme nga Ulqini<\/title>\n<meta name=\"description\" content=\"Pas debatit q\u00eb lindi n\u00eb internet n\u00eb lidhje me nj\u00ebr\u00ebn nga k\u00ebng\u00ebt e fundit t\u00eb Genta Ismajlit me titull \u201cGame over\u201d, e cila duket q\u00eb i \u00ebsht\u00eb kushtuar\" \/>\n<meta name=\"robots\" content=\"index, follow, max-snippet:-1, max-image-preview:large, max-video-preview:-1\" \/>\n<link rel=\"canonical\" href=\"https:\/\/www.visit-ulcinj.com\/blog\/2010\/03\/03\/genta-dhe-dafina-i-shpallin-lufte-te-hapur-njera-tjetres\/\" \/>\n<meta property=\"og:locale\" content=\"en_US\" \/>\n<meta property=\"og:type\" content=\"article\" \/>\n<meta property=\"og:title\" content=\"Genta dhe Dafina i shpallin lufte te hapur njera-tjetres - Lajme nga Ulqini\" \/>\n<meta property=\"og:description\" content=\"Pas debatit q\u00eb lindi n\u00eb internet n\u00eb lidhje me nj\u00ebr\u00ebn nga k\u00ebng\u00ebt e fundit t\u00eb Genta Ismajlit me titull \u201cGame over\u201d, e cila duket q\u00eb i \u00ebsht\u00eb kushtuar\" \/>\n<meta property=\"og:url\" content=\"https:\/\/www.visit-ulcinj.com\/blog\/2010\/03\/03\/genta-dhe-dafina-i-shpallin-lufte-te-hapur-njera-tjetres\/\" \/>\n<meta property=\"og:site_name\" content=\"Lajme nga Ulqini\" \/>\n<meta property=\"article:published_time\" content=\"2010-03-03T18:33:24+00:00\" \/>\n<meta property=\"og:image\" content=\"http:\/\/www.visit-ulcinj.com\/blog\/wp-content\/uploads\/2010\/02\/genta-ismajli_Dafina-Zeqiri.jpg\" \/>\n<meta name=\"twitter:label1\" content=\"Written by\" \/>\n\t<meta name=\"twitter:data1\" content=\"ulqini\" \/>\n\t<meta name=\"twitter:label2\" content=\"Est. reading time\" \/>\n\t<meta name=\"twitter:data2\" content=\"3 minutes\" \/>\n<script type=\"application\/ld+json\" class=\"yoast-schema-graph\">{\"@context\":\"https:\/\/schema.org\",\"@graph\":[{\"@type\":\"WebSite\",\"@id\":\"https:\/\/www.visit-ulcinj.com\/blog\/#website\",\"url\":\"https:\/\/www.visit-ulcinj.com\/blog\/\",\"name\":\"Lajme nga Ulqini\",\"description\":\"Lajme,Vijesti,Ulqini,Ulqin,Crna Gora,Mali i Zi\",\"potentialAction\":[{\"@type\":\"SearchAction\",\"target\":{\"@type\":\"EntryPoint\",\"urlTemplate\":\"https:\/\/www.visit-ulcinj.com\/blog\/?s={search_term_string}\"},\"query-input\":\"required name=search_term_string\"}],\"inLanguage\":\"en-US\"},{\"@type\":\"ImageObject\",\"inLanguage\":\"en-US\",\"@id\":\"https:\/\/www.visit-ulcinj.com\/blog\/2010\/03\/03\/genta-dhe-dafina-i-shpallin-lufte-te-hapur-njera-tjetres\/#primaryimage\",\"url\":\"http:\/\/www.visit-ulcinj.com\/blog\/wp-content\/uploads\/2010\/02\/genta-ismajli_Dafina-Zeqiri.jpg\",\"contentUrl\":\"http:\/\/www.visit-ulcinj.com\/blog\/wp-content\/uploads\/2010\/02\/genta-ismajli_Dafina-Zeqiri.jpg\"},{\"@type\":\"WebPage\",\"@id\":\"https:\/\/www.visit-ulcinj.com\/blog\/2010\/03\/03\/genta-dhe-dafina-i-shpallin-lufte-te-hapur-njera-tjetres\/#webpage\",\"url\":\"https:\/\/www.visit-ulcinj.com\/blog\/2010\/03\/03\/genta-dhe-dafina-i-shpallin-lufte-te-hapur-njera-tjetres\/\",\"name\":\"Genta dhe Dafina i shpallin lufte te hapur njera-tjetres - Lajme nga Ulqini\",\"isPartOf\":{\"@id\":\"https:\/\/www.visit-ulcinj.com\/blog\/#website\"},\"primaryImageOfPage\":{\"@id\":\"https:\/\/www.visit-ulcinj.com\/blog\/2010\/03\/03\/genta-dhe-dafina-i-shpallin-lufte-te-hapur-njera-tjetres\/#primaryimage\"},\"datePublished\":\"2010-03-03T18:33:24+00:00\",\"dateModified\":\"2010-03-03T18:33:24+00:00\",\"author\":{\"@id\":\"https:\/\/www.visit-ulcinj.com\/blog\/#\/schema\/person\/dcab619c614d3038751c63bc2aadc06d\"},\"description\":\"Pas debatit q\u00eb lindi n\u00eb internet n\u00eb lidhje me nj\u00ebr\u00ebn nga k\u00ebng\u00ebt e fundit t\u00eb Genta Ismajlit me titull \u201cGame over\u201d, e cila duket q\u00eb i \u00ebsht\u00eb kushtuar\",\"breadcrumb\":{\"@id\":\"https:\/\/www.visit-ulcinj.com\/blog\/2010\/03\/03\/genta-dhe-dafina-i-shpallin-lufte-te-hapur-njera-tjetres\/#breadcrumb\"},\"inLanguage\":\"en-US\",\"potentialAction\":[{\"@type\":\"ReadAction\",\"target\":[\"https:\/\/www.visit-ulcinj.com\/blog\/2010\/03\/03\/genta-dhe-dafina-i-shpallin-lufte-te-hapur-njera-tjetres\/\"]}]},{\"@type\":\"BreadcrumbList\",\"@id\":\"https:\/\/www.visit-ulcinj.com\/blog\/2010\/03\/03\/genta-dhe-dafina-i-shpallin-lufte-te-hapur-njera-tjetres\/#breadcrumb\",\"itemListElement\":[{\"@type\":\"ListItem\",\"position\":1,\"name\":\"Genta dhe Dafina i shpallin lufte te hapur njera-tjetres\"}]},{\"@type\":\"Person\",\"@id\":\"https:\/\/www.visit-ulcinj.com\/blog\/#\/schema\/person\/dcab619c614d3038751c63bc2aadc06d\",\"name\":\"ulqini\",\"sameAs\":[\"http:\/\/www.visit-ulcinj.com\"],\"url\":\"https:\/\/www.visit-ulcinj.com\/blog\/author\/admin\/\"}]}<\/script>\n<!-- \/ Yoast SEO plugin. -->","yoast_head_json":{"title":"Genta dhe Dafina i shpallin lufte te hapur njera-tjetres - Lajme nga Ulqini","description":"Pas debatit q\u00eb lindi n\u00eb internet n\u00eb lidhje me nj\u00ebr\u00ebn nga k\u00ebng\u00ebt e fundit t\u00eb Genta Ismajlit me titull \u201cGame over\u201d, e cila duket q\u00eb i \u00ebsht\u00eb kushtuar","robots":{"index":"index","follow":"follow","max-snippet":"max-snippet:-1","max-image-preview":"max-image-preview:large","max-video-preview":"max-video-preview:-1"},"canonical":"https:\/\/www.visit-ulcinj.com\/blog\/2010\/03\/03\/genta-dhe-dafina-i-shpallin-lufte-te-hapur-njera-tjetres\/","og_locale":"en_US","og_type":"article","og_title":"Genta dhe Dafina i shpallin lufte te hapur njera-tjetres - Lajme nga Ulqini","og_description":"Pas debatit q\u00eb lindi n\u00eb internet n\u00eb lidhje me nj\u00ebr\u00ebn nga k\u00ebng\u00ebt e fundit t\u00eb Genta Ismajlit me titull \u201cGame over\u201d, e cila duket q\u00eb i \u00ebsht\u00eb kushtuar","og_url":"https:\/\/www.visit-ulcinj.com\/blog\/2010\/03\/03\/genta-dhe-dafina-i-shpallin-lufte-te-hapur-njera-tjetres\/","og_site_name":"Lajme nga Ulqini","article_published_time":"2010-03-03T18:33:24+00:00","og_image":[{"url":"http:\/\/www.visit-ulcinj.com\/blog\/wp-content\/uploads\/2010\/02\/genta-ismajli_Dafina-Zeqiri.jpg"}],"twitter_misc":{"Written by":"ulqini","Est. reading time":"3 minutes"},"schema":{"@context":"https:\/\/schema.org","@graph":[{"@type":"WebSite","@id":"https:\/\/www.visit-ulcinj.com\/blog\/#website","url":"https:\/\/www.visit-ulcinj.com\/blog\/","name":"Lajme nga Ulqini","description":"Lajme,Vijesti,Ulqini,Ulqin,Crna Gora,Mali i Zi","potentialAction":[{"@type":"SearchAction","target":{"@type":"EntryPoint","urlTemplate":"https:\/\/www.visit-ulcinj.com\/blog\/?s={search_term_string}"},"query-input":"required name=search_term_string"}],"inLanguage":"en-US"},{"@type":"ImageObject","inLanguage":"en-US","@id":"https:\/\/www.visit-ulcinj.com\/blog\/2010\/03\/03\/genta-dhe-dafina-i-shpallin-lufte-te-hapur-njera-tjetres\/#primaryimage","url":"http:\/\/www.visit-ulcinj.com\/blog\/wp-content\/uploads\/2010\/02\/genta-ismajli_Dafina-Zeqiri.jpg","contentUrl":"http:\/\/www.visit-ulcinj.com\/blog\/wp-content\/uploads\/2010\/02\/genta-ismajli_Dafina-Zeqiri.jpg"},{"@type":"WebPage","@id":"https:\/\/www.visit-ulcinj.com\/blog\/2010\/03\/03\/genta-dhe-dafina-i-shpallin-lufte-te-hapur-njera-tjetres\/#webpage","url":"https:\/\/www.visit-ulcinj.com\/blog\/2010\/03\/03\/genta-dhe-dafina-i-shpallin-lufte-te-hapur-njera-tjetres\/","name":"Genta dhe Dafina i shpallin lufte te hapur njera-tjetres - Lajme nga Ulqini","isPartOf":{"@id":"https:\/\/www.visit-ulcinj.com\/blog\/#website"},"primaryImageOfPage":{"@id":"https:\/\/www.visit-ulcinj.com\/blog\/2010\/03\/03\/genta-dhe-dafina-i-shpallin-lufte-te-hapur-njera-tjetres\/#primaryimage"},"datePublished":"2010-03-03T18:33:24+00:00","dateModified":"2010-03-03T18:33:24+00:00","author":{"@id":"https:\/\/www.visit-ulcinj.com\/blog\/#\/schema\/person\/dcab619c614d3038751c63bc2aadc06d"},"description":"Pas debatit q\u00eb lindi n\u00eb internet n\u00eb lidhje me nj\u00ebr\u00ebn nga k\u00ebng\u00ebt e fundit t\u00eb Genta Ismajlit me titull \u201cGame over\u201d, e cila duket q\u00eb i \u00ebsht\u00eb kushtuar","breadcrumb":{"@id":"https:\/\/www.visit-ulcinj.com\/blog\/2010\/03\/03\/genta-dhe-dafina-i-shpallin-lufte-te-hapur-njera-tjetres\/#breadcrumb"},"inLanguage":"en-US","potentialAction":[{"@type":"ReadAction","target":["https:\/\/www.visit-ulcinj.com\/blog\/2010\/03\/03\/genta-dhe-dafina-i-shpallin-lufte-te-hapur-njera-tjetres\/"]}]},{"@type":"BreadcrumbList","@id":"https:\/\/www.visit-ulcinj.com\/blog\/2010\/03\/03\/genta-dhe-dafina-i-shpallin-lufte-te-hapur-njera-tjetres\/#breadcrumb","itemListElement":[{"@type":"ListItem","position":1,"name":"Genta dhe Dafina i shpallin lufte te hapur njera-tjetres"}]},{"@type":"Person","@id":"https:\/\/www.visit-ulcinj.com\/blog\/#\/schema\/person\/dcab619c614d3038751c63bc2aadc06d","name":"ulqini","sameAs":["http:\/\/www.visit-ulcinj.com"],"url":"https:\/\/www.visit-ulcinj.com\/blog\/author\/admin\/"}]}},"jetpack_featured_media_url":"","jetpack_sharing_enabled":true,"jetpack_shortlink":"https:\/\/wp.me\/pe6lTn-81j","_links":{"self":[{"href":"https:\/\/www.visit-ulcinj.com\/blog\/wp-json\/wp\/v2\/posts\/30833"}],"collection":[{"href":"https:\/\/www.visit-ulcinj.com\/blog\/wp-json\/wp\/v2\/posts"}],"about":[{"href":"https:\/\/www.visit-ulcinj.com\/blog\/wp-json\/wp\/v2\/types\/post"}],"author":[{"embeddable":true,"href":"https:\/\/www.visit-ulcinj.com\/blog\/wp-json\/wp\/v2\/users\/1"}],"replies":[{"embeddable":true,"href":"https:\/\/www.visit-ulcinj.com\/blog\/wp-json\/wp\/v2\/comments?post=30833"}],"version-history":[{"count":0,"href":"https:\/\/www.visit-ulcinj.com\/blog\/wp-json\/wp\/v2\/posts\/30833\/revisions"}],"wp:attachment":[{"href":"https:\/\/www.visit-ulcinj.com\/blog\/wp-json\/wp\/v2\/media?parent=30833"}],"wp:term":[{"taxonomy":"category","embeddable":true,"href":"https:\/\/www.visit-ulcinj.com\/blog\/wp-json\/wp\/v2\/categories?post=30833"},{"taxonomy":"post_tag","embeddable":true,"href":"https:\/\/www.visit-ulcinj.com\/blog\/wp-json\/wp\/v2\/tags?post=30833"}],"curies":[{"name":"wp","href":"https:\/\/api.w.org\/{rel}","templated":true}]}}