{"id":30837,"date":"2010-03-03T20:56:14","date_gmt":"2010-03-03T18:56:14","guid":{"rendered":"http:\/\/www.visit-ulcinj.com\/blog\/?p=30837"},"modified":"2010-03-03T20:56:14","modified_gmt":"2010-03-03T18:56:14","slug":"vesa-burrnesha-seksi","status":"publish","type":"post","link":"https:\/\/www.visit-ulcinj.com\/blog\/2010\/03\/03\/vesa-burrnesha-seksi\/","title":{"rendered":"Vesa burrnesha seksi"},"content":{"rendered":"<p><a href=\"http:\/\/www.visit-ulcinj.com\/blog\/wp-content\/uploads\/2010\/03\/vesa-luma.jpg\"><img loading=\"lazy\" class=\"alignleft size-full wp-image-30836\" title=\"vesa luma\" src=\"http:\/\/www.visit-ulcinj.com\/blog\/wp-content\/uploads\/2010\/03\/vesa-luma.jpg\" alt=\"vesa luma\" width=\"580\" height=\"400\" \/><\/a>Nuk kishte si t\u00eb ndodhte ndryshe, n\u00eb fakt pasi sa her\u00eb p\u00ebrmendet emri  i saj mendja t\u00eb shkon tek Kosova.<\/p>\n<p>Fjala \u00ebsht\u00eb p\u00ebr k\u00ebng\u00ebtaren e suksesshme Vesa Luma, e cila ka festuar  m\u00eb shum\u00eb se kushdo tjet\u00ebr n\u00eb dit\u00ebn e Pavar\u00ebsis\u00eb s\u00eb Kosov\u00ebs, p\u00ebr t\u2019i  treguar dhe nj\u00eb her\u00eb t\u00eb gjith\u00ebve notat e flakta t\u00eb patriotizmit.<\/p>\n<p>Madje, p\u00ebr t\u2019iu afruar sa m\u00eb mir\u00eb ngjyrave t\u00eb k\u00ebsaj feste, Vesa ka  k\u00ebrcyer plot qejf n\u00ebn ritmet e daulles me qeleshen e bardhe mbi koke.<\/p>\n<p><strong>Gazeta Fakti<\/strong><\/p>\n<!--YouTube Error: bad URL entered-->\n","protected":false},"excerpt":{"rendered":"<p>Nuk kishte si t\u00eb ndodhte ndryshe, n\u00eb fakt pasi sa her\u00eb p\u00ebrmendet emri i saj mendja t\u00eb shkon tek Kosova. Fjala \u00ebsht\u00eb p\u00ebr k\u00ebng\u00ebtaren e suksesshme Vesa Luma, e cila ka festuar m\u00eb shum\u00eb se kushdo tjet\u00ebr n\u00eb dit\u00ebn e Pavar\u00ebsis\u00eb s\u00eb Kosov\u00ebs, p\u00ebr t\u2019i treguar dhe nj\u00eb her\u00eb t\u00eb gjith\u00ebve notat e flakta t\u00eb [&hellip;]<\/p>\n","protected":false},"author":1,"featured_media":0,"comment_status":"open","ping_status":"closed","sticky":false,"template":"","format":"standard","meta":{"spay_email":"","jetpack_publicize_message":"","jetpack_is_tweetstorm":false,"jetpack_publicize_feature_enabled":true},"categories":[1],"tags":[5017],"jetpack_publicize_connections":[],"yoast_head":"<!-- This site is optimized with the Yoast SEO plugin v19.1 - https:\/\/yoast.com\/wordpress\/plugins\/seo\/ -->\n<title>Vesa burrnesha seksi - Lajme nga Ulqini<\/title>\n<meta name=\"description\" content=\"Nuk kishte si t\u00eb ndodhte ndryshe, n\u00eb fakt pasi sa her\u00eb p\u00ebrmendet emri i saj mendja t\u00eb shkon tek Kosova. Fjala \u00ebsht\u00eb p\u00ebr k\u00ebng\u00ebtaren e suksesshme Vesa Luma,\" \/>\n<meta name=\"robots\" content=\"index, follow, max-snippet:-1, max-image-preview:large, max-video-preview:-1\" \/>\n<link rel=\"canonical\" href=\"https:\/\/www.visit-ulcinj.com\/blog\/2010\/03\/03\/vesa-burrnesha-seksi\/\" \/>\n<meta property=\"og:locale\" content=\"en_US\" \/>\n<meta property=\"og:type\" content=\"article\" \/>\n<meta property=\"og:title\" content=\"Vesa burrnesha seksi - Lajme nga Ulqini\" \/>\n<meta property=\"og:description\" content=\"Nuk kishte si t\u00eb ndodhte ndryshe, n\u00eb fakt pasi sa her\u00eb p\u00ebrmendet emri i saj mendja t\u00eb shkon tek Kosova. Fjala \u00ebsht\u00eb p\u00ebr k\u00ebng\u00ebtaren e suksesshme Vesa Luma,\" \/>\n<meta property=\"og:url\" content=\"https:\/\/www.visit-ulcinj.com\/blog\/2010\/03\/03\/vesa-burrnesha-seksi\/\" \/>\n<meta property=\"og:site_name\" content=\"Lajme nga Ulqini\" \/>\n<meta property=\"article:published_time\" content=\"2010-03-03T18:56:14+00:00\" \/>\n<meta property=\"og:image\" content=\"http:\/\/www.visit-ulcinj.com\/blog\/wp-content\/uploads\/2010\/03\/vesa-luma.jpg\" \/>\n<meta name=\"twitter:label1\" content=\"Written by\" \/>\n\t<meta name=\"twitter:data1\" content=\"ulqini\" \/>\n\t<meta name=\"twitter:label2\" content=\"Est. reading time\" \/>\n\t<meta name=\"twitter:data2\" content=\"1 minute\" \/>\n<script type=\"application\/ld+json\" class=\"yoast-schema-graph\">{\"@context\":\"https:\/\/schema.org\",\"@graph\":[{\"@type\":\"WebSite\",\"@id\":\"https:\/\/www.visit-ulcinj.com\/blog\/#website\",\"url\":\"https:\/\/www.visit-ulcinj.com\/blog\/\",\"name\":\"Lajme nga Ulqini\",\"description\":\"Lajme,Vijesti,Ulqini,Ulqin,Crna Gora,Mali i Zi\",\"potentialAction\":[{\"@type\":\"SearchAction\",\"target\":{\"@type\":\"EntryPoint\",\"urlTemplate\":\"https:\/\/www.visit-ulcinj.com\/blog\/?s={search_term_string}\"},\"query-input\":\"required name=search_term_string\"}],\"inLanguage\":\"en-US\"},{\"@type\":\"ImageObject\",\"inLanguage\":\"en-US\",\"@id\":\"https:\/\/www.visit-ulcinj.com\/blog\/2010\/03\/03\/vesa-burrnesha-seksi\/#primaryimage\",\"url\":\"http:\/\/www.visit-ulcinj.com\/blog\/wp-content\/uploads\/2010\/03\/vesa-luma.jpg\",\"contentUrl\":\"http:\/\/www.visit-ulcinj.com\/blog\/wp-content\/uploads\/2010\/03\/vesa-luma.jpg\"},{\"@type\":\"WebPage\",\"@id\":\"https:\/\/www.visit-ulcinj.com\/blog\/2010\/03\/03\/vesa-burrnesha-seksi\/#webpage\",\"url\":\"https:\/\/www.visit-ulcinj.com\/blog\/2010\/03\/03\/vesa-burrnesha-seksi\/\",\"name\":\"Vesa burrnesha seksi - Lajme nga Ulqini\",\"isPartOf\":{\"@id\":\"https:\/\/www.visit-ulcinj.com\/blog\/#website\"},\"primaryImageOfPage\":{\"@id\":\"https:\/\/www.visit-ulcinj.com\/blog\/2010\/03\/03\/vesa-burrnesha-seksi\/#primaryimage\"},\"datePublished\":\"2010-03-03T18:56:14+00:00\",\"dateModified\":\"2010-03-03T18:56:14+00:00\",\"author\":{\"@id\":\"https:\/\/www.visit-ulcinj.com\/blog\/#\/schema\/person\/dcab619c614d3038751c63bc2aadc06d\"},\"description\":\"Nuk kishte si t\u00eb ndodhte ndryshe, n\u00eb fakt pasi sa her\u00eb p\u00ebrmendet emri i saj mendja t\u00eb shkon tek Kosova. Fjala \u00ebsht\u00eb p\u00ebr k\u00ebng\u00ebtaren e suksesshme Vesa Luma,\",\"breadcrumb\":{\"@id\":\"https:\/\/www.visit-ulcinj.com\/blog\/2010\/03\/03\/vesa-burrnesha-seksi\/#breadcrumb\"},\"inLanguage\":\"en-US\",\"potentialAction\":[{\"@type\":\"ReadAction\",\"target\":[\"https:\/\/www.visit-ulcinj.com\/blog\/2010\/03\/03\/vesa-burrnesha-seksi\/\"]}]},{\"@type\":\"BreadcrumbList\",\"@id\":\"https:\/\/www.visit-ulcinj.com\/blog\/2010\/03\/03\/vesa-burrnesha-seksi\/#breadcrumb\",\"itemListElement\":[{\"@type\":\"ListItem\",\"position\":1,\"name\":\"Vesa burrnesha seksi\"}]},{\"@type\":\"Person\",\"@id\":\"https:\/\/www.visit-ulcinj.com\/blog\/#\/schema\/person\/dcab619c614d3038751c63bc2aadc06d\",\"name\":\"ulqini\",\"sameAs\":[\"http:\/\/www.visit-ulcinj.com\"],\"url\":\"https:\/\/www.visit-ulcinj.com\/blog\/author\/admin\/\"}]}<\/script>\n<!-- \/ Yoast SEO plugin. -->","yoast_head_json":{"title":"Vesa burrnesha seksi - Lajme nga Ulqini","description":"Nuk kishte si t\u00eb ndodhte ndryshe, n\u00eb fakt pasi sa her\u00eb p\u00ebrmendet emri i saj mendja t\u00eb shkon tek Kosova. Fjala \u00ebsht\u00eb p\u00ebr k\u00ebng\u00ebtaren e suksesshme Vesa Luma,","robots":{"index":"index","follow":"follow","max-snippet":"max-snippet:-1","max-image-preview":"max-image-preview:large","max-video-preview":"max-video-preview:-1"},"canonical":"https:\/\/www.visit-ulcinj.com\/blog\/2010\/03\/03\/vesa-burrnesha-seksi\/","og_locale":"en_US","og_type":"article","og_title":"Vesa burrnesha seksi - Lajme nga Ulqini","og_description":"Nuk kishte si t\u00eb ndodhte ndryshe, n\u00eb fakt pasi sa her\u00eb p\u00ebrmendet emri i saj mendja t\u00eb shkon tek Kosova. Fjala \u00ebsht\u00eb p\u00ebr k\u00ebng\u00ebtaren e suksesshme Vesa Luma,","og_url":"https:\/\/www.visit-ulcinj.com\/blog\/2010\/03\/03\/vesa-burrnesha-seksi\/","og_site_name":"Lajme nga Ulqini","article_published_time":"2010-03-03T18:56:14+00:00","og_image":[{"url":"http:\/\/www.visit-ulcinj.com\/blog\/wp-content\/uploads\/2010\/03\/vesa-luma.jpg"}],"twitter_misc":{"Written by":"ulqini","Est. reading time":"1 minute"},"schema":{"@context":"https:\/\/schema.org","@graph":[{"@type":"WebSite","@id":"https:\/\/www.visit-ulcinj.com\/blog\/#website","url":"https:\/\/www.visit-ulcinj.com\/blog\/","name":"Lajme nga Ulqini","description":"Lajme,Vijesti,Ulqini,Ulqin,Crna Gora,Mali i Zi","potentialAction":[{"@type":"SearchAction","target":{"@type":"EntryPoint","urlTemplate":"https:\/\/www.visit-ulcinj.com\/blog\/?s={search_term_string}"},"query-input":"required name=search_term_string"}],"inLanguage":"en-US"},{"@type":"ImageObject","inLanguage":"en-US","@id":"https:\/\/www.visit-ulcinj.com\/blog\/2010\/03\/03\/vesa-burrnesha-seksi\/#primaryimage","url":"http:\/\/www.visit-ulcinj.com\/blog\/wp-content\/uploads\/2010\/03\/vesa-luma.jpg","contentUrl":"http:\/\/www.visit-ulcinj.com\/blog\/wp-content\/uploads\/2010\/03\/vesa-luma.jpg"},{"@type":"WebPage","@id":"https:\/\/www.visit-ulcinj.com\/blog\/2010\/03\/03\/vesa-burrnesha-seksi\/#webpage","url":"https:\/\/www.visit-ulcinj.com\/blog\/2010\/03\/03\/vesa-burrnesha-seksi\/","name":"Vesa burrnesha seksi - Lajme nga Ulqini","isPartOf":{"@id":"https:\/\/www.visit-ulcinj.com\/blog\/#website"},"primaryImageOfPage":{"@id":"https:\/\/www.visit-ulcinj.com\/blog\/2010\/03\/03\/vesa-burrnesha-seksi\/#primaryimage"},"datePublished":"2010-03-03T18:56:14+00:00","dateModified":"2010-03-03T18:56:14+00:00","author":{"@id":"https:\/\/www.visit-ulcinj.com\/blog\/#\/schema\/person\/dcab619c614d3038751c63bc2aadc06d"},"description":"Nuk kishte si t\u00eb ndodhte ndryshe, n\u00eb fakt pasi sa her\u00eb p\u00ebrmendet emri i saj mendja t\u00eb shkon tek Kosova. Fjala \u00ebsht\u00eb p\u00ebr k\u00ebng\u00ebtaren e suksesshme Vesa Luma,","breadcrumb":{"@id":"https:\/\/www.visit-ulcinj.com\/blog\/2010\/03\/03\/vesa-burrnesha-seksi\/#breadcrumb"},"inLanguage":"en-US","potentialAction":[{"@type":"ReadAction","target":["https:\/\/www.visit-ulcinj.com\/blog\/2010\/03\/03\/vesa-burrnesha-seksi\/"]}]},{"@type":"BreadcrumbList","@id":"https:\/\/www.visit-ulcinj.com\/blog\/2010\/03\/03\/vesa-burrnesha-seksi\/#breadcrumb","itemListElement":[{"@type":"ListItem","position":1,"name":"Vesa burrnesha seksi"}]},{"@type":"Person","@id":"https:\/\/www.visit-ulcinj.com\/blog\/#\/schema\/person\/dcab619c614d3038751c63bc2aadc06d","name":"ulqini","sameAs":["http:\/\/www.visit-ulcinj.com"],"url":"https:\/\/www.visit-ulcinj.com\/blog\/author\/admin\/"}]}},"jetpack_featured_media_url":"","jetpack_sharing_enabled":true,"jetpack_shortlink":"https:\/\/wp.me\/pe6lTn-81n","_links":{"self":[{"href":"https:\/\/www.visit-ulcinj.com\/blog\/wp-json\/wp\/v2\/posts\/30837"}],"collection":[{"href":"https:\/\/www.visit-ulcinj.com\/blog\/wp-json\/wp\/v2\/posts"}],"about":[{"href":"https:\/\/www.visit-ulcinj.com\/blog\/wp-json\/wp\/v2\/types\/post"}],"author":[{"embeddable":true,"href":"https:\/\/www.visit-ulcinj.com\/blog\/wp-json\/wp\/v2\/users\/1"}],"replies":[{"embeddable":true,"href":"https:\/\/www.visit-ulcinj.com\/blog\/wp-json\/wp\/v2\/comments?post=30837"}],"version-history":[{"count":0,"href":"https:\/\/www.visit-ulcinj.com\/blog\/wp-json\/wp\/v2\/posts\/30837\/revisions"}],"wp:attachment":[{"href":"https:\/\/www.visit-ulcinj.com\/blog\/wp-json\/wp\/v2\/media?parent=30837"}],"wp:term":[{"taxonomy":"category","embeddable":true,"href":"https:\/\/www.visit-ulcinj.com\/blog\/wp-json\/wp\/v2\/categories?post=30837"},{"taxonomy":"post_tag","embeddable":true,"href":"https:\/\/www.visit-ulcinj.com\/blog\/wp-json\/wp\/v2\/tags?post=30837"}],"curies":[{"name":"wp","href":"https:\/\/api.w.org\/{rel}","templated":true}]}}