{"id":30870,"date":"2010-03-05T19:16:42","date_gmt":"2010-03-05T17:16:42","guid":{"rendered":"http:\/\/www.visit-ulcinj.com\/blog\/?p=30870"},"modified":"2010-03-20T21:39:01","modified_gmt":"2010-03-20T19:39:01","slug":"forca-demant-ne-reagimin-e-komunes-se-ulqinit","status":"publish","type":"post","link":"https:\/\/www.visit-ulcinj.com\/blog\/2010\/03\/05\/forca-demant-ne-reagimin-e-komunes-se-ulqinit\/","title":{"rendered":"Forca: Demant ne reagimin e  Komun\u00ebs se Ulqinit"},"content":{"rendered":"<p><strong><img loading=\"lazy\" class=\"alignright\" title=\"FORCA E RE\" src=\"http:\/\/www.visit-ulcinj.com\/blog\/wp-content\/uploads\/2010\/03\/forca-logo-ulcinj.jpg\" alt=\"\" width=\"352\" height=\"338\" \/>Ulqin, 04.03.2010<\/strong><\/p>\n<p><strong>Br. 38\/10<\/strong><\/p>\n<p><strong>Demant ne reagimin e\u00a0 Komun\u00ebs se Ulqinit <\/strong><\/p>\n<p>Me te knaqur do te ishim sikur do kishim mundesi t\u00eb komentojm\u00eb di\u00e7ka pozitive nga Ulqini, si p\u00ebr shembull nd\u00ebrtimi i kapaciteteve hoteliere ose nd\u00ebrtimin e infrastruktur\u00ebs s\u00eb premtuar se sa te komentojm p\u00ebr gjendjen katastrofale t\u00eb komun\u00ebs p\u00ebr t\u00eb cil\u00ebn Ju jeni fajtor direkt.<\/p>\n<p>Buxheti i planifikuar i Komun\u00ebs s\u00eb Ulqinit p\u00ebr vitin 2009 ishte 16.220.000 EUR kurse \u00ebsht\u00eb\u00a0 realizuar gjithsejt\u00eb 4.636.000 EUR, pra 28.50% nga e planifikuara e jo 85,70 % si\u00e7 pohojni n\u00eb demantin e vethevetes.<\/p>\n<p>Sikur realizimi t\u00eb ishte ne perqindje sa pohoni, at\u00ebher\u00eb realizimi do\u00a0 t\u00eb ishte 13.900.000 EUR.<\/p>\n<p>N\u00eb raportin e Ministris\u00eb s\u00eb financave\u00a0 theksohet q\u00eb:<\/p>\n<p>Niveli m\u00eb i ul\u00ebt i realizimit t\u00eb\u00a0 buxhetit n\u00eb komunat e Malit t\u00eb Zi, p\u00ebr periudh\u00ebn janar-shtator te vitit 2009 \u00ebsht\u00eb ne komunen e Ulqinit e ajo \u00ebsht\u00eb 20.40% n\u00eb krahasim me planin e vitit 2009 \u00e7ka do t\u00eb thot\u00eb q\u00eb realizmi \u00ebsht\u00eb 3.300.000 EUR<\/p>\n<p>P\u00ebrse nuk e keni demantuar Ministrin\u00eb e Financave?<\/p>\n<p>Me Programin e rregullimit hap\u00ebsinor p\u00ebr vitin 2009 jan\u00eb planifikuar investime me shum\u00eb prej 10.152.000 EUR ndersa jane\u00a0 realizua vetem 281.000 EUR. Pra realizimi i nivestimeve\u00a0 \u00ebsht\u00eb 2,8 % nga e planifikuara.<\/p>\n<p>Gjithashtu nga Raporti q\u00eb kemi fituar nga Sekretariati p\u00ebr financa, ne baz\u00eb te realizimit t\u00eb taksbanimit mund t\u00eb p\u00ebrfundoim q\u00eb Ulqini ne vitin 2009 ka pesuar renje prej\u00a0 31% ne numrin e turistave .<\/p>\n<p>Kur te gjithe kesaj i shtojm q\u00eb pun\u00ebtor\u00ebt n\u00eb organet e administrat\u00ebs nuk kan\u00eb marr\u00eb rrog\u00eb m\u00eb tep\u00ebr se tre muaj. N\u00eb Qend\u00ebr p\u00ebr kultur\u00eb 5 muaj,\u00a0 ne NP p\u00ebr mbrojtjen dhe kultivimin e eg\u00ebrsirave 10 muaj, NP UPIN 4 muaj, radio Ulqin 5 muaj, ne NP Komunale 2 muaj, a ashte i nevojshem me komenti i FORCES?<\/p>\n<p>Ky \u00ebsht\u00eb\u00a0 vet\u00ebm fillimi i debatit sa i p\u00ebrket shpenzimeve\u00a0 t\u00eb\u00a0 reprezentacioneve, udh\u00ebtimeve zyrtare, shpenzimit t\u00eb karburantit, mbledhjes se taksbanimit, pagesave individuale, pagesave p\u00ebr media,etj.etj.<\/p>\n<p>Me k\u00ebt\u00eb\u00a0 rast, p\u00ebrve\u00e7 shpenzimeve te udh\u00ebtimeve zyrtare dhe reprezentacioneve do te\u00a0 shtojm\u00eb edhe shpenzimet p\u00ebr media dhe p\u00ebr promovimet me te cilat mundoheni\u00a0 p\u00ebrs\u00ebri t\u00eb mashtroni popullin kinse jan\u00eb evc t\u00eb p\u00ebrfshira. N\u00eb baz\u00eb\u00a0 t\u00eb t\u00eb dh\u00ebnave zyrtare nga llogarit\u00eb p\u00ebrfundimtare p\u00ebr vitet 2007 ,2008 dhe n\u00eb baz\u00eb t\u00eb Raportit q\u00eb kemi fituar nga Sekretariati p\u00ebr Financa p\u00ebr vitin 2009 do t\u00eb paraqesim tabel\u00ebn n\u00eb vijim:<\/p>\n<p><strong><br \/>\n2007\u00a0\u00a0\u00a0\u00a0\u00a0\u00a0\u00a0\u00a0\u00a0\u00a0\u00a0\u00a0\u00a0\u00a0 2008\u00a0\u00a0\u00a0\u00a0\u00a0\u00a0\u00a0\u00a0\u00a0\u00a0 2009\u00a0\u00a0\u00a0\u00a0\u00a0\u00a0\u00a0 GITHSEJT\u00cb<\/strong><\/p>\n<p><strong>Shpenzimet p\u00ebr reprezentacion\u00a0\u00a0\u00a0\u00a0\u00a0 60.011,17\u00a0\u00a0\u00a0\u00a0 87.526,93\u00a0\u00a0\u00a0\u00a0 40.888,58\u00a0\u00a0\u00a0\u00a0\u00a0 188.426,69\u00a0 EUR<\/strong><\/p>\n<p><strong>Shpen.p\u00ebr udh\u00ebtime zyrtare\u00a0\u00a0\u00a0\u00a0\u00a0\u00a0\u00a0\u00a0 83.327,16\u00a0\u00a0\u00a0\u00a0 48.372,21\u00a0\u00a0\u00a0\u00a0 74.642,29\u00a0\u00a0\u00a0\u00a0\u00a0\u00a0\u00a0\u00a0 206.341,66 EUR<\/strong><\/p>\n<p><strong>Shpenz.p\u00ebr media dhe\u00a0\u00a0\u00a0\u00a0\u00a0\u00a0\u00a0\u00a0\u00a0\u00a0\u00a0\u00a0\u00a0\u00a0\u00a0\u00a0 64.425,65\u00a0\u00a0\u00a0\u00a0\u00a0 83.878,86\u00a0\u00a0\u00a0 84.195,65\u00a0\u00a0\u00a0\u00a0\u00a0\u00a0\u00a0\u00a0 232.500,16 EUR<\/strong><\/p>\n<p><strong>promoemiv<\/strong><\/p>\n<p><strong>&#8230;&#8230;&#8230;&#8230;&#8230;&#8230;&#8230;&#8230;&#8230;&#8230;&#8230;&#8230;&#8230;&#8230;&#8230;&#8230;&#8230;&#8230;&#8230;&#8230;&#8230;&#8230;&#8230;&#8230;&#8230;&#8230;&#8230;&#8230;&#8230;&#8230;&#8230;&#8230;&#8230;&#8230;&#8230;&#8230;&#8230;&#8230;&#8230;&#8230;&#8230;&#8230;&#8230;&#8230;&#8230;&#8230;&#8230;..<\/strong><\/p>\n<p><strong>GITHSEJT\u00cb\u00a0\u00a0\u00a0\u00a0\u00a0\u00a0\u00a0\u00a0\u00a0\u00a0\u00a0\u00a0\u00a0\u00a0\u00a0\u00a0\u00a0\u00a0\u00a0\u00a0\u00a0\u00a0\u00a0\u00a0\u00a0\u00a0\u00a0\u00a0\u00a0\u00a0\u00a0 207.763,98\u00a0\u00a0\u00a0 219.778,00\u00a0\u00a0 199.726,52\u00a0\u00a0\u00a0\u00a0\u00a0\u00a0\u00a0 627.268,50\u00a0 EUR <\/strong><\/p>\n<p><strong>Pra, k\u00ebto shpenzime p\u00ebr tre vite nuk jan\u00eb 400.000 por jan\u00eb 627.268,50 EUR <\/strong><\/p>\n<p>K\u00ebrkesat e FORC\u00cbS\u00a0 per t\u00eb dh\u00ebnat p\u00ebr shepnzimet e reprezentacionit p\u00ebr vitin 2007 dhe p\u00ebr vitin 2008 jane refuzuar prej anes se Sekretarijatit p\u00ebr buxhet dhe finansa me daten 03.08.2009 me vendimet nr. 04-4583\/1 dhe 04-4583\/2. Ne arsyetim per refuzimin e kerkeses per te dhana thuhet \u00bbq\u00eb me publikimin e tyre do t\u00eb shkelet interesi private dhe publik&#8230;.\u00ab<\/p>\n<p>N\u00ebse nuk d\u00ebshironi qe FORC\u00cbS te i jepni te dhanat at\u00ebher\u00eb do t\u00eb i spjegojani qytetar\u00ebvese p\u00ebr \u00e7far\u00eb sekretit b\u00ebhet fjale.<\/p>\n<p><strong>Sh\u00ebrbimi Informativ i Forc\u00ebs<br \/>\nIlir Llazorja<\/strong><br \/>\n<strong> <\/strong><\/p>\n","protected":false},"excerpt":{"rendered":"<p>Ulqin, 04.03.2010 Br. 38\/10 Demant ne reagimin e\u00a0 Komun\u00ebs se Ulqinit Me te knaqur do te ishim sikur do kishim mundesi t\u00eb komentojm\u00eb di\u00e7ka pozitive nga Ulqini, si p\u00ebr shembull nd\u00ebrtimi i kapaciteteve hoteliere ose nd\u00ebrtimin e infrastruktur\u00ebs s\u00eb premtuar se sa te komentojm p\u00ebr gjendjen katastrofale t\u00eb komun\u00ebs p\u00ebr t\u00eb cil\u00ebn Ju jeni fajtor [&hellip;]<\/p>\n","protected":false},"author":1,"featured_media":0,"comment_status":"open","ping_status":"closed","sticky":false,"template":"","format":"standard","meta":{"spay_email":"","jetpack_publicize_message":"","jetpack_is_tweetstorm":false,"jetpack_publicize_feature_enabled":true},"categories":[8],"tags":[],"jetpack_publicize_connections":[],"yoast_head":"<!-- This site is optimized with the Yoast SEO plugin v19.1 - https:\/\/yoast.com\/wordpress\/plugins\/seo\/ -->\n<title>Forca: Demant ne reagimin e Komun\u00ebs se Ulqinit  - Lajme nga Ulqini<\/title>\n<meta name=\"description\" content=\"Ulqin, 04.03.2010 Br. 38\/10 Demant ne reagimin e\u00a0 Komun\u00ebs se Ulqinit Me te knaqur do te ishim sikur do kishim mundesi t\u00eb komentojm\u00eb di\u00e7ka pozitive nga\" \/>\n<meta name=\"robots\" content=\"index, follow, max-snippet:-1, max-image-preview:large, max-video-preview:-1\" \/>\n<link rel=\"canonical\" href=\"https:\/\/www.visit-ulcinj.com\/blog\/2010\/03\/05\/forca-demant-ne-reagimin-e-komunes-se-ulqinit\/\" \/>\n<meta property=\"og:locale\" content=\"en_US\" \/>\n<meta property=\"og:type\" content=\"article\" \/>\n<meta property=\"og:title\" content=\"Forca: Demant ne reagimin e Komun\u00ebs se Ulqinit  - Lajme nga Ulqini\" \/>\n<meta property=\"og:description\" content=\"Ulqin, 04.03.2010 Br. 38\/10 Demant ne reagimin e\u00a0 Komun\u00ebs se Ulqinit Me te knaqur do te ishim sikur do kishim mundesi t\u00eb komentojm\u00eb di\u00e7ka pozitive nga\" \/>\n<meta property=\"og:url\" content=\"https:\/\/www.visit-ulcinj.com\/blog\/2010\/03\/05\/forca-demant-ne-reagimin-e-komunes-se-ulqinit\/\" \/>\n<meta property=\"og:site_name\" content=\"Lajme nga Ulqini\" \/>\n<meta property=\"article:published_time\" content=\"2010-03-05T17:16:42+00:00\" \/>\n<meta property=\"article:modified_time\" content=\"2010-03-20T19:39:01+00:00\" \/>\n<meta property=\"og:image\" content=\"http:\/\/www.visit-ulcinj.com\/blog\/wp-content\/uploads\/2010\/03\/forca-logo-ulcinj.jpg\" \/>\n<meta name=\"twitter:label1\" content=\"Written by\" \/>\n\t<meta name=\"twitter:data1\" content=\"ulqini\" \/>\n\t<meta name=\"twitter:label2\" content=\"Est. reading time\" \/>\n\t<meta name=\"twitter:data2\" content=\"3 minutes\" \/>\n<script type=\"application\/ld+json\" class=\"yoast-schema-graph\">{\"@context\":\"https:\/\/schema.org\",\"@graph\":[{\"@type\":\"WebSite\",\"@id\":\"https:\/\/www.visit-ulcinj.com\/blog\/#website\",\"url\":\"https:\/\/www.visit-ulcinj.com\/blog\/\",\"name\":\"Lajme nga Ulqini\",\"description\":\"Lajme,Vijesti,Ulqini,Ulqin,Crna Gora,Mali i Zi\",\"potentialAction\":[{\"@type\":\"SearchAction\",\"target\":{\"@type\":\"EntryPoint\",\"urlTemplate\":\"https:\/\/www.visit-ulcinj.com\/blog\/?s={search_term_string}\"},\"query-input\":\"required name=search_term_string\"}],\"inLanguage\":\"en-US\"},{\"@type\":\"ImageObject\",\"inLanguage\":\"en-US\",\"@id\":\"https:\/\/www.visit-ulcinj.com\/blog\/2010\/03\/05\/forca-demant-ne-reagimin-e-komunes-se-ulqinit\/#primaryimage\",\"url\":\"https:\/\/www.visit-ulcinj.com\/blog\/wp-content\/uploads\/2010\/03\/forca-logo-ulcinj.jpg\",\"contentUrl\":\"https:\/\/www.visit-ulcinj.com\/blog\/wp-content\/uploads\/2010\/03\/forca-logo-ulcinj.jpg\",\"width\":\"500\",\"height\":\"481\"},{\"@type\":\"WebPage\",\"@id\":\"https:\/\/www.visit-ulcinj.com\/blog\/2010\/03\/05\/forca-demant-ne-reagimin-e-komunes-se-ulqinit\/#webpage\",\"url\":\"https:\/\/www.visit-ulcinj.com\/blog\/2010\/03\/05\/forca-demant-ne-reagimin-e-komunes-se-ulqinit\/\",\"name\":\"Forca: Demant ne reagimin e Komun\u00ebs se Ulqinit - Lajme nga Ulqini\",\"isPartOf\":{\"@id\":\"https:\/\/www.visit-ulcinj.com\/blog\/#website\"},\"primaryImageOfPage\":{\"@id\":\"https:\/\/www.visit-ulcinj.com\/blog\/2010\/03\/05\/forca-demant-ne-reagimin-e-komunes-se-ulqinit\/#primaryimage\"},\"datePublished\":\"2010-03-05T17:16:42+00:00\",\"dateModified\":\"2010-03-20T19:39:01+00:00\",\"author\":{\"@id\":\"https:\/\/www.visit-ulcinj.com\/blog\/#\/schema\/person\/dcab619c614d3038751c63bc2aadc06d\"},\"description\":\"Ulqin, 04.03.2010 Br. 38\/10 Demant ne reagimin e\u00a0 Komun\u00ebs se Ulqinit Me te knaqur do te ishim sikur do kishim mundesi t\u00eb komentojm\u00eb di\u00e7ka pozitive nga\",\"breadcrumb\":{\"@id\":\"https:\/\/www.visit-ulcinj.com\/blog\/2010\/03\/05\/forca-demant-ne-reagimin-e-komunes-se-ulqinit\/#breadcrumb\"},\"inLanguage\":\"en-US\",\"potentialAction\":[{\"@type\":\"ReadAction\",\"target\":[\"https:\/\/www.visit-ulcinj.com\/blog\/2010\/03\/05\/forca-demant-ne-reagimin-e-komunes-se-ulqinit\/\"]}]},{\"@type\":\"BreadcrumbList\",\"@id\":\"https:\/\/www.visit-ulcinj.com\/blog\/2010\/03\/05\/forca-demant-ne-reagimin-e-komunes-se-ulqinit\/#breadcrumb\",\"itemListElement\":[{\"@type\":\"ListItem\",\"position\":1,\"name\":\"Forca: Demant ne reagimin e Komun\u00ebs se Ulqinit\"}]},{\"@type\":\"Person\",\"@id\":\"https:\/\/www.visit-ulcinj.com\/blog\/#\/schema\/person\/dcab619c614d3038751c63bc2aadc06d\",\"name\":\"ulqini\",\"sameAs\":[\"http:\/\/www.visit-ulcinj.com\"],\"url\":\"https:\/\/www.visit-ulcinj.com\/blog\/author\/admin\/\"}]}<\/script>\n<!-- \/ Yoast SEO plugin. -->","yoast_head_json":{"title":"Forca: Demant ne reagimin e Komun\u00ebs se Ulqinit  - Lajme nga Ulqini","description":"Ulqin, 04.03.2010 Br. 38\/10 Demant ne reagimin e\u00a0 Komun\u00ebs se Ulqinit Me te knaqur do te ishim sikur do kishim mundesi t\u00eb komentojm\u00eb di\u00e7ka pozitive nga","robots":{"index":"index","follow":"follow","max-snippet":"max-snippet:-1","max-image-preview":"max-image-preview:large","max-video-preview":"max-video-preview:-1"},"canonical":"https:\/\/www.visit-ulcinj.com\/blog\/2010\/03\/05\/forca-demant-ne-reagimin-e-komunes-se-ulqinit\/","og_locale":"en_US","og_type":"article","og_title":"Forca: Demant ne reagimin e Komun\u00ebs se Ulqinit  - Lajme nga Ulqini","og_description":"Ulqin, 04.03.2010 Br. 38\/10 Demant ne reagimin e\u00a0 Komun\u00ebs se Ulqinit Me te knaqur do te ishim sikur do kishim mundesi t\u00eb komentojm\u00eb di\u00e7ka pozitive nga","og_url":"https:\/\/www.visit-ulcinj.com\/blog\/2010\/03\/05\/forca-demant-ne-reagimin-e-komunes-se-ulqinit\/","og_site_name":"Lajme nga Ulqini","article_published_time":"2010-03-05T17:16:42+00:00","article_modified_time":"2010-03-20T19:39:01+00:00","og_image":[{"url":"http:\/\/www.visit-ulcinj.com\/blog\/wp-content\/uploads\/2010\/03\/forca-logo-ulcinj.jpg"}],"twitter_misc":{"Written by":"ulqini","Est. reading time":"3 minutes"},"schema":{"@context":"https:\/\/schema.org","@graph":[{"@type":"WebSite","@id":"https:\/\/www.visit-ulcinj.com\/blog\/#website","url":"https:\/\/www.visit-ulcinj.com\/blog\/","name":"Lajme nga Ulqini","description":"Lajme,Vijesti,Ulqini,Ulqin,Crna Gora,Mali i Zi","potentialAction":[{"@type":"SearchAction","target":{"@type":"EntryPoint","urlTemplate":"https:\/\/www.visit-ulcinj.com\/blog\/?s={search_term_string}"},"query-input":"required name=search_term_string"}],"inLanguage":"en-US"},{"@type":"ImageObject","inLanguage":"en-US","@id":"https:\/\/www.visit-ulcinj.com\/blog\/2010\/03\/05\/forca-demant-ne-reagimin-e-komunes-se-ulqinit\/#primaryimage","url":"https:\/\/www.visit-ulcinj.com\/blog\/wp-content\/uploads\/2010\/03\/forca-logo-ulcinj.jpg","contentUrl":"https:\/\/www.visit-ulcinj.com\/blog\/wp-content\/uploads\/2010\/03\/forca-logo-ulcinj.jpg","width":"500","height":"481"},{"@type":"WebPage","@id":"https:\/\/www.visit-ulcinj.com\/blog\/2010\/03\/05\/forca-demant-ne-reagimin-e-komunes-se-ulqinit\/#webpage","url":"https:\/\/www.visit-ulcinj.com\/blog\/2010\/03\/05\/forca-demant-ne-reagimin-e-komunes-se-ulqinit\/","name":"Forca: Demant ne reagimin e Komun\u00ebs se Ulqinit - Lajme nga Ulqini","isPartOf":{"@id":"https:\/\/www.visit-ulcinj.com\/blog\/#website"},"primaryImageOfPage":{"@id":"https:\/\/www.visit-ulcinj.com\/blog\/2010\/03\/05\/forca-demant-ne-reagimin-e-komunes-se-ulqinit\/#primaryimage"},"datePublished":"2010-03-05T17:16:42+00:00","dateModified":"2010-03-20T19:39:01+00:00","author":{"@id":"https:\/\/www.visit-ulcinj.com\/blog\/#\/schema\/person\/dcab619c614d3038751c63bc2aadc06d"},"description":"Ulqin, 04.03.2010 Br. 38\/10 Demant ne reagimin e\u00a0 Komun\u00ebs se Ulqinit Me te knaqur do te ishim sikur do kishim mundesi t\u00eb komentojm\u00eb di\u00e7ka pozitive nga","breadcrumb":{"@id":"https:\/\/www.visit-ulcinj.com\/blog\/2010\/03\/05\/forca-demant-ne-reagimin-e-komunes-se-ulqinit\/#breadcrumb"},"inLanguage":"en-US","potentialAction":[{"@type":"ReadAction","target":["https:\/\/www.visit-ulcinj.com\/blog\/2010\/03\/05\/forca-demant-ne-reagimin-e-komunes-se-ulqinit\/"]}]},{"@type":"BreadcrumbList","@id":"https:\/\/www.visit-ulcinj.com\/blog\/2010\/03\/05\/forca-demant-ne-reagimin-e-komunes-se-ulqinit\/#breadcrumb","itemListElement":[{"@type":"ListItem","position":1,"name":"Forca: Demant ne reagimin e Komun\u00ebs se Ulqinit"}]},{"@type":"Person","@id":"https:\/\/www.visit-ulcinj.com\/blog\/#\/schema\/person\/dcab619c614d3038751c63bc2aadc06d","name":"ulqini","sameAs":["http:\/\/www.visit-ulcinj.com"],"url":"https:\/\/www.visit-ulcinj.com\/blog\/author\/admin\/"}]}},"jetpack_featured_media_url":"","jetpack_sharing_enabled":true,"jetpack_shortlink":"https:\/\/wp.me\/pe6lTn-81U","_links":{"self":[{"href":"https:\/\/www.visit-ulcinj.com\/blog\/wp-json\/wp\/v2\/posts\/30870"}],"collection":[{"href":"https:\/\/www.visit-ulcinj.com\/blog\/wp-json\/wp\/v2\/posts"}],"about":[{"href":"https:\/\/www.visit-ulcinj.com\/blog\/wp-json\/wp\/v2\/types\/post"}],"author":[{"embeddable":true,"href":"https:\/\/www.visit-ulcinj.com\/blog\/wp-json\/wp\/v2\/users\/1"}],"replies":[{"embeddable":true,"href":"https:\/\/www.visit-ulcinj.com\/blog\/wp-json\/wp\/v2\/comments?post=30870"}],"version-history":[{"count":0,"href":"https:\/\/www.visit-ulcinj.com\/blog\/wp-json\/wp\/v2\/posts\/30870\/revisions"}],"wp:attachment":[{"href":"https:\/\/www.visit-ulcinj.com\/blog\/wp-json\/wp\/v2\/media?parent=30870"}],"wp:term":[{"taxonomy":"category","embeddable":true,"href":"https:\/\/www.visit-ulcinj.com\/blog\/wp-json\/wp\/v2\/categories?post=30870"},{"taxonomy":"post_tag","embeddable":true,"href":"https:\/\/www.visit-ulcinj.com\/blog\/wp-json\/wp\/v2\/tags?post=30870"}],"curies":[{"name":"wp","href":"https:\/\/api.w.org\/{rel}","templated":true}]}}