{"id":30899,"date":"2010-03-07T18:02:13","date_gmt":"2010-03-07T16:02:13","guid":{"rendered":"http:\/\/www.visit-ulcinj.com\/blog\/?p=30899"},"modified":"2010-03-07T18:02:13","modified_gmt":"2010-03-07T16:02:13","slug":"soni-kercimtare-%e2%80%98boom%e2%80%99-votash-ne-internet","status":"publish","type":"post","link":"https:\/\/www.visit-ulcinj.com\/blog\/2010\/03\/07\/soni-kercimtare-%e2%80%98boom%e2%80%99-votash-ne-internet\/","title":{"rendered":"Soni kercimtare, \u2018boom\u2019 votash ne internet"},"content":{"rendered":"<p><a href=\"http:\/\/www.visit-ulcinj.com\/blog\/wp-content\/uploads\/2010\/03\/Soni-Malaj.1.jpg\"><img loading=\"lazy\" class=\"alignleft size-full wp-image-30900\" title=\"Soni Malaj.1\" src=\"http:\/\/www.visit-ulcinj.com\/blog\/wp-content\/uploads\/2010\/03\/Soni-Malaj.1.jpg\" alt=\"Soni Malaj.1\" width=\"580\" height=\"347\" \/><\/a>Nj\u00eb nd\u00ebr emisionet q\u00eb ka sjell\u00eb n\u00eb v\u00ebmendje VIP-a t\u00eb fushave t\u00eb  ndryshme tashm\u00eb duke k\u00ebrcyer. Dhe sigurisht n\u00eb forume jan\u00eb dh\u00ebn\u00eb mendime  t\u00eb ndryshme p\u00ebr performimet, duke i shqyrtuar t\u00eb gjith\u00eb n\u00eb m\u00ebnyr\u00eb  specifike. Nga votimet n\u00eb sondazhet e b\u00ebra, Soni Malaj duket se p\u00eblqehet  m\u00eb shum\u00eb, kjo p\u00ebr vet\u00eb faktin se fansat mendojn\u00eb se k\u00ebng\u00ebtarja ka  form\u00ebn e duhur trupore, m\u00ebnyr\u00ebn e komportimit me partnerin, dhe  seriozitetin q\u00eb ka n\u00eb p\u00ebrgatitje pasi puna e saj n\u00eb spektak\u00ebl duket.  Komplimenta shkojn\u00eb edhe p\u00ebr k\u00ebng\u00ebtaren Eli Fara, e cila \u00ebsht\u00eb shquar jo  vet\u00ebm p\u00ebr form\u00ebn e saj fizike, por edhe m\u00ebnyr\u00ebn elegante t\u00eb t\u00eb  k\u00ebrcyerit.<\/p>\n<p><strong>Revista Bluetooth<\/strong><strong><\/p>\n<p><\/strong><!--YouTube Error: bad URL entered--><\/p>\n","protected":false},"excerpt":{"rendered":"<p>Nj\u00eb nd\u00ebr emisionet q\u00eb ka sjell\u00eb n\u00eb v\u00ebmendje VIP-a t\u00eb fushave t\u00eb ndryshme tashm\u00eb duke k\u00ebrcyer. Dhe sigurisht n\u00eb forume jan\u00eb dh\u00ebn\u00eb mendime t\u00eb ndryshme p\u00ebr performimet, duke i shqyrtuar t\u00eb gjith\u00eb n\u00eb m\u00ebnyr\u00eb specifike. Nga votimet n\u00eb sondazhet e b\u00ebra, Soni Malaj duket se p\u00eblqehet m\u00eb shum\u00eb, kjo p\u00ebr vet\u00eb faktin se fansat mendojn\u00eb [&hellip;]<\/p>\n","protected":false},"author":1,"featured_media":0,"comment_status":"open","ping_status":"closed","sticky":false,"template":"","format":"standard","meta":{"spay_email":"","jetpack_publicize_message":"","jetpack_is_tweetstorm":false,"jetpack_publicize_feature_enabled":true},"categories":[1],"tags":[4904],"jetpack_publicize_connections":[],"yoast_head":"<!-- This site is optimized with the Yoast SEO plugin v19.1 - https:\/\/yoast.com\/wordpress\/plugins\/seo\/ -->\n<title>Soni kercimtare, \u2018boom\u2019 votash ne internet - Lajme nga Ulqini<\/title>\n<meta name=\"description\" content=\"Nj\u00eb nd\u00ebr emisionet q\u00eb ka sjell\u00eb n\u00eb v\u00ebmendje VIP-a t\u00eb fushave t\u00eb ndryshme tashm\u00eb duke k\u00ebrcyer. Dhe sigurisht n\u00eb forume jan\u00eb dh\u00ebn\u00eb mendime t\u00eb ndryshme p\u00ebr\" \/>\n<meta name=\"robots\" content=\"index, follow, max-snippet:-1, max-image-preview:large, max-video-preview:-1\" \/>\n<link rel=\"canonical\" href=\"https:\/\/www.visit-ulcinj.com\/blog\/2010\/03\/07\/soni-kercimtare-\u2018boom\u2019-votash-ne-internet\/\" \/>\n<meta property=\"og:locale\" content=\"en_US\" \/>\n<meta property=\"og:type\" content=\"article\" \/>\n<meta property=\"og:title\" content=\"Soni kercimtare, \u2018boom\u2019 votash ne internet - Lajme nga Ulqini\" \/>\n<meta property=\"og:description\" content=\"Nj\u00eb nd\u00ebr emisionet q\u00eb ka sjell\u00eb n\u00eb v\u00ebmendje VIP-a t\u00eb fushave t\u00eb ndryshme tashm\u00eb duke k\u00ebrcyer. Dhe sigurisht n\u00eb forume jan\u00eb dh\u00ebn\u00eb mendime t\u00eb ndryshme p\u00ebr\" \/>\n<meta property=\"og:url\" content=\"https:\/\/www.visit-ulcinj.com\/blog\/2010\/03\/07\/soni-kercimtare-\u2018boom\u2019-votash-ne-internet\/\" \/>\n<meta property=\"og:site_name\" content=\"Lajme nga Ulqini\" \/>\n<meta property=\"article:published_time\" content=\"2010-03-07T16:02:13+00:00\" \/>\n<meta property=\"og:image\" content=\"https:\/\/www.visit-ulcinj.com\/blog\/wp-content\/uploads\/2010\/03\/Soni-Malaj.1-150x150.jpg\" \/>\n<meta name=\"twitter:label1\" content=\"Written by\" \/>\n\t<meta name=\"twitter:data1\" content=\"ulqini\" \/>\n\t<meta name=\"twitter:label2\" content=\"Est. reading time\" \/>\n\t<meta name=\"twitter:data2\" content=\"1 minute\" \/>\n<script type=\"application\/ld+json\" class=\"yoast-schema-graph\">{\"@context\":\"https:\/\/schema.org\",\"@graph\":[{\"@type\":\"WebSite\",\"@id\":\"https:\/\/www.visit-ulcinj.com\/blog\/#website\",\"url\":\"https:\/\/www.visit-ulcinj.com\/blog\/\",\"name\":\"Lajme nga Ulqini\",\"description\":\"Lajme,Vijesti,Ulqini,Ulqin,Crna Gora,Mali i Zi\",\"potentialAction\":[{\"@type\":\"SearchAction\",\"target\":{\"@type\":\"EntryPoint\",\"urlTemplate\":\"https:\/\/www.visit-ulcinj.com\/blog\/?s={search_term_string}\"},\"query-input\":\"required name=search_term_string\"}],\"inLanguage\":\"en-US\"},{\"@type\":\"ImageObject\",\"inLanguage\":\"en-US\",\"@id\":\"https:\/\/www.visit-ulcinj.com\/blog\/2010\/03\/07\/soni-kercimtare-%e2%80%98boom%e2%80%99-votash-ne-internet\/#primaryimage\",\"url\":\"http:\/\/www.visit-ulcinj.com\/blog\/wp-content\/uploads\/2010\/03\/Soni-Malaj.1.jpg\",\"contentUrl\":\"http:\/\/www.visit-ulcinj.com\/blog\/wp-content\/uploads\/2010\/03\/Soni-Malaj.1.jpg\"},{\"@type\":\"WebPage\",\"@id\":\"https:\/\/www.visit-ulcinj.com\/blog\/2010\/03\/07\/soni-kercimtare-%e2%80%98boom%e2%80%99-votash-ne-internet\/#webpage\",\"url\":\"https:\/\/www.visit-ulcinj.com\/blog\/2010\/03\/07\/soni-kercimtare-%e2%80%98boom%e2%80%99-votash-ne-internet\/\",\"name\":\"Soni kercimtare, \u2018boom\u2019 votash ne internet - Lajme nga Ulqini\",\"isPartOf\":{\"@id\":\"https:\/\/www.visit-ulcinj.com\/blog\/#website\"},\"primaryImageOfPage\":{\"@id\":\"https:\/\/www.visit-ulcinj.com\/blog\/2010\/03\/07\/soni-kercimtare-%e2%80%98boom%e2%80%99-votash-ne-internet\/#primaryimage\"},\"datePublished\":\"2010-03-07T16:02:13+00:00\",\"dateModified\":\"2010-03-07T16:02:13+00:00\",\"author\":{\"@id\":\"https:\/\/www.visit-ulcinj.com\/blog\/#\/schema\/person\/dcab619c614d3038751c63bc2aadc06d\"},\"description\":\"Nj\u00eb nd\u00ebr emisionet q\u00eb ka sjell\u00eb n\u00eb v\u00ebmendje VIP-a t\u00eb fushave t\u00eb ndryshme tashm\u00eb duke k\u00ebrcyer. Dhe sigurisht n\u00eb forume jan\u00eb dh\u00ebn\u00eb mendime t\u00eb ndryshme p\u00ebr\",\"breadcrumb\":{\"@id\":\"https:\/\/www.visit-ulcinj.com\/blog\/2010\/03\/07\/soni-kercimtare-%e2%80%98boom%e2%80%99-votash-ne-internet\/#breadcrumb\"},\"inLanguage\":\"en-US\",\"potentialAction\":[{\"@type\":\"ReadAction\",\"target\":[\"https:\/\/www.visit-ulcinj.com\/blog\/2010\/03\/07\/soni-kercimtare-%e2%80%98boom%e2%80%99-votash-ne-internet\/\"]}]},{\"@type\":\"BreadcrumbList\",\"@id\":\"https:\/\/www.visit-ulcinj.com\/blog\/2010\/03\/07\/soni-kercimtare-%e2%80%98boom%e2%80%99-votash-ne-internet\/#breadcrumb\",\"itemListElement\":[{\"@type\":\"ListItem\",\"position\":1,\"name\":\"Soni kercimtare, \u2018boom\u2019 votash ne internet\"}]},{\"@type\":\"Person\",\"@id\":\"https:\/\/www.visit-ulcinj.com\/blog\/#\/schema\/person\/dcab619c614d3038751c63bc2aadc06d\",\"name\":\"ulqini\",\"sameAs\":[\"http:\/\/www.visit-ulcinj.com\"],\"url\":\"https:\/\/www.visit-ulcinj.com\/blog\/author\/admin\/\"}]}<\/script>\n<!-- \/ Yoast SEO plugin. -->","yoast_head_json":{"title":"Soni kercimtare, \u2018boom\u2019 votash ne internet - Lajme nga Ulqini","description":"Nj\u00eb nd\u00ebr emisionet q\u00eb ka sjell\u00eb n\u00eb v\u00ebmendje VIP-a t\u00eb fushave t\u00eb ndryshme tashm\u00eb duke k\u00ebrcyer. Dhe sigurisht n\u00eb forume jan\u00eb dh\u00ebn\u00eb mendime t\u00eb ndryshme p\u00ebr","robots":{"index":"index","follow":"follow","max-snippet":"max-snippet:-1","max-image-preview":"max-image-preview:large","max-video-preview":"max-video-preview:-1"},"canonical":"https:\/\/www.visit-ulcinj.com\/blog\/2010\/03\/07\/soni-kercimtare-\u2018boom\u2019-votash-ne-internet\/","og_locale":"en_US","og_type":"article","og_title":"Soni kercimtare, \u2018boom\u2019 votash ne internet - Lajme nga Ulqini","og_description":"Nj\u00eb nd\u00ebr emisionet q\u00eb ka sjell\u00eb n\u00eb v\u00ebmendje VIP-a t\u00eb fushave t\u00eb ndryshme tashm\u00eb duke k\u00ebrcyer. Dhe sigurisht n\u00eb forume jan\u00eb dh\u00ebn\u00eb mendime t\u00eb ndryshme p\u00ebr","og_url":"https:\/\/www.visit-ulcinj.com\/blog\/2010\/03\/07\/soni-kercimtare-\u2018boom\u2019-votash-ne-internet\/","og_site_name":"Lajme nga Ulqini","article_published_time":"2010-03-07T16:02:13+00:00","og_image":[{"url":"https:\/\/www.visit-ulcinj.com\/blog\/wp-content\/uploads\/2010\/03\/Soni-Malaj.1-150x150.jpg"}],"twitter_misc":{"Written by":"ulqini","Est. reading time":"1 minute"},"schema":{"@context":"https:\/\/schema.org","@graph":[{"@type":"WebSite","@id":"https:\/\/www.visit-ulcinj.com\/blog\/#website","url":"https:\/\/www.visit-ulcinj.com\/blog\/","name":"Lajme nga Ulqini","description":"Lajme,Vijesti,Ulqini,Ulqin,Crna Gora,Mali i Zi","potentialAction":[{"@type":"SearchAction","target":{"@type":"EntryPoint","urlTemplate":"https:\/\/www.visit-ulcinj.com\/blog\/?s={search_term_string}"},"query-input":"required name=search_term_string"}],"inLanguage":"en-US"},{"@type":"ImageObject","inLanguage":"en-US","@id":"https:\/\/www.visit-ulcinj.com\/blog\/2010\/03\/07\/soni-kercimtare-%e2%80%98boom%e2%80%99-votash-ne-internet\/#primaryimage","url":"http:\/\/www.visit-ulcinj.com\/blog\/wp-content\/uploads\/2010\/03\/Soni-Malaj.1.jpg","contentUrl":"http:\/\/www.visit-ulcinj.com\/blog\/wp-content\/uploads\/2010\/03\/Soni-Malaj.1.jpg"},{"@type":"WebPage","@id":"https:\/\/www.visit-ulcinj.com\/blog\/2010\/03\/07\/soni-kercimtare-%e2%80%98boom%e2%80%99-votash-ne-internet\/#webpage","url":"https:\/\/www.visit-ulcinj.com\/blog\/2010\/03\/07\/soni-kercimtare-%e2%80%98boom%e2%80%99-votash-ne-internet\/","name":"Soni kercimtare, \u2018boom\u2019 votash ne internet - Lajme nga Ulqini","isPartOf":{"@id":"https:\/\/www.visit-ulcinj.com\/blog\/#website"},"primaryImageOfPage":{"@id":"https:\/\/www.visit-ulcinj.com\/blog\/2010\/03\/07\/soni-kercimtare-%e2%80%98boom%e2%80%99-votash-ne-internet\/#primaryimage"},"datePublished":"2010-03-07T16:02:13+00:00","dateModified":"2010-03-07T16:02:13+00:00","author":{"@id":"https:\/\/www.visit-ulcinj.com\/blog\/#\/schema\/person\/dcab619c614d3038751c63bc2aadc06d"},"description":"Nj\u00eb nd\u00ebr emisionet q\u00eb ka sjell\u00eb n\u00eb v\u00ebmendje VIP-a t\u00eb fushave t\u00eb ndryshme tashm\u00eb duke k\u00ebrcyer. Dhe sigurisht n\u00eb forume jan\u00eb dh\u00ebn\u00eb mendime t\u00eb ndryshme p\u00ebr","breadcrumb":{"@id":"https:\/\/www.visit-ulcinj.com\/blog\/2010\/03\/07\/soni-kercimtare-%e2%80%98boom%e2%80%99-votash-ne-internet\/#breadcrumb"},"inLanguage":"en-US","potentialAction":[{"@type":"ReadAction","target":["https:\/\/www.visit-ulcinj.com\/blog\/2010\/03\/07\/soni-kercimtare-%e2%80%98boom%e2%80%99-votash-ne-internet\/"]}]},{"@type":"BreadcrumbList","@id":"https:\/\/www.visit-ulcinj.com\/blog\/2010\/03\/07\/soni-kercimtare-%e2%80%98boom%e2%80%99-votash-ne-internet\/#breadcrumb","itemListElement":[{"@type":"ListItem","position":1,"name":"Soni kercimtare, \u2018boom\u2019 votash ne internet"}]},{"@type":"Person","@id":"https:\/\/www.visit-ulcinj.com\/blog\/#\/schema\/person\/dcab619c614d3038751c63bc2aadc06d","name":"ulqini","sameAs":["http:\/\/www.visit-ulcinj.com"],"url":"https:\/\/www.visit-ulcinj.com\/blog\/author\/admin\/"}]}},"jetpack_featured_media_url":"","jetpack_sharing_enabled":true,"jetpack_shortlink":"https:\/\/wp.me\/pe6lTn-82n","_links":{"self":[{"href":"https:\/\/www.visit-ulcinj.com\/blog\/wp-json\/wp\/v2\/posts\/30899"}],"collection":[{"href":"https:\/\/www.visit-ulcinj.com\/blog\/wp-json\/wp\/v2\/posts"}],"about":[{"href":"https:\/\/www.visit-ulcinj.com\/blog\/wp-json\/wp\/v2\/types\/post"}],"author":[{"embeddable":true,"href":"https:\/\/www.visit-ulcinj.com\/blog\/wp-json\/wp\/v2\/users\/1"}],"replies":[{"embeddable":true,"href":"https:\/\/www.visit-ulcinj.com\/blog\/wp-json\/wp\/v2\/comments?post=30899"}],"version-history":[{"count":0,"href":"https:\/\/www.visit-ulcinj.com\/blog\/wp-json\/wp\/v2\/posts\/30899\/revisions"}],"wp:attachment":[{"href":"https:\/\/www.visit-ulcinj.com\/blog\/wp-json\/wp\/v2\/media?parent=30899"}],"wp:term":[{"taxonomy":"category","embeddable":true,"href":"https:\/\/www.visit-ulcinj.com\/blog\/wp-json\/wp\/v2\/categories?post=30899"},{"taxonomy":"post_tag","embeddable":true,"href":"https:\/\/www.visit-ulcinj.com\/blog\/wp-json\/wp\/v2\/tags?post=30899"}],"curies":[{"name":"wp","href":"https:\/\/api.w.org\/{rel}","templated":true}]}}