{"id":30905,"date":"2010-03-07T18:53:39","date_gmt":"2010-03-07T16:53:39","guid":{"rendered":"http:\/\/www.visit-ulcinj.com\/blog\/?p=30905"},"modified":"2010-03-08T15:42:14","modified_gmt":"2010-03-08T13:42:14","slug":"molla-brahimi-huazuar-nga-libri-koha-e-sheges","status":"publish","type":"post","link":"https:\/\/www.visit-ulcinj.com\/blog\/2010\/03\/07\/molla-brahimi-huazuar-nga-libri-koha-e-sheges\/","title":{"rendered":"Molla Brahimi (huazuar nga libri Koha e Sheges)"},"content":{"rendered":"<p><strong><a href=\"http:\/\/www.visit-ulcinj.com\/blog\/wp-content\/uploads\/2010\/03\/Molla-Brahim-Bajram-Pe\u00e7urica_ulqin.jpg\"><img loading=\"lazy\" class=\"alignleft size-full wp-image-30906\" title=\"Molla Brahim Bajram Pe\u00e7urica_ulqin\" src=\"http:\/\/www.visit-ulcinj.com\/blog\/wp-content\/uploads\/2010\/03\/Molla-Brahim-Bajram-Pe\u00e7urica_ulqin.jpg\" alt=\"Molla Brahim Bajram Pe\u00e7urica_ulqin\" width=\"580\" height=\"400\" \/><\/a>Moisiu-Mussai! a.s. n\u00eb \u2018Udh\u00ebn e dituris\u00eb\u2019<\/strong><br \/>\nMulla Brahim Bajram Pe\u00e7urica ishte imami i xhamis\u00eb (hoxha kryesor i  qytetit). Nana na d\u00ebrgoi n\u00eb mejtep p\u00ebr m\u00ebsime fetare. Kjo na hapi bot\u00ebn e  gjuh\u00ebs arabe, q\u00eb na holloi trurin. K\u00ebndonim dhe shqip vargjet e  mevludit (p\u00ebr hir t\u00eb dit\u00eblindjes s\u00eb lajm\u00ebtarit t\u00eb bekuar Muhammed)  shkruar 120 vjet t\u00eb shkuar nga hafiz Ali Ulqinaku. Kjo b\u00ebri q\u00eb n\u00eb  Ulqinin e rob\u00ebruar t\u00eb ruhej theksi i tij unikal. Por qeveria malazeze  donte t\u2019i shembte xhamit\u00eb e nj\u00ebpasnj\u00ebshme t\u00eb \u201cshehrit\u201d duke p\u00ebrdorur  bashk\u00ebsin\u00eb islame, q\u00eb punonin si spiun\u00eb t\u00eb shitur t\u00eb pushtetit Titist.<br \/>\nPor k\u00ebtu Zoti zgjedh gjithmon\u00eb sh\u00ebrbes\u00ebtar\u00ebt e vet. Mulla Brahimi q\u00eblloi  i till\u00eb, i doli zot Xhamis\u00eb s\u00eb Lamit dhe me trupin e tij ndaloi  rr\u00ebnimin e xhamive, q\u00eb ata donin t\u2019i rr\u00ebzonin. Predikimet e tij dhe  m\u00ebsimi q\u00eb na dha t\u00eb b\u00ebhemi \u00e7una t\u00eb mir\u00eb, na nguliti droj\u00ebn n\u00eb Per\u00ebndin\u00eb.  Ai na shpjegoi gjall\u00ebrisht nj\u00eb rast nga fletat e k\u00ebndimit madh\u00ebshtor  p\u00ebr profetin e dashur t\u00eb Zotit, Musain a.s., paqja dhe shp\u00ebtimi i Zotit  mbi emrin e tij, Moisiun, t\u00eb zgjedhurin e popullit t\u00eb rob\u00ebruar Izraelit,  kaptina 18, kreu i Shpell\u00ebs, vargu 66\u2026. Moisiu, edhe pse i d\u00ebrguar i  Zotit, nuk dinte m\u00eb shum\u00eb p\u00ebr vullnetin e Zotit, se vullneti njeriut  \u00ebsht\u00eb i kufizuar. Ai k\u00ebrkoi q\u00eb t\u00eb m\u00ebsonte urt\u00ebsin\u00eb e Per\u00ebndis\u00eb, q\u00eb  transhendon t\u00eb gjitha p\u00ebrllogaritjet e imta njer\u00ebzore. Moisiut kjo iu  shfaq n\u00ebp\u00ebrmjet  nj\u00eb personi special, Khidri, q\u00eb ka hyjnin\u00eb e Per\u00ebndis\u00eb  dhe diturin\u00eb nga vet\u00eb prezenca e Tij. K\u00ebto Moisiu donte t\u2019i m\u00ebsonte nga  Khidri (lit. do t\u00eb thot\u00eb \u201ci gjelb\u00ebr\u201d). Ky \u00ebsht\u00eb lloji i dituris\u00eb q\u00eb  gjithmon\u00eb gjelb\u00ebron; gjalles\u00ebn me burime t\u00eb pashtershme t\u00eb shkruar nga  vet\u00eb prezenca e Per\u00ebndis\u00eb!<br \/>\n\u201cAi do t\u00eb marr\u00eb me vete peshkun. Vendi se ku do ta takoj\u00eb m\u00ebsuesin  misterioz, do t\u00eb ndikohet me faktin se peshku do t\u00eb tretet kur t\u00eb  mb\u00ebrrijn\u00eb n\u00eb at\u00eb vend\u201d. Peshku \u00ebsht\u00eb emblem\u00eb e frutit t\u00eb dituris\u00eb s\u00eb  k\u00ebsaj bote, por q\u00eb t\u00eb njihet m\u00eb thell\u00eb, dituria duhet t\u00eb k\u00ebrkohet m\u00eb  tutje, dhe p\u00ebr m\u00eb tej duhet durim i tejskajsh\u00ebm.<br \/>\n\u201cKur edh\u00ebn te nyja e pik\u00ebbashkimit, hasja e detit, q\u00eb p\u00ebrputhen me  nj\u00ebra-tjetr\u00ebn, Moisiu harroi p\u00ebr peshk. Adjutanti (p\u00ebrcjell\u00ebsi), q\u00eb  kujdesej n\u00eb shoq\u00ebrim (nga inertcioni \u2013 plog\u00ebshtia e t\u00eb mallkuarit  satana), e b\u00ebri t\u00eb harroj\u00eb e t\u2019ia tregoj\u00eb atij k\u00ebt\u00eb fakt: se peshkun e  v\u00ebrejti t\u00eb ikte n\u00eb det n\u00eb nj\u00eb m\u00ebnyr\u00eb t\u00eb mrekullueshme.\u201d Ec\u00ebn m\u00eb tutje,  por udha r\u00ebndonte dhe m\u00eb tep\u00ebr, duke u b\u00ebr\u00eb m\u00eb lodh\u00ebse p\u00ebr Moisiun.  K\u00ebshtu dhe dituria jon\u00eb e vjet\u00ebr, kur rraskapitet dhe ne vijm\u00eb n\u00eb  njohurit\u00eb e reja, at\u00ebher\u00eb kemi nj\u00eb ndjenj\u00eb t\u00eb \u00e7uditshme, hasim n\u00eb zor  kur duam ta anashkalojm\u00eb diturin\u00eb e re duke mos e p\u00ebrvesuar at\u00eb. P\u00ebr  k\u00ebt\u00eb duhet menduar m\u00eb tep\u00ebr\u2026Khidri i ka sekretet e paradokseve t\u00eb jet\u00ebs,  q\u00eb njer\u00ebzit ordiner\u00eb nuk i kuptojn\u00eb, ose marrin vesh n\u00eb sens t\u00eb gabuar.  K\u00ebt\u00eb do ta shikojm\u00eb tani.<br \/>\nKhidri pranon ta marr\u00eb Moisiun n\u00eb k\u00ebt\u00eb udh\u00ebtim diturie, por Moisiu nuk  do i kuptoj\u00eb veprimet e tij. Kjo do ta b\u00ebj\u00eb at\u00eb t\u00eb paduruesh\u00ebm\u2026<br \/>\n\u201cDhe shkuan (ata)&#8230; e kur hip\u00ebn n\u00eb anije t\u00eb disa lund\u00ebrtar\u00ebve t\u00eb  vobekt\u00eb, Khidri, ia zhbiroi (d\u00ebrrasen e anijes). Moisiu u mahnit, po si  b\u00ebri k\u00ebt\u00eb pun\u00eb t\u00eb \u00e7uditshme, durimi i shkoi. Ai harroi, edhe pse premtoi  se do ishte besnik, pa pyetur p\u00ebr veprimet! Por Khidri e kuptonte. Dhe  shkuan m\u00eb tutje te nj\u00eb familje, ku takoi nj\u00eb djalosh atypari.<br \/>\n<a href=\"http:\/\/www.visit-ulcinj.com\/blog\/wp-content\/uploads\/2010\/03\/Xhamija-e-Lamit_ulqin.jpg\"><img loading=\"lazy\" class=\"alignleft size-medium wp-image-30908\" title=\"Xhamija e Lamit_ulqin\" src=\"http:\/\/www.visit-ulcinj.com\/blog\/wp-content\/uploads\/2010\/03\/Xhamija-e-Lamit_ulqin-239x300.jpg\" alt=\"Xhamija e Lamit_ulqin\" width=\"239\" height=\"300\" srcset=\"https:\/\/www.visit-ulcinj.com\/blog\/wp-content\/uploads\/2010\/03\/Xhamija-e-Lamit_ulqin-239x300.jpg 239w, https:\/\/www.visit-ulcinj.com\/blog\/wp-content\/uploads\/2010\/03\/Xhamija-e-Lamit_ulqin-818x1024.jpg 818w, https:\/\/www.visit-ulcinj.com\/blog\/wp-content\/uploads\/2010\/03\/Xhamija-e-Lamit_ulqin.jpg 839w\" sizes=\"(max-width: 239px) 100vw, 239px\" \/><\/a>E kapi p\u00ebr  koke dhe ia preu kryet, e mbyti. \u201cKjo s\u2019ka kuptim!\u201d &#8211; tha Moisiu, q\u00eb u  trondit shum\u00eb (por edhe ne f\u00ebmij\u00ebt nga rr\u00ebfimi i Mulla Ibrahimi vet\u00ebm  k\u00ebt\u00eb mbanin mend, preknim qaf\u00ebn edhe na!). Moisiu edhe n\u00eb k\u00ebt\u00eb rast e  humbi durimin, por mbas lutjes q\u00eb ta falte, Khidri (duke qeshur) e mori  edhe m\u00eb tutje Moisiun me vete dhe shkuan n\u00eb nj\u00eb fshat, por fshatar\u00ebt nuk  u kujdes\u00ebn p\u00ebr mikpritje, duke i refuzuar si mysafir\u00eb. Ata gjet\u00ebn n\u00eb  fshat nj\u00eb mur, q\u00eb ishte duke u rr\u00ebzuar e t\u00eb cilin Khidri e kthisi  (meremetoi). At\u00ebher\u00eb Moisiu i tha: \u201cSikur t\u00eb kishe dashur ti, do t\u00eb  merrje shp\u00ebrblim p\u00ebr k\u00ebt\u00eb, Khidri\u201d?&#8230;<br \/>\n-Tani i erdhi koha t\u00eb ndahet nga Moisiu, por para se t\u00eb ndahet nga  nj\u00ebri-tjetri Khidri do t\u00eb shpjegoj\u00eb dometh\u00ebnien e gj\u00ebrave, q\u00eb ti  (Moisiu) nuk mund t\u00eb duroje&#8230; Sa i p\u00ebrket anijes, ajo ka qen\u00eb pron\u00eb e  t\u00eb varf\u00ebrve q\u00eb punonin n\u00eb det, andaj un\u00eb desha ta d\u00ebmtoj, sepse para  tyre gjendej rr\u00ebmuja e nj\u00eb sundimtari, i cili \u00e7do anije e konfiskonte (e  merrte me dhun\u00eb). Gjersa ta ndreqin anijen, do i japin koh\u00eb k\u00ebtyre  njer\u00ebzve ta kalojn\u00eb k\u00ebt\u00eb rr\u00ebmuj\u00eb\u2026 E sa i p\u00ebrket djaloshit, prind\u00ebrit e  tij ishin bes\u00ebmbar\u00eb, andaj djali i tyre, q\u00eb do t\u00eb b\u00ebhej i djall\u00ebzuar, i  pabes\u00eb, k\u00ebshtu prind\u00ebrve, q\u00eb p\u00ebr t\u00eb mos ia humbur, tundin besimin,  mbyt\u00ebn djal\u00eb keqin, por Zoti n\u00eb d\u00ebshir\u00ebn e vet do t\u2019ju sjell\u00eb nj\u00eb djal\u00eb  tjet\u00ebr bes\u00ebmbar\u00eb, q\u00eb do t\u00eb jet\u00eb i m\u00ebshirsh\u00ebm ndaj prind\u00ebrve\u2026. E sa i  p\u00ebrket atij murit q\u00eb e kthisa, ai u takonte dy djelmoshave bonjak\u00eb n\u00eb  katund e n\u00eb at\u00eb mur gjendej i fshehur nj\u00eb thesar i tyre. E babai i tyre  ka qen\u00eb njeri i mir\u00eb dhe Zoti yt d\u00ebshiroi q\u00eb ata t\u00eb arrijn\u00eb mosh\u00ebn e  pjekuris\u00eb dhe ta nxjerrin thesarin e tyre. Kjo \u00ebsht\u00eb m\u00ebshira e Zotit  t\u00ebnd. Un\u00eb (Khidri) k\u00ebt\u00eb nuk e kam b\u00ebr\u00eb sipas gjykimit tim, por me  p\u00ebrcaktimin e Per\u00ebndis\u00eb, k\u00ebto jan\u00eb kuptimet q\u00eb ti nuk munde t\u2019i duroje\u201d\u2026  K\u00ebto akte nuk vijn\u00eb nga impulsi vetjak, por nga autoriteti sip\u00ebror,  k\u00ebtu mileti v\u00ebrtet \u00ebsht\u00eb vulgar, ngase aktet e urt\u00ebsis\u00eb madhore n\u00eb dobi  t\u00eb tyre nuk i merr vesh\u2026(as kurr\u00eb, s\u2019ka me i marr\u00eb vesh).<\/p>\n<p><strong> <\/strong><a href=\"http:\/\/www.facebook.com\/profile.php?id=592059667&amp;ref=nf#!\/notes\/naim-flamuri\/molla-brahimi-huazuar-nga-libri-koha-e-shegesnsflamuri\/345207978166\" target=\"_blank\"><strong><span title=\"HPHP\">Facebook: <\/span>Naim &amp; Sami    Flamuri<\/strong><\/a><br \/>\n<!--YouTube Error: bad URL entered--><\/p>\n","protected":false},"excerpt":{"rendered":"<p>Moisiu-Mussai! a.s. n\u00eb \u2018Udh\u00ebn e dituris\u00eb\u2019 Mulla Brahim Bajram Pe\u00e7urica ishte imami i xhamis\u00eb (hoxha kryesor i qytetit). Nana na d\u00ebrgoi n\u00eb mejtep p\u00ebr m\u00ebsime fetare. Kjo na hapi bot\u00ebn e gjuh\u00ebs arabe, q\u00eb na holloi trurin. K\u00ebndonim dhe shqip vargjet e mevludit (p\u00ebr hir t\u00eb dit\u00eblindjes s\u00eb lajm\u00ebtarit t\u00eb bekuar Muhammed) shkruar 120 vjet [&hellip;]<\/p>\n","protected":false},"author":1,"featured_media":0,"comment_status":"open","ping_status":"closed","sticky":false,"template":"","format":"standard","meta":{"spay_email":"","jetpack_publicize_message":"","jetpack_is_tweetstorm":false,"jetpack_publicize_feature_enabled":true},"categories":[4],"tags":[13740,13739,13738,200,18],"jetpack_publicize_connections":[],"yoast_head":"<!-- This site is optimized with the Yoast SEO plugin v19.1 - https:\/\/yoast.com\/wordpress\/plugins\/seo\/ -->\n<title>Molla Brahimi (huazuar nga libri Koha e Sheges) - Lajme nga Ulqini<\/title>\n<meta name=\"description\" content=\"Moisiu-Mussai! a.s. n\u00eb \u2018Udh\u00ebn e dituris\u00eb\u2019 Mulla Brahim Bajram Pe\u00e7urica ishte imami i xhamis\u00eb (hoxha kryesor i qytetit). Nana na d\u00ebrgoi n\u00eb mejtep p\u00ebr\" \/>\n<meta name=\"robots\" content=\"index, follow, max-snippet:-1, max-image-preview:large, max-video-preview:-1\" \/>\n<link rel=\"canonical\" href=\"https:\/\/www.visit-ulcinj.com\/blog\/2010\/03\/07\/molla-brahimi-huazuar-nga-libri-koha-e-sheges\/\" \/>\n<meta property=\"og:locale\" content=\"en_US\" \/>\n<meta property=\"og:type\" content=\"article\" \/>\n<meta property=\"og:title\" content=\"Molla Brahimi (huazuar nga libri Koha e Sheges) - Lajme nga Ulqini\" \/>\n<meta property=\"og:description\" content=\"Moisiu-Mussai! a.s. n\u00eb \u2018Udh\u00ebn e dituris\u00eb\u2019 Mulla Brahim Bajram Pe\u00e7urica ishte imami i xhamis\u00eb (hoxha kryesor i qytetit). Nana na d\u00ebrgoi n\u00eb mejtep p\u00ebr\" \/>\n<meta property=\"og:url\" content=\"https:\/\/www.visit-ulcinj.com\/blog\/2010\/03\/07\/molla-brahimi-huazuar-nga-libri-koha-e-sheges\/\" \/>\n<meta property=\"og:site_name\" content=\"Lajme nga Ulqini\" \/>\n<meta property=\"article:published_time\" content=\"2010-03-07T16:53:39+00:00\" \/>\n<meta property=\"article:modified_time\" content=\"2010-03-08T13:42:14+00:00\" \/>\n<meta property=\"og:image\" content=\"http:\/\/www.visit-ulcinj.com\/blog\/wp-content\/uploads\/2010\/03\/Xhamija-e-Lamit_ulqin-239x300.jpg\" \/>\n<meta name=\"twitter:label1\" content=\"Written by\" \/>\n\t<meta name=\"twitter:data1\" content=\"ulqini\" \/>\n\t<meta name=\"twitter:label2\" content=\"Est. reading time\" \/>\n\t<meta name=\"twitter:data2\" content=\"6 minutes\" \/>\n<script type=\"application\/ld+json\" class=\"yoast-schema-graph\">{\"@context\":\"https:\/\/schema.org\",\"@graph\":[{\"@type\":\"WebSite\",\"@id\":\"https:\/\/www.visit-ulcinj.com\/blog\/#website\",\"url\":\"https:\/\/www.visit-ulcinj.com\/blog\/\",\"name\":\"Lajme nga Ulqini\",\"description\":\"Lajme,Vijesti,Ulqini,Ulqin,Crna Gora,Mali i Zi\",\"potentialAction\":[{\"@type\":\"SearchAction\",\"target\":{\"@type\":\"EntryPoint\",\"urlTemplate\":\"https:\/\/www.visit-ulcinj.com\/blog\/?s={search_term_string}\"},\"query-input\":\"required name=search_term_string\"}],\"inLanguage\":\"en-US\"},{\"@type\":\"ImageObject\",\"inLanguage\":\"en-US\",\"@id\":\"https:\/\/www.visit-ulcinj.com\/blog\/2010\/03\/07\/molla-brahimi-huazuar-nga-libri-koha-e-sheges\/#primaryimage\",\"url\":\"https:\/\/www.visit-ulcinj.com\/blog\/wp-content\/uploads\/2010\/03\/Xhamija-e-Lamit_ulqin.jpg\",\"contentUrl\":\"https:\/\/www.visit-ulcinj.com\/blog\/wp-content\/uploads\/2010\/03\/Xhamija-e-Lamit_ulqin.jpg\",\"width\":\"839\",\"height\":\"1050\"},{\"@type\":\"WebPage\",\"@id\":\"https:\/\/www.visit-ulcinj.com\/blog\/2010\/03\/07\/molla-brahimi-huazuar-nga-libri-koha-e-sheges\/#webpage\",\"url\":\"https:\/\/www.visit-ulcinj.com\/blog\/2010\/03\/07\/molla-brahimi-huazuar-nga-libri-koha-e-sheges\/\",\"name\":\"Molla Brahimi (huazuar nga libri Koha e Sheges) - Lajme nga Ulqini\",\"isPartOf\":{\"@id\":\"https:\/\/www.visit-ulcinj.com\/blog\/#website\"},\"primaryImageOfPage\":{\"@id\":\"https:\/\/www.visit-ulcinj.com\/blog\/2010\/03\/07\/molla-brahimi-huazuar-nga-libri-koha-e-sheges\/#primaryimage\"},\"datePublished\":\"2010-03-07T16:53:39+00:00\",\"dateModified\":\"2010-03-08T13:42:14+00:00\",\"author\":{\"@id\":\"https:\/\/www.visit-ulcinj.com\/blog\/#\/schema\/person\/dcab619c614d3038751c63bc2aadc06d\"},\"description\":\"Moisiu-Mussai! a.s. n\u00eb \u2018Udh\u00ebn e dituris\u00eb\u2019 Mulla Brahim Bajram Pe\u00e7urica ishte imami i xhamis\u00eb (hoxha kryesor i qytetit). Nana na d\u00ebrgoi n\u00eb mejtep p\u00ebr\",\"breadcrumb\":{\"@id\":\"https:\/\/www.visit-ulcinj.com\/blog\/2010\/03\/07\/molla-brahimi-huazuar-nga-libri-koha-e-sheges\/#breadcrumb\"},\"inLanguage\":\"en-US\",\"potentialAction\":[{\"@type\":\"ReadAction\",\"target\":[\"https:\/\/www.visit-ulcinj.com\/blog\/2010\/03\/07\/molla-brahimi-huazuar-nga-libri-koha-e-sheges\/\"]}]},{\"@type\":\"BreadcrumbList\",\"@id\":\"https:\/\/www.visit-ulcinj.com\/blog\/2010\/03\/07\/molla-brahimi-huazuar-nga-libri-koha-e-sheges\/#breadcrumb\",\"itemListElement\":[{\"@type\":\"ListItem\",\"position\":1,\"name\":\"Molla Brahimi (huazuar nga libri Koha e Sheges)\"}]},{\"@type\":\"Person\",\"@id\":\"https:\/\/www.visit-ulcinj.com\/blog\/#\/schema\/person\/dcab619c614d3038751c63bc2aadc06d\",\"name\":\"ulqini\",\"sameAs\":[\"http:\/\/www.visit-ulcinj.com\"],\"url\":\"https:\/\/www.visit-ulcinj.com\/blog\/author\/admin\/\"}]}<\/script>\n<!-- \/ Yoast SEO plugin. -->","yoast_head_json":{"title":"Molla Brahimi (huazuar nga libri Koha e Sheges) - Lajme nga Ulqini","description":"Moisiu-Mussai! a.s. n\u00eb \u2018Udh\u00ebn e dituris\u00eb\u2019 Mulla Brahim Bajram Pe\u00e7urica ishte imami i xhamis\u00eb (hoxha kryesor i qytetit). Nana na d\u00ebrgoi n\u00eb mejtep p\u00ebr","robots":{"index":"index","follow":"follow","max-snippet":"max-snippet:-1","max-image-preview":"max-image-preview:large","max-video-preview":"max-video-preview:-1"},"canonical":"https:\/\/www.visit-ulcinj.com\/blog\/2010\/03\/07\/molla-brahimi-huazuar-nga-libri-koha-e-sheges\/","og_locale":"en_US","og_type":"article","og_title":"Molla Brahimi (huazuar nga libri Koha e Sheges) - Lajme nga Ulqini","og_description":"Moisiu-Mussai! a.s. n\u00eb \u2018Udh\u00ebn e dituris\u00eb\u2019 Mulla Brahim Bajram Pe\u00e7urica ishte imami i xhamis\u00eb (hoxha kryesor i qytetit). Nana na d\u00ebrgoi n\u00eb mejtep p\u00ebr","og_url":"https:\/\/www.visit-ulcinj.com\/blog\/2010\/03\/07\/molla-brahimi-huazuar-nga-libri-koha-e-sheges\/","og_site_name":"Lajme nga Ulqini","article_published_time":"2010-03-07T16:53:39+00:00","article_modified_time":"2010-03-08T13:42:14+00:00","og_image":[{"url":"http:\/\/www.visit-ulcinj.com\/blog\/wp-content\/uploads\/2010\/03\/Xhamija-e-Lamit_ulqin-239x300.jpg"}],"twitter_misc":{"Written by":"ulqini","Est. reading time":"6 minutes"},"schema":{"@context":"https:\/\/schema.org","@graph":[{"@type":"WebSite","@id":"https:\/\/www.visit-ulcinj.com\/blog\/#website","url":"https:\/\/www.visit-ulcinj.com\/blog\/","name":"Lajme nga Ulqini","description":"Lajme,Vijesti,Ulqini,Ulqin,Crna Gora,Mali i Zi","potentialAction":[{"@type":"SearchAction","target":{"@type":"EntryPoint","urlTemplate":"https:\/\/www.visit-ulcinj.com\/blog\/?s={search_term_string}"},"query-input":"required name=search_term_string"}],"inLanguage":"en-US"},{"@type":"ImageObject","inLanguage":"en-US","@id":"https:\/\/www.visit-ulcinj.com\/blog\/2010\/03\/07\/molla-brahimi-huazuar-nga-libri-koha-e-sheges\/#primaryimage","url":"https:\/\/www.visit-ulcinj.com\/blog\/wp-content\/uploads\/2010\/03\/Xhamija-e-Lamit_ulqin.jpg","contentUrl":"https:\/\/www.visit-ulcinj.com\/blog\/wp-content\/uploads\/2010\/03\/Xhamija-e-Lamit_ulqin.jpg","width":"839","height":"1050"},{"@type":"WebPage","@id":"https:\/\/www.visit-ulcinj.com\/blog\/2010\/03\/07\/molla-brahimi-huazuar-nga-libri-koha-e-sheges\/#webpage","url":"https:\/\/www.visit-ulcinj.com\/blog\/2010\/03\/07\/molla-brahimi-huazuar-nga-libri-koha-e-sheges\/","name":"Molla Brahimi (huazuar nga libri Koha e Sheges) - Lajme nga Ulqini","isPartOf":{"@id":"https:\/\/www.visit-ulcinj.com\/blog\/#website"},"primaryImageOfPage":{"@id":"https:\/\/www.visit-ulcinj.com\/blog\/2010\/03\/07\/molla-brahimi-huazuar-nga-libri-koha-e-sheges\/#primaryimage"},"datePublished":"2010-03-07T16:53:39+00:00","dateModified":"2010-03-08T13:42:14+00:00","author":{"@id":"https:\/\/www.visit-ulcinj.com\/blog\/#\/schema\/person\/dcab619c614d3038751c63bc2aadc06d"},"description":"Moisiu-Mussai! a.s. n\u00eb \u2018Udh\u00ebn e dituris\u00eb\u2019 Mulla Brahim Bajram Pe\u00e7urica ishte imami i xhamis\u00eb (hoxha kryesor i qytetit). Nana na d\u00ebrgoi n\u00eb mejtep p\u00ebr","breadcrumb":{"@id":"https:\/\/www.visit-ulcinj.com\/blog\/2010\/03\/07\/molla-brahimi-huazuar-nga-libri-koha-e-sheges\/#breadcrumb"},"inLanguage":"en-US","potentialAction":[{"@type":"ReadAction","target":["https:\/\/www.visit-ulcinj.com\/blog\/2010\/03\/07\/molla-brahimi-huazuar-nga-libri-koha-e-sheges\/"]}]},{"@type":"BreadcrumbList","@id":"https:\/\/www.visit-ulcinj.com\/blog\/2010\/03\/07\/molla-brahimi-huazuar-nga-libri-koha-e-sheges\/#breadcrumb","itemListElement":[{"@type":"ListItem","position":1,"name":"Molla Brahimi (huazuar nga libri Koha e Sheges)"}]},{"@type":"Person","@id":"https:\/\/www.visit-ulcinj.com\/blog\/#\/schema\/person\/dcab619c614d3038751c63bc2aadc06d","name":"ulqini","sameAs":["http:\/\/www.visit-ulcinj.com"],"url":"https:\/\/www.visit-ulcinj.com\/blog\/author\/admin\/"}]}},"jetpack_featured_media_url":"","jetpack_sharing_enabled":true,"jetpack_shortlink":"https:\/\/wp.me\/pe6lTn-82t","_links":{"self":[{"href":"https:\/\/www.visit-ulcinj.com\/blog\/wp-json\/wp\/v2\/posts\/30905"}],"collection":[{"href":"https:\/\/www.visit-ulcinj.com\/blog\/wp-json\/wp\/v2\/posts"}],"about":[{"href":"https:\/\/www.visit-ulcinj.com\/blog\/wp-json\/wp\/v2\/types\/post"}],"author":[{"embeddable":true,"href":"https:\/\/www.visit-ulcinj.com\/blog\/wp-json\/wp\/v2\/users\/1"}],"replies":[{"embeddable":true,"href":"https:\/\/www.visit-ulcinj.com\/blog\/wp-json\/wp\/v2\/comments?post=30905"}],"version-history":[{"count":0,"href":"https:\/\/www.visit-ulcinj.com\/blog\/wp-json\/wp\/v2\/posts\/30905\/revisions"}],"wp:attachment":[{"href":"https:\/\/www.visit-ulcinj.com\/blog\/wp-json\/wp\/v2\/media?parent=30905"}],"wp:term":[{"taxonomy":"category","embeddable":true,"href":"https:\/\/www.visit-ulcinj.com\/blog\/wp-json\/wp\/v2\/categories?post=30905"},{"taxonomy":"post_tag","embeddable":true,"href":"https:\/\/www.visit-ulcinj.com\/blog\/wp-json\/wp\/v2\/tags?post=30905"}],"curies":[{"name":"wp","href":"https:\/\/api.w.org\/{rel}","templated":true}]}}