{"id":3091,"date":"2008-09-07T13:11:45","date_gmt":"2008-09-07T18:11:45","guid":{"rendered":"http:\/\/www.visit-ulcinj.com\/blog\/?p=3091"},"modified":"2008-09-07T14:44:37","modified_gmt":"2008-09-07T19:44:37","slug":"te-henen-ne-qki-malesia-ne-tuz-u-hap-ekspozita-e-7-piktoreve","status":"publish","type":"post","link":"https:\/\/www.visit-ulcinj.com\/blog\/2008\/09\/07\/te-henen-ne-qki-malesia-ne-tuz-u-hap-ekspozita-e-7-piktoreve\/","title":{"rendered":"T\u00eb h\u00ebn\u00ebn n\u00eb QKI &#8220;Mal\u00ebsia&#8221; n\u00eb Tuz u hap ekspozita e 7 piktor\u00ebve,"},"content":{"rendered":"<p><a href=\"http:\/\/www.visit-ulcinj.com\/blog\/wp-content\/uploads\/2008\/09\/cano-duli_gjergj-noc-martini_nevenka-mashanoviq-_jozo-kocoviq.jpg\"><img loading=\"lazy\" class=\"alignleft size-medium wp-image-3103\" title=\"cano-duli_gjergj-noc-martini_nevenka-mashanoviq-_jozo-kocoviq\" src=\"http:\/\/www.visit-ulcinj.com\/blog\/wp-content\/uploads\/2008\/09\/cano-duli_gjergj-noc-martini_nevenka-mashanoviq-_jozo-kocoviq-300x212.jpg\" alt=\"\" width=\"233\" height=\"165\" srcset=\"https:\/\/www.visit-ulcinj.com\/blog\/wp-content\/uploads\/2008\/09\/cano-duli_gjergj-noc-martini_nevenka-mashanoviq-_jozo-kocoviq-300x212.jpg 300w, https:\/\/www.visit-ulcinj.com\/blog\/wp-content\/uploads\/2008\/09\/cano-duli_gjergj-noc-martini_nevenka-mashanoviq-_jozo-kocoviq.jpg 670w\" sizes=\"(max-width: 233px) 100vw, 233px\" \/><\/a><strong>Hapet ekspozita e piktor\u00ebve<\/strong><br \/>\nT\u00eb h\u00ebn\u00ebn n\u00eb QKI &#8220;Mal\u00ebsia&#8221; n\u00eb Tuz u hap ekspozita e 7 piktor\u00ebve, Gjelosh Gjokaj, Zuvdia Hoxhiq, Pjerin Kolnikaj, Gjergj Noc Martini, Fatbardh Mati-Kalvari, Ivanka Gjonoviq dhe Leo Gjokaj.<br \/>\nMe k\u00ebt\u00eb rast, z\u00ebdh\u00ebn\u00ebsi i QKI-s\u00eb, Palok\u00eb Lucgjonaj duke u uruar dashamir\u00ebve t\u00eb artit dhe t\u00eb piktur\u00ebs mir\u00ebseardhje theksoi se QKI &#8220;Mal\u00ebsia&#8221; gjith\u00ebher\u00eb do t\u00eb jet\u00eb vend p\u00ebr aktivitete, programe dhe manifestime kulturore, me qellim t\u00eb plot\u00ebsimit t\u00eb nevojave kulturore t\u00eb popullat\u00ebs s\u00eb k\u00ebsaj treve.<\/p>\n<div id=\"attachment_3105\" style=\"width: 197px\" class=\"wp-caption alignright\"><a href=\"http:\/\/www.visit-ulcinj.com\/blog\/wp-content\/uploads\/2008\/09\/gjelosh-gjokaj.jpg\"><img aria-describedby=\"caption-attachment-3105\" loading=\"lazy\" class=\"size-thumbnail wp-image-3105\" title=\"gjelosh-gjokaj\" src=\"http:\/\/www.visit-ulcinj.com\/blog\/wp-content\/uploads\/2008\/09\/gjelosh-gjokaj-150x150.jpg\" alt=\"Gjelosh Gjokaj\" width=\"187\" height=\"187\" \/><\/a><p id=\"caption-attachment-3105\" class=\"wp-caption-text\">Gjelosh Gjokaj<\/p><\/div>\n<p>Duke hapur k\u00ebt\u00eb ekspozit\u00eb pikturash, skulpturash dhe grafikash, prof. dr. Mark Camaj u propozoi mysafir\u00ebve dha dashamir\u00ebve t\u00eb shumt\u00eb t\u00eb artit q\u00eb kishin ardhur nga viset e ndryshme t\u00eb Mal\u00ebsis\u00eb, por edhe nga Podgorica q\u00eb k\u00ebto piktura, skulptura dhe grafika duhet shikuar n\u00eb qet\u00ebsi, pa komente, sepse si\u00e7 u shpreh ai ato &#8220;prodhojn\u00eb&#8221; efekte vizuale dhe shpirt\u00ebrore. P\u00ebr fol\u00ebsin Camaj kjo ekspozit\u00eb ka r\u00ebnd\u00ebsi t\u00eb shumfisht\u00eb.<br \/>\n&#8221; Veprat vijn\u00eb nga disa shkolla artistike, ashtu q\u00eb mund t\u00eb shihen idet\u00eb dhe arritjet e disa autor\u00ebve, rasti \u00ebsht\u00eb q\u00eb krijuesit t\u00eb njihen m\u00eb mir\u00eb, kurse p\u00ebr vendin ton\u00eb k\u00ebto lloj manifestimesh ndikojn\u00eb si shembull i \u00e7muar p\u00ebr t\u00eb gjitha gjeneratat&#8221;, tha Camaj duke shtuar se &#8220;Mal\u00ebsia ka detyr\u00eb morale dhe kulturore p\u00ebr kontribut n\u00eb formimin e kushteve t\u00eb emancipimit kulturor, por edhe ndaj veprave t\u00eb mjeshtrave t\u00eb artit&#8221;.<br \/>\n<strong>rr.d.<br \/>\nKoha Javore<\/strong><\/p>\n<p style=\"text-align: center;\"><a class=\"aligncenter\" title=\"???? ????,?????,Ulcinj,Montenegru,??????????,\u00c7ernoqoriya,Besplatni internet oglasi,Besplatni oglasi,besplatni mali oglasi,besplatni turisti?ki oglasi,oglasi, usluge, turizam,Turisti?ke usluge,Doma?i turizam,Besplatni Oglasnik,Brzi Oglasi Besplatno,Besplatno OglasavanjeTurizam,besplatni oglasi sa slikom,Turisticki informator besplatni,li?ni-oglasi,BESPLATNI Turisticki OGLASI SA SLIKAMA,BESPLATNI Turisticki Oglasi saVideom,turisticki smestaj oglasi,Turisti?ki vodi? balkana,BESPLATNA REZERVACIJA SMESTAJA,Postavite besplatno Vas oglas,FREE TOURIST GUIDES,Izdavanje-Turizam oglasi,Balkan Turisticki vodic,shpallje turistike falas,Shpallje Falas,Shpallje falas per Komplekse Turistike,Lajmerime,Njoftime,shpallje shqip per shqiptaret ne shqiperi kosova maqedoni,mal te zi,???????????,Montenegiro,?ern\u00e1 Hora,??????????,Cz\u00f4rnog\u00f3ra,Cz\u00f4rn\u00f4 G\u00f3ra,Carna G\u00f3ra,T\u0161ernogooria,\u00c7ernogoriya,Montain\u00e9agr\u00f3,Montenegwo,?orna Hora,Montenegr\u00f3,M?ntenigro,Chernogoriya ,\u00c7\u00earnogor\u00ee ,?????????,????????? ,??????? ,Montes Nigrae,Mons Niger,M\u00f4ntenegr\u00f4,Muntenegru,??????????,Czarnog\u00f3ra,Muntinigru,Muntenegro,&lt;br &gt;&lt;\/a&gt; Muntenegru,\t?ierna Hora,Cxerngora,????????,?rna gora,Moontineegro,?ornog?ra,\u00c7ernogori\u00fda,Chernogoriya,Mont\u00f5negro,????? ???? ,?r?na Gora,?r?nogorije,?ernogorija,?arnahoryja,??????????,???????????????????? ,?ern?g?riy\u00e2,M?nt?n??r?,????? ?????? ,?????????,??????????,???????????,M?nten?gro,???? ????? ,????????,M\u00f4ntenegr\u00f4,????????????,???????????,????????????, ??????????? ,????????????,??????????? ,\u008d\u2022?R\/?K?R ,\u0192\u201a\u0192\u201c\u0192e\u0192l\u0192O\u0192\u008d,\u00b8???\u00b3?\u00b1?\u00b7? ,Muntenegru, ????? ????, Montenegr?,chambres ? louer ? ulcinj, location de vacance, location saisonni?res, louer villa,location de vacance, Locations vacance, h?bergements vacances, locations villa, logements de vacances, location maison avec piscine, Location vacance, locations de vacance, h?bergements de vacances, location villa, locations entre particulier, logements vacance, vacances ? Mont?n?gro - location ? Ulcinj ,location  de bigorre,Urlaub in Ulcinj -Montenegro,Hotelbewertungen Ulcinj,Reisen Ulcinj, Urlaub Ulcinj,Hotel in Serbien und Montenegro von Urlaubern bewertet,Billig Urlaub in Ulcinj,ferienh?user,ferienwohnung,Billige Ferienh?user,Ferienwohnung ULCINJ,Ferien an der Adria,Urlaub im Ferienhaus ulcinjBilligreisen Ulcinj,Pauschalreisen,FKK Strand Ada Bojana ulcinj,Last Minute Angebote ulcinj,Preise f?r Lastminute,Kleinanzeigen gratis,Ausflug nach Ulcinj,FKK-Reisen ada bojana,FKK-Urlaub ulcinj,Privatni smje?taj,rezervacija smje?taja,apartmani,sobe,ku?e,odmor,sobe za odmor ulcinj,Pretra?ivanje privatnog smje?taja,rooms rent accommodation ulcinj, rentail private accommodation ulcinj,?elite rezervirati privatni smje?taj,Private accommodation,Smje?taj ulcinj,Pushime Verore ulqin,pushime t? lira n? ulqin,Pushime ne plazh,Pushime te kendshme,dhoma per pushime ulqin,dhoma me qera ulqin,dhoma te lira ulqin,pushime te lira ulqin,mali i zi,kosova,maqedoni,shqiperi,Pushime ne det te ulqinit,godi?nji odmor u ulcinj,odmor u ulcinj,Ku?a za odmor,kuda na odmor,ljetovanje u ulcinj,slobodne sobe,dhoma te lira,ku?a uz more,turisti?ka ponuda,odmor i zabava,povolne cene,sobe,usluge,Mjesto za Va? odmor , Place for Your holiday,Odmor portal,putovanaja,Iznajmljivanje soba ulcinj,odmor ulcinj info,Va?e mjesto za odmor ulcinj,nudisticka plaza ada bojana,smjestaj ponuda ulcinj,lokacioni i dhomave ulqin,deti,plazhet e bukura,diskoteka,zbavitja,.\" href=\"http:\/\/www.visit-ulcinj.com\/tourism\/\" target=\"_blank\"><img loading=\"lazy\" class=\"aligncenter\" title=\"SHPALLJE TURISTIKE FALAS,FREE TOURIST GUIDES,BESPLATNI TURISTI?KI OGLASI,balkan holiday rentals,ALBANIJA,ALBANIA,SHQIPERIJA,CRNA GORA,HRVATSKA,KROACIA,SLOVENIJA,MAKEDONIJA,MAKEDONIA,SRBIJA,MONTENEGRO,MALI I ZI,\" src=\"http:\/\/www.visit-ulcinj.com\/blog\/wp-content\/uploads\/2008\/09\/balkanholidayrentals.gif\" alt=\"Apatin,  Aran?elovac,  ?uprija,  ?a?ak,  ?apljina,  ?itluk,  ?abac,  ?ipovo,  ?iroki Brijeg,  ?ep?e,  ?ivinice,  Ba?ka Palanka,  Banja Luka,  Banovi?i,  Be?ej,  beograd,  Biha?,  Bijeljina,  Bor,  Bor?a,  Bosanska Gradi?ka,  Bosanska Krupa,  Bosanski ?amac,  Bosanski Brod,  Bosanski Novi,  Br?ko,  Bu?im,  Bugojno,  Cazin,  Crna Gora,  Derventa,  Doboj,  Donji Vakuf,  Drvar,  Dubrovnik,  Fo?a,  Fojnica,  Glamo?,  Gora?de,  Gornji Milanovac,  Gornji Vakuf,  gostivar,  Gra?anica,  Grada?ac,  Gradiska,  Grahovo,  Had?i?i,  Ilid?a,  In?ija,  Jablanica,  Jagodina,  Jajce,  Kakanj,  Kalu?erica,  Kikinda,  Klju?,  Konjic,  Kotor Varo?,  Kragujevac,  Kraljevo,  Kru?evac,  Kula,  Kupres,  Lakta?i,  Lazarevac,  Leskovac,  Livno,  Ljubinje,  ljublana,  Ljubu?ki,  Loznica,  Lukavac,  Maglaj,  Mladenovac,  Modri?a,  montenegro erlajnz,  mostar,  Mrkonji? Grad,  Neum,  Ni?,  Novi Pazar,  Novi Sad,  Novi Travnik,  Obrenovac,  Od?ak,  ohrid,  Ora?je,  Pale,  Pan?evo,  Para?in,  Pirot,  Po?arevac,  Podgorica,  Priboj,  Prijedor,  Prokuplje,  Prozor,  pula,  rijeka,  Ruma,  Sanski Most,  Sarajevo,  Senta,  serbija,  sibenik,  skopje,  Smederevo,  Smederevska Palanka,  Sokolac,  Sombor,  split,  Srebrenica,  Srebrenik,  Sremska Mitrovica,  Stolac,  Struga,  Subotica,  Temerin,  Tesli?,  tetovo,  Travnik,  Trebinje,  tuzla,  U?ice,  ulcinj,  Valjevo,  Velika Kladu?a,  Vi?egrad,  Visoko,  Vitez,  Vogo??a,  vojvodina,  Vranje,  Vr?ac,  Vrbas,  zadar,  Zagreb,  Zaje?ar,  Zavidovi?i,  Zenica,  Zrenjanin,  Zvornik,copacabana ulcinj,  h?tels,  hotel ulqin,  Kosova,  Mali i Zi,  Maqedonija,  Montenegro,  montenegro tourisme plage,  montenegro ulcinj,  Shpallje Falas,  Shpallje Falas per shitjen e shtepis se juaj,  Shpallje Falas per villat e juaj,  Shpallje Falas Real Estate,  Shpallje Falas turistike,  shqiperija,  tourisme,  Ulci?,  ulcinj,  ulqin,  ulqin hotel,  ulqini,  ulqini 2007,Ada Bojana,  Alba?czyk,  Cita di Dolcino,  Copacabana,  Czarnog?ra,  Czarnog?rzec,  Don Kichota,  Ma\u00b3a Pla\u00bfa,  Mandra,  MIGUEL DE SERVANTES,  p?\u00b3wyspy Marjan,  Pla\u00bfa Valdanos,  Rzeka Bojana,  Shas \/ ?as \/ Sva?,  Ulci?,  Ulcinjsk\u00b9 Riwier?,  Wielka Pla\u00bfa,  Wyspa Bojana,GORA,??????????,???????,??????????, ?ern? Hora,TO ULCINJ \/ ULQIN,MONTENEGRO, Czarnog?ra, Muntenegru, ????? ????, Montenegr?,villa ? louer ? ulcinj, location de vacance, location saisonni?res, louer chambres,location de vacance, Locations vacance, h?bergements vacances, locations villa, logements de vacances, location maison avec piscine, Location vacance, locations de vacance, h?bergements de vacances, location, locations entre particulier, logements vacance, vacances ? Mont?n?gro - location ? Ulcinj ,location  de bigorre,Albaniku,  Artana,  Bujanoci,  Burimi,  Dardana,  Dardan?,  De?an,  Dibra,  Drenas,  Drenasi,  Ferizaj,  Ferizaji,  Fush? Kosova,Besplatni internet oglasi,Besplatni oglasi,besplatni mali oglasi,besplatni turisti?ki oglasi,oglasi, usluge, turizam,Turisti?ke usluge,Doma?i turizam,Besplatni Oglasnik,Brzi Oglasi Besplatno,Besplatno OglasavanjeTurizam,besplatni oglasi sa slikom,Turisticki informator besplatni,li?ni-oglasi,BESPLATNI Turisticki OGLASI SA SLIKAMA,BESPLATNI Turisticki Oglasi saVideom,turisticki smestaj oglasi,Turisti?ki vodi? balkana,BESPLATNA REZERVACIJA SMESTAJA,Postavite besplatno Vas oglas,FREE TOURIST GUIDES,Izdavanje-Turizam oglasi,Balkan Turisticki vodic,shpallje turistike falas,Shpallje Falas,Shpallje falas per Komplekse Turistike,Lajmerime,Njoftime,shpallje shqip per shqiptaret ne shqiperi kosova maqedoni,mal te zi,Fush? Kosov?,  Gjakova,  Gjakov?,  Gjilan,  Gjilani,  Gostivari,  Istog,  Istog\u00b7,  Ka?anik,  Ka?aniku,  Kastrioti,  K?r?ova,  Klina,  Klin?,  Kumanova,  Leposaviq,  Leskovci,  Likova,  Lipjan,  Lipjani,  Malisheva,  Malishev?,  Manastiri,  Medvegja,  Mitrovica,  Mitrovic?,  Novob?rd?,  Obiliq\u00b7 Rahovec,  Ohri,  Peja,  Pej?,  Podujeva,  Podujev?,  Presheva,  Prishtina,  Prishtin?,  Prizren,  Prizreni,  Rahoveci,  Sharri,  Sharri (Kosov?),  Shkupi,  Sht?rpca,  Sht?rpc?,  Shtime,  Sk?nderaj,  Struga,  Tetova,  Theranda,  Therand?,  Triumf Riza,  Veleshta,  Viti,  Vitia,  Vushtrri,  Vushtrria,  Zubin Potok,  Zubin Potoku,  Zve?an,  Zve?ani,Struga,Gostivari,Gostivar,Ker?ova,Tirana,Durr?si,Elbasani,Shkodra,Tuzi,Vlora, Kor?a,Fieri,Berati,Lushnja ,Kavaja,Pogradeci,La?i,Gjirokastra,Patosi,Kruja,Ku?ova,Kuk?si,Lezha,Saranda,Peshkopia,Burreli,C?rriku,?orovoda,Shijaku,Librazhdi,Tepelena,Gramshi,Poli?ani,Bulqiza,P?rmeti,Fush?Kruja,Kamza,Rr?sheni,Ballshi,Mamurrasi,BajramCurri,Erseka,Peqini,Divjaka,Selenica,Bilishti,Roskoveci,Puka,Memaliaj,Rrogozhina,Ura Vajgurore,Himara,Delvina,Vora,Kopliku,Maliqi,P?rrenjasi,Kruma, Libohova,Orikumi,Fush?-Arr?za,Sh?ngjini,Rubiku,Miloti, Leskoviku,Konispoli,K?lcyra,Krasta,K?rraba,Manastiri,Hara?ina,Likova,Prilepi,Zajazi,Vrap?ishti,Bogovin?,\" width=\"420\" height=\"120\" \/><\/a><\/p>\n","protected":false},"excerpt":{"rendered":"<p><img loading=\"lazy\" class=\"alignleft size-medium wp-image-3103\" title=\"cano-duli_gjergj-noc-martini_nevenka-mashanoviq-_jozo-kocoviq\" src=\"http:\/\/www.visit-ulcinj.com\/blog\/wp-content\/uploads\/2008\/09\/cano-duli_gjergj-noc-martini_nevenka-mashanoviq-_jozo-kocoviq-300x212.jpg\" alt=\"\" width=\"140\" height=\"140\" \/><\/p>\n","protected":false},"author":1,"featured_media":0,"comment_status":"open","ping_status":"closed","sticky":false,"template":"","format":"standard","meta":{"spay_email":"","jetpack_publicize_message":"","jetpack_is_tweetstorm":false,"jetpack_publicize_feature_enabled":true},"categories":[4,12],"tags":[4519,2994,3289,4520,4522,4517,4518,4516],"jetpack_publicize_connections":[],"yoast_head":"<!-- This site is optimized with the Yoast SEO plugin v19.1 - https:\/\/yoast.com\/wordpress\/plugins\/seo\/ -->\n<title>T\u00eb h\u00ebn\u00ebn n\u00eb QKI &quot;Mal\u00ebsia&quot; n\u00eb Tuz u hap ekspozita e 7 piktor\u00ebve, - Lajme nga Ulqini<\/title>\n<meta name=\"robots\" content=\"index, follow, max-snippet:-1, max-image-preview:large, max-video-preview:-1\" \/>\n<link rel=\"canonical\" href=\"https:\/\/www.visit-ulcinj.com\/blog\/2008\/09\/07\/te-henen-ne-qki-malesia-ne-tuz-u-hap-ekspozita-e-7-piktoreve\/\" \/>\n<meta property=\"og:locale\" content=\"en_US\" \/>\n<meta property=\"og:type\" content=\"article\" \/>\n<meta property=\"og:title\" content=\"T\u00eb h\u00ebn\u00ebn n\u00eb QKI &quot;Mal\u00ebsia&quot; n\u00eb Tuz u hap ekspozita e 7 piktor\u00ebve, - Lajme nga Ulqini\" \/>\n<meta property=\"og:url\" content=\"https:\/\/www.visit-ulcinj.com\/blog\/2008\/09\/07\/te-henen-ne-qki-malesia-ne-tuz-u-hap-ekspozita-e-7-piktoreve\/\" \/>\n<meta property=\"og:site_name\" content=\"Lajme nga Ulqini\" \/>\n<meta property=\"article:published_time\" content=\"2008-09-07T18:11:45+00:00\" \/>\n<meta property=\"article:modified_time\" content=\"2008-09-07T19:44:37+00:00\" \/>\n<meta property=\"og:image\" content=\"http:\/\/www.visit-ulcinj.com\/blog\/wp-content\/uploads\/2008\/09\/cano-duli_gjergj-noc-martini_nevenka-mashanoviq-_jozo-kocoviq-300x212.jpg\" \/>\n<meta name=\"twitter:label1\" content=\"Written by\" \/>\n\t<meta name=\"twitter:data1\" content=\"ulqini\" \/>\n\t<meta name=\"twitter:label2\" content=\"Est. reading time\" \/>\n\t<meta name=\"twitter:data2\" content=\"1 minute\" \/>\n<script type=\"application\/ld+json\" class=\"yoast-schema-graph\">{\"@context\":\"https:\/\/schema.org\",\"@graph\":[{\"@type\":\"WebSite\",\"@id\":\"https:\/\/www.visit-ulcinj.com\/blog\/#website\",\"url\":\"https:\/\/www.visit-ulcinj.com\/blog\/\",\"name\":\"Lajme nga Ulqini\",\"description\":\"Lajme,Vijesti,Ulqini,Ulqin,Crna Gora,Mali i Zi\",\"potentialAction\":[{\"@type\":\"SearchAction\",\"target\":{\"@type\":\"EntryPoint\",\"urlTemplate\":\"https:\/\/www.visit-ulcinj.com\/blog\/?s={search_term_string}\"},\"query-input\":\"required name=search_term_string\"}],\"inLanguage\":\"en-US\"},{\"@type\":\"ImageObject\",\"inLanguage\":\"en-US\",\"@id\":\"https:\/\/www.visit-ulcinj.com\/blog\/2008\/09\/07\/te-henen-ne-qki-malesia-ne-tuz-u-hap-ekspozita-e-7-piktoreve\/#primaryimage\",\"url\":\"http:\/\/www.visit-ulcinj.com\/blog\/wp-content\/uploads\/2008\/09\/cano-duli_gjergj-noc-martini_nevenka-mashanoviq-_jozo-kocoviq-300x212.jpg\",\"contentUrl\":\"http:\/\/www.visit-ulcinj.com\/blog\/wp-content\/uploads\/2008\/09\/cano-duli_gjergj-noc-martini_nevenka-mashanoviq-_jozo-kocoviq-300x212.jpg\"},{\"@type\":\"WebPage\",\"@id\":\"https:\/\/www.visit-ulcinj.com\/blog\/2008\/09\/07\/te-henen-ne-qki-malesia-ne-tuz-u-hap-ekspozita-e-7-piktoreve\/#webpage\",\"url\":\"https:\/\/www.visit-ulcinj.com\/blog\/2008\/09\/07\/te-henen-ne-qki-malesia-ne-tuz-u-hap-ekspozita-e-7-piktoreve\/\",\"name\":\"T\u00eb h\u00ebn\u00ebn n\u00eb QKI \\\"Mal\u00ebsia\\\" n\u00eb Tuz u hap ekspozita e 7 piktor\u00ebve, - Lajme nga Ulqini\",\"isPartOf\":{\"@id\":\"https:\/\/www.visit-ulcinj.com\/blog\/#website\"},\"primaryImageOfPage\":{\"@id\":\"https:\/\/www.visit-ulcinj.com\/blog\/2008\/09\/07\/te-henen-ne-qki-malesia-ne-tuz-u-hap-ekspozita-e-7-piktoreve\/#primaryimage\"},\"datePublished\":\"2008-09-07T18:11:45+00:00\",\"dateModified\":\"2008-09-07T19:44:37+00:00\",\"author\":{\"@id\":\"https:\/\/www.visit-ulcinj.com\/blog\/#\/schema\/person\/dcab619c614d3038751c63bc2aadc06d\"},\"breadcrumb\":{\"@id\":\"https:\/\/www.visit-ulcinj.com\/blog\/2008\/09\/07\/te-henen-ne-qki-malesia-ne-tuz-u-hap-ekspozita-e-7-piktoreve\/#breadcrumb\"},\"inLanguage\":\"en-US\",\"potentialAction\":[{\"@type\":\"ReadAction\",\"target\":[\"https:\/\/www.visit-ulcinj.com\/blog\/2008\/09\/07\/te-henen-ne-qki-malesia-ne-tuz-u-hap-ekspozita-e-7-piktoreve\/\"]}]},{\"@type\":\"BreadcrumbList\",\"@id\":\"https:\/\/www.visit-ulcinj.com\/blog\/2008\/09\/07\/te-henen-ne-qki-malesia-ne-tuz-u-hap-ekspozita-e-7-piktoreve\/#breadcrumb\",\"itemListElement\":[{\"@type\":\"ListItem\",\"position\":1,\"name\":\"T\u00eb h\u00ebn\u00ebn n\u00eb QKI &#8220;Mal\u00ebsia&#8221; n\u00eb Tuz u hap ekspozita e 7 piktor\u00ebve,\"}]},{\"@type\":\"Person\",\"@id\":\"https:\/\/www.visit-ulcinj.com\/blog\/#\/schema\/person\/dcab619c614d3038751c63bc2aadc06d\",\"name\":\"ulqini\",\"sameAs\":[\"http:\/\/www.visit-ulcinj.com\"],\"url\":\"https:\/\/www.visit-ulcinj.com\/blog\/author\/admin\/\"}]}<\/script>\n<!-- \/ Yoast SEO plugin. -->","yoast_head_json":{"title":"T\u00eb h\u00ebn\u00ebn n\u00eb QKI \"Mal\u00ebsia\" n\u00eb Tuz u hap ekspozita e 7 piktor\u00ebve, - Lajme nga Ulqini","robots":{"index":"index","follow":"follow","max-snippet":"max-snippet:-1","max-image-preview":"max-image-preview:large","max-video-preview":"max-video-preview:-1"},"canonical":"https:\/\/www.visit-ulcinj.com\/blog\/2008\/09\/07\/te-henen-ne-qki-malesia-ne-tuz-u-hap-ekspozita-e-7-piktoreve\/","og_locale":"en_US","og_type":"article","og_title":"T\u00eb h\u00ebn\u00ebn n\u00eb QKI \"Mal\u00ebsia\" n\u00eb Tuz u hap ekspozita e 7 piktor\u00ebve, - Lajme nga Ulqini","og_url":"https:\/\/www.visit-ulcinj.com\/blog\/2008\/09\/07\/te-henen-ne-qki-malesia-ne-tuz-u-hap-ekspozita-e-7-piktoreve\/","og_site_name":"Lajme nga Ulqini","article_published_time":"2008-09-07T18:11:45+00:00","article_modified_time":"2008-09-07T19:44:37+00:00","og_image":[{"url":"http:\/\/www.visit-ulcinj.com\/blog\/wp-content\/uploads\/2008\/09\/cano-duli_gjergj-noc-martini_nevenka-mashanoviq-_jozo-kocoviq-300x212.jpg"}],"twitter_misc":{"Written by":"ulqini","Est. reading time":"1 minute"},"schema":{"@context":"https:\/\/schema.org","@graph":[{"@type":"WebSite","@id":"https:\/\/www.visit-ulcinj.com\/blog\/#website","url":"https:\/\/www.visit-ulcinj.com\/blog\/","name":"Lajme nga Ulqini","description":"Lajme,Vijesti,Ulqini,Ulqin,Crna Gora,Mali i Zi","potentialAction":[{"@type":"SearchAction","target":{"@type":"EntryPoint","urlTemplate":"https:\/\/www.visit-ulcinj.com\/blog\/?s={search_term_string}"},"query-input":"required name=search_term_string"}],"inLanguage":"en-US"},{"@type":"ImageObject","inLanguage":"en-US","@id":"https:\/\/www.visit-ulcinj.com\/blog\/2008\/09\/07\/te-henen-ne-qki-malesia-ne-tuz-u-hap-ekspozita-e-7-piktoreve\/#primaryimage","url":"http:\/\/www.visit-ulcinj.com\/blog\/wp-content\/uploads\/2008\/09\/cano-duli_gjergj-noc-martini_nevenka-mashanoviq-_jozo-kocoviq-300x212.jpg","contentUrl":"http:\/\/www.visit-ulcinj.com\/blog\/wp-content\/uploads\/2008\/09\/cano-duli_gjergj-noc-martini_nevenka-mashanoviq-_jozo-kocoviq-300x212.jpg"},{"@type":"WebPage","@id":"https:\/\/www.visit-ulcinj.com\/blog\/2008\/09\/07\/te-henen-ne-qki-malesia-ne-tuz-u-hap-ekspozita-e-7-piktoreve\/#webpage","url":"https:\/\/www.visit-ulcinj.com\/blog\/2008\/09\/07\/te-henen-ne-qki-malesia-ne-tuz-u-hap-ekspozita-e-7-piktoreve\/","name":"T\u00eb h\u00ebn\u00ebn n\u00eb QKI \"Mal\u00ebsia\" n\u00eb Tuz u hap ekspozita e 7 piktor\u00ebve, - Lajme nga Ulqini","isPartOf":{"@id":"https:\/\/www.visit-ulcinj.com\/blog\/#website"},"primaryImageOfPage":{"@id":"https:\/\/www.visit-ulcinj.com\/blog\/2008\/09\/07\/te-henen-ne-qki-malesia-ne-tuz-u-hap-ekspozita-e-7-piktoreve\/#primaryimage"},"datePublished":"2008-09-07T18:11:45+00:00","dateModified":"2008-09-07T19:44:37+00:00","author":{"@id":"https:\/\/www.visit-ulcinj.com\/blog\/#\/schema\/person\/dcab619c614d3038751c63bc2aadc06d"},"breadcrumb":{"@id":"https:\/\/www.visit-ulcinj.com\/blog\/2008\/09\/07\/te-henen-ne-qki-malesia-ne-tuz-u-hap-ekspozita-e-7-piktoreve\/#breadcrumb"},"inLanguage":"en-US","potentialAction":[{"@type":"ReadAction","target":["https:\/\/www.visit-ulcinj.com\/blog\/2008\/09\/07\/te-henen-ne-qki-malesia-ne-tuz-u-hap-ekspozita-e-7-piktoreve\/"]}]},{"@type":"BreadcrumbList","@id":"https:\/\/www.visit-ulcinj.com\/blog\/2008\/09\/07\/te-henen-ne-qki-malesia-ne-tuz-u-hap-ekspozita-e-7-piktoreve\/#breadcrumb","itemListElement":[{"@type":"ListItem","position":1,"name":"T\u00eb h\u00ebn\u00ebn n\u00eb QKI &#8220;Mal\u00ebsia&#8221; n\u00eb Tuz u hap ekspozita e 7 piktor\u00ebve,"}]},{"@type":"Person","@id":"https:\/\/www.visit-ulcinj.com\/blog\/#\/schema\/person\/dcab619c614d3038751c63bc2aadc06d","name":"ulqini","sameAs":["http:\/\/www.visit-ulcinj.com"],"url":"https:\/\/www.visit-ulcinj.com\/blog\/author\/admin\/"}]}},"jetpack_featured_media_url":"","jetpack_sharing_enabled":true,"jetpack_shortlink":"https:\/\/wp.me\/pe6lTn-NR","_links":{"self":[{"href":"https:\/\/www.visit-ulcinj.com\/blog\/wp-json\/wp\/v2\/posts\/3091"}],"collection":[{"href":"https:\/\/www.visit-ulcinj.com\/blog\/wp-json\/wp\/v2\/posts"}],"about":[{"href":"https:\/\/www.visit-ulcinj.com\/blog\/wp-json\/wp\/v2\/types\/post"}],"author":[{"embeddable":true,"href":"https:\/\/www.visit-ulcinj.com\/blog\/wp-json\/wp\/v2\/users\/1"}],"replies":[{"embeddable":true,"href":"https:\/\/www.visit-ulcinj.com\/blog\/wp-json\/wp\/v2\/comments?post=3091"}],"version-history":[{"count":0,"href":"https:\/\/www.visit-ulcinj.com\/blog\/wp-json\/wp\/v2\/posts\/3091\/revisions"}],"wp:attachment":[{"href":"https:\/\/www.visit-ulcinj.com\/blog\/wp-json\/wp\/v2\/media?parent=3091"}],"wp:term":[{"taxonomy":"category","embeddable":true,"href":"https:\/\/www.visit-ulcinj.com\/blog\/wp-json\/wp\/v2\/categories?post=3091"},{"taxonomy":"post_tag","embeddable":true,"href":"https:\/\/www.visit-ulcinj.com\/blog\/wp-json\/wp\/v2\/tags?post=3091"}],"curies":[{"name":"wp","href":"https:\/\/api.w.org\/{rel}","templated":true}]}}