{"id":30911,"date":"2010-03-07T19:16:37","date_gmt":"2010-03-07T17:16:37","guid":{"rendered":"http:\/\/www.visit-ulcinj.com\/blog\/?p=30911"},"modified":"2010-03-07T19:20:31","modified_gmt":"2010-03-07T17:20:31","slug":"yllka-deliu-pa-videoklip-nuk-mund-te-besh-emer","status":"publish","type":"post","link":"https:\/\/www.visit-ulcinj.com\/blog\/2010\/03\/07\/yllka-deliu-pa-videoklip-nuk-mund-te-besh-emer\/","title":{"rendered":"Yllka Deliu: Pa videoklip nuk mund t\u00eb b\u00ebsh em\u00ebr"},"content":{"rendered":"<p><a href=\"http:\/\/www.visit-ulcinj.com\/blog\/wp-content\/uploads\/2010\/03\/Yllka-Deliu.1.jpg\"><img loading=\"lazy\" class=\"alignleft size-full wp-image-30912\" title=\"Yllka Deliu.1\" src=\"http:\/\/www.visit-ulcinj.com\/blog\/wp-content\/uploads\/2010\/03\/Yllka-Deliu.1.jpg\" alt=\"Yllka Deliu.1\" width=\"580\" height=\"400\" \/><\/a>Yllka Deliu\u00a0 ka realizuar edhe videoklipin, titullohet \u201cEm\u00ebr  dhe fem\u00ebr\u201d. P\u00ebr realizimin e k\u00ebsaj k\u00ebnge ajo ka  bashk\u00ebpunuar me DJ Flum dhe me Veton Gashin, nd\u00ebrsa p\u00ebr videoklip i ka  ndihmuar edhe Trupa e Baletit t\u00eb Kosov\u00ebs.<\/p>\n<p>P\u00ebr realizimin e k\u00ebsaj k\u00ebnge kam bashk\u00ebpunuar me DJ Flum dhe me Veton  Gashin. Nd\u00ebrsa p\u00ebr videoklip m\u00eb ka ndihmuar Trupa e Baletit t\u00eb Kosov\u00ebs\u201d  ka treguar ajo p\u00ebr gazet\u00ebn Epoka e Re.<\/p>\n<p>Nj\u00eb k\u00ebng\u00eb \u00ebsht\u00eb gjithmon\u00eb m\u00eb kualitative n\u00ebse asaj ia realizon nj\u00eb  videoklip me koreografi t\u00eb bukur.<\/p>\n<p>Kam marr\u00eb l\u00ebvdata t\u00eb m\u00ebdha p\u00ebr sa i p\u00ebrket videoklipit, sepse nj\u00eb  zhan\u00ebr i videoklipit t\u00eb till\u00eb nuk \u00ebsht\u00eb punuar ende n\u00eb Kosov\u00eb\u201d, ka th\u00ebn\u00eb  Yllka. Ajo mendon se sot n\u00eb tregun e muzik\u00ebs kosovare \u00ebsht\u00eb shum\u00eb  v\u00ebshtir\u00eb t\u00eb dep\u00ebrtosh n\u00ebse nj\u00eb k\u00ebnge nuk ia realizon nj\u00eb videoklip.<br \/>\n<br \/>\n<!--YouTube Error: bad URL entered--><\/p>\n","protected":false},"excerpt":{"rendered":"<p>Yllka Deliu\u00a0 ka realizuar edhe videoklipin, titullohet \u201cEm\u00ebr dhe fem\u00ebr\u201d. P\u00ebr realizimin e k\u00ebsaj k\u00ebnge ajo ka bashk\u00ebpunuar me DJ Flum dhe me Veton Gashin, nd\u00ebrsa p\u00ebr videoklip i ka ndihmuar edhe Trupa e Baletit t\u00eb Kosov\u00ebs. P\u00ebr realizimin e k\u00ebsaj k\u00ebnge kam bashk\u00ebpunuar me DJ Flum dhe me Veton Gashin. Nd\u00ebrsa p\u00ebr videoklip m\u00eb [&hellip;]<\/p>\n","protected":false},"author":1,"featured_media":0,"comment_status":"open","ping_status":"closed","sticky":false,"template":"","format":"standard","meta":{"spay_email":"","jetpack_publicize_message":"","jetpack_is_tweetstorm":false,"jetpack_publicize_feature_enabled":true},"categories":[1],"tags":[13741],"jetpack_publicize_connections":[],"yoast_head":"<!-- This site is optimized with the Yoast SEO plugin v19.1 - https:\/\/yoast.com\/wordpress\/plugins\/seo\/ -->\n<title>Yllka Deliu: Pa videoklip nuk mund t\u00eb b\u00ebsh em\u00ebr - Lajme nga Ulqini<\/title>\n<meta name=\"description\" content=\"Yllka Deliu\u00a0 ka realizuar edhe videoklipin, titullohet \u201cEm\u00ebr dhe fem\u00ebr\u201d. P\u00ebr realizimin e k\u00ebsaj k\u00ebnge ajo ka bashk\u00ebpunuar me DJ Flum dhe me Veton Gashin,\" \/>\n<meta name=\"robots\" content=\"index, follow, max-snippet:-1, max-image-preview:large, max-video-preview:-1\" \/>\n<link rel=\"canonical\" href=\"https:\/\/www.visit-ulcinj.com\/blog\/2010\/03\/07\/yllka-deliu-pa-videoklip-nuk-mund-te-besh-emer\/\" \/>\n<meta property=\"og:locale\" content=\"en_US\" \/>\n<meta property=\"og:type\" content=\"article\" \/>\n<meta property=\"og:title\" content=\"Yllka Deliu: Pa videoklip nuk mund t\u00eb b\u00ebsh em\u00ebr - Lajme nga Ulqini\" \/>\n<meta property=\"og:description\" content=\"Yllka Deliu\u00a0 ka realizuar edhe videoklipin, titullohet \u201cEm\u00ebr dhe fem\u00ebr\u201d. P\u00ebr realizimin e k\u00ebsaj k\u00ebnge ajo ka bashk\u00ebpunuar me DJ Flum dhe me Veton Gashin,\" \/>\n<meta property=\"og:url\" content=\"https:\/\/www.visit-ulcinj.com\/blog\/2010\/03\/07\/yllka-deliu-pa-videoklip-nuk-mund-te-besh-emer\/\" \/>\n<meta property=\"og:site_name\" content=\"Lajme nga Ulqini\" \/>\n<meta property=\"article:published_time\" content=\"2010-03-07T17:16:37+00:00\" \/>\n<meta property=\"article:modified_time\" content=\"2010-03-07T17:20:31+00:00\" \/>\n<meta property=\"og:image\" content=\"https:\/\/www.visit-ulcinj.com\/blog\/wp-content\/uploads\/2010\/03\/Yllka-Deliu.1-150x150.jpg\" \/>\n<meta name=\"twitter:label1\" content=\"Written by\" \/>\n\t<meta name=\"twitter:data1\" content=\"ulqini\" \/>\n\t<meta name=\"twitter:label2\" content=\"Est. reading time\" \/>\n\t<meta name=\"twitter:data2\" content=\"1 minute\" \/>\n<script type=\"application\/ld+json\" class=\"yoast-schema-graph\">{\"@context\":\"https:\/\/schema.org\",\"@graph\":[{\"@type\":\"WebSite\",\"@id\":\"https:\/\/www.visit-ulcinj.com\/blog\/#website\",\"url\":\"https:\/\/www.visit-ulcinj.com\/blog\/\",\"name\":\"Lajme nga Ulqini\",\"description\":\"Lajme,Vijesti,Ulqini,Ulqin,Crna Gora,Mali i Zi\",\"potentialAction\":[{\"@type\":\"SearchAction\",\"target\":{\"@type\":\"EntryPoint\",\"urlTemplate\":\"https:\/\/www.visit-ulcinj.com\/blog\/?s={search_term_string}\"},\"query-input\":\"required name=search_term_string\"}],\"inLanguage\":\"en-US\"},{\"@type\":\"ImageObject\",\"inLanguage\":\"en-US\",\"@id\":\"https:\/\/www.visit-ulcinj.com\/blog\/2010\/03\/07\/yllka-deliu-pa-videoklip-nuk-mund-te-besh-emer\/#primaryimage\",\"url\":\"http:\/\/www.visit-ulcinj.com\/blog\/wp-content\/uploads\/2010\/03\/Yllka-Deliu.1.jpg\",\"contentUrl\":\"http:\/\/www.visit-ulcinj.com\/blog\/wp-content\/uploads\/2010\/03\/Yllka-Deliu.1.jpg\"},{\"@type\":\"WebPage\",\"@id\":\"https:\/\/www.visit-ulcinj.com\/blog\/2010\/03\/07\/yllka-deliu-pa-videoklip-nuk-mund-te-besh-emer\/#webpage\",\"url\":\"https:\/\/www.visit-ulcinj.com\/blog\/2010\/03\/07\/yllka-deliu-pa-videoklip-nuk-mund-te-besh-emer\/\",\"name\":\"Yllka Deliu: Pa videoklip nuk mund t\u00eb b\u00ebsh em\u00ebr - Lajme nga Ulqini\",\"isPartOf\":{\"@id\":\"https:\/\/www.visit-ulcinj.com\/blog\/#website\"},\"primaryImageOfPage\":{\"@id\":\"https:\/\/www.visit-ulcinj.com\/blog\/2010\/03\/07\/yllka-deliu-pa-videoklip-nuk-mund-te-besh-emer\/#primaryimage\"},\"datePublished\":\"2010-03-07T17:16:37+00:00\",\"dateModified\":\"2010-03-07T17:20:31+00:00\",\"author\":{\"@id\":\"https:\/\/www.visit-ulcinj.com\/blog\/#\/schema\/person\/dcab619c614d3038751c63bc2aadc06d\"},\"description\":\"Yllka Deliu\u00a0 ka realizuar edhe videoklipin, titullohet \u201cEm\u00ebr dhe fem\u00ebr\u201d. P\u00ebr realizimin e k\u00ebsaj k\u00ebnge ajo ka bashk\u00ebpunuar me DJ Flum dhe me Veton Gashin,\",\"breadcrumb\":{\"@id\":\"https:\/\/www.visit-ulcinj.com\/blog\/2010\/03\/07\/yllka-deliu-pa-videoklip-nuk-mund-te-besh-emer\/#breadcrumb\"},\"inLanguage\":\"en-US\",\"potentialAction\":[{\"@type\":\"ReadAction\",\"target\":[\"https:\/\/www.visit-ulcinj.com\/blog\/2010\/03\/07\/yllka-deliu-pa-videoklip-nuk-mund-te-besh-emer\/\"]}]},{\"@type\":\"BreadcrumbList\",\"@id\":\"https:\/\/www.visit-ulcinj.com\/blog\/2010\/03\/07\/yllka-deliu-pa-videoklip-nuk-mund-te-besh-emer\/#breadcrumb\",\"itemListElement\":[{\"@type\":\"ListItem\",\"position\":1,\"name\":\"Yllka Deliu: Pa videoklip nuk mund t\u00eb b\u00ebsh em\u00ebr\"}]},{\"@type\":\"Person\",\"@id\":\"https:\/\/www.visit-ulcinj.com\/blog\/#\/schema\/person\/dcab619c614d3038751c63bc2aadc06d\",\"name\":\"ulqini\",\"sameAs\":[\"http:\/\/www.visit-ulcinj.com\"],\"url\":\"https:\/\/www.visit-ulcinj.com\/blog\/author\/admin\/\"}]}<\/script>\n<!-- \/ Yoast SEO plugin. -->","yoast_head_json":{"title":"Yllka Deliu: Pa videoklip nuk mund t\u00eb b\u00ebsh em\u00ebr - Lajme nga Ulqini","description":"Yllka Deliu\u00a0 ka realizuar edhe videoklipin, titullohet \u201cEm\u00ebr dhe fem\u00ebr\u201d. P\u00ebr realizimin e k\u00ebsaj k\u00ebnge ajo ka bashk\u00ebpunuar me DJ Flum dhe me Veton Gashin,","robots":{"index":"index","follow":"follow","max-snippet":"max-snippet:-1","max-image-preview":"max-image-preview:large","max-video-preview":"max-video-preview:-1"},"canonical":"https:\/\/www.visit-ulcinj.com\/blog\/2010\/03\/07\/yllka-deliu-pa-videoklip-nuk-mund-te-besh-emer\/","og_locale":"en_US","og_type":"article","og_title":"Yllka Deliu: Pa videoklip nuk mund t\u00eb b\u00ebsh em\u00ebr - Lajme nga Ulqini","og_description":"Yllka Deliu\u00a0 ka realizuar edhe videoklipin, titullohet \u201cEm\u00ebr dhe fem\u00ebr\u201d. P\u00ebr realizimin e k\u00ebsaj k\u00ebnge ajo ka bashk\u00ebpunuar me DJ Flum dhe me Veton Gashin,","og_url":"https:\/\/www.visit-ulcinj.com\/blog\/2010\/03\/07\/yllka-deliu-pa-videoklip-nuk-mund-te-besh-emer\/","og_site_name":"Lajme nga Ulqini","article_published_time":"2010-03-07T17:16:37+00:00","article_modified_time":"2010-03-07T17:20:31+00:00","og_image":[{"url":"https:\/\/www.visit-ulcinj.com\/blog\/wp-content\/uploads\/2010\/03\/Yllka-Deliu.1-150x150.jpg"}],"twitter_misc":{"Written by":"ulqini","Est. reading time":"1 minute"},"schema":{"@context":"https:\/\/schema.org","@graph":[{"@type":"WebSite","@id":"https:\/\/www.visit-ulcinj.com\/blog\/#website","url":"https:\/\/www.visit-ulcinj.com\/blog\/","name":"Lajme nga Ulqini","description":"Lajme,Vijesti,Ulqini,Ulqin,Crna Gora,Mali i Zi","potentialAction":[{"@type":"SearchAction","target":{"@type":"EntryPoint","urlTemplate":"https:\/\/www.visit-ulcinj.com\/blog\/?s={search_term_string}"},"query-input":"required name=search_term_string"}],"inLanguage":"en-US"},{"@type":"ImageObject","inLanguage":"en-US","@id":"https:\/\/www.visit-ulcinj.com\/blog\/2010\/03\/07\/yllka-deliu-pa-videoklip-nuk-mund-te-besh-emer\/#primaryimage","url":"http:\/\/www.visit-ulcinj.com\/blog\/wp-content\/uploads\/2010\/03\/Yllka-Deliu.1.jpg","contentUrl":"http:\/\/www.visit-ulcinj.com\/blog\/wp-content\/uploads\/2010\/03\/Yllka-Deliu.1.jpg"},{"@type":"WebPage","@id":"https:\/\/www.visit-ulcinj.com\/blog\/2010\/03\/07\/yllka-deliu-pa-videoklip-nuk-mund-te-besh-emer\/#webpage","url":"https:\/\/www.visit-ulcinj.com\/blog\/2010\/03\/07\/yllka-deliu-pa-videoklip-nuk-mund-te-besh-emer\/","name":"Yllka Deliu: Pa videoklip nuk mund t\u00eb b\u00ebsh em\u00ebr - Lajme nga Ulqini","isPartOf":{"@id":"https:\/\/www.visit-ulcinj.com\/blog\/#website"},"primaryImageOfPage":{"@id":"https:\/\/www.visit-ulcinj.com\/blog\/2010\/03\/07\/yllka-deliu-pa-videoklip-nuk-mund-te-besh-emer\/#primaryimage"},"datePublished":"2010-03-07T17:16:37+00:00","dateModified":"2010-03-07T17:20:31+00:00","author":{"@id":"https:\/\/www.visit-ulcinj.com\/blog\/#\/schema\/person\/dcab619c614d3038751c63bc2aadc06d"},"description":"Yllka Deliu\u00a0 ka realizuar edhe videoklipin, titullohet \u201cEm\u00ebr dhe fem\u00ebr\u201d. P\u00ebr realizimin e k\u00ebsaj k\u00ebnge ajo ka bashk\u00ebpunuar me DJ Flum dhe me Veton Gashin,","breadcrumb":{"@id":"https:\/\/www.visit-ulcinj.com\/blog\/2010\/03\/07\/yllka-deliu-pa-videoklip-nuk-mund-te-besh-emer\/#breadcrumb"},"inLanguage":"en-US","potentialAction":[{"@type":"ReadAction","target":["https:\/\/www.visit-ulcinj.com\/blog\/2010\/03\/07\/yllka-deliu-pa-videoklip-nuk-mund-te-besh-emer\/"]}]},{"@type":"BreadcrumbList","@id":"https:\/\/www.visit-ulcinj.com\/blog\/2010\/03\/07\/yllka-deliu-pa-videoklip-nuk-mund-te-besh-emer\/#breadcrumb","itemListElement":[{"@type":"ListItem","position":1,"name":"Yllka Deliu: Pa videoklip nuk mund t\u00eb b\u00ebsh em\u00ebr"}]},{"@type":"Person","@id":"https:\/\/www.visit-ulcinj.com\/blog\/#\/schema\/person\/dcab619c614d3038751c63bc2aadc06d","name":"ulqini","sameAs":["http:\/\/www.visit-ulcinj.com"],"url":"https:\/\/www.visit-ulcinj.com\/blog\/author\/admin\/"}]}},"jetpack_featured_media_url":"","jetpack_sharing_enabled":true,"jetpack_shortlink":"https:\/\/wp.me\/pe6lTn-82z","_links":{"self":[{"href":"https:\/\/www.visit-ulcinj.com\/blog\/wp-json\/wp\/v2\/posts\/30911"}],"collection":[{"href":"https:\/\/www.visit-ulcinj.com\/blog\/wp-json\/wp\/v2\/posts"}],"about":[{"href":"https:\/\/www.visit-ulcinj.com\/blog\/wp-json\/wp\/v2\/types\/post"}],"author":[{"embeddable":true,"href":"https:\/\/www.visit-ulcinj.com\/blog\/wp-json\/wp\/v2\/users\/1"}],"replies":[{"embeddable":true,"href":"https:\/\/www.visit-ulcinj.com\/blog\/wp-json\/wp\/v2\/comments?post=30911"}],"version-history":[{"count":0,"href":"https:\/\/www.visit-ulcinj.com\/blog\/wp-json\/wp\/v2\/posts\/30911\/revisions"}],"wp:attachment":[{"href":"https:\/\/www.visit-ulcinj.com\/blog\/wp-json\/wp\/v2\/media?parent=30911"}],"wp:term":[{"taxonomy":"category","embeddable":true,"href":"https:\/\/www.visit-ulcinj.com\/blog\/wp-json\/wp\/v2\/categories?post=30911"},{"taxonomy":"post_tag","embeddable":true,"href":"https:\/\/www.visit-ulcinj.com\/blog\/wp-json\/wp\/v2\/tags?post=30911"}],"curies":[{"name":"wp","href":"https:\/\/api.w.org\/{rel}","templated":true}]}}