{"id":30921,"date":"2010-03-07T20:49:13","date_gmt":"2010-03-07T18:49:13","guid":{"rendered":"http:\/\/www.visit-ulcinj.com\/blog\/?p=30921"},"modified":"2010-03-23T21:09:00","modified_gmt":"2010-03-23T19:09:00","slug":"crna-gora-za-svaciji-dzep","status":"publish","type":"post","link":"https:\/\/www.visit-ulcinj.com\/blog\/2010\/03\/07\/crna-gora-za-svaciji-dzep\/","title":{"rendered":"Crna Gora &#8220;za sva?iji d\u017eep&#8221;"},"content":{"rendered":"<p><strong><img loading=\"lazy\" class=\"alignleft\" title=\"Crna Gora za sva?iji d\u017eep\" src=\"http:\/\/www.visit-ulcinj.com\/blog\/wp-content\/uploads\/2009\/09\/HTP-Ulcinjska-rivijera.jpg\" alt=\"\" width=\"580\" height=\"400\" \/>Akecant ovogodi\u0161nje turisti?ke ponude Crne Gore bi?e stavljen na  cenu i kvalitet koju korisnik dobija za tu cenu, rekao je direktor  Nacionalne turisti?ke organizacije Crne Gore Sa\u0161a Radovi?.<br \/>\n<\/strong>&#8220;Mo\u017eete provesti 10 dana za 100 evra, a mo\u017eete naravno provesti 10 dana i  za 1.500 evra&#8221;, rekao je Radovi? na Sajmu Turizma i naglasio da  turisti?ki poslenici Crne Gore i ove godine ozbiljno ra?unaju na goste  iz Srbije.<\/p>\n<p>Isti?u?i da se gostima iz Srbije nudi kvalitetan privatni i hotelski  sme\u0161taj, on je podsetio da mogu da ra?unaju i na svoje potro\u0161a?ke  brendove u Crnoj Gori, ?itaju svoje novine, gledaju omiljene TV emisije,  a tu je nepostojanje jezi?ke barijere.<\/p>\n<p>Radovi? je ocenio da konkurencija na Me?unarodnom sajmu turizma u  Beogradu nikad nije bila ja?a i dodao da se sve vi\u0161e zemalja sa svojim  turisti?kim destinacijama bori za tr\u017ei\u0161te Srbije.<\/p>\n<p>&#8220;Mi smo na ovom tr\u017ei\u0161tu uvek bili prisutni i uvek je najve?i broj  turista  iz Srbije ipak dolazio u Crnu Goru i obrnuto. Najve?i broj  turista u Srbiji je bio upravo iz Crne Gore. Na\u0161a namera je da to   nastavimo, da se taj trend odr\u017ei&#8221;, istakao je Radovi?.<\/p>\n<p>Ina?e, Crna Gora je jedna od retkih mediteranskih destinacija koja je  pro\u0161le godine zabele\u017eila iste rezultate kao 2008. Pro\u0161le godine je bilo  1,2 miliona registrovanih turista i oko osam miliona no?enja, \u0161to je po  broju dolazaka ?ak dva odsto vi\u0161e nego  2008.<\/p>\n<p>&#8220;Na\u0161a je namera da taj trend  zadr\u017eimo&#8221;, naglasio je Vukovi? i podsetio  da je pro\u0161le godine samo iz Srbije bilo oko 400.000 registrovanih  turista, ne ra?unaju?i one goste koji do?u u svoje ku?e, vikendice, kod  ro?aka i prijatelja, tako da se slobodno mo\u017ee govoriti o milion  posetilaca.<\/p>\n<p><strong>(Tanjug)<\/strong><br \/>\n<strong>VIDEO TV IN<a href=\"http:\/\/www.vijesti.me\/index.php?id=332709\" target=\"_blank\"><br \/>\n<\/a><\/strong>[flv width=&#8221;580&#8243;  height=&#8221;400&#8243;]http:\/\/www.rtvin.me\/flv\/20_03_post_turizam.flv[\/flv]<\/p>\n","protected":false},"excerpt":{"rendered":"<p>Akecant ovogodi\u0161nje turisti?ke ponude Crne Gore bi?e stavljen na cenu i kvalitet koju korisnik dobija za tu cenu, rekao je direktor Nacionalne turisti?ke organizacije Crne Gore Sa\u0161a Radovi?. &#8220;Mo\u017eete provesti 10 dana za 100 evra, a mo\u017eete naravno provesti 10 dana i za 1.500 evra&#8221;, rekao je Radovi? na Sajmu Turizma i naglasio da turisti?ki [&hellip;]<\/p>\n","protected":false},"author":1,"featured_media":0,"comment_status":"open","ping_status":"closed","sticky":false,"template":"","format":"standard","meta":{"spay_email":"","jetpack_publicize_message":"","jetpack_is_tweetstorm":false,"jetpack_publicize_feature_enabled":true},"categories":[7],"tags":[20,2633,13743],"jetpack_publicize_connections":[],"yoast_head":"<!-- This site is optimized with the Yoast SEO plugin v19.1 - https:\/\/yoast.com\/wordpress\/plugins\/seo\/ -->\n<title>Crna Gora &quot;za sva?iji d\u017eep&quot; - Lajme nga Ulqini<\/title>\n<meta name=\"description\" content=\"Akecant ovogodi\u0161nje turisti?ke ponude Crne Gore bi?e stavljen na cenu i kvalitet koju korisnik dobija za tu cenu, rekao je direktor Nacionalne turisti?ke\" \/>\n<meta name=\"robots\" content=\"index, follow, max-snippet:-1, max-image-preview:large, max-video-preview:-1\" \/>\n<link rel=\"canonical\" href=\"https:\/\/www.visit-ulcinj.com\/blog\/2010\/03\/07\/crna-gora-za-svaciji-dzep\/\" \/>\n<meta property=\"og:locale\" content=\"en_US\" \/>\n<meta property=\"og:type\" content=\"article\" \/>\n<meta property=\"og:title\" content=\"Crna Gora &quot;za sva?iji d\u017eep&quot; - Lajme nga Ulqini\" \/>\n<meta property=\"og:description\" content=\"Akecant ovogodi\u0161nje turisti?ke ponude Crne Gore bi?e stavljen na cenu i kvalitet koju korisnik dobija za tu cenu, rekao je direktor Nacionalne turisti?ke\" \/>\n<meta property=\"og:url\" content=\"https:\/\/www.visit-ulcinj.com\/blog\/2010\/03\/07\/crna-gora-za-svaciji-dzep\/\" \/>\n<meta property=\"og:site_name\" content=\"Lajme nga Ulqini\" \/>\n<meta property=\"article:published_time\" content=\"2010-03-07T18:49:13+00:00\" \/>\n<meta property=\"article:modified_time\" content=\"2010-03-23T19:09:00+00:00\" \/>\n<meta property=\"og:image\" content=\"http:\/\/www.visit-ulcinj.com\/blog\/wp-content\/uploads\/2009\/09\/HTP-Ulcinjska-rivijera.jpg\" \/>\n<meta name=\"twitter:label1\" content=\"Written by\" \/>\n\t<meta name=\"twitter:data1\" content=\"ulqini\" \/>\n\t<meta name=\"twitter:label2\" content=\"Est. reading time\" \/>\n\t<meta name=\"twitter:data2\" content=\"2 minutes\" \/>\n<script type=\"application\/ld+json\" class=\"yoast-schema-graph\">{\"@context\":\"https:\/\/schema.org\",\"@graph\":[{\"@type\":\"WebSite\",\"@id\":\"https:\/\/www.visit-ulcinj.com\/blog\/#website\",\"url\":\"https:\/\/www.visit-ulcinj.com\/blog\/\",\"name\":\"Lajme nga Ulqini\",\"description\":\"Lajme,Vijesti,Ulqini,Ulqin,Crna Gora,Mali i Zi\",\"potentialAction\":[{\"@type\":\"SearchAction\",\"target\":{\"@type\":\"EntryPoint\",\"urlTemplate\":\"https:\/\/www.visit-ulcinj.com\/blog\/?s={search_term_string}\"},\"query-input\":\"required name=search_term_string\"}],\"inLanguage\":\"en-US\"},{\"@type\":\"ImageObject\",\"inLanguage\":\"en-US\",\"@id\":\"https:\/\/www.visit-ulcinj.com\/blog\/2010\/03\/07\/crna-gora-za-svaciji-dzep\/#primaryimage\",\"url\":\"https:\/\/www.visit-ulcinj.com\/blog\/wp-content\/uploads\/2009\/09\/HTP-Ulcinjska-rivijera.jpg\",\"contentUrl\":\"https:\/\/www.visit-ulcinj.com\/blog\/wp-content\/uploads\/2009\/09\/HTP-Ulcinjska-rivijera.jpg\",\"width\":\"1000\",\"height\":\"400\"},{\"@type\":\"WebPage\",\"@id\":\"https:\/\/www.visit-ulcinj.com\/blog\/2010\/03\/07\/crna-gora-za-svaciji-dzep\/#webpage\",\"url\":\"https:\/\/www.visit-ulcinj.com\/blog\/2010\/03\/07\/crna-gora-za-svaciji-dzep\/\",\"name\":\"Crna Gora \\\"za sva?iji d\u017eep\\\" - Lajme nga Ulqini\",\"isPartOf\":{\"@id\":\"https:\/\/www.visit-ulcinj.com\/blog\/#website\"},\"primaryImageOfPage\":{\"@id\":\"https:\/\/www.visit-ulcinj.com\/blog\/2010\/03\/07\/crna-gora-za-svaciji-dzep\/#primaryimage\"},\"datePublished\":\"2010-03-07T18:49:13+00:00\",\"dateModified\":\"2010-03-23T19:09:00+00:00\",\"author\":{\"@id\":\"https:\/\/www.visit-ulcinj.com\/blog\/#\/schema\/person\/dcab619c614d3038751c63bc2aadc06d\"},\"description\":\"Akecant ovogodi\u0161nje turisti?ke ponude Crne Gore bi?e stavljen na cenu i kvalitet koju korisnik dobija za tu cenu, rekao je direktor Nacionalne turisti?ke\",\"breadcrumb\":{\"@id\":\"https:\/\/www.visit-ulcinj.com\/blog\/2010\/03\/07\/crna-gora-za-svaciji-dzep\/#breadcrumb\"},\"inLanguage\":\"en-US\",\"potentialAction\":[{\"@type\":\"ReadAction\",\"target\":[\"https:\/\/www.visit-ulcinj.com\/blog\/2010\/03\/07\/crna-gora-za-svaciji-dzep\/\"]}]},{\"@type\":\"BreadcrumbList\",\"@id\":\"https:\/\/www.visit-ulcinj.com\/blog\/2010\/03\/07\/crna-gora-za-svaciji-dzep\/#breadcrumb\",\"itemListElement\":[{\"@type\":\"ListItem\",\"position\":1,\"name\":\"Crna Gora &#8220;za sva?iji d\u017eep&#8221;\"}]},{\"@type\":\"Person\",\"@id\":\"https:\/\/www.visit-ulcinj.com\/blog\/#\/schema\/person\/dcab619c614d3038751c63bc2aadc06d\",\"name\":\"ulqini\",\"sameAs\":[\"http:\/\/www.visit-ulcinj.com\"],\"url\":\"https:\/\/www.visit-ulcinj.com\/blog\/author\/admin\/\"}]}<\/script>\n<!-- \/ Yoast SEO plugin. -->","yoast_head_json":{"title":"Crna Gora \"za sva?iji d\u017eep\" - Lajme nga Ulqini","description":"Akecant ovogodi\u0161nje turisti?ke ponude Crne Gore bi?e stavljen na cenu i kvalitet koju korisnik dobija za tu cenu, rekao je direktor Nacionalne turisti?ke","robots":{"index":"index","follow":"follow","max-snippet":"max-snippet:-1","max-image-preview":"max-image-preview:large","max-video-preview":"max-video-preview:-1"},"canonical":"https:\/\/www.visit-ulcinj.com\/blog\/2010\/03\/07\/crna-gora-za-svaciji-dzep\/","og_locale":"en_US","og_type":"article","og_title":"Crna Gora \"za sva?iji d\u017eep\" - Lajme nga Ulqini","og_description":"Akecant ovogodi\u0161nje turisti?ke ponude Crne Gore bi?e stavljen na cenu i kvalitet koju korisnik dobija za tu cenu, rekao je direktor Nacionalne turisti?ke","og_url":"https:\/\/www.visit-ulcinj.com\/blog\/2010\/03\/07\/crna-gora-za-svaciji-dzep\/","og_site_name":"Lajme nga Ulqini","article_published_time":"2010-03-07T18:49:13+00:00","article_modified_time":"2010-03-23T19:09:00+00:00","og_image":[{"url":"http:\/\/www.visit-ulcinj.com\/blog\/wp-content\/uploads\/2009\/09\/HTP-Ulcinjska-rivijera.jpg"}],"twitter_misc":{"Written by":"ulqini","Est. reading time":"2 minutes"},"schema":{"@context":"https:\/\/schema.org","@graph":[{"@type":"WebSite","@id":"https:\/\/www.visit-ulcinj.com\/blog\/#website","url":"https:\/\/www.visit-ulcinj.com\/blog\/","name":"Lajme nga Ulqini","description":"Lajme,Vijesti,Ulqini,Ulqin,Crna Gora,Mali i Zi","potentialAction":[{"@type":"SearchAction","target":{"@type":"EntryPoint","urlTemplate":"https:\/\/www.visit-ulcinj.com\/blog\/?s={search_term_string}"},"query-input":"required name=search_term_string"}],"inLanguage":"en-US"},{"@type":"ImageObject","inLanguage":"en-US","@id":"https:\/\/www.visit-ulcinj.com\/blog\/2010\/03\/07\/crna-gora-za-svaciji-dzep\/#primaryimage","url":"https:\/\/www.visit-ulcinj.com\/blog\/wp-content\/uploads\/2009\/09\/HTP-Ulcinjska-rivijera.jpg","contentUrl":"https:\/\/www.visit-ulcinj.com\/blog\/wp-content\/uploads\/2009\/09\/HTP-Ulcinjska-rivijera.jpg","width":"1000","height":"400"},{"@type":"WebPage","@id":"https:\/\/www.visit-ulcinj.com\/blog\/2010\/03\/07\/crna-gora-za-svaciji-dzep\/#webpage","url":"https:\/\/www.visit-ulcinj.com\/blog\/2010\/03\/07\/crna-gora-za-svaciji-dzep\/","name":"Crna Gora \"za sva?iji d\u017eep\" - Lajme nga Ulqini","isPartOf":{"@id":"https:\/\/www.visit-ulcinj.com\/blog\/#website"},"primaryImageOfPage":{"@id":"https:\/\/www.visit-ulcinj.com\/blog\/2010\/03\/07\/crna-gora-za-svaciji-dzep\/#primaryimage"},"datePublished":"2010-03-07T18:49:13+00:00","dateModified":"2010-03-23T19:09:00+00:00","author":{"@id":"https:\/\/www.visit-ulcinj.com\/blog\/#\/schema\/person\/dcab619c614d3038751c63bc2aadc06d"},"description":"Akecant ovogodi\u0161nje turisti?ke ponude Crne Gore bi?e stavljen na cenu i kvalitet koju korisnik dobija za tu cenu, rekao je direktor Nacionalne turisti?ke","breadcrumb":{"@id":"https:\/\/www.visit-ulcinj.com\/blog\/2010\/03\/07\/crna-gora-za-svaciji-dzep\/#breadcrumb"},"inLanguage":"en-US","potentialAction":[{"@type":"ReadAction","target":["https:\/\/www.visit-ulcinj.com\/blog\/2010\/03\/07\/crna-gora-za-svaciji-dzep\/"]}]},{"@type":"BreadcrumbList","@id":"https:\/\/www.visit-ulcinj.com\/blog\/2010\/03\/07\/crna-gora-za-svaciji-dzep\/#breadcrumb","itemListElement":[{"@type":"ListItem","position":1,"name":"Crna Gora &#8220;za sva?iji d\u017eep&#8221;"}]},{"@type":"Person","@id":"https:\/\/www.visit-ulcinj.com\/blog\/#\/schema\/person\/dcab619c614d3038751c63bc2aadc06d","name":"ulqini","sameAs":["http:\/\/www.visit-ulcinj.com"],"url":"https:\/\/www.visit-ulcinj.com\/blog\/author\/admin\/"}]}},"jetpack_featured_media_url":"","jetpack_sharing_enabled":true,"jetpack_shortlink":"https:\/\/wp.me\/pe6lTn-82J","_links":{"self":[{"href":"https:\/\/www.visit-ulcinj.com\/blog\/wp-json\/wp\/v2\/posts\/30921"}],"collection":[{"href":"https:\/\/www.visit-ulcinj.com\/blog\/wp-json\/wp\/v2\/posts"}],"about":[{"href":"https:\/\/www.visit-ulcinj.com\/blog\/wp-json\/wp\/v2\/types\/post"}],"author":[{"embeddable":true,"href":"https:\/\/www.visit-ulcinj.com\/blog\/wp-json\/wp\/v2\/users\/1"}],"replies":[{"embeddable":true,"href":"https:\/\/www.visit-ulcinj.com\/blog\/wp-json\/wp\/v2\/comments?post=30921"}],"version-history":[{"count":0,"href":"https:\/\/www.visit-ulcinj.com\/blog\/wp-json\/wp\/v2\/posts\/30921\/revisions"}],"wp:attachment":[{"href":"https:\/\/www.visit-ulcinj.com\/blog\/wp-json\/wp\/v2\/media?parent=30921"}],"wp:term":[{"taxonomy":"category","embeddable":true,"href":"https:\/\/www.visit-ulcinj.com\/blog\/wp-json\/wp\/v2\/categories?post=30921"},{"taxonomy":"post_tag","embeddable":true,"href":"https:\/\/www.visit-ulcinj.com\/blog\/wp-json\/wp\/v2\/tags?post=30921"}],"curies":[{"name":"wp","href":"https:\/\/api.w.org\/{rel}","templated":true}]}}