{"id":30926,"date":"2010-03-07T21:19:24","date_gmt":"2010-03-07T19:19:24","guid":{"rendered":"http:\/\/www.visit-ulcinj.com\/blog\/?p=30926"},"modified":"2010-03-07T21:19:24","modified_gmt":"2010-03-07T19:19:24","slug":"nacionalna-turisticka-organizacija-na-internacionalnom-sajmu-turizma-u-budimpesti","status":"publish","type":"post","link":"https:\/\/www.visit-ulcinj.com\/blog\/2010\/03\/07\/nacionalna-turisticka-organizacija-na-internacionalnom-sajmu-turizma-u-budimpesti\/","title":{"rendered":"Nacionalna turisti?ka organizacija na internacionalnom sajmu turizma u Budimpe\u0161ti"},"content":{"rendered":"<p><a href=\"http:\/\/www.visit-ulcinj.com\/blog\/wp-content\/uploads\/2010\/03\/UTAZAS-2010.jpg\"><img loading=\"lazy\" class=\"alignleft size-full wp-image-30927\" title=\"UTAZAS 2010\" src=\"http:\/\/www.visit-ulcinj.com\/blog\/wp-content\/uploads\/2010\/03\/UTAZAS-2010.jpg\" alt=\"UTAZAS 2010\" width=\"363\" height=\"242\" \/><\/a>Nacionalna turisti?ka organizacija Crne Gore u saradnji sa lokalnim turisti?kim organizacijama i predstavnicima turisti?ke privrede, predstavi?e crnogorsku turisti?ku ponudu na vode?em centralnoisto?nom sajmu turizma u Evropi, \u201cUTAZAS 2010\u201d koji se odr\u017eava u Budimpe\u0161ti u periodu od 4. do 7. marta.<br \/>\nCrna Gora ?e izlagati na \u0161tandu veli?ine 50 m2 u Paviljonu a, na \u0161tandu br. 305 H. U okviru \u0161tanda svoju ponudu predstavi?e: hotelska grupa \u201cBudvanska rivijera\u201d, \u201cHunquest hotel Sun resort\u201d, i lokalne turisti?ke organizacije Ulcinja, Bara, Budve, Kotora i Tivta.<br \/>\nPrvi dan sajma je predvi?en za ostvarivanje poslovnih susreta dok su ostala tri dana sajma rezervisani u najve?oj mjeri za posjetioce.<br \/>\nO?ekuje se da ?e sajam okupiti preko 800 izlaga?a, preko 3.900 prisutnih profesionalaca i 40.000 posjetilaca.<\/p>\n<p><strong>Vi\u0161e informacija o sajmu mo\u017eete pogledati na adresi :<a href=\"http:\/\/www.utazas.hungexpo.hu\/\"><br \/>\nwww.utazas.hungexpo.hu<\/a><\/strong><\/p>\n<p><strong>CDM<br \/>\n<\/strong><\/p>\n","protected":false},"excerpt":{"rendered":"<p>Nacionalna turisti?ka organizacija Crne Gore u saradnji sa lokalnim turisti?kim organizacijama i predstavnicima turisti?ke privrede, predstavi?e crnogorsku turisti?ku ponudu na vode?em centralnoisto?nom sajmu turizma u Evropi, \u201cUTAZAS 2010\u201d koji se odr\u017eava u Budimpe\u0161ti u periodu od 4. do 7. marta. Crna Gora ?e izlagati na \u0161tandu veli?ine 50 m2 u Paviljonu a, na \u0161tandu br. [&hellip;]<\/p>\n","protected":false},"author":1,"featured_media":0,"comment_status":"open","ping_status":"closed","sticky":false,"template":"","format":"standard","meta":{"spay_email":"","jetpack_publicize_message":"","jetpack_is_tweetstorm":false,"jetpack_publicize_feature_enabled":true},"categories":[8],"tags":[5992,5991,5990,3260,13745,13744],"jetpack_publicize_connections":[],"yoast_head":"<!-- This site is optimized with the Yoast SEO plugin v19.1 - https:\/\/yoast.com\/wordpress\/plugins\/seo\/ -->\n<title>Nacionalna turisti?ka organizacija na internacionalnom sajmu turizma u Budimpe\u0161ti - Lajme nga Ulqini<\/title>\n<meta name=\"description\" content=\"Nacionalna turisti?ka organizacija Crne Gore u saradnji sa lokalnim turisti?kim organizacijama i predstavnicima turisti?ke privrede, predstavi?e\" \/>\n<meta name=\"robots\" content=\"index, follow, max-snippet:-1, max-image-preview:large, max-video-preview:-1\" \/>\n<link rel=\"canonical\" href=\"https:\/\/www.visit-ulcinj.com\/blog\/2010\/03\/07\/nacionalna-turisticka-organizacija-na-internacionalnom-sajmu-turizma-u-budimpesti\/\" \/>\n<meta property=\"og:locale\" content=\"en_US\" \/>\n<meta property=\"og:type\" content=\"article\" \/>\n<meta property=\"og:title\" content=\"Nacionalna turisti?ka organizacija na internacionalnom sajmu turizma u Budimpe\u0161ti - Lajme nga Ulqini\" \/>\n<meta property=\"og:description\" content=\"Nacionalna turisti?ka organizacija Crne Gore u saradnji sa lokalnim turisti?kim organizacijama i predstavnicima turisti?ke privrede, predstavi?e\" \/>\n<meta property=\"og:url\" content=\"https:\/\/www.visit-ulcinj.com\/blog\/2010\/03\/07\/nacionalna-turisticka-organizacija-na-internacionalnom-sajmu-turizma-u-budimpesti\/\" \/>\n<meta property=\"og:site_name\" content=\"Lajme nga Ulqini\" \/>\n<meta property=\"article:published_time\" content=\"2010-03-07T19:19:24+00:00\" \/>\n<meta property=\"og:image\" content=\"http:\/\/www.visit-ulcinj.com\/blog\/wp-content\/uploads\/2010\/03\/UTAZAS-2010.jpg\" \/>\n<meta name=\"twitter:label1\" content=\"Written by\" \/>\n\t<meta name=\"twitter:data1\" content=\"ulqini\" \/>\n\t<meta name=\"twitter:label2\" content=\"Est. reading time\" \/>\n\t<meta name=\"twitter:data2\" content=\"1 minute\" \/>\n<script type=\"application\/ld+json\" class=\"yoast-schema-graph\">{\"@context\":\"https:\/\/schema.org\",\"@graph\":[{\"@type\":\"WebSite\",\"@id\":\"https:\/\/www.visit-ulcinj.com\/blog\/#website\",\"url\":\"https:\/\/www.visit-ulcinj.com\/blog\/\",\"name\":\"Lajme nga Ulqini\",\"description\":\"Lajme,Vijesti,Ulqini,Ulqin,Crna Gora,Mali i Zi\",\"potentialAction\":[{\"@type\":\"SearchAction\",\"target\":{\"@type\":\"EntryPoint\",\"urlTemplate\":\"https:\/\/www.visit-ulcinj.com\/blog\/?s={search_term_string}\"},\"query-input\":\"required name=search_term_string\"}],\"inLanguage\":\"en-US\"},{\"@type\":\"ImageObject\",\"inLanguage\":\"en-US\",\"@id\":\"https:\/\/www.visit-ulcinj.com\/blog\/2010\/03\/07\/nacionalna-turisticka-organizacija-na-internacionalnom-sajmu-turizma-u-budimpesti\/#primaryimage\",\"url\":\"https:\/\/www.visit-ulcinj.com\/blog\/wp-content\/uploads\/2010\/03\/UTAZAS-2010.jpg\",\"contentUrl\":\"https:\/\/www.visit-ulcinj.com\/blog\/wp-content\/uploads\/2010\/03\/UTAZAS-2010.jpg\",\"width\":\"300\",\"height\":\"200\"},{\"@type\":\"WebPage\",\"@id\":\"https:\/\/www.visit-ulcinj.com\/blog\/2010\/03\/07\/nacionalna-turisticka-organizacija-na-internacionalnom-sajmu-turizma-u-budimpesti\/#webpage\",\"url\":\"https:\/\/www.visit-ulcinj.com\/blog\/2010\/03\/07\/nacionalna-turisticka-organizacija-na-internacionalnom-sajmu-turizma-u-budimpesti\/\",\"name\":\"Nacionalna turisti?ka organizacija na internacionalnom sajmu turizma u Budimpe\u0161ti - Lajme nga Ulqini\",\"isPartOf\":{\"@id\":\"https:\/\/www.visit-ulcinj.com\/blog\/#website\"},\"primaryImageOfPage\":{\"@id\":\"https:\/\/www.visit-ulcinj.com\/blog\/2010\/03\/07\/nacionalna-turisticka-organizacija-na-internacionalnom-sajmu-turizma-u-budimpesti\/#primaryimage\"},\"datePublished\":\"2010-03-07T19:19:24+00:00\",\"dateModified\":\"2010-03-07T19:19:24+00:00\",\"author\":{\"@id\":\"https:\/\/www.visit-ulcinj.com\/blog\/#\/schema\/person\/dcab619c614d3038751c63bc2aadc06d\"},\"description\":\"Nacionalna turisti?ka organizacija Crne Gore u saradnji sa lokalnim turisti?kim organizacijama i predstavnicima turisti?ke privrede, predstavi?e\",\"breadcrumb\":{\"@id\":\"https:\/\/www.visit-ulcinj.com\/blog\/2010\/03\/07\/nacionalna-turisticka-organizacija-na-internacionalnom-sajmu-turizma-u-budimpesti\/#breadcrumb\"},\"inLanguage\":\"en-US\",\"potentialAction\":[{\"@type\":\"ReadAction\",\"target\":[\"https:\/\/www.visit-ulcinj.com\/blog\/2010\/03\/07\/nacionalna-turisticka-organizacija-na-internacionalnom-sajmu-turizma-u-budimpesti\/\"]}]},{\"@type\":\"BreadcrumbList\",\"@id\":\"https:\/\/www.visit-ulcinj.com\/blog\/2010\/03\/07\/nacionalna-turisticka-organizacija-na-internacionalnom-sajmu-turizma-u-budimpesti\/#breadcrumb\",\"itemListElement\":[{\"@type\":\"ListItem\",\"position\":1,\"name\":\"Nacionalna turisti?ka organizacija na internacionalnom sajmu turizma u Budimpe\u0161ti\"}]},{\"@type\":\"Person\",\"@id\":\"https:\/\/www.visit-ulcinj.com\/blog\/#\/schema\/person\/dcab619c614d3038751c63bc2aadc06d\",\"name\":\"ulqini\",\"sameAs\":[\"http:\/\/www.visit-ulcinj.com\"],\"url\":\"https:\/\/www.visit-ulcinj.com\/blog\/author\/admin\/\"}]}<\/script>\n<!-- \/ Yoast SEO plugin. -->","yoast_head_json":{"title":"Nacionalna turisti?ka organizacija na internacionalnom sajmu turizma u Budimpe\u0161ti - Lajme nga Ulqini","description":"Nacionalna turisti?ka organizacija Crne Gore u saradnji sa lokalnim turisti?kim organizacijama i predstavnicima turisti?ke privrede, predstavi?e","robots":{"index":"index","follow":"follow","max-snippet":"max-snippet:-1","max-image-preview":"max-image-preview:large","max-video-preview":"max-video-preview:-1"},"canonical":"https:\/\/www.visit-ulcinj.com\/blog\/2010\/03\/07\/nacionalna-turisticka-organizacija-na-internacionalnom-sajmu-turizma-u-budimpesti\/","og_locale":"en_US","og_type":"article","og_title":"Nacionalna turisti?ka organizacija na internacionalnom sajmu turizma u Budimpe\u0161ti - Lajme nga Ulqini","og_description":"Nacionalna turisti?ka organizacija Crne Gore u saradnji sa lokalnim turisti?kim organizacijama i predstavnicima turisti?ke privrede, predstavi?e","og_url":"https:\/\/www.visit-ulcinj.com\/blog\/2010\/03\/07\/nacionalna-turisticka-organizacija-na-internacionalnom-sajmu-turizma-u-budimpesti\/","og_site_name":"Lajme nga Ulqini","article_published_time":"2010-03-07T19:19:24+00:00","og_image":[{"url":"http:\/\/www.visit-ulcinj.com\/blog\/wp-content\/uploads\/2010\/03\/UTAZAS-2010.jpg"}],"twitter_misc":{"Written by":"ulqini","Est. reading time":"1 minute"},"schema":{"@context":"https:\/\/schema.org","@graph":[{"@type":"WebSite","@id":"https:\/\/www.visit-ulcinj.com\/blog\/#website","url":"https:\/\/www.visit-ulcinj.com\/blog\/","name":"Lajme nga Ulqini","description":"Lajme,Vijesti,Ulqini,Ulqin,Crna Gora,Mali i Zi","potentialAction":[{"@type":"SearchAction","target":{"@type":"EntryPoint","urlTemplate":"https:\/\/www.visit-ulcinj.com\/blog\/?s={search_term_string}"},"query-input":"required name=search_term_string"}],"inLanguage":"en-US"},{"@type":"ImageObject","inLanguage":"en-US","@id":"https:\/\/www.visit-ulcinj.com\/blog\/2010\/03\/07\/nacionalna-turisticka-organizacija-na-internacionalnom-sajmu-turizma-u-budimpesti\/#primaryimage","url":"https:\/\/www.visit-ulcinj.com\/blog\/wp-content\/uploads\/2010\/03\/UTAZAS-2010.jpg","contentUrl":"https:\/\/www.visit-ulcinj.com\/blog\/wp-content\/uploads\/2010\/03\/UTAZAS-2010.jpg","width":"300","height":"200"},{"@type":"WebPage","@id":"https:\/\/www.visit-ulcinj.com\/blog\/2010\/03\/07\/nacionalna-turisticka-organizacija-na-internacionalnom-sajmu-turizma-u-budimpesti\/#webpage","url":"https:\/\/www.visit-ulcinj.com\/blog\/2010\/03\/07\/nacionalna-turisticka-organizacija-na-internacionalnom-sajmu-turizma-u-budimpesti\/","name":"Nacionalna turisti?ka organizacija na internacionalnom sajmu turizma u Budimpe\u0161ti - Lajme nga Ulqini","isPartOf":{"@id":"https:\/\/www.visit-ulcinj.com\/blog\/#website"},"primaryImageOfPage":{"@id":"https:\/\/www.visit-ulcinj.com\/blog\/2010\/03\/07\/nacionalna-turisticka-organizacija-na-internacionalnom-sajmu-turizma-u-budimpesti\/#primaryimage"},"datePublished":"2010-03-07T19:19:24+00:00","dateModified":"2010-03-07T19:19:24+00:00","author":{"@id":"https:\/\/www.visit-ulcinj.com\/blog\/#\/schema\/person\/dcab619c614d3038751c63bc2aadc06d"},"description":"Nacionalna turisti?ka organizacija Crne Gore u saradnji sa lokalnim turisti?kim organizacijama i predstavnicima turisti?ke privrede, predstavi?e","breadcrumb":{"@id":"https:\/\/www.visit-ulcinj.com\/blog\/2010\/03\/07\/nacionalna-turisticka-organizacija-na-internacionalnom-sajmu-turizma-u-budimpesti\/#breadcrumb"},"inLanguage":"en-US","potentialAction":[{"@type":"ReadAction","target":["https:\/\/www.visit-ulcinj.com\/blog\/2010\/03\/07\/nacionalna-turisticka-organizacija-na-internacionalnom-sajmu-turizma-u-budimpesti\/"]}]},{"@type":"BreadcrumbList","@id":"https:\/\/www.visit-ulcinj.com\/blog\/2010\/03\/07\/nacionalna-turisticka-organizacija-na-internacionalnom-sajmu-turizma-u-budimpesti\/#breadcrumb","itemListElement":[{"@type":"ListItem","position":1,"name":"Nacionalna turisti?ka organizacija na internacionalnom sajmu turizma u Budimpe\u0161ti"}]},{"@type":"Person","@id":"https:\/\/www.visit-ulcinj.com\/blog\/#\/schema\/person\/dcab619c614d3038751c63bc2aadc06d","name":"ulqini","sameAs":["http:\/\/www.visit-ulcinj.com"],"url":"https:\/\/www.visit-ulcinj.com\/blog\/author\/admin\/"}]}},"jetpack_featured_media_url":"","jetpack_sharing_enabled":true,"jetpack_shortlink":"https:\/\/wp.me\/pe6lTn-82O","_links":{"self":[{"href":"https:\/\/www.visit-ulcinj.com\/blog\/wp-json\/wp\/v2\/posts\/30926"}],"collection":[{"href":"https:\/\/www.visit-ulcinj.com\/blog\/wp-json\/wp\/v2\/posts"}],"about":[{"href":"https:\/\/www.visit-ulcinj.com\/blog\/wp-json\/wp\/v2\/types\/post"}],"author":[{"embeddable":true,"href":"https:\/\/www.visit-ulcinj.com\/blog\/wp-json\/wp\/v2\/users\/1"}],"replies":[{"embeddable":true,"href":"https:\/\/www.visit-ulcinj.com\/blog\/wp-json\/wp\/v2\/comments?post=30926"}],"version-history":[{"count":0,"href":"https:\/\/www.visit-ulcinj.com\/blog\/wp-json\/wp\/v2\/posts\/30926\/revisions"}],"wp:attachment":[{"href":"https:\/\/www.visit-ulcinj.com\/blog\/wp-json\/wp\/v2\/media?parent=30926"}],"wp:term":[{"taxonomy":"category","embeddable":true,"href":"https:\/\/www.visit-ulcinj.com\/blog\/wp-json\/wp\/v2\/categories?post=30926"},{"taxonomy":"post_tag","embeddable":true,"href":"https:\/\/www.visit-ulcinj.com\/blog\/wp-json\/wp\/v2\/tags?post=30926"}],"curies":[{"name":"wp","href":"https:\/\/api.w.org\/{rel}","templated":true}]}}