{"id":30944,"date":"2010-03-08T00:55:19","date_gmt":"2010-03-07T22:55:19","guid":{"rendered":"http:\/\/www.visit-ulcinj.com\/blog\/?p=30944"},"modified":"2010-03-11T23:26:19","modified_gmt":"2010-03-11T21:26:19","slug":"shqiperi-mali-i-zi-bashkepunime-per-turizmin-dhe-kulturen","status":"publish","type":"post","link":"https:\/\/www.visit-ulcinj.com\/blog\/2010\/03\/08\/shqiperi-mali-i-zi-bashkepunime-per-turizmin-dhe-kulturen\/","title":{"rendered":"Shqip\u00ebri-Mali i Zi, bashk\u00ebpunime p\u00ebr turizmin dhe kultur\u00ebn &#8211; Video"},"content":{"rendered":"<p style=\"text-align: justify;\"><a href=\"http:\/\/www.visit-ulcinj.com\/blog\/wp-content\/uploads\/2010\/03\/Predrag-Nenezic_Ferdinand-Xhaferraj.jpg\"><img loading=\"lazy\" class=\"alignleft size-full wp-image-30945\" title=\"Predrag Nenezic_Ferdinand Xhaferraj\" src=\"http:\/\/www.visit-ulcinj.com\/blog\/wp-content\/uploads\/2010\/03\/Predrag-Nenezic_Ferdinand-Xhaferraj.jpg\" alt=\"Predrag Nenezic_Ferdinand Xhaferraj\" width=\"580\" height=\"400\" \/><\/a>Ministri i Turizmit, Kultur\u00ebs, Rinis\u00eb dhe Sporteve z. Ferdinand  Xhaferraj b\u00ebri nj\u00eb vizit\u00eb n\u00eb Republik\u00ebn e Malit t\u00eb Zi ku ishte i ftuar  nga dy homolog\u00ebt e tij Ministri i Turizmit z. Predrag Nenezic dhe  Ministri i Kultur\u00ebs, Sporteve dhe Mediave z. Branislav Micunovic.  Q\u00ebllimi i takimit me Ministrin e Turizmit t\u00eb Malit t\u00eb Zi, ishte  kryesisht prezantimi i nj\u00eb projekt draft marr\u00ebveshjeje me q\u00ebllimin  institucionalizimin e ideve t\u00eb p\u00ebrbashk\u00ebta n\u00eb sh\u00ebrbim t\u00eb shk\u00ebmbimit t\u00eb  p\u00ebrvojave t\u00eb nd\u00ebrsjellta dhe insifikimin e bashk\u00ebpunimit p\u00ebr sa i  p\u00ebrket zhvillimit t\u00eb turizmit midis dy vendeve. N\u00eb takimin q\u00eb u  zhvillua dit\u00ebn e premte, Ministri i Turizmit t\u00eb Republik\u00ebs s\u00eb Malit t\u00eb  Zi, pasi i uroi mir\u00ebseardhjen ministrit Xhaferraj, prezantoi zhvillimin e  turizmit n\u00eb Malin e Zi duke sjell\u00eb shembuj nga transformimet e dukshme  q\u00eb ka p\u00ebsuar ky sektor n\u00eb k\u00ebt\u00eb vend, q\u00eb nga thithjet e investitor\u00ebve,  kategorizimi i hoteleve dhe p\u00ebrafrimi i tyre drejt standardeve me t\u00eb  cilat operojn\u00eb sot vendet m\u00eb t\u00eb zhvilluara t\u00eb Evrop\u00ebs. Ai theksoi  r\u00ebnd\u00ebsin\u00eb q\u00eb z\u00eb infrastruktura n\u00eb zhvillimin e turizmit si dhe kultura e  nj\u00eb vendi. Gjithashtu vuri n\u00eb dukje bukurin\u00eb e bregdetit shqiptar, si  edhe t\u00eb natyr\u00ebs, duke theksuar se potenciali dhe resurset q\u00eb mbart  Shqip\u00ebria jan\u00eb shum\u00eb t\u00eb m\u00ebdha. P\u00ebrve\u00e7 k\u00ebsaj, ajo q\u00eb ne kemi t\u00eb  p\u00ebrbashk\u00ebt, theksoi ai, \u00ebsht\u00eb se Budva, Kotorri, Butrinti jan\u00eb  trash\u00ebgimi kulturore n\u00eb mbrojtjen e UNESCO, prandaj mund t\u00eb p\u00ebrdoren p\u00ebr  t\u00eb synuar n\u00eb thithjen e tregut turistik nga Japonia, Amerika dhe  Kanadaja. N\u00eb fjal\u00ebn e tij, ministri Xhaferraj, fal\u00ebnderoi homologun p\u00ebr  ftes\u00ebn dhe nd\u00ebr t\u00eb tjera i shprehu gatishm\u00ebrin\u00eb p\u00ebr nj\u00eb bashk\u00ebpunim t\u00eb  ngusht\u00eb me Ministrin\u00eb e Turizmit t\u00eb Malit t\u00eb Zi, duke vler\u00ebsuar  eksperienc\u00ebn dhe tradit\u00ebn q\u00eb ky vend ka n\u00eb fush\u00ebn e turizmit. Ministri  Xhaferraj, b\u00ebri nj\u00eb pasqyrim t\u00eb holl\u00ebsish\u00ebm t\u00eb zhvillimit t\u00eb  deritanish\u00ebm t\u00eb turizmit n\u00eb Shqip\u00ebri, duke theksuar se tashm\u00eb kemi  krijuar nj\u00eb q\u00ebndrueshm\u00ebri t\u00eb tregut turistik. Qeveria jon\u00eb, theksoi ai  ka nd\u00ebrhyr\u00eb n\u00eb krijimin e kushteve t\u00eb favorshme n\u00eb infrastruktur\u00eb, t\u00eb  cilat i sh\u00ebrbejn\u00eb turizmit, duke p\u00ebrmendur k\u00ebshtu investimet n\u00eb Gjirin e  Lalzit, por duke qen\u00eb bashk\u00ebpunues me vendin tuaj do t\u00eb jemi me  efektive p\u00ebr konsumator\u00ebt turistik dhe n\u00eb thithjen e tregjeve t\u00eb huaja,  duke u b\u00ebr\u00eb me komplimentare dhe jokonkurrues, nj\u00eb mesazh ky i cili u  p\u00ebrkrah dhe nga ministri malazez.<br \/>\n<a href=\"http:\/\/www.visit-ulcinj.com\/blog\/wp-content\/uploads\/2010\/03\/Predrag-Nenezic_Ferdinand-Xhaferraj.2.jpg\"><img loading=\"lazy\" class=\"alignleft size-medium wp-image-30946\" title=\"Predrag Nenezic_Ferdinand Xhaferraj.2\" src=\"http:\/\/www.visit-ulcinj.com\/blog\/wp-content\/uploads\/2010\/03\/Predrag-Nenezic_Ferdinand-Xhaferraj.2-300x219.jpg\" alt=\"Predrag Nenezic_Ferdinand Xhaferraj.2\" width=\"300\" height=\"219\" srcset=\"https:\/\/www.visit-ulcinj.com\/blog\/wp-content\/uploads\/2010\/03\/Predrag-Nenezic_Ferdinand-Xhaferraj.2-300x219.jpg 300w, https:\/\/www.visit-ulcinj.com\/blog\/wp-content\/uploads\/2010\/03\/Predrag-Nenezic_Ferdinand-Xhaferraj.2.jpg 640w\" sizes=\"(max-width: 300px) 100vw, 300px\" \/><\/a>Xhaferraj i k\u00ebrkoi homologut,  mb\u00ebshtetjen p\u00ebr asistenc\u00eb juridike n\u00eb fush\u00ebn e legjislacionit n\u00eb  turiz\u00ebm, eksperiencat dhe modelet q\u00eb ata kan\u00eb ndjekur n\u00eb klasifikimin e  hoteleve, realizimin e programeve t\u00eb p\u00ebrbashk\u00ebta n\u00eb promocion, me q\u00ebllim  p\u00ebr ta b\u00ebr\u00eb me atraktive ofert\u00ebn turistike. Po ashtu, u ndan\u00eb mendime  t\u00eb p\u00ebrbashk\u00ebta p\u00ebr organizimin e tureve me krocera, midis dy brigjeve,  dhe dy kulturave. T\u00eb dy homologet ndan\u00eb t\u00eb nj\u00ebjtin mendim se mb\u00ebshtetja  nga krer\u00ebt e qeverive respektive p\u00ebr t\u00eb nxitur k\u00ebt\u00eb bashk\u00ebpunim \u00ebsht\u00eb  mjaft e dukshme dhe premtuese p\u00ebr te ardhmen e turizmit t\u00eb dy  vendeve.<\/p>\n<p style=\"text-align: justify;\"><strong>Gazeta Sot<br \/>\nVIDEO TV IN<br \/>\n<\/strong>[flv width=&#8221;580&#8243;height=&#8221;400&#8243;]http:\/\/www.rtvin.me\/flv\/05_03_post_turizam.flv[\/flv]<\/p>\n","protected":false},"excerpt":{"rendered":"<p>Ministri i Turizmit, Kultur\u00ebs, Rinis\u00eb dhe Sporteve z. Ferdinand Xhaferraj b\u00ebri nj\u00eb vizit\u00eb n\u00eb Republik\u00ebn e Malit t\u00eb Zi ku ishte i ftuar nga dy homolog\u00ebt e tij Ministri i Turizmit z. Predrag Nenezic dhe Ministri i Kultur\u00ebs, Sporteve dhe Mediave z. Branislav Micunovic. Q\u00ebllimi i takimit me Ministrin e Turizmit t\u00eb Malit t\u00eb Zi, [&hellip;]<\/p>\n","protected":false},"author":1,"featured_media":0,"comment_status":"open","ping_status":"closed","sticky":false,"template":"","format":"standard","meta":{"spay_email":"","jetpack_publicize_message":"","jetpack_is_tweetstorm":false,"jetpack_publicize_feature_enabled":true},"categories":[6],"tags":[13751,95,2448],"jetpack_publicize_connections":[],"yoast_head":"<!-- This site is optimized with the Yoast SEO plugin v19.1 - https:\/\/yoast.com\/wordpress\/plugins\/seo\/ -->\n<title>Shqip\u00ebri-Mali i Zi, bashk\u00ebpunime p\u00ebr turizmin dhe kultur\u00ebn - Video - Lajme nga Ulqini<\/title>\n<meta name=\"description\" content=\"Ministri i Turizmit, Kultur\u00ebs, Rinis\u00eb dhe Sporteve z. Ferdinand Xhaferraj b\u00ebri nj\u00eb vizit\u00eb n\u00eb Republik\u00ebn e Malit t\u00eb Zi ku ishte i ftuar nga dy homolog\u00ebt e\" \/>\n<meta name=\"robots\" content=\"index, follow, max-snippet:-1, max-image-preview:large, max-video-preview:-1\" \/>\n<link rel=\"canonical\" href=\"https:\/\/www.visit-ulcinj.com\/blog\/2010\/03\/08\/shqiperi-mali-i-zi-bashkepunime-per-turizmin-dhe-kulturen\/\" \/>\n<meta property=\"og:locale\" content=\"en_US\" \/>\n<meta property=\"og:type\" content=\"article\" \/>\n<meta property=\"og:title\" content=\"Shqip\u00ebri-Mali i Zi, bashk\u00ebpunime p\u00ebr turizmin dhe kultur\u00ebn - Video - Lajme nga Ulqini\" \/>\n<meta property=\"og:description\" content=\"Ministri i Turizmit, Kultur\u00ebs, Rinis\u00eb dhe Sporteve z. Ferdinand Xhaferraj b\u00ebri nj\u00eb vizit\u00eb n\u00eb Republik\u00ebn e Malit t\u00eb Zi ku ishte i ftuar nga dy homolog\u00ebt e\" \/>\n<meta property=\"og:url\" content=\"https:\/\/www.visit-ulcinj.com\/blog\/2010\/03\/08\/shqiperi-mali-i-zi-bashkepunime-per-turizmin-dhe-kulturen\/\" \/>\n<meta property=\"og:site_name\" content=\"Lajme nga Ulqini\" \/>\n<meta property=\"article:published_time\" content=\"2010-03-07T22:55:19+00:00\" \/>\n<meta property=\"article:modified_time\" content=\"2010-03-11T21:26:19+00:00\" \/>\n<meta property=\"og:image\" content=\"http:\/\/www.visit-ulcinj.com\/blog\/wp-content\/uploads\/2010\/03\/Predrag-Nenezic_Ferdinand-Xhaferraj.jpg\" \/>\n<meta name=\"twitter:label1\" content=\"Written by\" \/>\n\t<meta name=\"twitter:data1\" content=\"ulqini\" \/>\n\t<meta name=\"twitter:label2\" content=\"Est. reading time\" \/>\n\t<meta name=\"twitter:data2\" content=\"3 minutes\" \/>\n<script type=\"application\/ld+json\" class=\"yoast-schema-graph\">{\"@context\":\"https:\/\/schema.org\",\"@graph\":[{\"@type\":\"WebSite\",\"@id\":\"https:\/\/www.visit-ulcinj.com\/blog\/#website\",\"url\":\"https:\/\/www.visit-ulcinj.com\/blog\/\",\"name\":\"Lajme nga Ulqini\",\"description\":\"Lajme,Vijesti,Ulqini,Ulqin,Crna Gora,Mali i Zi\",\"potentialAction\":[{\"@type\":\"SearchAction\",\"target\":{\"@type\":\"EntryPoint\",\"urlTemplate\":\"https:\/\/www.visit-ulcinj.com\/blog\/?s={search_term_string}\"},\"query-input\":\"required name=search_term_string\"}],\"inLanguage\":\"en-US\"},{\"@type\":\"ImageObject\",\"inLanguage\":\"en-US\",\"@id\":\"https:\/\/www.visit-ulcinj.com\/blog\/2010\/03\/08\/shqiperi-mali-i-zi-bashkepunime-per-turizmin-dhe-kulturen\/#primaryimage\",\"url\":\"https:\/\/www.visit-ulcinj.com\/blog\/wp-content\/uploads\/2010\/03\/Predrag-Nenezic_Ferdinand-Xhaferraj.jpg\",\"contentUrl\":\"https:\/\/www.visit-ulcinj.com\/blog\/wp-content\/uploads\/2010\/03\/Predrag-Nenezic_Ferdinand-Xhaferraj.jpg\",\"width\":\"640\",\"height\":\"478\"},{\"@type\":\"WebPage\",\"@id\":\"https:\/\/www.visit-ulcinj.com\/blog\/2010\/03\/08\/shqiperi-mali-i-zi-bashkepunime-per-turizmin-dhe-kulturen\/#webpage\",\"url\":\"https:\/\/www.visit-ulcinj.com\/blog\/2010\/03\/08\/shqiperi-mali-i-zi-bashkepunime-per-turizmin-dhe-kulturen\/\",\"name\":\"Shqip\u00ebri-Mali i Zi, bashk\u00ebpunime p\u00ebr turizmin dhe kultur\u00ebn - Video - Lajme nga Ulqini\",\"isPartOf\":{\"@id\":\"https:\/\/www.visit-ulcinj.com\/blog\/#website\"},\"primaryImageOfPage\":{\"@id\":\"https:\/\/www.visit-ulcinj.com\/blog\/2010\/03\/08\/shqiperi-mali-i-zi-bashkepunime-per-turizmin-dhe-kulturen\/#primaryimage\"},\"datePublished\":\"2010-03-07T22:55:19+00:00\",\"dateModified\":\"2010-03-11T21:26:19+00:00\",\"author\":{\"@id\":\"https:\/\/www.visit-ulcinj.com\/blog\/#\/schema\/person\/dcab619c614d3038751c63bc2aadc06d\"},\"description\":\"Ministri i Turizmit, Kultur\u00ebs, Rinis\u00eb dhe Sporteve z. Ferdinand Xhaferraj b\u00ebri nj\u00eb vizit\u00eb n\u00eb Republik\u00ebn e Malit t\u00eb Zi ku ishte i ftuar nga dy homolog\u00ebt e\",\"breadcrumb\":{\"@id\":\"https:\/\/www.visit-ulcinj.com\/blog\/2010\/03\/08\/shqiperi-mali-i-zi-bashkepunime-per-turizmin-dhe-kulturen\/#breadcrumb\"},\"inLanguage\":\"en-US\",\"potentialAction\":[{\"@type\":\"ReadAction\",\"target\":[\"https:\/\/www.visit-ulcinj.com\/blog\/2010\/03\/08\/shqiperi-mali-i-zi-bashkepunime-per-turizmin-dhe-kulturen\/\"]}]},{\"@type\":\"BreadcrumbList\",\"@id\":\"https:\/\/www.visit-ulcinj.com\/blog\/2010\/03\/08\/shqiperi-mali-i-zi-bashkepunime-per-turizmin-dhe-kulturen\/#breadcrumb\",\"itemListElement\":[{\"@type\":\"ListItem\",\"position\":1,\"name\":\"Shqip\u00ebri-Mali i Zi, bashk\u00ebpunime p\u00ebr turizmin dhe kultur\u00ebn &#8211; Video\"}]},{\"@type\":\"Person\",\"@id\":\"https:\/\/www.visit-ulcinj.com\/blog\/#\/schema\/person\/dcab619c614d3038751c63bc2aadc06d\",\"name\":\"ulqini\",\"sameAs\":[\"http:\/\/www.visit-ulcinj.com\"],\"url\":\"https:\/\/www.visit-ulcinj.com\/blog\/author\/admin\/\"}]}<\/script>\n<!-- \/ Yoast SEO plugin. -->","yoast_head_json":{"title":"Shqip\u00ebri-Mali i Zi, bashk\u00ebpunime p\u00ebr turizmin dhe kultur\u00ebn - Video - Lajme nga Ulqini","description":"Ministri i Turizmit, Kultur\u00ebs, Rinis\u00eb dhe Sporteve z. Ferdinand Xhaferraj b\u00ebri nj\u00eb vizit\u00eb n\u00eb Republik\u00ebn e Malit t\u00eb Zi ku ishte i ftuar nga dy homolog\u00ebt e","robots":{"index":"index","follow":"follow","max-snippet":"max-snippet:-1","max-image-preview":"max-image-preview:large","max-video-preview":"max-video-preview:-1"},"canonical":"https:\/\/www.visit-ulcinj.com\/blog\/2010\/03\/08\/shqiperi-mali-i-zi-bashkepunime-per-turizmin-dhe-kulturen\/","og_locale":"en_US","og_type":"article","og_title":"Shqip\u00ebri-Mali i Zi, bashk\u00ebpunime p\u00ebr turizmin dhe kultur\u00ebn - Video - Lajme nga Ulqini","og_description":"Ministri i Turizmit, Kultur\u00ebs, Rinis\u00eb dhe Sporteve z. Ferdinand Xhaferraj b\u00ebri nj\u00eb vizit\u00eb n\u00eb Republik\u00ebn e Malit t\u00eb Zi ku ishte i ftuar nga dy homolog\u00ebt e","og_url":"https:\/\/www.visit-ulcinj.com\/blog\/2010\/03\/08\/shqiperi-mali-i-zi-bashkepunime-per-turizmin-dhe-kulturen\/","og_site_name":"Lajme nga Ulqini","article_published_time":"2010-03-07T22:55:19+00:00","article_modified_time":"2010-03-11T21:26:19+00:00","og_image":[{"url":"http:\/\/www.visit-ulcinj.com\/blog\/wp-content\/uploads\/2010\/03\/Predrag-Nenezic_Ferdinand-Xhaferraj.jpg"}],"twitter_misc":{"Written by":"ulqini","Est. reading time":"3 minutes"},"schema":{"@context":"https:\/\/schema.org","@graph":[{"@type":"WebSite","@id":"https:\/\/www.visit-ulcinj.com\/blog\/#website","url":"https:\/\/www.visit-ulcinj.com\/blog\/","name":"Lajme nga Ulqini","description":"Lajme,Vijesti,Ulqini,Ulqin,Crna Gora,Mali i Zi","potentialAction":[{"@type":"SearchAction","target":{"@type":"EntryPoint","urlTemplate":"https:\/\/www.visit-ulcinj.com\/blog\/?s={search_term_string}"},"query-input":"required name=search_term_string"}],"inLanguage":"en-US"},{"@type":"ImageObject","inLanguage":"en-US","@id":"https:\/\/www.visit-ulcinj.com\/blog\/2010\/03\/08\/shqiperi-mali-i-zi-bashkepunime-per-turizmin-dhe-kulturen\/#primaryimage","url":"https:\/\/www.visit-ulcinj.com\/blog\/wp-content\/uploads\/2010\/03\/Predrag-Nenezic_Ferdinand-Xhaferraj.jpg","contentUrl":"https:\/\/www.visit-ulcinj.com\/blog\/wp-content\/uploads\/2010\/03\/Predrag-Nenezic_Ferdinand-Xhaferraj.jpg","width":"640","height":"478"},{"@type":"WebPage","@id":"https:\/\/www.visit-ulcinj.com\/blog\/2010\/03\/08\/shqiperi-mali-i-zi-bashkepunime-per-turizmin-dhe-kulturen\/#webpage","url":"https:\/\/www.visit-ulcinj.com\/blog\/2010\/03\/08\/shqiperi-mali-i-zi-bashkepunime-per-turizmin-dhe-kulturen\/","name":"Shqip\u00ebri-Mali i Zi, bashk\u00ebpunime p\u00ebr turizmin dhe kultur\u00ebn - Video - Lajme nga Ulqini","isPartOf":{"@id":"https:\/\/www.visit-ulcinj.com\/blog\/#website"},"primaryImageOfPage":{"@id":"https:\/\/www.visit-ulcinj.com\/blog\/2010\/03\/08\/shqiperi-mali-i-zi-bashkepunime-per-turizmin-dhe-kulturen\/#primaryimage"},"datePublished":"2010-03-07T22:55:19+00:00","dateModified":"2010-03-11T21:26:19+00:00","author":{"@id":"https:\/\/www.visit-ulcinj.com\/blog\/#\/schema\/person\/dcab619c614d3038751c63bc2aadc06d"},"description":"Ministri i Turizmit, Kultur\u00ebs, Rinis\u00eb dhe Sporteve z. Ferdinand Xhaferraj b\u00ebri nj\u00eb vizit\u00eb n\u00eb Republik\u00ebn e Malit t\u00eb Zi ku ishte i ftuar nga dy homolog\u00ebt e","breadcrumb":{"@id":"https:\/\/www.visit-ulcinj.com\/blog\/2010\/03\/08\/shqiperi-mali-i-zi-bashkepunime-per-turizmin-dhe-kulturen\/#breadcrumb"},"inLanguage":"en-US","potentialAction":[{"@type":"ReadAction","target":["https:\/\/www.visit-ulcinj.com\/blog\/2010\/03\/08\/shqiperi-mali-i-zi-bashkepunime-per-turizmin-dhe-kulturen\/"]}]},{"@type":"BreadcrumbList","@id":"https:\/\/www.visit-ulcinj.com\/blog\/2010\/03\/08\/shqiperi-mali-i-zi-bashkepunime-per-turizmin-dhe-kulturen\/#breadcrumb","itemListElement":[{"@type":"ListItem","position":1,"name":"Shqip\u00ebri-Mali i Zi, bashk\u00ebpunime p\u00ebr turizmin dhe kultur\u00ebn &#8211; Video"}]},{"@type":"Person","@id":"https:\/\/www.visit-ulcinj.com\/blog\/#\/schema\/person\/dcab619c614d3038751c63bc2aadc06d","name":"ulqini","sameAs":["http:\/\/www.visit-ulcinj.com"],"url":"https:\/\/www.visit-ulcinj.com\/blog\/author\/admin\/"}]}},"jetpack_featured_media_url":"","jetpack_sharing_enabled":true,"jetpack_shortlink":"https:\/\/wp.me\/pe6lTn-836","_links":{"self":[{"href":"https:\/\/www.visit-ulcinj.com\/blog\/wp-json\/wp\/v2\/posts\/30944"}],"collection":[{"href":"https:\/\/www.visit-ulcinj.com\/blog\/wp-json\/wp\/v2\/posts"}],"about":[{"href":"https:\/\/www.visit-ulcinj.com\/blog\/wp-json\/wp\/v2\/types\/post"}],"author":[{"embeddable":true,"href":"https:\/\/www.visit-ulcinj.com\/blog\/wp-json\/wp\/v2\/users\/1"}],"replies":[{"embeddable":true,"href":"https:\/\/www.visit-ulcinj.com\/blog\/wp-json\/wp\/v2\/comments?post=30944"}],"version-history":[{"count":0,"href":"https:\/\/www.visit-ulcinj.com\/blog\/wp-json\/wp\/v2\/posts\/30944\/revisions"}],"wp:attachment":[{"href":"https:\/\/www.visit-ulcinj.com\/blog\/wp-json\/wp\/v2\/media?parent=30944"}],"wp:term":[{"taxonomy":"category","embeddable":true,"href":"https:\/\/www.visit-ulcinj.com\/blog\/wp-json\/wp\/v2\/categories?post=30944"},{"taxonomy":"post_tag","embeddable":true,"href":"https:\/\/www.visit-ulcinj.com\/blog\/wp-json\/wp\/v2\/tags?post=30944"}],"curies":[{"name":"wp","href":"https:\/\/api.w.org\/{rel}","templated":true}]}}