{"id":30952,"date":"2010-03-08T01:52:11","date_gmt":"2010-03-07T23:52:11","guid":{"rendered":"http:\/\/www.visit-ulcinj.com\/blog\/?p=30952"},"modified":"2010-03-18T01:35:37","modified_gmt":"2010-03-17T23:35:37","slug":"ne-hotelin-%e2%80%9cmediteran%e2%80%9d-forca-organizoi-8-marsin","status":"publish","type":"post","link":"https:\/\/www.visit-ulcinj.com\/blog\/2010\/03\/08\/ne-hotelin-%e2%80%9cmediteran%e2%80%9d-forca-organizoi-8-marsin\/","title":{"rendered":"N\u00eb Hotelin \u201cMediteran\u201d Forca organizoi 8 Marsin &#8211; Video"},"content":{"rendered":"<p><a href=\"http:\/\/www.visit-ulcinj.com\/blog\/wp-content\/uploads\/2010\/03\/Forca-organizoi-8-Marsin-2010.jpg\"><img loading=\"lazy\" class=\"alignleft size-full wp-image-30953\" title=\"Forca organizoi 8 Marsin 2010\" src=\"http:\/\/www.visit-ulcinj.com\/blog\/wp-content\/uploads\/2010\/03\/Forca-organizoi-8-Marsin-2010.jpg\" alt=\"Forca organizoi 8 Marsin 2010\" width=\"580\" height=\"400\" \/><\/a>Mbr\u00ebm\u00eb n\u00eb Hotelin \u201cMediteran\u201d Forca organizoi 8 Marsin. N\u00eb  k\u00ebt\u00eb takim tashm\u00eb tradicional morr\u00ebn pjes\u00eb nj\u00eb num\u00ebr i madh\u00eb i  qytetareve, pjes\u00ebtar\u00ebve t\u00eb jet\u00ebs publike t\u00eb Ulqinit.<br \/>\nT\u00eb pranishm\u00ebve n\u00eb em\u00ebr t\u00eb Forc\u00ebs Rinore t\u00eb rinjve u drejtua Iliriana  Sula\u00a0 n\u00eb em\u00ebr t\u00eb grave k\u00ebshilltarja e Forc\u00ebs ne  Kuvendin e Komun\u00ebs s\u00eb ulqinit Ilmira Lika dhe m\u00eb n\u00eb fund kryetari i  Forc\u00ebs Nazif Cungu.<br \/>\nKurse si kangetar i arg\u00ebtoj\u00eb Gjovani.<br \/>\n\n\t\t<style type=\"text\/css\">\n\t\t\t#gallery-1 {\n\t\t\t\tmargin: auto;\n\t\t\t}\n\t\t\t#gallery-1 .gallery-item {\n\t\t\t\tfloat: left;\n\t\t\t\tmargin-top: 10px;\n\t\t\t\ttext-align: center;\n\t\t\t\twidth: 33%;\n\t\t\t}\n\t\t\t#gallery-1 img {\n\t\t\t\tborder: 2px solid #cfcfcf;\n\t\t\t}\n\t\t\t#gallery-1 .gallery-caption {\n\t\t\t\tmargin-left: 0;\n\t\t\t}\n\t\t\t\/* see gallery_shortcode() in wp-includes\/media.php *\/\n\t\t<\/style>\n\t\t<div id='gallery-1' class='gallery galleryid-30952 gallery-columns-3 gallery-size-thumbnail'><dl class='gallery-item'>\n\t\t\t<dt class='gallery-icon landscape'>\n\t\t\t\t<a href='https:\/\/www.visit-ulcinj.com\/blog\/wp-content\/uploads\/2010\/03\/Forca-organizoi-8-Marsin-2010.jpg'><img width=\"150\" height=\"150\" src=\"https:\/\/www.visit-ulcinj.com\/blog\/wp-content\/uploads\/2010\/03\/Forca-organizoi-8-Marsin-2010-150x150.jpg\" class=\"attachment-thumbnail size-thumbnail\" alt=\"\" loading=\"lazy\" \/><\/a>\n\t\t\t<\/dt><\/dl><dl class='gallery-item'>\n\t\t\t<dt class='gallery-icon landscape'>\n\t\t\t\t<a href='https:\/\/www.visit-ulcinj.com\/blog\/wp-content\/uploads\/2010\/03\/Forca-organizoi-8-Marsin-2010.1.jpg'><img width=\"150\" height=\"150\" src=\"https:\/\/www.visit-ulcinj.com\/blog\/wp-content\/uploads\/2010\/03\/Forca-organizoi-8-Marsin-2010.1-150x150.jpg\" class=\"attachment-thumbnail size-thumbnail\" alt=\"\" loading=\"lazy\" \/><\/a>\n\t\t\t<\/dt><\/dl><dl class='gallery-item'>\n\t\t\t<dt class='gallery-icon landscape'>\n\t\t\t\t<a href='https:\/\/www.visit-ulcinj.com\/blog\/wp-content\/uploads\/2010\/03\/Forca-organizoi-8-Marsin-2010.2.jpg'><img width=\"150\" height=\"150\" src=\"https:\/\/www.visit-ulcinj.com\/blog\/wp-content\/uploads\/2010\/03\/Forca-organizoi-8-Marsin-2010.2-150x150.jpg\" class=\"attachment-thumbnail size-thumbnail\" alt=\"\" loading=\"lazy\" \/><\/a>\n\t\t\t<\/dt><\/dl><br style=\"clear: both\" \/><dl class='gallery-item'>\n\t\t\t<dt class='gallery-icon landscape'>\n\t\t\t\t<a href='https:\/\/www.visit-ulcinj.com\/blog\/wp-content\/uploads\/2010\/03\/Forca-organizoi-8-Marsin-2010.3.jpg'><img width=\"150\" height=\"150\" src=\"https:\/\/www.visit-ulcinj.com\/blog\/wp-content\/uploads\/2010\/03\/Forca-organizoi-8-Marsin-2010.3-150x150.jpg\" class=\"attachment-thumbnail size-thumbnail\" alt=\"\" loading=\"lazy\" \/><\/a>\n\t\t\t<\/dt><\/dl><dl class='gallery-item'>\n\t\t\t<dt class='gallery-icon landscape'>\n\t\t\t\t<a href='https:\/\/www.visit-ulcinj.com\/blog\/wp-content\/uploads\/2010\/03\/Forca-organizoi-8-Marsin-2010.4.jpg'><img width=\"150\" height=\"150\" src=\"https:\/\/www.visit-ulcinj.com\/blog\/wp-content\/uploads\/2010\/03\/Forca-organizoi-8-Marsin-2010.4-150x150.jpg\" class=\"attachment-thumbnail size-thumbnail\" alt=\"\" loading=\"lazy\" \/><\/a>\n\t\t\t<\/dt><\/dl><dl class='gallery-item'>\n\t\t\t<dt class='gallery-icon landscape'>\n\t\t\t\t<a href='https:\/\/www.visit-ulcinj.com\/blog\/wp-content\/uploads\/2010\/03\/Forca-organizoi-8-Marsin-2010.5.jpg'><img width=\"150\" height=\"150\" src=\"https:\/\/www.visit-ulcinj.com\/blog\/wp-content\/uploads\/2010\/03\/Forca-organizoi-8-Marsin-2010.5-150x150.jpg\" class=\"attachment-thumbnail size-thumbnail\" alt=\"\" loading=\"lazy\" \/><\/a>\n\t\t\t<\/dt><\/dl><br style=\"clear: both\" \/><dl class='gallery-item'>\n\t\t\t<dt class='gallery-icon landscape'>\n\t\t\t\t<a href='https:\/\/www.visit-ulcinj.com\/blog\/wp-content\/uploads\/2010\/03\/Forca-organizoi-8-Marsin-2010.6.jpg'><img width=\"150\" height=\"150\" src=\"https:\/\/www.visit-ulcinj.com\/blog\/wp-content\/uploads\/2010\/03\/Forca-organizoi-8-Marsin-2010.6-150x150.jpg\" class=\"attachment-thumbnail size-thumbnail\" alt=\"\" loading=\"lazy\" \/><\/a>\n\t\t\t<\/dt><\/dl><dl class='gallery-item'>\n\t\t\t<dt class='gallery-icon landscape'>\n\t\t\t\t<a href='https:\/\/www.visit-ulcinj.com\/blog\/wp-content\/uploads\/2010\/03\/Forca-organizoi-8-Marsin-2010.7.jpg'><img width=\"150\" height=\"150\" src=\"https:\/\/www.visit-ulcinj.com\/blog\/wp-content\/uploads\/2010\/03\/Forca-organizoi-8-Marsin-2010.7-150x150.jpg\" class=\"attachment-thumbnail size-thumbnail\" alt=\"\" loading=\"lazy\" \/><\/a>\n\t\t\t<\/dt><\/dl><dl class='gallery-item'>\n\t\t\t<dt class='gallery-icon landscape'>\n\t\t\t\t<a href='https:\/\/www.visit-ulcinj.com\/blog\/wp-content\/uploads\/2010\/03\/Forca-organizoi-8-Marsin-2010.9.jpg'><img width=\"150\" height=\"150\" src=\"https:\/\/www.visit-ulcinj.com\/blog\/wp-content\/uploads\/2010\/03\/Forca-organizoi-8-Marsin-2010.9-150x150.jpg\" class=\"attachment-thumbnail size-thumbnail\" alt=\"\" loading=\"lazy\" \/><\/a>\n\t\t\t<\/dt><\/dl><br style=\"clear: both\" \/><dl class='gallery-item'>\n\t\t\t<dt class='gallery-icon landscape'>\n\t\t\t\t<a href='https:\/\/www.visit-ulcinj.com\/blog\/wp-content\/uploads\/2010\/03\/Forca-organizoi-8-Marsin-2010.10.jpg'><img width=\"150\" height=\"150\" src=\"https:\/\/www.visit-ulcinj.com\/blog\/wp-content\/uploads\/2010\/03\/Forca-organizoi-8-Marsin-2010.10-150x150.jpg\" class=\"attachment-thumbnail size-thumbnail\" alt=\"\" loading=\"lazy\" \/><\/a>\n\t\t\t<\/dt><\/dl><dl class='gallery-item'>\n\t\t\t<dt class='gallery-icon landscape'>\n\t\t\t\t<a href='https:\/\/www.visit-ulcinj.com\/blog\/wp-content\/uploads\/2010\/03\/Forca-organizoi-8-Marsin-2010.11.jpg'><img width=\"150\" height=\"150\" src=\"https:\/\/www.visit-ulcinj.com\/blog\/wp-content\/uploads\/2010\/03\/Forca-organizoi-8-Marsin-2010.11-150x150.jpg\" class=\"attachment-thumbnail size-thumbnail\" alt=\"\" loading=\"lazy\" \/><\/a>\n\t\t\t<\/dt><\/dl><dl class='gallery-item'>\n\t\t\t<dt class='gallery-icon landscape'>\n\t\t\t\t<a href='https:\/\/www.visit-ulcinj.com\/blog\/wp-content\/uploads\/2010\/03\/Forca-organizoi-8-Marsin-2010.12.jpg'><img width=\"150\" height=\"150\" src=\"https:\/\/www.visit-ulcinj.com\/blog\/wp-content\/uploads\/2010\/03\/Forca-organizoi-8-Marsin-2010.12-150x150.jpg\" class=\"attachment-thumbnail size-thumbnail\" alt=\"\" loading=\"lazy\" \/><\/a>\n\t\t\t<\/dt><\/dl><br style=\"clear: both\" \/><dl class='gallery-item'>\n\t\t\t<dt class='gallery-icon landscape'>\n\t\t\t\t<a href='https:\/\/www.visit-ulcinj.com\/blog\/wp-content\/uploads\/2010\/03\/Forca-organizoi-8-Marsin-2010.13.jpg'><img width=\"150\" height=\"150\" src=\"https:\/\/www.visit-ulcinj.com\/blog\/wp-content\/uploads\/2010\/03\/Forca-organizoi-8-Marsin-2010.13-150x150.jpg\" class=\"attachment-thumbnail size-thumbnail\" alt=\"\" loading=\"lazy\" \/><\/a>\n\t\t\t<\/dt><\/dl><dl class='gallery-item'>\n\t\t\t<dt class='gallery-icon landscape'>\n\t\t\t\t<a href='https:\/\/www.visit-ulcinj.com\/blog\/wp-content\/uploads\/2010\/03\/Forca-organizoi-8-Marsin-2010.8.jpg'><img width=\"150\" height=\"150\" src=\"https:\/\/www.visit-ulcinj.com\/blog\/wp-content\/uploads\/2010\/03\/Forca-organizoi-8-Marsin-2010.8-150x150.jpg\" class=\"attachment-thumbnail size-thumbnail\" alt=\"\" loading=\"lazy\" \/><\/a>\n\t\t\t<\/dt><\/dl>\n\t\t\t<br style='clear: both' \/>\n\t\t<\/div>\n<br \/>\n<!--YouTube Error: bad URL entered--><\/p>\n","protected":false},"excerpt":{"rendered":"<p>Mbr\u00ebm\u00eb n\u00eb Hotelin \u201cMediteran\u201d Forca organizoi 8 Marsin. N\u00eb k\u00ebt\u00eb takim tashm\u00eb tradicional morr\u00ebn pjes\u00eb nj\u00eb num\u00ebr i madh\u00eb i qytetareve, pjes\u00ebtar\u00ebve t\u00eb jet\u00ebs publike t\u00eb Ulqinit. T\u00eb pranishm\u00ebve n\u00eb em\u00ebr t\u00eb Forc\u00ebs Rinore t\u00eb rinjve u drejtua Iliriana Sula\u00a0 n\u00eb em\u00ebr t\u00eb grave k\u00ebshilltarja e Forc\u00ebs ne Kuvendin e Komun\u00ebs s\u00eb ulqinit Ilmira Lika [&hellip;]<\/p>\n","protected":false},"author":1,"featured_media":0,"comment_status":"open","ping_status":"closed","sticky":false,"template":"","format":"standard","meta":{"spay_email":"","jetpack_publicize_message":"","jetpack_is_tweetstorm":false,"jetpack_publicize_feature_enabled":true},"categories":[6950,6],"tags":[6011,13754,13755,13756,118,13753],"jetpack_publicize_connections":[],"yoast_head":"<!-- This site is optimized with the Yoast SEO plugin v19.1 - https:\/\/yoast.com\/wordpress\/plugins\/seo\/ -->\n<title>N\u00eb Hotelin \u201cMediteran\u201d Forca organizoi 8 Marsin - Video - Lajme nga Ulqini<\/title>\n<meta name=\"description\" content=\"Mbr\u00ebm\u00eb n\u00eb Hotelin \u201cMediteran\u201d Forca organizoi 8 Marsin. N\u00eb k\u00ebt\u00eb takim tashm\u00eb tradicional morr\u00ebn pjes\u00eb nj\u00eb num\u00ebr i madh\u00eb i qytetareve, pjes\u00ebtar\u00ebve t\u00eb jet\u00ebs\" \/>\n<meta name=\"robots\" content=\"index, follow, max-snippet:-1, max-image-preview:large, max-video-preview:-1\" \/>\n<link rel=\"canonical\" href=\"https:\/\/www.visit-ulcinj.com\/blog\/2010\/03\/08\/ne-hotelin-\u201cmediteran\u201d-forca-organizoi-8-marsin\/\" \/>\n<meta property=\"og:locale\" content=\"en_US\" \/>\n<meta property=\"og:type\" content=\"article\" \/>\n<meta property=\"og:title\" content=\"N\u00eb Hotelin \u201cMediteran\u201d Forca organizoi 8 Marsin - Video - Lajme nga Ulqini\" \/>\n<meta property=\"og:description\" content=\"Mbr\u00ebm\u00eb n\u00eb Hotelin \u201cMediteran\u201d Forca organizoi 8 Marsin. N\u00eb k\u00ebt\u00eb takim tashm\u00eb tradicional morr\u00ebn pjes\u00eb nj\u00eb num\u00ebr i madh\u00eb i qytetareve, pjes\u00ebtar\u00ebve t\u00eb jet\u00ebs\" \/>\n<meta property=\"og:url\" content=\"https:\/\/www.visit-ulcinj.com\/blog\/2010\/03\/08\/ne-hotelin-\u201cmediteran\u201d-forca-organizoi-8-marsin\/\" \/>\n<meta property=\"og:site_name\" content=\"Lajme nga Ulqini\" \/>\n<meta property=\"article:published_time\" content=\"2010-03-07T23:52:11+00:00\" \/>\n<meta property=\"article:modified_time\" content=\"2010-03-17T23:35:37+00:00\" \/>\n<meta property=\"og:image\" content=\"https:\/\/www.visit-ulcinj.com\/blog\/wp-content\/uploads\/2010\/03\/Forca-organizoi-8-Marsin-2010-150x150.jpg\" \/>\n<meta name=\"twitter:label1\" content=\"Written by\" \/>\n\t<meta name=\"twitter:data1\" content=\"ulqini\" \/>\n\t<meta name=\"twitter:label2\" content=\"Est. reading time\" \/>\n\t<meta name=\"twitter:data2\" content=\"1 minute\" \/>\n<script type=\"application\/ld+json\" class=\"yoast-schema-graph\">{\"@context\":\"https:\/\/schema.org\",\"@graph\":[{\"@type\":\"WebSite\",\"@id\":\"https:\/\/www.visit-ulcinj.com\/blog\/#website\",\"url\":\"https:\/\/www.visit-ulcinj.com\/blog\/\",\"name\":\"Lajme nga Ulqini\",\"description\":\"Lajme,Vijesti,Ulqini,Ulqin,Crna Gora,Mali i Zi\",\"potentialAction\":[{\"@type\":\"SearchAction\",\"target\":{\"@type\":\"EntryPoint\",\"urlTemplate\":\"https:\/\/www.visit-ulcinj.com\/blog\/?s={search_term_string}\"},\"query-input\":\"required name=search_term_string\"}],\"inLanguage\":\"en-US\"},{\"@type\":\"ImageObject\",\"inLanguage\":\"en-US\",\"@id\":\"https:\/\/www.visit-ulcinj.com\/blog\/2010\/03\/08\/ne-hotelin-%e2%80%9cmediteran%e2%80%9d-forca-organizoi-8-marsin\/#primaryimage\",\"url\":\"https:\/\/www.visit-ulcinj.com\/blog\/wp-content\/uploads\/2010\/03\/Forca-organizoi-8-Marsin-2010.jpg\",\"contentUrl\":\"https:\/\/www.visit-ulcinj.com\/blog\/wp-content\/uploads\/2010\/03\/Forca-organizoi-8-Marsin-2010.jpg\",\"width\":\"720\",\"height\":\"477\"},{\"@type\":\"WebPage\",\"@id\":\"https:\/\/www.visit-ulcinj.com\/blog\/2010\/03\/08\/ne-hotelin-%e2%80%9cmediteran%e2%80%9d-forca-organizoi-8-marsin\/#webpage\",\"url\":\"https:\/\/www.visit-ulcinj.com\/blog\/2010\/03\/08\/ne-hotelin-%e2%80%9cmediteran%e2%80%9d-forca-organizoi-8-marsin\/\",\"name\":\"N\u00eb Hotelin \u201cMediteran\u201d Forca organizoi 8 Marsin - Video - Lajme nga Ulqini\",\"isPartOf\":{\"@id\":\"https:\/\/www.visit-ulcinj.com\/blog\/#website\"},\"primaryImageOfPage\":{\"@id\":\"https:\/\/www.visit-ulcinj.com\/blog\/2010\/03\/08\/ne-hotelin-%e2%80%9cmediteran%e2%80%9d-forca-organizoi-8-marsin\/#primaryimage\"},\"datePublished\":\"2010-03-07T23:52:11+00:00\",\"dateModified\":\"2010-03-17T23:35:37+00:00\",\"author\":{\"@id\":\"https:\/\/www.visit-ulcinj.com\/blog\/#\/schema\/person\/dcab619c614d3038751c63bc2aadc06d\"},\"description\":\"Mbr\u00ebm\u00eb n\u00eb Hotelin \u201cMediteran\u201d Forca organizoi 8 Marsin. N\u00eb k\u00ebt\u00eb takim tashm\u00eb tradicional morr\u00ebn pjes\u00eb nj\u00eb num\u00ebr i madh\u00eb i qytetareve, pjes\u00ebtar\u00ebve t\u00eb jet\u00ebs\",\"breadcrumb\":{\"@id\":\"https:\/\/www.visit-ulcinj.com\/blog\/2010\/03\/08\/ne-hotelin-%e2%80%9cmediteran%e2%80%9d-forca-organizoi-8-marsin\/#breadcrumb\"},\"inLanguage\":\"en-US\",\"potentialAction\":[{\"@type\":\"ReadAction\",\"target\":[\"https:\/\/www.visit-ulcinj.com\/blog\/2010\/03\/08\/ne-hotelin-%e2%80%9cmediteran%e2%80%9d-forca-organizoi-8-marsin\/\"]}]},{\"@type\":\"BreadcrumbList\",\"@id\":\"https:\/\/www.visit-ulcinj.com\/blog\/2010\/03\/08\/ne-hotelin-%e2%80%9cmediteran%e2%80%9d-forca-organizoi-8-marsin\/#breadcrumb\",\"itemListElement\":[{\"@type\":\"ListItem\",\"position\":1,\"name\":\"N\u00eb Hotelin \u201cMediteran\u201d Forca organizoi 8 Marsin &#8211; Video\"}]},{\"@type\":\"Person\",\"@id\":\"https:\/\/www.visit-ulcinj.com\/blog\/#\/schema\/person\/dcab619c614d3038751c63bc2aadc06d\",\"name\":\"ulqini\",\"sameAs\":[\"http:\/\/www.visit-ulcinj.com\"],\"url\":\"https:\/\/www.visit-ulcinj.com\/blog\/author\/admin\/\"}]}<\/script>\n<!-- \/ Yoast SEO plugin. -->","yoast_head_json":{"title":"N\u00eb Hotelin \u201cMediteran\u201d Forca organizoi 8 Marsin - Video - Lajme nga Ulqini","description":"Mbr\u00ebm\u00eb n\u00eb Hotelin \u201cMediteran\u201d Forca organizoi 8 Marsin. N\u00eb k\u00ebt\u00eb takim tashm\u00eb tradicional morr\u00ebn pjes\u00eb nj\u00eb num\u00ebr i madh\u00eb i qytetareve, pjes\u00ebtar\u00ebve t\u00eb jet\u00ebs","robots":{"index":"index","follow":"follow","max-snippet":"max-snippet:-1","max-image-preview":"max-image-preview:large","max-video-preview":"max-video-preview:-1"},"canonical":"https:\/\/www.visit-ulcinj.com\/blog\/2010\/03\/08\/ne-hotelin-\u201cmediteran\u201d-forca-organizoi-8-marsin\/","og_locale":"en_US","og_type":"article","og_title":"N\u00eb Hotelin \u201cMediteran\u201d Forca organizoi 8 Marsin - Video - Lajme nga Ulqini","og_description":"Mbr\u00ebm\u00eb n\u00eb Hotelin \u201cMediteran\u201d Forca organizoi 8 Marsin. N\u00eb k\u00ebt\u00eb takim tashm\u00eb tradicional morr\u00ebn pjes\u00eb nj\u00eb num\u00ebr i madh\u00eb i qytetareve, pjes\u00ebtar\u00ebve t\u00eb jet\u00ebs","og_url":"https:\/\/www.visit-ulcinj.com\/blog\/2010\/03\/08\/ne-hotelin-\u201cmediteran\u201d-forca-organizoi-8-marsin\/","og_site_name":"Lajme nga Ulqini","article_published_time":"2010-03-07T23:52:11+00:00","article_modified_time":"2010-03-17T23:35:37+00:00","og_image":[{"url":"https:\/\/www.visit-ulcinj.com\/blog\/wp-content\/uploads\/2010\/03\/Forca-organizoi-8-Marsin-2010-150x150.jpg"}],"twitter_misc":{"Written by":"ulqini","Est. reading time":"1 minute"},"schema":{"@context":"https:\/\/schema.org","@graph":[{"@type":"WebSite","@id":"https:\/\/www.visit-ulcinj.com\/blog\/#website","url":"https:\/\/www.visit-ulcinj.com\/blog\/","name":"Lajme nga Ulqini","description":"Lajme,Vijesti,Ulqini,Ulqin,Crna Gora,Mali i Zi","potentialAction":[{"@type":"SearchAction","target":{"@type":"EntryPoint","urlTemplate":"https:\/\/www.visit-ulcinj.com\/blog\/?s={search_term_string}"},"query-input":"required name=search_term_string"}],"inLanguage":"en-US"},{"@type":"ImageObject","inLanguage":"en-US","@id":"https:\/\/www.visit-ulcinj.com\/blog\/2010\/03\/08\/ne-hotelin-%e2%80%9cmediteran%e2%80%9d-forca-organizoi-8-marsin\/#primaryimage","url":"https:\/\/www.visit-ulcinj.com\/blog\/wp-content\/uploads\/2010\/03\/Forca-organizoi-8-Marsin-2010.jpg","contentUrl":"https:\/\/www.visit-ulcinj.com\/blog\/wp-content\/uploads\/2010\/03\/Forca-organizoi-8-Marsin-2010.jpg","width":"720","height":"477"},{"@type":"WebPage","@id":"https:\/\/www.visit-ulcinj.com\/blog\/2010\/03\/08\/ne-hotelin-%e2%80%9cmediteran%e2%80%9d-forca-organizoi-8-marsin\/#webpage","url":"https:\/\/www.visit-ulcinj.com\/blog\/2010\/03\/08\/ne-hotelin-%e2%80%9cmediteran%e2%80%9d-forca-organizoi-8-marsin\/","name":"N\u00eb Hotelin \u201cMediteran\u201d Forca organizoi 8 Marsin - Video - Lajme nga Ulqini","isPartOf":{"@id":"https:\/\/www.visit-ulcinj.com\/blog\/#website"},"primaryImageOfPage":{"@id":"https:\/\/www.visit-ulcinj.com\/blog\/2010\/03\/08\/ne-hotelin-%e2%80%9cmediteran%e2%80%9d-forca-organizoi-8-marsin\/#primaryimage"},"datePublished":"2010-03-07T23:52:11+00:00","dateModified":"2010-03-17T23:35:37+00:00","author":{"@id":"https:\/\/www.visit-ulcinj.com\/blog\/#\/schema\/person\/dcab619c614d3038751c63bc2aadc06d"},"description":"Mbr\u00ebm\u00eb n\u00eb Hotelin \u201cMediteran\u201d Forca organizoi 8 Marsin. N\u00eb k\u00ebt\u00eb takim tashm\u00eb tradicional morr\u00ebn pjes\u00eb nj\u00eb num\u00ebr i madh\u00eb i qytetareve, pjes\u00ebtar\u00ebve t\u00eb jet\u00ebs","breadcrumb":{"@id":"https:\/\/www.visit-ulcinj.com\/blog\/2010\/03\/08\/ne-hotelin-%e2%80%9cmediteran%e2%80%9d-forca-organizoi-8-marsin\/#breadcrumb"},"inLanguage":"en-US","potentialAction":[{"@type":"ReadAction","target":["https:\/\/www.visit-ulcinj.com\/blog\/2010\/03\/08\/ne-hotelin-%e2%80%9cmediteran%e2%80%9d-forca-organizoi-8-marsin\/"]}]},{"@type":"BreadcrumbList","@id":"https:\/\/www.visit-ulcinj.com\/blog\/2010\/03\/08\/ne-hotelin-%e2%80%9cmediteran%e2%80%9d-forca-organizoi-8-marsin\/#breadcrumb","itemListElement":[{"@type":"ListItem","position":1,"name":"N\u00eb Hotelin \u201cMediteran\u201d Forca organizoi 8 Marsin &#8211; Video"}]},{"@type":"Person","@id":"https:\/\/www.visit-ulcinj.com\/blog\/#\/schema\/person\/dcab619c614d3038751c63bc2aadc06d","name":"ulqini","sameAs":["http:\/\/www.visit-ulcinj.com"],"url":"https:\/\/www.visit-ulcinj.com\/blog\/author\/admin\/"}]}},"jetpack_featured_media_url":"","jetpack_sharing_enabled":true,"jetpack_shortlink":"https:\/\/wp.me\/pe6lTn-83e","_links":{"self":[{"href":"https:\/\/www.visit-ulcinj.com\/blog\/wp-json\/wp\/v2\/posts\/30952"}],"collection":[{"href":"https:\/\/www.visit-ulcinj.com\/blog\/wp-json\/wp\/v2\/posts"}],"about":[{"href":"https:\/\/www.visit-ulcinj.com\/blog\/wp-json\/wp\/v2\/types\/post"}],"author":[{"embeddable":true,"href":"https:\/\/www.visit-ulcinj.com\/blog\/wp-json\/wp\/v2\/users\/1"}],"replies":[{"embeddable":true,"href":"https:\/\/www.visit-ulcinj.com\/blog\/wp-json\/wp\/v2\/comments?post=30952"}],"version-history":[{"count":0,"href":"https:\/\/www.visit-ulcinj.com\/blog\/wp-json\/wp\/v2\/posts\/30952\/revisions"}],"wp:attachment":[{"href":"https:\/\/www.visit-ulcinj.com\/blog\/wp-json\/wp\/v2\/media?parent=30952"}],"wp:term":[{"taxonomy":"category","embeddable":true,"href":"https:\/\/www.visit-ulcinj.com\/blog\/wp-json\/wp\/v2\/categories?post=30952"},{"taxonomy":"post_tag","embeddable":true,"href":"https:\/\/www.visit-ulcinj.com\/blog\/wp-json\/wp\/v2\/tags?post=30952"}],"curies":[{"name":"wp","href":"https:\/\/api.w.org\/{rel}","templated":true}]}}