{"id":30969,"date":"2010-03-08T12:20:04","date_gmt":"2010-03-08T10:20:04","guid":{"rendered":"http:\/\/www.visit-ulcinj.com\/blog\/?p=30969"},"modified":"2010-03-08T13:19:54","modified_gmt":"2010-03-08T11:19:54","slug":"gezim-hajdinaga-telegram-urimi-per-8-mars","status":"publish","type":"post","link":"https:\/\/www.visit-ulcinj.com\/blog\/2010\/03\/08\/gezim-hajdinaga-telegram-urimi-per-8-mars\/","title":{"rendered":"G\u00ebzim Hajdinaga: Telegram urimi p\u00ebr 8 mars"},"content":{"rendered":"<p><img loading=\"lazy\" class=\"alignleft\" title=\"G\u00ebzim Hajdinaga:Telegram urimi p\u00ebr 8 mars\" src=\"http:\/\/www.visit-ulcinj.com\/blog\/wp-content\/uploads\/2009\/03\/gezuar-8-marsin-_gezim-hajdinaga.jpg\" alt=\"\" width=\"580\" height=\"400\" \/>&#8220;Me rastin e 8 marsit Dit\u00ebs nd\u00ebrkomb\u00ebtare t\u00eb gruas Kryetari i Komun\u00ebs s\u00eb Ulqinit Gezim Hajdinaga uron t\u00eb gjith\u00eb n\u00ebnat dhe motrat dhe u shpreh urimet e tija t\u00eb sinqerta duke iu d\u00ebshiruar suksese dhe prosperitet n\u00eb \u00e7do fush\u00eb t\u00eb jet\u00ebs.&#8221;<\/p>\n<p>&#8220;Povodom 8 marta, Me?unarodnog dana \u017eena Predsjednik Op\u0161tine Ulcinj Gzim Hajdinaga ?estita svim pripadnicama ljep\u0161eg pola \u017eele?i im puno uspjeha, radosti i prosperiteta<\/p>\n<p><span><span style=\"color: #00681c;\"><strong>Municipality of Ulcinj \/ Ulqin <\/strong><br \/>\n<strong>Arsllan  Hajdinaga<br \/>\n<\/strong><\/span><\/span><!--YouTube Error: bad URL entered--><\/p>\n<p><span style=\"font-family: Arial; font-size: x-small;\"><span style=\"font-family: Times New Roman; font-size: medium;\"><br \/>\n<\/span><\/span><\/p>\n","protected":false},"excerpt":{"rendered":"<p>&#8220;Me rastin e 8 marsit Dit\u00ebs nd\u00ebrkomb\u00ebtare t\u00eb gruas Kryetari i Komun\u00ebs s\u00eb Ulqinit Gezim Hajdinaga uron t\u00eb gjith\u00eb n\u00ebnat dhe motrat dhe u shpreh urimet e tija t\u00eb sinqerta duke iu d\u00ebshiruar suksese dhe prosperitet n\u00eb \u00e7do fush\u00eb t\u00eb jet\u00ebs.&#8221; &#8220;Povodom 8 marta, Me?unarodnog dana \u017eena Predsjednik Op\u0161tine Ulcinj Gzim Hajdinaga ?estita svim pripadnicama [&hellip;]<\/p>\n","protected":false},"author":1,"featured_media":0,"comment_status":"open","ping_status":"closed","sticky":false,"template":"","format":"standard","meta":{"spay_email":"","jetpack_publicize_message":"","jetpack_is_tweetstorm":false,"jetpack_publicize_feature_enabled":true},"categories":[1],"tags":[222,13677,140,13757],"jetpack_publicize_connections":[],"yoast_head":"<!-- This site is optimized with the Yoast SEO plugin v19.1 - https:\/\/yoast.com\/wordpress\/plugins\/seo\/ -->\n<title>G\u00ebzim Hajdinaga: Telegram urimi p\u00ebr 8 mars - Lajme nga Ulqini<\/title>\n<meta name=\"description\" content=\"&quot;Me rastin e 8 marsit Dit\u00ebs nd\u00ebrkomb\u00ebtare t\u00eb gruas Kryetari i Komun\u00ebs s\u00eb Ulqinit Gezim Hajdinaga uron t\u00eb gjith\u00eb n\u00ebnat dhe motrat dhe u shpreh urimet e\" \/>\n<meta name=\"robots\" content=\"index, follow, max-snippet:-1, max-image-preview:large, max-video-preview:-1\" \/>\n<link rel=\"canonical\" href=\"https:\/\/www.visit-ulcinj.com\/blog\/2010\/03\/08\/gezim-hajdinaga-telegram-urimi-per-8-mars\/\" \/>\n<meta property=\"og:locale\" content=\"en_US\" \/>\n<meta property=\"og:type\" content=\"article\" \/>\n<meta property=\"og:title\" content=\"G\u00ebzim Hajdinaga: Telegram urimi p\u00ebr 8 mars - Lajme nga Ulqini\" \/>\n<meta property=\"og:description\" content=\"&quot;Me rastin e 8 marsit Dit\u00ebs nd\u00ebrkomb\u00ebtare t\u00eb gruas Kryetari i Komun\u00ebs s\u00eb Ulqinit Gezim Hajdinaga uron t\u00eb gjith\u00eb n\u00ebnat dhe motrat dhe u shpreh urimet e\" \/>\n<meta property=\"og:url\" content=\"https:\/\/www.visit-ulcinj.com\/blog\/2010\/03\/08\/gezim-hajdinaga-telegram-urimi-per-8-mars\/\" \/>\n<meta property=\"og:site_name\" content=\"Lajme nga Ulqini\" \/>\n<meta property=\"article:published_time\" content=\"2010-03-08T10:20:04+00:00\" \/>\n<meta property=\"article:modified_time\" content=\"2010-03-08T11:19:54+00:00\" \/>\n<meta property=\"og:image\" content=\"http:\/\/www.visit-ulcinj.com\/blog\/wp-content\/uploads\/2009\/03\/gezuar-8-marsin-_gezim-hajdinaga.jpg\" \/>\n<meta name=\"twitter:label1\" content=\"Written by\" \/>\n\t<meta name=\"twitter:data1\" content=\"ulqini\" \/>\n<script type=\"application\/ld+json\" class=\"yoast-schema-graph\">{\"@context\":\"https:\/\/schema.org\",\"@graph\":[{\"@type\":\"WebSite\",\"@id\":\"https:\/\/www.visit-ulcinj.com\/blog\/#website\",\"url\":\"https:\/\/www.visit-ulcinj.com\/blog\/\",\"name\":\"Lajme nga Ulqini\",\"description\":\"Lajme,Vijesti,Ulqini,Ulqin,Crna Gora,Mali i Zi\",\"potentialAction\":[{\"@type\":\"SearchAction\",\"target\":{\"@type\":\"EntryPoint\",\"urlTemplate\":\"https:\/\/www.visit-ulcinj.com\/blog\/?s={search_term_string}\"},\"query-input\":\"required name=search_term_string\"}],\"inLanguage\":\"en-US\"},{\"@type\":\"ImageObject\",\"inLanguage\":\"en-US\",\"@id\":\"https:\/\/www.visit-ulcinj.com\/blog\/2010\/03\/08\/gezim-hajdinaga-telegram-urimi-per-8-mars\/#primaryimage\",\"url\":\"https:\/\/www.visit-ulcinj.com\/blog\/wp-content\/uploads\/2009\/03\/gezuar-8-marsin-_gezim-hajdinaga.jpg\",\"contentUrl\":\"https:\/\/www.visit-ulcinj.com\/blog\/wp-content\/uploads\/2009\/03\/gezuar-8-marsin-_gezim-hajdinaga.jpg\",\"width\":\"740\",\"height\":\"400\"},{\"@type\":\"WebPage\",\"@id\":\"https:\/\/www.visit-ulcinj.com\/blog\/2010\/03\/08\/gezim-hajdinaga-telegram-urimi-per-8-mars\/#webpage\",\"url\":\"https:\/\/www.visit-ulcinj.com\/blog\/2010\/03\/08\/gezim-hajdinaga-telegram-urimi-per-8-mars\/\",\"name\":\"G\u00ebzim Hajdinaga: Telegram urimi p\u00ebr 8 mars - Lajme nga Ulqini\",\"isPartOf\":{\"@id\":\"https:\/\/www.visit-ulcinj.com\/blog\/#website\"},\"primaryImageOfPage\":{\"@id\":\"https:\/\/www.visit-ulcinj.com\/blog\/2010\/03\/08\/gezim-hajdinaga-telegram-urimi-per-8-mars\/#primaryimage\"},\"datePublished\":\"2010-03-08T10:20:04+00:00\",\"dateModified\":\"2010-03-08T11:19:54+00:00\",\"author\":{\"@id\":\"https:\/\/www.visit-ulcinj.com\/blog\/#\/schema\/person\/dcab619c614d3038751c63bc2aadc06d\"},\"description\":\"\\\"Me rastin e 8 marsit Dit\u00ebs nd\u00ebrkomb\u00ebtare t\u00eb gruas Kryetari i Komun\u00ebs s\u00eb Ulqinit Gezim Hajdinaga uron t\u00eb gjith\u00eb n\u00ebnat dhe motrat dhe u shpreh urimet e\",\"breadcrumb\":{\"@id\":\"https:\/\/www.visit-ulcinj.com\/blog\/2010\/03\/08\/gezim-hajdinaga-telegram-urimi-per-8-mars\/#breadcrumb\"},\"inLanguage\":\"en-US\",\"potentialAction\":[{\"@type\":\"ReadAction\",\"target\":[\"https:\/\/www.visit-ulcinj.com\/blog\/2010\/03\/08\/gezim-hajdinaga-telegram-urimi-per-8-mars\/\"]}]},{\"@type\":\"BreadcrumbList\",\"@id\":\"https:\/\/www.visit-ulcinj.com\/blog\/2010\/03\/08\/gezim-hajdinaga-telegram-urimi-per-8-mars\/#breadcrumb\",\"itemListElement\":[{\"@type\":\"ListItem\",\"position\":1,\"name\":\"G\u00ebzim Hajdinaga: Telegram urimi p\u00ebr 8 mars\"}]},{\"@type\":\"Person\",\"@id\":\"https:\/\/www.visit-ulcinj.com\/blog\/#\/schema\/person\/dcab619c614d3038751c63bc2aadc06d\",\"name\":\"ulqini\",\"sameAs\":[\"http:\/\/www.visit-ulcinj.com\"],\"url\":\"https:\/\/www.visit-ulcinj.com\/blog\/author\/admin\/\"}]}<\/script>\n<!-- \/ Yoast SEO plugin. -->","yoast_head_json":{"title":"G\u00ebzim Hajdinaga: Telegram urimi p\u00ebr 8 mars - Lajme nga Ulqini","description":"\"Me rastin e 8 marsit Dit\u00ebs nd\u00ebrkomb\u00ebtare t\u00eb gruas Kryetari i Komun\u00ebs s\u00eb Ulqinit Gezim Hajdinaga uron t\u00eb gjith\u00eb n\u00ebnat dhe motrat dhe u shpreh urimet e","robots":{"index":"index","follow":"follow","max-snippet":"max-snippet:-1","max-image-preview":"max-image-preview:large","max-video-preview":"max-video-preview:-1"},"canonical":"https:\/\/www.visit-ulcinj.com\/blog\/2010\/03\/08\/gezim-hajdinaga-telegram-urimi-per-8-mars\/","og_locale":"en_US","og_type":"article","og_title":"G\u00ebzim Hajdinaga: Telegram urimi p\u00ebr 8 mars - Lajme nga Ulqini","og_description":"\"Me rastin e 8 marsit Dit\u00ebs nd\u00ebrkomb\u00ebtare t\u00eb gruas Kryetari i Komun\u00ebs s\u00eb Ulqinit Gezim Hajdinaga uron t\u00eb gjith\u00eb n\u00ebnat dhe motrat dhe u shpreh urimet e","og_url":"https:\/\/www.visit-ulcinj.com\/blog\/2010\/03\/08\/gezim-hajdinaga-telegram-urimi-per-8-mars\/","og_site_name":"Lajme nga Ulqini","article_published_time":"2010-03-08T10:20:04+00:00","article_modified_time":"2010-03-08T11:19:54+00:00","og_image":[{"url":"http:\/\/www.visit-ulcinj.com\/blog\/wp-content\/uploads\/2009\/03\/gezuar-8-marsin-_gezim-hajdinaga.jpg"}],"twitter_misc":{"Written by":"ulqini"},"schema":{"@context":"https:\/\/schema.org","@graph":[{"@type":"WebSite","@id":"https:\/\/www.visit-ulcinj.com\/blog\/#website","url":"https:\/\/www.visit-ulcinj.com\/blog\/","name":"Lajme nga Ulqini","description":"Lajme,Vijesti,Ulqini,Ulqin,Crna Gora,Mali i Zi","potentialAction":[{"@type":"SearchAction","target":{"@type":"EntryPoint","urlTemplate":"https:\/\/www.visit-ulcinj.com\/blog\/?s={search_term_string}"},"query-input":"required name=search_term_string"}],"inLanguage":"en-US"},{"@type":"ImageObject","inLanguage":"en-US","@id":"https:\/\/www.visit-ulcinj.com\/blog\/2010\/03\/08\/gezim-hajdinaga-telegram-urimi-per-8-mars\/#primaryimage","url":"https:\/\/www.visit-ulcinj.com\/blog\/wp-content\/uploads\/2009\/03\/gezuar-8-marsin-_gezim-hajdinaga.jpg","contentUrl":"https:\/\/www.visit-ulcinj.com\/blog\/wp-content\/uploads\/2009\/03\/gezuar-8-marsin-_gezim-hajdinaga.jpg","width":"740","height":"400"},{"@type":"WebPage","@id":"https:\/\/www.visit-ulcinj.com\/blog\/2010\/03\/08\/gezim-hajdinaga-telegram-urimi-per-8-mars\/#webpage","url":"https:\/\/www.visit-ulcinj.com\/blog\/2010\/03\/08\/gezim-hajdinaga-telegram-urimi-per-8-mars\/","name":"G\u00ebzim Hajdinaga: Telegram urimi p\u00ebr 8 mars - Lajme nga Ulqini","isPartOf":{"@id":"https:\/\/www.visit-ulcinj.com\/blog\/#website"},"primaryImageOfPage":{"@id":"https:\/\/www.visit-ulcinj.com\/blog\/2010\/03\/08\/gezim-hajdinaga-telegram-urimi-per-8-mars\/#primaryimage"},"datePublished":"2010-03-08T10:20:04+00:00","dateModified":"2010-03-08T11:19:54+00:00","author":{"@id":"https:\/\/www.visit-ulcinj.com\/blog\/#\/schema\/person\/dcab619c614d3038751c63bc2aadc06d"},"description":"\"Me rastin e 8 marsit Dit\u00ebs nd\u00ebrkomb\u00ebtare t\u00eb gruas Kryetari i Komun\u00ebs s\u00eb Ulqinit Gezim Hajdinaga uron t\u00eb gjith\u00eb n\u00ebnat dhe motrat dhe u shpreh urimet e","breadcrumb":{"@id":"https:\/\/www.visit-ulcinj.com\/blog\/2010\/03\/08\/gezim-hajdinaga-telegram-urimi-per-8-mars\/#breadcrumb"},"inLanguage":"en-US","potentialAction":[{"@type":"ReadAction","target":["https:\/\/www.visit-ulcinj.com\/blog\/2010\/03\/08\/gezim-hajdinaga-telegram-urimi-per-8-mars\/"]}]},{"@type":"BreadcrumbList","@id":"https:\/\/www.visit-ulcinj.com\/blog\/2010\/03\/08\/gezim-hajdinaga-telegram-urimi-per-8-mars\/#breadcrumb","itemListElement":[{"@type":"ListItem","position":1,"name":"G\u00ebzim Hajdinaga: Telegram urimi p\u00ebr 8 mars"}]},{"@type":"Person","@id":"https:\/\/www.visit-ulcinj.com\/blog\/#\/schema\/person\/dcab619c614d3038751c63bc2aadc06d","name":"ulqini","sameAs":["http:\/\/www.visit-ulcinj.com"],"url":"https:\/\/www.visit-ulcinj.com\/blog\/author\/admin\/"}]}},"jetpack_featured_media_url":"","jetpack_sharing_enabled":true,"jetpack_shortlink":"https:\/\/wp.me\/pe6lTn-83v","_links":{"self":[{"href":"https:\/\/www.visit-ulcinj.com\/blog\/wp-json\/wp\/v2\/posts\/30969"}],"collection":[{"href":"https:\/\/www.visit-ulcinj.com\/blog\/wp-json\/wp\/v2\/posts"}],"about":[{"href":"https:\/\/www.visit-ulcinj.com\/blog\/wp-json\/wp\/v2\/types\/post"}],"author":[{"embeddable":true,"href":"https:\/\/www.visit-ulcinj.com\/blog\/wp-json\/wp\/v2\/users\/1"}],"replies":[{"embeddable":true,"href":"https:\/\/www.visit-ulcinj.com\/blog\/wp-json\/wp\/v2\/comments?post=30969"}],"version-history":[{"count":0,"href":"https:\/\/www.visit-ulcinj.com\/blog\/wp-json\/wp\/v2\/posts\/30969\/revisions"}],"wp:attachment":[{"href":"https:\/\/www.visit-ulcinj.com\/blog\/wp-json\/wp\/v2\/media?parent=30969"}],"wp:term":[{"taxonomy":"category","embeddable":true,"href":"https:\/\/www.visit-ulcinj.com\/blog\/wp-json\/wp\/v2\/categories?post=30969"},{"taxonomy":"post_tag","embeddable":true,"href":"https:\/\/www.visit-ulcinj.com\/blog\/wp-json\/wp\/v2\/tags?post=30969"}],"curies":[{"name":"wp","href":"https:\/\/api.w.org\/{rel}","templated":true}]}}