{"id":30972,"date":"2010-03-08T13:08:52","date_gmt":"2010-03-08T11:08:52","guid":{"rendered":"http:\/\/www.visit-ulcinj.com\/blog\/?p=30972"},"modified":"2010-03-08T13:08:52","modified_gmt":"2010-03-08T11:08:52","slug":"zarko-radulovic-prenociste-pet-eura","status":"publish","type":"post","link":"https:\/\/www.visit-ulcinj.com\/blog\/2010\/03\/08\/zarko-radulovic-prenociste-pet-eura\/","title":{"rendered":"\u017darko Radulovi?: Preno?i\u0161te pet eura"},"content":{"rendered":"<p><img loading=\"lazy\" class=\"alignleft\" title=\"\u017darko Radulovi?\" src=\"http:\/\/www.visit-ulcinj.com\/blog\/wp-content\/uploads\/2009\/03\/predsjednik-ctu_zarko-radulovic.jpg\" alt=\"\" width=\"580\" height=\"400\" \/>Sajam turizma u Beogradu, koji je ove godine doveo rekordan broj izlaga?a, ukazao je crnogorskoj turisti?koj privredi da ?e morati mnogo ofanzivnije da se bori za svakog turistu.<br \/>\n\u201eNama se ?ini da su sve zemlje vidjele ba\u0161 u Srbiji potencijalne turiste. Hrvati su ulo\u017eili prili?no novca u marketing, Grci su oblijepili Beograd nude?i 10 dana ljetovanja za sto eura. Mi na tu ofanzivu odgovaramo ta?no i po\u0161teno: do?ite kod nas, jer ?e ovde u maju, junu i septembru, 10 dana boravka biti, ne sto, nego do sto eura&#8221;, kazao je \u017darko Radulovi?, predsjednik Crnogorskog turisti?kog udru\u017eenja.<br \/>\nU Budvi, primjera radi, u odli?nom privatnom smje\u0161taju, cijena desetodnevnog no?enja bi?e oko 60 eura. To zna?i da ?e cijena kreveta biti u proseku \u0161est eura u maju, junu i septembru. U julu i avgustu u najposje?enijoj turisti?koj op\u0161tini krevet ?e ko\u0161tati od osam do 10 eura. U \u0161picu, u Ulcinju, Baru ili Boki Kotorskoj i za pet eura.<br \/>\n\u201eTo ne zna?i da je smje\u0161taj lo\u0161. Naprotiv, rije? je o krevetima u privatnom smje\u0161taju koji je posljednjih godina napredovao i mnogi imaju ?etiri zvjezdice. Ne vjerujem da toga ima u Gr?koj ili \u0160paniji&#8221;, navodi Radulovi?.<br \/>\nIako je spremna da se bori za turiste iz Srbije, Crna Gora, kako isti?e, ne mo\u017ee mnogo da u?ini, osim da artikuli\u0161e ono \u0161to jeste.<br \/>\n\u201eImamo hotele, imamo privatni smje\u0161taj koji je napredovao i koji ?e biti jeftin. Sa autobuskom povratnom kartom od 40 eura, mislim da je to najpovoljnije od svih u okru\u017eenju&#8221;, isti?e Radulovi?.<br \/>\nSuvlasnik \u201eMontenegro stars grupe&#8221; koja ima nekoliko hotela, me?u kojima i najluksuzniji na crnogorskom primorju \u201eSplendid&#8221; sa pet zvjezdica, u intervjuu za Novosti navodi da su i oni snizili cijene.<br \/>\n\u201eZa srbijansko tr\u017ei\u0161te spustili smo cijene za 30 odsto. Naravno, kod nas u hotelima sa pet i ?etiri zvjezdica ne mo\u017ee da se ljetuje za 100 eura. U hotelima tipa \u201eSplendid&#8221; u svijetu no?enje ko\u0161ta 600, ali smo mi omogu?ili da ove sezone kod nas mo\u017ee da se no?i i za 150 eura&#8221;, ka\u017ee Radulovi?.<br \/>\nUprkos ekonomskoj krizi, povoljnijoj ponudi turisti?kih velesila kao \u0161to su Gr?ka i \u0160panija, crnogorska turisti?ka privreda o?ekuje da ova sezona bude na nivou pro\u0161logodi\u0161nje. Radulovi? navodi dva razloga. \u201eU Srbiji ima 20 odsto gra?ana koji imaju novi paso\u0161. Vi\u0161e, dakle, ima ljudi koji putuju van Srbije, nego \u0161to ima onih koji posjeduju nove paso\u0161e. Oni koji nemaju novi paso\u0161 do?i ?e u Crnu Goru. I drugo, svako u Srbiji ima nekog u Crnoj Gori da posjeti&#8221;, dodao je.<\/p>\n<p><strong>TVCG<br \/>\n<\/strong><br \/>\n<object width=\"580\" height=\"400\"><param name=\"movie\" value=\"http:\/\/www.dailymotion.com\/swf\/x1yc78&#038;autoPlay=1\"><\/param><param name=\"allowFullScreen\" value=\"true\"><\/param><param name=\"allowScriptAccess\" value=\"always\"><\/param><\/object><\/p>\n","protected":false},"excerpt":{"rendered":"<p>Sajam turizma u Beogradu, koji je ove godine doveo rekordan broj izlaga?a, ukazao je crnogorskoj turisti?koj privredi da ?e morati mnogo ofanzivnije da se bori za svakog turistu. \u201eNama se ?ini da su sve zemlje vidjele ba\u0161 u Srbiji potencijalne turiste. Hrvati su ulo\u017eili prili?no novca u marketing, Grci su oblijepili Beograd nude?i 10 dana [&hellip;]<\/p>\n","protected":false},"author":1,"featured_media":0,"comment_status":"open","ping_status":"closed","sticky":false,"template":"","format":"standard","meta":{"spay_email":"","jetpack_publicize_message":"","jetpack_is_tweetstorm":false,"jetpack_publicize_feature_enabled":true},"categories":[8337],"tags":[13759,13758],"jetpack_publicize_connections":[],"yoast_head":"<!-- This site is optimized with the Yoast SEO plugin v19.1 - https:\/\/yoast.com\/wordpress\/plugins\/seo\/ -->\n<title>\u017darko Radulovi?: Preno?i\u0161te pet eura - Lajme nga Ulqini<\/title>\n<meta name=\"description\" content=\"Sajam turizma u Beogradu, koji je ove godine doveo rekordan broj izlaga?a, ukazao je crnogorskoj turisti?koj privredi da ?e morati mnogo ofanzivnije da se\" \/>\n<meta name=\"robots\" content=\"index, follow, max-snippet:-1, max-image-preview:large, max-video-preview:-1\" \/>\n<link rel=\"canonical\" href=\"https:\/\/www.visit-ulcinj.com\/blog\/2010\/03\/08\/zarko-radulovic-prenociste-pet-eura\/\" \/>\n<meta property=\"og:locale\" content=\"en_US\" \/>\n<meta property=\"og:type\" content=\"article\" \/>\n<meta property=\"og:title\" content=\"\u017darko Radulovi?: Preno?i\u0161te pet eura - Lajme nga Ulqini\" \/>\n<meta property=\"og:description\" content=\"Sajam turizma u Beogradu, koji je ove godine doveo rekordan broj izlaga?a, ukazao je crnogorskoj turisti?koj privredi da ?e morati mnogo ofanzivnije da se\" \/>\n<meta property=\"og:url\" content=\"https:\/\/www.visit-ulcinj.com\/blog\/2010\/03\/08\/zarko-radulovic-prenociste-pet-eura\/\" \/>\n<meta property=\"og:site_name\" content=\"Lajme nga Ulqini\" \/>\n<meta property=\"article:published_time\" content=\"2010-03-08T11:08:52+00:00\" \/>\n<meta property=\"og:image\" content=\"http:\/\/www.visit-ulcinj.com\/blog\/wp-content\/uploads\/2009\/03\/predsjednik-ctu_zarko-radulovic.jpg\" \/>\n<meta name=\"twitter:label1\" content=\"Written by\" \/>\n\t<meta name=\"twitter:data1\" content=\"ulqini\" \/>\n\t<meta name=\"twitter:label2\" content=\"Est. reading time\" \/>\n\t<meta name=\"twitter:data2\" content=\"2 minutes\" \/>\n<script type=\"application\/ld+json\" class=\"yoast-schema-graph\">{\"@context\":\"https:\/\/schema.org\",\"@graph\":[{\"@type\":\"WebSite\",\"@id\":\"https:\/\/www.visit-ulcinj.com\/blog\/#website\",\"url\":\"https:\/\/www.visit-ulcinj.com\/blog\/\",\"name\":\"Lajme nga Ulqini\",\"description\":\"Lajme,Vijesti,Ulqini,Ulqin,Crna Gora,Mali i Zi\",\"potentialAction\":[{\"@type\":\"SearchAction\",\"target\":{\"@type\":\"EntryPoint\",\"urlTemplate\":\"https:\/\/www.visit-ulcinj.com\/blog\/?s={search_term_string}\"},\"query-input\":\"required name=search_term_string\"}],\"inLanguage\":\"en-US\"},{\"@type\":\"ImageObject\",\"inLanguage\":\"en-US\",\"@id\":\"https:\/\/www.visit-ulcinj.com\/blog\/2010\/03\/08\/zarko-radulovic-prenociste-pet-eura\/#primaryimage\",\"url\":\"https:\/\/www.visit-ulcinj.com\/blog\/wp-content\/uploads\/2009\/03\/predsjednik-ctu_zarko-radulovic.jpg\",\"contentUrl\":\"https:\/\/www.visit-ulcinj.com\/blog\/wp-content\/uploads\/2009\/03\/predsjednik-ctu_zarko-radulovic.jpg\",\"width\":\"640\",\"height\":\"480\"},{\"@type\":\"WebPage\",\"@id\":\"https:\/\/www.visit-ulcinj.com\/blog\/2010\/03\/08\/zarko-radulovic-prenociste-pet-eura\/#webpage\",\"url\":\"https:\/\/www.visit-ulcinj.com\/blog\/2010\/03\/08\/zarko-radulovic-prenociste-pet-eura\/\",\"name\":\"\u017darko Radulovi?: Preno?i\u0161te pet eura - Lajme nga Ulqini\",\"isPartOf\":{\"@id\":\"https:\/\/www.visit-ulcinj.com\/blog\/#website\"},\"primaryImageOfPage\":{\"@id\":\"https:\/\/www.visit-ulcinj.com\/blog\/2010\/03\/08\/zarko-radulovic-prenociste-pet-eura\/#primaryimage\"},\"datePublished\":\"2010-03-08T11:08:52+00:00\",\"dateModified\":\"2010-03-08T11:08:52+00:00\",\"author\":{\"@id\":\"https:\/\/www.visit-ulcinj.com\/blog\/#\/schema\/person\/dcab619c614d3038751c63bc2aadc06d\"},\"description\":\"Sajam turizma u Beogradu, koji je ove godine doveo rekordan broj izlaga?a, ukazao je crnogorskoj turisti?koj privredi da ?e morati mnogo ofanzivnije da se\",\"breadcrumb\":{\"@id\":\"https:\/\/www.visit-ulcinj.com\/blog\/2010\/03\/08\/zarko-radulovic-prenociste-pet-eura\/#breadcrumb\"},\"inLanguage\":\"en-US\",\"potentialAction\":[{\"@type\":\"ReadAction\",\"target\":[\"https:\/\/www.visit-ulcinj.com\/blog\/2010\/03\/08\/zarko-radulovic-prenociste-pet-eura\/\"]}]},{\"@type\":\"BreadcrumbList\",\"@id\":\"https:\/\/www.visit-ulcinj.com\/blog\/2010\/03\/08\/zarko-radulovic-prenociste-pet-eura\/#breadcrumb\",\"itemListElement\":[{\"@type\":\"ListItem\",\"position\":1,\"name\":\"\u017darko Radulovi?: Preno?i\u0161te pet eura\"}]},{\"@type\":\"Person\",\"@id\":\"https:\/\/www.visit-ulcinj.com\/blog\/#\/schema\/person\/dcab619c614d3038751c63bc2aadc06d\",\"name\":\"ulqini\",\"sameAs\":[\"http:\/\/www.visit-ulcinj.com\"],\"url\":\"https:\/\/www.visit-ulcinj.com\/blog\/author\/admin\/\"}]}<\/script>\n<!-- \/ Yoast SEO plugin. -->","yoast_head_json":{"title":"\u017darko Radulovi?: Preno?i\u0161te pet eura - Lajme nga Ulqini","description":"Sajam turizma u Beogradu, koji je ove godine doveo rekordan broj izlaga?a, ukazao je crnogorskoj turisti?koj privredi da ?e morati mnogo ofanzivnije da se","robots":{"index":"index","follow":"follow","max-snippet":"max-snippet:-1","max-image-preview":"max-image-preview:large","max-video-preview":"max-video-preview:-1"},"canonical":"https:\/\/www.visit-ulcinj.com\/blog\/2010\/03\/08\/zarko-radulovic-prenociste-pet-eura\/","og_locale":"en_US","og_type":"article","og_title":"\u017darko Radulovi?: Preno?i\u0161te pet eura - Lajme nga Ulqini","og_description":"Sajam turizma u Beogradu, koji je ove godine doveo rekordan broj izlaga?a, ukazao je crnogorskoj turisti?koj privredi da ?e morati mnogo ofanzivnije da se","og_url":"https:\/\/www.visit-ulcinj.com\/blog\/2010\/03\/08\/zarko-radulovic-prenociste-pet-eura\/","og_site_name":"Lajme nga Ulqini","article_published_time":"2010-03-08T11:08:52+00:00","og_image":[{"url":"http:\/\/www.visit-ulcinj.com\/blog\/wp-content\/uploads\/2009\/03\/predsjednik-ctu_zarko-radulovic.jpg"}],"twitter_misc":{"Written by":"ulqini","Est. reading time":"2 minutes"},"schema":{"@context":"https:\/\/schema.org","@graph":[{"@type":"WebSite","@id":"https:\/\/www.visit-ulcinj.com\/blog\/#website","url":"https:\/\/www.visit-ulcinj.com\/blog\/","name":"Lajme nga Ulqini","description":"Lajme,Vijesti,Ulqini,Ulqin,Crna Gora,Mali i Zi","potentialAction":[{"@type":"SearchAction","target":{"@type":"EntryPoint","urlTemplate":"https:\/\/www.visit-ulcinj.com\/blog\/?s={search_term_string}"},"query-input":"required name=search_term_string"}],"inLanguage":"en-US"},{"@type":"ImageObject","inLanguage":"en-US","@id":"https:\/\/www.visit-ulcinj.com\/blog\/2010\/03\/08\/zarko-radulovic-prenociste-pet-eura\/#primaryimage","url":"https:\/\/www.visit-ulcinj.com\/blog\/wp-content\/uploads\/2009\/03\/predsjednik-ctu_zarko-radulovic.jpg","contentUrl":"https:\/\/www.visit-ulcinj.com\/blog\/wp-content\/uploads\/2009\/03\/predsjednik-ctu_zarko-radulovic.jpg","width":"640","height":"480"},{"@type":"WebPage","@id":"https:\/\/www.visit-ulcinj.com\/blog\/2010\/03\/08\/zarko-radulovic-prenociste-pet-eura\/#webpage","url":"https:\/\/www.visit-ulcinj.com\/blog\/2010\/03\/08\/zarko-radulovic-prenociste-pet-eura\/","name":"\u017darko Radulovi?: Preno?i\u0161te pet eura - Lajme nga Ulqini","isPartOf":{"@id":"https:\/\/www.visit-ulcinj.com\/blog\/#website"},"primaryImageOfPage":{"@id":"https:\/\/www.visit-ulcinj.com\/blog\/2010\/03\/08\/zarko-radulovic-prenociste-pet-eura\/#primaryimage"},"datePublished":"2010-03-08T11:08:52+00:00","dateModified":"2010-03-08T11:08:52+00:00","author":{"@id":"https:\/\/www.visit-ulcinj.com\/blog\/#\/schema\/person\/dcab619c614d3038751c63bc2aadc06d"},"description":"Sajam turizma u Beogradu, koji je ove godine doveo rekordan broj izlaga?a, ukazao je crnogorskoj turisti?koj privredi da ?e morati mnogo ofanzivnije da se","breadcrumb":{"@id":"https:\/\/www.visit-ulcinj.com\/blog\/2010\/03\/08\/zarko-radulovic-prenociste-pet-eura\/#breadcrumb"},"inLanguage":"en-US","potentialAction":[{"@type":"ReadAction","target":["https:\/\/www.visit-ulcinj.com\/blog\/2010\/03\/08\/zarko-radulovic-prenociste-pet-eura\/"]}]},{"@type":"BreadcrumbList","@id":"https:\/\/www.visit-ulcinj.com\/blog\/2010\/03\/08\/zarko-radulovic-prenociste-pet-eura\/#breadcrumb","itemListElement":[{"@type":"ListItem","position":1,"name":"\u017darko Radulovi?: Preno?i\u0161te pet eura"}]},{"@type":"Person","@id":"https:\/\/www.visit-ulcinj.com\/blog\/#\/schema\/person\/dcab619c614d3038751c63bc2aadc06d","name":"ulqini","sameAs":["http:\/\/www.visit-ulcinj.com"],"url":"https:\/\/www.visit-ulcinj.com\/blog\/author\/admin\/"}]}},"jetpack_featured_media_url":"","jetpack_sharing_enabled":true,"jetpack_shortlink":"https:\/\/wp.me\/pe6lTn-83y","_links":{"self":[{"href":"https:\/\/www.visit-ulcinj.com\/blog\/wp-json\/wp\/v2\/posts\/30972"}],"collection":[{"href":"https:\/\/www.visit-ulcinj.com\/blog\/wp-json\/wp\/v2\/posts"}],"about":[{"href":"https:\/\/www.visit-ulcinj.com\/blog\/wp-json\/wp\/v2\/types\/post"}],"author":[{"embeddable":true,"href":"https:\/\/www.visit-ulcinj.com\/blog\/wp-json\/wp\/v2\/users\/1"}],"replies":[{"embeddable":true,"href":"https:\/\/www.visit-ulcinj.com\/blog\/wp-json\/wp\/v2\/comments?post=30972"}],"version-history":[{"count":1,"href":"https:\/\/www.visit-ulcinj.com\/blog\/wp-json\/wp\/v2\/posts\/30972\/revisions"}],"predecessor-version":[{"id":53067,"href":"https:\/\/www.visit-ulcinj.com\/blog\/wp-json\/wp\/v2\/posts\/30972\/revisions\/53067"}],"wp:attachment":[{"href":"https:\/\/www.visit-ulcinj.com\/blog\/wp-json\/wp\/v2\/media?parent=30972"}],"wp:term":[{"taxonomy":"category","embeddable":true,"href":"https:\/\/www.visit-ulcinj.com\/blog\/wp-json\/wp\/v2\/categories?post=30972"},{"taxonomy":"post_tag","embeddable":true,"href":"https:\/\/www.visit-ulcinj.com\/blog\/wp-json\/wp\/v2\/tags?post=30972"}],"curies":[{"name":"wp","href":"https:\/\/api.w.org\/{rel}","templated":true}]}}