{"id":31005,"date":"2010-03-08T19:46:50","date_gmt":"2010-03-08T17:46:50","guid":{"rendered":"http:\/\/www.visit-ulcinj.com\/blog\/?p=31005"},"modified":"2010-03-17T09:11:54","modified_gmt":"2010-03-17T07:11:54","slug":"forca-e-re-demokratike-organizoi-mbremje-festive-me-rastin-e-7-8-marsit-ne-plave","status":"publish","type":"post","link":"https:\/\/www.visit-ulcinj.com\/blog\/2010\/03\/08\/forca-e-re-demokratike-organizoi-mbremje-festive-me-rastin-e-7-8-marsit-ne-plave\/","title":{"rendered":"Forca e Re Demokratike organizoi mbr\u00ebmje festive me rastin e 7 -8 marsit n\u00eb Plav\u00eb"},"content":{"rendered":"<p><strong><a href=\"http:\/\/www.visit-ulcinj.com\/blog\/wp-content\/uploads\/2010\/03\/Forca-organizoi-8-Marsin-ne-Plav\u00eb.JPG\"><img loading=\"lazy\" class=\"alignleft size-full wp-image-31019\" title=\"Forca organizoi 8 Marsin ne Plav\u00eb\" src=\"http:\/\/www.visit-ulcinj.com\/blog\/wp-content\/uploads\/2010\/03\/Forca-organizoi-8-Marsin-ne-Plav\u00eb.JPG\" alt=\"Forca organizoi 8 Marsin ne Plav\u00eb\" width=\"580\" height=\"400\" \/><\/a>Plav\u00eb,\u00a0 08.03.2010<br \/>\nNr. 41\/10<\/strong><\/p>\n<p><strong>KUMTES\u00cb \u2013 7 dhe 8 marsi ne Plav\u00eb <\/strong><\/p>\n<p>Mbr\u00ebm\u00eb ne Qendr\u00ebn p\u00ebr Kulture ne Plave, Forca e Re Demokratike organizoi mbr\u00ebmje festive me rastin e sh\u00ebnimit te 7 marsit, dit\u00ebs s\u00eb m\u00ebsuesit dhe 8 marsit, dit\u00ebs se Grave.<br \/>\nNe k\u00ebt\u00eb mbr\u00ebmje ishin te ftuar m\u00ebsuesit dhe m\u00ebsueset shqiptar\u00eb te cil\u00ebt japin m\u00ebsim ne nga k\u00ebto troje por edhe m\u00ebsuesit ne pension me te cilin rast te gjith\u00ebve u japi nga nj\u00eb dhurate.<br \/>\nM\u00ebsuesit u fal\u00ebnderuan p\u00ebr kujdesin qe Forca ua ka bere me rastin e k\u00ebtyre festave i cili ishte edhe i vetmi rast kur nj\u00eb subjekt politik i kujtohet dhe i jep nj\u00eb nderim te tille.<br \/>\nMysafireve prezent u drejtua kryetari i Forc\u00ebs Nazif Cungu, N\u00ebnkryetari Xhaudet Cakuli dhe kryetarja e k\u00ebshillit komunal te Forc\u00ebs n\u00eb Plave zonja Vera Hakaj.<\/p>\n<p><strong>Sh\u00ebrbimi p\u00ebr informim i Forc\u00ebs<br \/>\nIlir Llazorja<br \/>\n<\/p>\n<p><\/strong><\/p>\n<p><strong> <\/strong><\/p>\n<p><strong> <\/strong><\/p>\n","protected":false},"excerpt":{"rendered":"<p>Plav\u00eb,\u00a0 08.03.2010 Nr. 41\/10 KUMTES\u00cb \u2013 7 dhe 8 marsi ne Plav\u00eb Mbr\u00ebm\u00eb ne Qendr\u00ebn p\u00ebr Kulture ne Plave, Forca e Re Demokratike organizoi mbr\u00ebmje festive me rastin e sh\u00ebnimit te 7 marsit, dit\u00ebs s\u00eb m\u00ebsuesit dhe 8 marsit, dit\u00ebs se Grave. Ne k\u00ebt\u00eb mbr\u00ebmje ishin te ftuar m\u00ebsuesit dhe m\u00ebsueset shqiptar\u00eb te cil\u00ebt japin [&hellip;]<\/p>\n","protected":false},"author":1,"featured_media":0,"comment_status":"open","ping_status":"closed","sticky":false,"template":"","format":"standard","meta":{"spay_email":"","jetpack_publicize_message":"","jetpack_is_tweetstorm":false,"jetpack_publicize_feature_enabled":true},"categories":[6],"tags":[13769,874,6501,13772,13771,13770],"jetpack_publicize_connections":[],"yoast_head":"<!-- This site is optimized with the Yoast SEO plugin v19.1 - https:\/\/yoast.com\/wordpress\/plugins\/seo\/ -->\n<title>Forca e Re Demokratike organizoi mbr\u00ebmje festive me rastin e 7 -8 marsit n\u00eb Plav\u00eb - Lajme nga Ulqini<\/title>\n<meta name=\"description\" content=\"Plav\u00eb,\u00a0 08.03.2010 Nr. 41\/10 KUMTES\u00cb \u2013 7 dhe 8 marsi ne Plav\u00eb Mbr\u00ebm\u00eb ne Qendr\u00ebn p\u00ebr Kulture ne Plave, Forca e Re Demokratike organizoi mbr\u00ebmje festive me\" \/>\n<meta name=\"robots\" content=\"index, follow, max-snippet:-1, max-image-preview:large, max-video-preview:-1\" \/>\n<link rel=\"canonical\" href=\"https:\/\/www.visit-ulcinj.com\/blog\/2010\/03\/08\/forca-e-re-demokratike-organizoi-mbremje-festive-me-rastin-e-7-8-marsit-ne-plave\/\" \/>\n<meta property=\"og:locale\" content=\"en_US\" \/>\n<meta property=\"og:type\" content=\"article\" \/>\n<meta property=\"og:title\" content=\"Forca e Re Demokratike organizoi mbr\u00ebmje festive me rastin e 7 -8 marsit n\u00eb Plav\u00eb - Lajme nga Ulqini\" \/>\n<meta property=\"og:description\" content=\"Plav\u00eb,\u00a0 08.03.2010 Nr. 41\/10 KUMTES\u00cb \u2013 7 dhe 8 marsi ne Plav\u00eb Mbr\u00ebm\u00eb ne Qendr\u00ebn p\u00ebr Kulture ne Plave, Forca e Re Demokratike organizoi mbr\u00ebmje festive me\" \/>\n<meta property=\"og:url\" content=\"https:\/\/www.visit-ulcinj.com\/blog\/2010\/03\/08\/forca-e-re-demokratike-organizoi-mbremje-festive-me-rastin-e-7-8-marsit-ne-plave\/\" \/>\n<meta property=\"og:site_name\" content=\"Lajme nga Ulqini\" \/>\n<meta property=\"article:published_time\" content=\"2010-03-08T17:46:50+00:00\" \/>\n<meta property=\"article:modified_time\" content=\"2010-03-17T07:11:54+00:00\" \/>\n<meta name=\"twitter:label1\" content=\"Written by\" \/>\n\t<meta name=\"twitter:data1\" content=\"ulqini\" \/>\n\t<meta name=\"twitter:label2\" content=\"Est. reading time\" \/>\n\t<meta name=\"twitter:data2\" content=\"1 minute\" \/>\n<script type=\"application\/ld+json\" class=\"yoast-schema-graph\">{\"@context\":\"https:\/\/schema.org\",\"@graph\":[{\"@type\":\"WebSite\",\"@id\":\"https:\/\/www.visit-ulcinj.com\/blog\/#website\",\"url\":\"https:\/\/www.visit-ulcinj.com\/blog\/\",\"name\":\"Lajme nga Ulqini\",\"description\":\"Lajme,Vijesti,Ulqini,Ulqin,Crna Gora,Mali i Zi\",\"potentialAction\":[{\"@type\":\"SearchAction\",\"target\":{\"@type\":\"EntryPoint\",\"urlTemplate\":\"https:\/\/www.visit-ulcinj.com\/blog\/?s={search_term_string}\"},\"query-input\":\"required name=search_term_string\"}],\"inLanguage\":\"en-US\"},{\"@type\":\"WebPage\",\"@id\":\"https:\/\/www.visit-ulcinj.com\/blog\/2010\/03\/08\/forca-e-re-demokratike-organizoi-mbremje-festive-me-rastin-e-7-8-marsit-ne-plave\/#webpage\",\"url\":\"https:\/\/www.visit-ulcinj.com\/blog\/2010\/03\/08\/forca-e-re-demokratike-organizoi-mbremje-festive-me-rastin-e-7-8-marsit-ne-plave\/\",\"name\":\"Forca e Re Demokratike organizoi mbr\u00ebmje festive me rastin e 7 -8 marsit n\u00eb Plav\u00eb - Lajme nga Ulqini\",\"isPartOf\":{\"@id\":\"https:\/\/www.visit-ulcinj.com\/blog\/#website\"},\"datePublished\":\"2010-03-08T17:46:50+00:00\",\"dateModified\":\"2010-03-17T07:11:54+00:00\",\"author\":{\"@id\":\"https:\/\/www.visit-ulcinj.com\/blog\/#\/schema\/person\/dcab619c614d3038751c63bc2aadc06d\"},\"description\":\"Plav\u00eb,\u00a0 08.03.2010 Nr. 41\/10 KUMTES\u00cb \u2013 7 dhe 8 marsi ne Plav\u00eb Mbr\u00ebm\u00eb ne Qendr\u00ebn p\u00ebr Kulture ne Plave, Forca e Re Demokratike organizoi mbr\u00ebmje festive me\",\"breadcrumb\":{\"@id\":\"https:\/\/www.visit-ulcinj.com\/blog\/2010\/03\/08\/forca-e-re-demokratike-organizoi-mbremje-festive-me-rastin-e-7-8-marsit-ne-plave\/#breadcrumb\"},\"inLanguage\":\"en-US\",\"potentialAction\":[{\"@type\":\"ReadAction\",\"target\":[\"https:\/\/www.visit-ulcinj.com\/blog\/2010\/03\/08\/forca-e-re-demokratike-organizoi-mbremje-festive-me-rastin-e-7-8-marsit-ne-plave\/\"]}]},{\"@type\":\"BreadcrumbList\",\"@id\":\"https:\/\/www.visit-ulcinj.com\/blog\/2010\/03\/08\/forca-e-re-demokratike-organizoi-mbremje-festive-me-rastin-e-7-8-marsit-ne-plave\/#breadcrumb\",\"itemListElement\":[{\"@type\":\"ListItem\",\"position\":1,\"name\":\"Forca e Re Demokratike organizoi mbr\u00ebmje festive me rastin e 7 -8 marsit n\u00eb Plav\u00eb\"}]},{\"@type\":\"Person\",\"@id\":\"https:\/\/www.visit-ulcinj.com\/blog\/#\/schema\/person\/dcab619c614d3038751c63bc2aadc06d\",\"name\":\"ulqini\",\"sameAs\":[\"http:\/\/www.visit-ulcinj.com\"],\"url\":\"https:\/\/www.visit-ulcinj.com\/blog\/author\/admin\/\"}]}<\/script>\n<!-- \/ Yoast SEO plugin. -->","yoast_head_json":{"title":"Forca e Re Demokratike organizoi mbr\u00ebmje festive me rastin e 7 -8 marsit n\u00eb Plav\u00eb - Lajme nga Ulqini","description":"Plav\u00eb,\u00a0 08.03.2010 Nr. 41\/10 KUMTES\u00cb \u2013 7 dhe 8 marsi ne Plav\u00eb Mbr\u00ebm\u00eb ne Qendr\u00ebn p\u00ebr Kulture ne Plave, Forca e Re Demokratike organizoi mbr\u00ebmje festive me","robots":{"index":"index","follow":"follow","max-snippet":"max-snippet:-1","max-image-preview":"max-image-preview:large","max-video-preview":"max-video-preview:-1"},"canonical":"https:\/\/www.visit-ulcinj.com\/blog\/2010\/03\/08\/forca-e-re-demokratike-organizoi-mbremje-festive-me-rastin-e-7-8-marsit-ne-plave\/","og_locale":"en_US","og_type":"article","og_title":"Forca e Re Demokratike organizoi mbr\u00ebmje festive me rastin e 7 -8 marsit n\u00eb Plav\u00eb - Lajme nga Ulqini","og_description":"Plav\u00eb,\u00a0 08.03.2010 Nr. 41\/10 KUMTES\u00cb \u2013 7 dhe 8 marsi ne Plav\u00eb Mbr\u00ebm\u00eb ne Qendr\u00ebn p\u00ebr Kulture ne Plave, Forca e Re Demokratike organizoi mbr\u00ebmje festive me","og_url":"https:\/\/www.visit-ulcinj.com\/blog\/2010\/03\/08\/forca-e-re-demokratike-organizoi-mbremje-festive-me-rastin-e-7-8-marsit-ne-plave\/","og_site_name":"Lajme nga Ulqini","article_published_time":"2010-03-08T17:46:50+00:00","article_modified_time":"2010-03-17T07:11:54+00:00","twitter_misc":{"Written by":"ulqini","Est. reading time":"1 minute"},"schema":{"@context":"https:\/\/schema.org","@graph":[{"@type":"WebSite","@id":"https:\/\/www.visit-ulcinj.com\/blog\/#website","url":"https:\/\/www.visit-ulcinj.com\/blog\/","name":"Lajme nga Ulqini","description":"Lajme,Vijesti,Ulqini,Ulqin,Crna Gora,Mali i Zi","potentialAction":[{"@type":"SearchAction","target":{"@type":"EntryPoint","urlTemplate":"https:\/\/www.visit-ulcinj.com\/blog\/?s={search_term_string}"},"query-input":"required name=search_term_string"}],"inLanguage":"en-US"},{"@type":"WebPage","@id":"https:\/\/www.visit-ulcinj.com\/blog\/2010\/03\/08\/forca-e-re-demokratike-organizoi-mbremje-festive-me-rastin-e-7-8-marsit-ne-plave\/#webpage","url":"https:\/\/www.visit-ulcinj.com\/blog\/2010\/03\/08\/forca-e-re-demokratike-organizoi-mbremje-festive-me-rastin-e-7-8-marsit-ne-plave\/","name":"Forca e Re Demokratike organizoi mbr\u00ebmje festive me rastin e 7 -8 marsit n\u00eb Plav\u00eb - Lajme nga Ulqini","isPartOf":{"@id":"https:\/\/www.visit-ulcinj.com\/blog\/#website"},"datePublished":"2010-03-08T17:46:50+00:00","dateModified":"2010-03-17T07:11:54+00:00","author":{"@id":"https:\/\/www.visit-ulcinj.com\/blog\/#\/schema\/person\/dcab619c614d3038751c63bc2aadc06d"},"description":"Plav\u00eb,\u00a0 08.03.2010 Nr. 41\/10 KUMTES\u00cb \u2013 7 dhe 8 marsi ne Plav\u00eb Mbr\u00ebm\u00eb ne Qendr\u00ebn p\u00ebr Kulture ne Plave, Forca e Re Demokratike organizoi mbr\u00ebmje festive me","breadcrumb":{"@id":"https:\/\/www.visit-ulcinj.com\/blog\/2010\/03\/08\/forca-e-re-demokratike-organizoi-mbremje-festive-me-rastin-e-7-8-marsit-ne-plave\/#breadcrumb"},"inLanguage":"en-US","potentialAction":[{"@type":"ReadAction","target":["https:\/\/www.visit-ulcinj.com\/blog\/2010\/03\/08\/forca-e-re-demokratike-organizoi-mbremje-festive-me-rastin-e-7-8-marsit-ne-plave\/"]}]},{"@type":"BreadcrumbList","@id":"https:\/\/www.visit-ulcinj.com\/blog\/2010\/03\/08\/forca-e-re-demokratike-organizoi-mbremje-festive-me-rastin-e-7-8-marsit-ne-plave\/#breadcrumb","itemListElement":[{"@type":"ListItem","position":1,"name":"Forca e Re Demokratike organizoi mbr\u00ebmje festive me rastin e 7 -8 marsit n\u00eb Plav\u00eb"}]},{"@type":"Person","@id":"https:\/\/www.visit-ulcinj.com\/blog\/#\/schema\/person\/dcab619c614d3038751c63bc2aadc06d","name":"ulqini","sameAs":["http:\/\/www.visit-ulcinj.com"],"url":"https:\/\/www.visit-ulcinj.com\/blog\/author\/admin\/"}]}},"jetpack_featured_media_url":"","jetpack_sharing_enabled":true,"jetpack_shortlink":"https:\/\/wp.me\/pe6lTn-845","_links":{"self":[{"href":"https:\/\/www.visit-ulcinj.com\/blog\/wp-json\/wp\/v2\/posts\/31005"}],"collection":[{"href":"https:\/\/www.visit-ulcinj.com\/blog\/wp-json\/wp\/v2\/posts"}],"about":[{"href":"https:\/\/www.visit-ulcinj.com\/blog\/wp-json\/wp\/v2\/types\/post"}],"author":[{"embeddable":true,"href":"https:\/\/www.visit-ulcinj.com\/blog\/wp-json\/wp\/v2\/users\/1"}],"replies":[{"embeddable":true,"href":"https:\/\/www.visit-ulcinj.com\/blog\/wp-json\/wp\/v2\/comments?post=31005"}],"version-history":[{"count":0,"href":"https:\/\/www.visit-ulcinj.com\/blog\/wp-json\/wp\/v2\/posts\/31005\/revisions"}],"wp:attachment":[{"href":"https:\/\/www.visit-ulcinj.com\/blog\/wp-json\/wp\/v2\/media?parent=31005"}],"wp:term":[{"taxonomy":"category","embeddable":true,"href":"https:\/\/www.visit-ulcinj.com\/blog\/wp-json\/wp\/v2\/categories?post=31005"},{"taxonomy":"post_tag","embeddable":true,"href":"https:\/\/www.visit-ulcinj.com\/blog\/wp-json\/wp\/v2\/tags?post=31005"}],"curies":[{"name":"wp","href":"https:\/\/api.w.org\/{rel}","templated":true}]}}