{"id":31008,"date":"2010-03-08T20:44:47","date_gmt":"2010-03-08T18:44:47","guid":{"rendered":"http:\/\/www.visit-ulcinj.com\/blog\/?p=31008"},"modified":"2010-12-22T08:40:41","modified_gmt":"2010-12-22T07:40:41","slug":"ulcinj-obara-rekord-zimske-turisticke-sezone","status":"publish","type":"post","link":"https:\/\/www.visit-ulcinj.com\/blog\/2010\/03\/08\/ulcinj-obara-rekord-zimske-turisticke-sezone\/","title":{"rendered":"Ulcinj obara rekord zimske turisticke sezone"},"content":{"rendered":"<p><strong><a href=\"http:\/\/www.visit-ulcinj.com\/blog\/wp-content\/uploads\/2010\/03\/HTP-_Ulcinjska-rivijera_Crna-Gora.jpg\"><img loading=\"lazy\" class=\"alignleft size-full wp-image-31009\" title=\"HTP _Ulcinjska rivijera_Crna Gora\" src=\"http:\/\/www.visit-ulcinj.com\/blog\/wp-content\/uploads\/2010\/03\/HTP-_Ulcinjska-rivijera_Crna-Gora.jpg\" alt=\"HTP _Ulcinjska rivijera_Crna Gora\" width=\"580\" height=\"400\" \/><\/a>Ulcinj obara rekord<\/strong><br \/>\nUlcinj \u2013 Zimska turisti?ka sezona ve? je rekordna u posljednjih deset godina iako gosti jo\u0161 pristi\u017eu, saop\u0161teno je iz HTP &#8220;Ulcinjska rivijera&#8221;. Tokom januara i februara u hotelu &#8220;Olimpik&#8221; na Velikoj pla\u017ei ostvarena su 7.574 no?enja, \u0161to je za osam odsto vi\u0161e u odnosu na lani.<br \/>\n\u201cU istom periodu u na\u0161im hotelima boravilo je 1.135 gostiju za 47 odsto vi\u0161e nego pro\u0161le godine&#8221;, navodi se u saop\u0161tenju portparola Ane \u017divanovi?. Ona je naglasila da je najvi\u0161e gostiju poslao Fudbalski savez Crne Gore sa kojim \u201cUlcinjska rivijera\u201d ima odli?nu dugogodi\u0161nju saradnju, &#8220;a posebno sa prvim ?ovjekom crnogorskog fudbala Dejanom Savi?evi?em, koji je u dva navrata bio njihov gost&#8221;.<\/p>\n<p><strong>S.A.<br \/>\n<a href=\"http:\/\/www.vijesti.me\/\" target=\"_blank\">Vijesti<\/a><br \/>\n<\/strong><!--YouTube Error: bad URL entered--><\/p>\n","protected":false},"excerpt":{"rendered":"<p>Ulcinj obara rekord Ulcinj \u2013 Zimska turisti?ka sezona ve? je rekordna u posljednjih deset godina iako gosti jo\u0161 pristi\u017eu, saop\u0161teno je iz HTP &#8220;Ulcinjska rivijera&#8221;. Tokom januara i februara u hotelu &#8220;Olimpik&#8221; na Velikoj pla\u017ei ostvarena su 7.574 no?enja, \u0161to je za osam odsto vi\u0161e u odnosu na lani. \u201cU istom periodu u na\u0161im hotelima [&hellip;]<\/p>\n","protected":false},"author":1,"featured_media":0,"comment_status":"open","ping_status":"closed","sticky":false,"template":"","format":"standard","meta":{"spay_email":"","jetpack_publicize_message":"","jetpack_is_tweetstorm":false,"jetpack_publicize_feature_enabled":true},"categories":[8337],"tags":[13773,12450,13774,5098,808,250],"jetpack_publicize_connections":[],"yoast_head":"<!-- This site is optimized with the Yoast SEO plugin v19.1 - https:\/\/yoast.com\/wordpress\/plugins\/seo\/ -->\n<title>Ulcinj obara rekord zimske turisticke sezone - Lajme nga Ulqini<\/title>\n<meta name=\"description\" content=\"Ulcinj obara rekord Ulcinj \u2013 Zimska turisti?ka sezona ve? je rekordna u posljednjih deset godina iako gosti jo\u0161 pristi\u017eu, saop\u0161teno je iz HTP &quot;Ulcinjska\" \/>\n<meta name=\"robots\" content=\"index, follow, max-snippet:-1, max-image-preview:large, max-video-preview:-1\" \/>\n<link rel=\"canonical\" href=\"https:\/\/www.visit-ulcinj.com\/blog\/2010\/03\/08\/ulcinj-obara-rekord-zimske-turisticke-sezone\/\" \/>\n<meta property=\"og:locale\" content=\"en_US\" \/>\n<meta property=\"og:type\" content=\"article\" \/>\n<meta property=\"og:title\" content=\"Ulcinj obara rekord zimske turisticke sezone - Lajme nga Ulqini\" \/>\n<meta property=\"og:description\" content=\"Ulcinj obara rekord Ulcinj \u2013 Zimska turisti?ka sezona ve? je rekordna u posljednjih deset godina iako gosti jo\u0161 pristi\u017eu, saop\u0161teno je iz HTP &quot;Ulcinjska\" \/>\n<meta property=\"og:url\" content=\"https:\/\/www.visit-ulcinj.com\/blog\/2010\/03\/08\/ulcinj-obara-rekord-zimske-turisticke-sezone\/\" \/>\n<meta property=\"og:site_name\" content=\"Lajme nga Ulqini\" \/>\n<meta property=\"article:published_time\" content=\"2010-03-08T18:44:47+00:00\" \/>\n<meta property=\"article:modified_time\" content=\"2010-12-22T07:40:41+00:00\" \/>\n<meta property=\"og:image\" content=\"http:\/\/www.visit-ulcinj.com\/blog\/wp-content\/uploads\/2010\/03\/HTP-_Ulcinjska-rivijera_Crna-Gora.jpg\" \/>\n<meta name=\"twitter:label1\" content=\"Written by\" \/>\n\t<meta name=\"twitter:data1\" content=\"ulqini\" \/>\n\t<meta name=\"twitter:label2\" content=\"Est. reading time\" \/>\n\t<meta name=\"twitter:data2\" content=\"1 minute\" \/>\n<script type=\"application\/ld+json\" class=\"yoast-schema-graph\">{\"@context\":\"https:\/\/schema.org\",\"@graph\":[{\"@type\":\"WebSite\",\"@id\":\"https:\/\/www.visit-ulcinj.com\/blog\/#website\",\"url\":\"https:\/\/www.visit-ulcinj.com\/blog\/\",\"name\":\"Lajme nga Ulqini\",\"description\":\"Lajme,Vijesti,Ulqini,Ulqin,Crna Gora,Mali i Zi\",\"potentialAction\":[{\"@type\":\"SearchAction\",\"target\":{\"@type\":\"EntryPoint\",\"urlTemplate\":\"https:\/\/www.visit-ulcinj.com\/blog\/?s={search_term_string}\"},\"query-input\":\"required name=search_term_string\"}],\"inLanguage\":\"en-US\"},{\"@type\":\"ImageObject\",\"inLanguage\":\"en-US\",\"@id\":\"https:\/\/www.visit-ulcinj.com\/blog\/2010\/03\/08\/ulcinj-obara-rekord-zimske-turisticke-sezone\/#primaryimage\",\"url\":\"https:\/\/www.visit-ulcinj.com\/blog\/wp-content\/uploads\/2010\/03\/HTP-_Ulcinjska-rivijera_Crna-Gora.jpg\",\"contentUrl\":\"https:\/\/www.visit-ulcinj.com\/blog\/wp-content\/uploads\/2010\/03\/HTP-_Ulcinjska-rivijera_Crna-Gora.jpg\",\"width\":\"720\",\"height\":\"516\"},{\"@type\":\"WebPage\",\"@id\":\"https:\/\/www.visit-ulcinj.com\/blog\/2010\/03\/08\/ulcinj-obara-rekord-zimske-turisticke-sezone\/#webpage\",\"url\":\"https:\/\/www.visit-ulcinj.com\/blog\/2010\/03\/08\/ulcinj-obara-rekord-zimske-turisticke-sezone\/\",\"name\":\"Ulcinj obara rekord zimske turisticke sezone - Lajme nga Ulqini\",\"isPartOf\":{\"@id\":\"https:\/\/www.visit-ulcinj.com\/blog\/#website\"},\"primaryImageOfPage\":{\"@id\":\"https:\/\/www.visit-ulcinj.com\/blog\/2010\/03\/08\/ulcinj-obara-rekord-zimske-turisticke-sezone\/#primaryimage\"},\"datePublished\":\"2010-03-08T18:44:47+00:00\",\"dateModified\":\"2010-12-22T07:40:41+00:00\",\"author\":{\"@id\":\"https:\/\/www.visit-ulcinj.com\/blog\/#\/schema\/person\/dcab619c614d3038751c63bc2aadc06d\"},\"description\":\"Ulcinj obara rekord Ulcinj \u2013 Zimska turisti?ka sezona ve? je rekordna u posljednjih deset godina iako gosti jo\u0161 pristi\u017eu, saop\u0161teno je iz HTP \\\"Ulcinjska\",\"breadcrumb\":{\"@id\":\"https:\/\/www.visit-ulcinj.com\/blog\/2010\/03\/08\/ulcinj-obara-rekord-zimske-turisticke-sezone\/#breadcrumb\"},\"inLanguage\":\"en-US\",\"potentialAction\":[{\"@type\":\"ReadAction\",\"target\":[\"https:\/\/www.visit-ulcinj.com\/blog\/2010\/03\/08\/ulcinj-obara-rekord-zimske-turisticke-sezone\/\"]}]},{\"@type\":\"BreadcrumbList\",\"@id\":\"https:\/\/www.visit-ulcinj.com\/blog\/2010\/03\/08\/ulcinj-obara-rekord-zimske-turisticke-sezone\/#breadcrumb\",\"itemListElement\":[{\"@type\":\"ListItem\",\"position\":1,\"name\":\"Ulcinj obara rekord zimske turisticke sezone\"}]},{\"@type\":\"Person\",\"@id\":\"https:\/\/www.visit-ulcinj.com\/blog\/#\/schema\/person\/dcab619c614d3038751c63bc2aadc06d\",\"name\":\"ulqini\",\"sameAs\":[\"http:\/\/www.visit-ulcinj.com\"],\"url\":\"https:\/\/www.visit-ulcinj.com\/blog\/author\/admin\/\"}]}<\/script>\n<!-- \/ Yoast SEO plugin. -->","yoast_head_json":{"title":"Ulcinj obara rekord zimske turisticke sezone - Lajme nga Ulqini","description":"Ulcinj obara rekord Ulcinj \u2013 Zimska turisti?ka sezona ve? je rekordna u posljednjih deset godina iako gosti jo\u0161 pristi\u017eu, saop\u0161teno je iz HTP \"Ulcinjska","robots":{"index":"index","follow":"follow","max-snippet":"max-snippet:-1","max-image-preview":"max-image-preview:large","max-video-preview":"max-video-preview:-1"},"canonical":"https:\/\/www.visit-ulcinj.com\/blog\/2010\/03\/08\/ulcinj-obara-rekord-zimske-turisticke-sezone\/","og_locale":"en_US","og_type":"article","og_title":"Ulcinj obara rekord zimske turisticke sezone - Lajme nga Ulqini","og_description":"Ulcinj obara rekord Ulcinj \u2013 Zimska turisti?ka sezona ve? je rekordna u posljednjih deset godina iako gosti jo\u0161 pristi\u017eu, saop\u0161teno je iz HTP \"Ulcinjska","og_url":"https:\/\/www.visit-ulcinj.com\/blog\/2010\/03\/08\/ulcinj-obara-rekord-zimske-turisticke-sezone\/","og_site_name":"Lajme nga Ulqini","article_published_time":"2010-03-08T18:44:47+00:00","article_modified_time":"2010-12-22T07:40:41+00:00","og_image":[{"url":"http:\/\/www.visit-ulcinj.com\/blog\/wp-content\/uploads\/2010\/03\/HTP-_Ulcinjska-rivijera_Crna-Gora.jpg"}],"twitter_misc":{"Written by":"ulqini","Est. reading time":"1 minute"},"schema":{"@context":"https:\/\/schema.org","@graph":[{"@type":"WebSite","@id":"https:\/\/www.visit-ulcinj.com\/blog\/#website","url":"https:\/\/www.visit-ulcinj.com\/blog\/","name":"Lajme nga Ulqini","description":"Lajme,Vijesti,Ulqini,Ulqin,Crna Gora,Mali i Zi","potentialAction":[{"@type":"SearchAction","target":{"@type":"EntryPoint","urlTemplate":"https:\/\/www.visit-ulcinj.com\/blog\/?s={search_term_string}"},"query-input":"required name=search_term_string"}],"inLanguage":"en-US"},{"@type":"ImageObject","inLanguage":"en-US","@id":"https:\/\/www.visit-ulcinj.com\/blog\/2010\/03\/08\/ulcinj-obara-rekord-zimske-turisticke-sezone\/#primaryimage","url":"https:\/\/www.visit-ulcinj.com\/blog\/wp-content\/uploads\/2010\/03\/HTP-_Ulcinjska-rivijera_Crna-Gora.jpg","contentUrl":"https:\/\/www.visit-ulcinj.com\/blog\/wp-content\/uploads\/2010\/03\/HTP-_Ulcinjska-rivijera_Crna-Gora.jpg","width":"720","height":"516"},{"@type":"WebPage","@id":"https:\/\/www.visit-ulcinj.com\/blog\/2010\/03\/08\/ulcinj-obara-rekord-zimske-turisticke-sezone\/#webpage","url":"https:\/\/www.visit-ulcinj.com\/blog\/2010\/03\/08\/ulcinj-obara-rekord-zimske-turisticke-sezone\/","name":"Ulcinj obara rekord zimske turisticke sezone - Lajme nga Ulqini","isPartOf":{"@id":"https:\/\/www.visit-ulcinj.com\/blog\/#website"},"primaryImageOfPage":{"@id":"https:\/\/www.visit-ulcinj.com\/blog\/2010\/03\/08\/ulcinj-obara-rekord-zimske-turisticke-sezone\/#primaryimage"},"datePublished":"2010-03-08T18:44:47+00:00","dateModified":"2010-12-22T07:40:41+00:00","author":{"@id":"https:\/\/www.visit-ulcinj.com\/blog\/#\/schema\/person\/dcab619c614d3038751c63bc2aadc06d"},"description":"Ulcinj obara rekord Ulcinj \u2013 Zimska turisti?ka sezona ve? je rekordna u posljednjih deset godina iako gosti jo\u0161 pristi\u017eu, saop\u0161teno je iz HTP \"Ulcinjska","breadcrumb":{"@id":"https:\/\/www.visit-ulcinj.com\/blog\/2010\/03\/08\/ulcinj-obara-rekord-zimske-turisticke-sezone\/#breadcrumb"},"inLanguage":"en-US","potentialAction":[{"@type":"ReadAction","target":["https:\/\/www.visit-ulcinj.com\/blog\/2010\/03\/08\/ulcinj-obara-rekord-zimske-turisticke-sezone\/"]}]},{"@type":"BreadcrumbList","@id":"https:\/\/www.visit-ulcinj.com\/blog\/2010\/03\/08\/ulcinj-obara-rekord-zimske-turisticke-sezone\/#breadcrumb","itemListElement":[{"@type":"ListItem","position":1,"name":"Ulcinj obara rekord zimske turisticke sezone"}]},{"@type":"Person","@id":"https:\/\/www.visit-ulcinj.com\/blog\/#\/schema\/person\/dcab619c614d3038751c63bc2aadc06d","name":"ulqini","sameAs":["http:\/\/www.visit-ulcinj.com"],"url":"https:\/\/www.visit-ulcinj.com\/blog\/author\/admin\/"}]}},"jetpack_featured_media_url":"","jetpack_sharing_enabled":true,"jetpack_shortlink":"https:\/\/wp.me\/pe6lTn-848","_links":{"self":[{"href":"https:\/\/www.visit-ulcinj.com\/blog\/wp-json\/wp\/v2\/posts\/31008"}],"collection":[{"href":"https:\/\/www.visit-ulcinj.com\/blog\/wp-json\/wp\/v2\/posts"}],"about":[{"href":"https:\/\/www.visit-ulcinj.com\/blog\/wp-json\/wp\/v2\/types\/post"}],"author":[{"embeddable":true,"href":"https:\/\/www.visit-ulcinj.com\/blog\/wp-json\/wp\/v2\/users\/1"}],"replies":[{"embeddable":true,"href":"https:\/\/www.visit-ulcinj.com\/blog\/wp-json\/wp\/v2\/comments?post=31008"}],"version-history":[{"count":0,"href":"https:\/\/www.visit-ulcinj.com\/blog\/wp-json\/wp\/v2\/posts\/31008\/revisions"}],"wp:attachment":[{"href":"https:\/\/www.visit-ulcinj.com\/blog\/wp-json\/wp\/v2\/media?parent=31008"}],"wp:term":[{"taxonomy":"category","embeddable":true,"href":"https:\/\/www.visit-ulcinj.com\/blog\/wp-json\/wp\/v2\/categories?post=31008"},{"taxonomy":"post_tag","embeddable":true,"href":"https:\/\/www.visit-ulcinj.com\/blog\/wp-json\/wp\/v2\/tags?post=31008"}],"curies":[{"name":"wp","href":"https:\/\/api.w.org\/{rel}","templated":true}]}}