{"id":311,"date":"2008-01-28T13:09:22","date_gmt":"2008-01-28T18:09:22","guid":{"rendered":"http:\/\/www.visit-ulcinj.com\/blog\/2008\/01\/28\/po-pavaresise-se-kosoves\/"},"modified":"2008-02-12T20:00:47","modified_gmt":"2008-02-13T01:00:47","slug":"po-pavaresise-se-kosoves","status":"publish","type":"post","link":"https:\/\/www.visit-ulcinj.com\/blog\/2008\/01\/28\/po-pavaresise-se-kosoves\/","title":{"rendered":"Po, pavar\u00ebsis\u00eb s\u00eb Kosov\u00ebs"},"content":{"rendered":"<p><a href=\"http:\/\/www.visit-ulcinj.com\/blog\/2008\/01\/28\/po-pavaresise-se-kosoves\/djukanovic-solana\/\" rel=\"attachment wp-att-310\" title=\"djukanovic-solana\"><img loading=\"lazy\" src=\"http:\/\/www.visit-ulcinj.com\/blog\/wp-content\/uploads\/2008\/01\/djukonic-solana.jpg\" alt=\"djukanovic-solana\" align=\"left\" height=\"113\" hspace=\"2\" vspace=\"2\" width=\"160\" \/><\/a>Politikani q\u00eb udh\u00ebhoqi nj\u00eb vit m\u00eb par\u00eb bllokun&#8221;Po pavar\u00ebsis\u00eb s\u00eb Malit t\u00eb Zi&#8221;, Milo Djukanovic ka deklaruar se Podgorica do ta njoh\u00eb pavar\u00ebsin\u00eb e Kosov\u00ebs. Ai tha se vendi i tij \u00ebsht\u00eb p\u00ebrcaktuar p\u00ebr rrug\u00ebn europiane, prandaj nuk do t\u00eb ket\u00eb shmangie t\u00eb k\u00ebsaj rruge edhe n\u00eb rastin e Kosov\u00ebs.<!--more--><br \/>\nPodgoric\u00eb, 27 janar \u2014 Politikani m\u00eb popullor i Malit t\u00eb Zi dhe nj\u00ebher\u00ebsh Lider i Partis\u00eb Demokratike t\u00eb Socialist\u00ebve,Milo Djukanovic ka deklaruar se Mali i Zi &#8211; sikur edhe shtetet e tjera t\u00eb rejonit &#8211; do ta njoh\u00eb pavar\u00ebsin\u00eb e Kosov\u00ebs,pas shpalljes s\u00eb saj nga ana e Kuvendit t\u00eb Kosov\u00ebs.&#8221;Ne jemi p\u00ebrcaktuar t\u00eb b\u00ebhemi pjes\u00eb e Bashkimit Europian prandaj do t\u00eb duhet t&#8217;i respektojm\u00eb vendimet e tij&#8221;, tha Djukanovic n\u00eb nj\u00eb intervist\u00eb p\u00ebr televizionin boshnjak, &#8220;Hajat&#8221;. Tutje, &#8220;babai i pavar\u00ebsis\u00eb s\u00eb Malit t\u00eb Zi&#8221; sqaroj\u00eb hapat e m\u00ebtejm\u00eb t\u00eb Podgoric\u00ebs, pas vendimit t\u00eb kosovar\u00ebve p\u00ebr shpallje t\u00eb pavar\u00ebsis\u00eb s\u00eb tyre.&#8221;Natyrisht, Malit t\u00eb Zi nuk i takon roli i bajraktarit kur b\u00ebhet fjal\u00eb p\u00ebr pavar\u00ebsin\u00eb e Kosov\u00ebs dhe gjithsesi nuk do t\u00eb nxitoj\u00eb me njohjen e saj. Mir\u00ebpo n\u00eb fund, do t\u00eb veproj\u00eb ashtu sikur edhe shtetet t\u00eb tjera t\u00eb regjionit&#8221;, tha ai.Deri m\u00eb tash, zyrtar\u00ebt e lart\u00eb malazez kan\u00eb hezituar t\u00eb flasin rreth pavar\u00ebsis\u00eb s\u00eb Kosov\u00ebs, p\u00ebr shkak t\u00eb efekteve q\u00eb mund t\u00eb sillnin deklarata t\u00eb tilla n\u00eb opinionin e brendsh\u00ebm. Mir\u00ebpo deri m\u00eb tash, Mali i Zi \u00ebsht\u00eb treguar jasht\u00ebzakonisht kooperativ\u00eb me Kosov\u00ebn dhe qytetar\u00ebt e saj. Mali i Zi njeh dokumentet e udh\u00ebtimit t\u00eb Kosovar\u00ebve,ashtu sikurse edhe tabelat e veturave.P\u00ebr m\u00eb tep\u00ebr, nj\u00eb pjes\u00eb jasht\u00ebzakonisht e madhe e tregtis\u00eb s\u00eb Kosov\u00ebs b\u00ebhet me Malin e Zi. Milo Djukanovic \u00ebsht\u00eb politikani i par\u00eb malazez q\u00eb thot\u00eb se vendi i tij do ta njoh pavar\u00ebsin\u00eb e Kosov\u00ebs.<br \/>\nTutje, n\u00eb intervist\u00ebn q\u00eb Ish- Kryeministri i Malit t\u00eb Zi dha p\u00ebr televizionin &#8220;Hajat&#8221; foli edhe rreth zgjedhjeve presidenciale n\u00eb Serbi.Ai u shpreh se shpreson se Serbia do t\u00eb p\u00ebrcaktohet p\u00ebr rrug\u00ebn e saj europiane, mir\u00ebpo kritikoi udh\u00ebheq\u00ebsit e tash\u00ebm n\u00eb Serbi, t\u00eb cil\u00ebt sipas tij, p\u00ebr shkak t\u00eb politik\u00ebs jo t\u00eb shkath\u00ebt i kan\u00eb krijuar hap\u00ebsir\u00eb radikalit,Tomislav Nikolic.&#8221;Politikan\u00ebt aktual n\u00eb Serbi u treguan aspak t\u00eb shkatht\u00eb n\u00eb rastin e Tomislav Nikolic. Prandaj ai sot ka hap\u00ebsir\u00eb t\u00eb mir\u00eb atje&#8221;, tha Djukanovic.Milo Djukanovic njihet si politikani nj\u00eb nd\u00ebr politikan\u00ebt e vet\u00ebm n\u00eb Mal t\u00eb Zi dhe m\u00eb gjer\u00eb,i cili i rezistoi nd\u00ebrrimit t\u00eb sistemeve.P\u00ebr shum\u00eb vjet ai ka qen\u00eb Kryeminist\u00ebr, por edhe President i Malit t\u00eb Zi. Ai e braktisi politik\u00ebn aktive menj\u00ebher\u00eb pas pavar\u00ebsis\u00eb s\u00eb vendit t\u00eb tij.Por aktualisht ka spekulimi se Djukanovic s\u00ebrish do t\u00eb kthehet n\u00eb politik\u00eb, si Kryeminist\u00ebr.<br \/>\n<strong>Gazeta Express<\/strong><\/p>\n","protected":false},"excerpt":{"rendered":"<p><img loading=\"lazy\" src=\"http:\/\/www.visit-ulcinj.com\/blog\/wp-content\/uploads\/2008\/01\/djukonic-solana.jpg\" alt=\"djukanovic-solana\" height=\"140\" width=\"140\" \/><\/p>\n","protected":false},"author":1,"featured_media":0,"comment_status":"open","ping_status":"closed","sticky":false,"template":"","format":"standard","meta":{"spay_email":"","jetpack_publicize_message":"","jetpack_is_tweetstorm":false,"jetpack_publicize_feature_enabled":true},"categories":[1],"tags":[],"jetpack_publicize_connections":[],"yoast_head":"<!-- This site is optimized with the Yoast SEO plugin v19.1 - https:\/\/yoast.com\/wordpress\/plugins\/seo\/ -->\n<title>Po, pavar\u00ebsis\u00eb s\u00eb Kosov\u00ebs - Lajme nga Ulqini<\/title>\n<meta name=\"robots\" content=\"index, follow, max-snippet:-1, max-image-preview:large, max-video-preview:-1\" \/>\n<link rel=\"canonical\" href=\"https:\/\/www.visit-ulcinj.com\/blog\/2008\/01\/28\/po-pavaresise-se-kosoves\/\" \/>\n<meta property=\"og:locale\" content=\"en_US\" \/>\n<meta property=\"og:type\" content=\"article\" \/>\n<meta property=\"og:title\" content=\"Po, pavar\u00ebsis\u00eb s\u00eb Kosov\u00ebs - Lajme nga Ulqini\" \/>\n<meta property=\"og:url\" content=\"https:\/\/www.visit-ulcinj.com\/blog\/2008\/01\/28\/po-pavaresise-se-kosoves\/\" \/>\n<meta property=\"og:site_name\" content=\"Lajme nga Ulqini\" \/>\n<meta property=\"article:published_time\" content=\"2008-01-28T18:09:22+00:00\" \/>\n<meta property=\"article:modified_time\" content=\"2008-02-13T01:00:47+00:00\" \/>\n<meta property=\"og:image\" content=\"http:\/\/www.visit-ulcinj.com\/blog\/wp-content\/uploads\/2008\/01\/djukonic-solana.jpg\" \/>\n<meta name=\"twitter:label1\" content=\"Written by\" \/>\n\t<meta name=\"twitter:data1\" content=\"ulqini\" \/>\n\t<meta name=\"twitter:label2\" content=\"Est. reading time\" \/>\n\t<meta name=\"twitter:data2\" content=\"3 minutes\" \/>\n<script type=\"application\/ld+json\" class=\"yoast-schema-graph\">{\"@context\":\"https:\/\/schema.org\",\"@graph\":[{\"@type\":\"WebSite\",\"@id\":\"https:\/\/www.visit-ulcinj.com\/blog\/#website\",\"url\":\"https:\/\/www.visit-ulcinj.com\/blog\/\",\"name\":\"Lajme nga Ulqini\",\"description\":\"Lajme,Vijesti,Ulqini,Ulqin,Crna Gora,Mali i Zi\",\"potentialAction\":[{\"@type\":\"SearchAction\",\"target\":{\"@type\":\"EntryPoint\",\"urlTemplate\":\"https:\/\/www.visit-ulcinj.com\/blog\/?s={search_term_string}\"},\"query-input\":\"required name=search_term_string\"}],\"inLanguage\":\"en-US\"},{\"@type\":\"ImageObject\",\"inLanguage\":\"en-US\",\"@id\":\"https:\/\/www.visit-ulcinj.com\/blog\/2008\/01\/28\/po-pavaresise-se-kosoves\/#primaryimage\",\"url\":\"http:\/\/www.visit-ulcinj.com\/blog\/wp-content\/uploads\/2008\/01\/djukonic-solana.jpg\",\"contentUrl\":\"http:\/\/www.visit-ulcinj.com\/blog\/wp-content\/uploads\/2008\/01\/djukonic-solana.jpg\"},{\"@type\":\"WebPage\",\"@id\":\"https:\/\/www.visit-ulcinj.com\/blog\/2008\/01\/28\/po-pavaresise-se-kosoves\/#webpage\",\"url\":\"https:\/\/www.visit-ulcinj.com\/blog\/2008\/01\/28\/po-pavaresise-se-kosoves\/\",\"name\":\"Po, pavar\u00ebsis\u00eb s\u00eb Kosov\u00ebs - Lajme nga Ulqini\",\"isPartOf\":{\"@id\":\"https:\/\/www.visit-ulcinj.com\/blog\/#website\"},\"primaryImageOfPage\":{\"@id\":\"https:\/\/www.visit-ulcinj.com\/blog\/2008\/01\/28\/po-pavaresise-se-kosoves\/#primaryimage\"},\"datePublished\":\"2008-01-28T18:09:22+00:00\",\"dateModified\":\"2008-02-13T01:00:47+00:00\",\"author\":{\"@id\":\"https:\/\/www.visit-ulcinj.com\/blog\/#\/schema\/person\/dcab619c614d3038751c63bc2aadc06d\"},\"breadcrumb\":{\"@id\":\"https:\/\/www.visit-ulcinj.com\/blog\/2008\/01\/28\/po-pavaresise-se-kosoves\/#breadcrumb\"},\"inLanguage\":\"en-US\",\"potentialAction\":[{\"@type\":\"ReadAction\",\"target\":[\"https:\/\/www.visit-ulcinj.com\/blog\/2008\/01\/28\/po-pavaresise-se-kosoves\/\"]}]},{\"@type\":\"BreadcrumbList\",\"@id\":\"https:\/\/www.visit-ulcinj.com\/blog\/2008\/01\/28\/po-pavaresise-se-kosoves\/#breadcrumb\",\"itemListElement\":[{\"@type\":\"ListItem\",\"position\":1,\"name\":\"Po, pavar\u00ebsis\u00eb s\u00eb Kosov\u00ebs\"}]},{\"@type\":\"Person\",\"@id\":\"https:\/\/www.visit-ulcinj.com\/blog\/#\/schema\/person\/dcab619c614d3038751c63bc2aadc06d\",\"name\":\"ulqini\",\"sameAs\":[\"http:\/\/www.visit-ulcinj.com\"],\"url\":\"https:\/\/www.visit-ulcinj.com\/blog\/author\/admin\/\"}]}<\/script>\n<!-- \/ Yoast SEO plugin. -->","yoast_head_json":{"title":"Po, pavar\u00ebsis\u00eb s\u00eb Kosov\u00ebs - Lajme nga Ulqini","robots":{"index":"index","follow":"follow","max-snippet":"max-snippet:-1","max-image-preview":"max-image-preview:large","max-video-preview":"max-video-preview:-1"},"canonical":"https:\/\/www.visit-ulcinj.com\/blog\/2008\/01\/28\/po-pavaresise-se-kosoves\/","og_locale":"en_US","og_type":"article","og_title":"Po, pavar\u00ebsis\u00eb s\u00eb Kosov\u00ebs - Lajme nga Ulqini","og_url":"https:\/\/www.visit-ulcinj.com\/blog\/2008\/01\/28\/po-pavaresise-se-kosoves\/","og_site_name":"Lajme nga Ulqini","article_published_time":"2008-01-28T18:09:22+00:00","article_modified_time":"2008-02-13T01:00:47+00:00","og_image":[{"url":"http:\/\/www.visit-ulcinj.com\/blog\/wp-content\/uploads\/2008\/01\/djukonic-solana.jpg"}],"twitter_misc":{"Written by":"ulqini","Est. reading time":"3 minutes"},"schema":{"@context":"https:\/\/schema.org","@graph":[{"@type":"WebSite","@id":"https:\/\/www.visit-ulcinj.com\/blog\/#website","url":"https:\/\/www.visit-ulcinj.com\/blog\/","name":"Lajme nga Ulqini","description":"Lajme,Vijesti,Ulqini,Ulqin,Crna Gora,Mali i Zi","potentialAction":[{"@type":"SearchAction","target":{"@type":"EntryPoint","urlTemplate":"https:\/\/www.visit-ulcinj.com\/blog\/?s={search_term_string}"},"query-input":"required name=search_term_string"}],"inLanguage":"en-US"},{"@type":"ImageObject","inLanguage":"en-US","@id":"https:\/\/www.visit-ulcinj.com\/blog\/2008\/01\/28\/po-pavaresise-se-kosoves\/#primaryimage","url":"http:\/\/www.visit-ulcinj.com\/blog\/wp-content\/uploads\/2008\/01\/djukonic-solana.jpg","contentUrl":"http:\/\/www.visit-ulcinj.com\/blog\/wp-content\/uploads\/2008\/01\/djukonic-solana.jpg"},{"@type":"WebPage","@id":"https:\/\/www.visit-ulcinj.com\/blog\/2008\/01\/28\/po-pavaresise-se-kosoves\/#webpage","url":"https:\/\/www.visit-ulcinj.com\/blog\/2008\/01\/28\/po-pavaresise-se-kosoves\/","name":"Po, pavar\u00ebsis\u00eb s\u00eb Kosov\u00ebs - Lajme nga Ulqini","isPartOf":{"@id":"https:\/\/www.visit-ulcinj.com\/blog\/#website"},"primaryImageOfPage":{"@id":"https:\/\/www.visit-ulcinj.com\/blog\/2008\/01\/28\/po-pavaresise-se-kosoves\/#primaryimage"},"datePublished":"2008-01-28T18:09:22+00:00","dateModified":"2008-02-13T01:00:47+00:00","author":{"@id":"https:\/\/www.visit-ulcinj.com\/blog\/#\/schema\/person\/dcab619c614d3038751c63bc2aadc06d"},"breadcrumb":{"@id":"https:\/\/www.visit-ulcinj.com\/blog\/2008\/01\/28\/po-pavaresise-se-kosoves\/#breadcrumb"},"inLanguage":"en-US","potentialAction":[{"@type":"ReadAction","target":["https:\/\/www.visit-ulcinj.com\/blog\/2008\/01\/28\/po-pavaresise-se-kosoves\/"]}]},{"@type":"BreadcrumbList","@id":"https:\/\/www.visit-ulcinj.com\/blog\/2008\/01\/28\/po-pavaresise-se-kosoves\/#breadcrumb","itemListElement":[{"@type":"ListItem","position":1,"name":"Po, pavar\u00ebsis\u00eb s\u00eb Kosov\u00ebs"}]},{"@type":"Person","@id":"https:\/\/www.visit-ulcinj.com\/blog\/#\/schema\/person\/dcab619c614d3038751c63bc2aadc06d","name":"ulqini","sameAs":["http:\/\/www.visit-ulcinj.com"],"url":"https:\/\/www.visit-ulcinj.com\/blog\/author\/admin\/"}]}},"jetpack_featured_media_url":"","jetpack_sharing_enabled":true,"jetpack_shortlink":"https:\/\/wp.me\/pe6lTn-51","_links":{"self":[{"href":"https:\/\/www.visit-ulcinj.com\/blog\/wp-json\/wp\/v2\/posts\/311"}],"collection":[{"href":"https:\/\/www.visit-ulcinj.com\/blog\/wp-json\/wp\/v2\/posts"}],"about":[{"href":"https:\/\/www.visit-ulcinj.com\/blog\/wp-json\/wp\/v2\/types\/post"}],"author":[{"embeddable":true,"href":"https:\/\/www.visit-ulcinj.com\/blog\/wp-json\/wp\/v2\/users\/1"}],"replies":[{"embeddable":true,"href":"https:\/\/www.visit-ulcinj.com\/blog\/wp-json\/wp\/v2\/comments?post=311"}],"version-history":[{"count":0,"href":"https:\/\/www.visit-ulcinj.com\/blog\/wp-json\/wp\/v2\/posts\/311\/revisions"}],"wp:attachment":[{"href":"https:\/\/www.visit-ulcinj.com\/blog\/wp-json\/wp\/v2\/media?parent=311"}],"wp:term":[{"taxonomy":"category","embeddable":true,"href":"https:\/\/www.visit-ulcinj.com\/blog\/wp-json\/wp\/v2\/categories?post=311"},{"taxonomy":"post_tag","embeddable":true,"href":"https:\/\/www.visit-ulcinj.com\/blog\/wp-json\/wp\/v2\/tags?post=311"}],"curies":[{"name":"wp","href":"https:\/\/api.w.org\/{rel}","templated":true}]}}