{"id":31101,"date":"2010-03-11T22:46:16","date_gmt":"2010-03-11T20:46:16","guid":{"rendered":"http:\/\/www.visit-ulcinj.com\/blog\/?p=31101"},"modified":"2010-03-11T22:48:27","modified_gmt":"2010-03-11T20:48:27","slug":"gjukanovic-serbia-ta-harroje-rolin-e-liderit-ne-rajon-video","status":"publish","type":"post","link":"https:\/\/www.visit-ulcinj.com\/blog\/2010\/03\/11\/gjukanovic-serbia-ta-harroje-rolin-e-liderit-ne-rajon-video\/","title":{"rendered":"Gjukanovic: Serbia ta harroj\u00eb rolin e liderit n\u00eb rajon &#8211; Video"},"content":{"rendered":"<p><a href=\"http:\/\/www.visit-ulcinj.com\/blog\/wp-content\/uploads\/2010\/03\/Milo-?ukanovi?.jpg\"><img loading=\"lazy\" class=\"alignleft size-full wp-image-31102\" title=\"Milo ?ukanovi?\" src=\"http:\/\/www.visit-ulcinj.com\/blog\/wp-content\/uploads\/2010\/03\/Milo-?ukanovi?.jpg\" alt=\"Milo ?ukanovi?\" width=\"580\" height=\"294\" \/><\/a>PODGORIC\u00cb- Kryeministri malazez Milo Gjukanovic ka kritikuar ashp\u00ebr Serbin\u00eb, duke e akuzuar se ka p\u00ebr q\u00ebllim ta paraqes\u00eb Malin e Zi si &#8220;shtet kriminal&#8221;. N\u00eb nj\u00eb intervist\u00eb p\u00ebr TV malazez Gjukanovic ka th\u00ebn\u00eb e Beogradi synon ta komprometoj\u00eb shtetin malazez dhe t\u00eb tregoj\u00eb se Mali i Zi nuk ka kapacitete juridike q\u00eb t\u00eb jet\u00eb shtet i pavarur.<\/p>\n<p>E gjitha kjo tregon, tha Gjukanovic, se problem thelb\u00ebsor nuk \u00ebsht\u00eb q\u00ebndrimi malazez ndaj Kosov\u00ebs, por problem thelb\u00ebsor \u00ebsht\u00eb pavar\u00ebsia e Malit t\u00eb Zi dhe ata nuk jan\u00eb pajtuar me t\u00eb drejt\u00ebn e Malit t\u00eb Zi q\u00eb t\u00eb marr\u00eb vendime t\u00eb veta. &#8220;Problem tjet\u00ebr \u00ebsht\u00eb se Serbia pretendon p\u00ebr pozicionin e liderit n\u00eb rajon, por q\u00eb dikush t\u00eb jet\u00eb lider duhet paraprakisht t\u00eb zgjidh\u00eb problemin e kriminel\u00ebve t\u00eb luft\u00ebs, t\u00eb zgjidh\u00eb n\u00ebse ata q\u00eb kan\u00eb b\u00ebr\u00eb krime n\u00eb Srebrenic\u00eb jan\u00eb heronj apo kriminel\u00eb, dhe t\u00eb tregoj\u00eb m\u00eb shum\u00eb aft\u00ebsi p\u00ebr zhvillimin e marr\u00ebdh\u00ebnieve me fqinj\u00ebt&#8221;. ka th\u00ebn\u00eb Gjukanovic.<\/p>\n<p>Kryeministri malazez ka theksuar se Serbia ka probleme me t\u00eb gjitha shtetet e rajonit, me Kroacin\u00eb, Bosnj\u00ebn, Kosov\u00ebn, Maqedonin\u00eb dhe Malin e Zi. &#8220;Megjith\u00eb q\u00ebllimin logjik t\u00eb Serbis\u00eb q\u00eb t\u00eb jet\u00eb lider n\u00eb rajon, her\u00eb-her\u00eb me fodull\u00ebk k\u00ebt\u00eb e shnd\u00ebrron n\u00eb kund\u00ebrshti t\u00eb veten, p\u00ebr fat jo me ato pasoja sikur n\u00eb vitet e n\u00ebnt\u00ebdhjeta t\u00eb shekullit t\u00eb kaluar&#8221;, ka n\u00ebnviziuar Gjukanovic.<br \/>\n<strong><br \/>\n(m.a\/BalkanWeb)<br \/>\nVIDEO TV IN<br \/>\n<\/strong>[flv width=&#8221;580&#8243; height=&#8221;400&#8243;]http:\/\/www.rtvin.me\/flv\/10_03_post_premijerski_sat.flv[\/flv]<\/p>\n","protected":false},"excerpt":{"rendered":"<p>PODGORIC\u00cb- Kryeministri malazez Milo Gjukanovic ka kritikuar ashp\u00ebr Serbin\u00eb, duke e akuzuar se ka p\u00ebr q\u00ebllim ta paraqes\u00eb Malin e Zi si &#8220;shtet kriminal&#8221;. N\u00eb nj\u00eb intervist\u00eb p\u00ebr TV malazez Gjukanovic ka th\u00ebn\u00eb e Beogradi synon ta komprometoj\u00eb shtetin malazez dhe t\u00eb tregoj\u00eb se Mali i Zi nuk ka kapacitete juridike q\u00eb t\u00eb jet\u00eb shtet [&hellip;]<\/p>\n","protected":false},"author":1,"featured_media":0,"comment_status":"open","ping_status":"closed","sticky":false,"template":"","format":"standard","meta":{"spay_email":"","jetpack_publicize_message":"","jetpack_is_tweetstorm":false,"jetpack_publicize_feature_enabled":true},"categories":[14],"tags":[1616],"jetpack_publicize_connections":[],"yoast_head":"<!-- This site is optimized with the Yoast SEO plugin v19.1 - https:\/\/yoast.com\/wordpress\/plugins\/seo\/ -->\n<title>Gjukanovic: Serbia ta harroj\u00eb rolin e liderit n\u00eb rajon - Video - Lajme nga Ulqini<\/title>\n<meta name=\"description\" content=\"PODGORIC\u00cb- Kryeministri malazez Milo Gjukanovic ka kritikuar ashp\u00ebr Serbin\u00eb, duke e akuzuar se ka p\u00ebr q\u00ebllim ta paraqes\u00eb Malin e Zi si &quot;shtet kriminal&quot;.\" \/>\n<meta name=\"robots\" content=\"index, follow, max-snippet:-1, max-image-preview:large, max-video-preview:-1\" \/>\n<link rel=\"canonical\" href=\"https:\/\/www.visit-ulcinj.com\/blog\/2010\/03\/11\/gjukanovic-serbia-ta-harroje-rolin-e-liderit-ne-rajon-video\/\" \/>\n<meta property=\"og:locale\" content=\"en_US\" \/>\n<meta property=\"og:type\" content=\"article\" \/>\n<meta property=\"og:title\" content=\"Gjukanovic: Serbia ta harroj\u00eb rolin e liderit n\u00eb rajon - Video - Lajme nga Ulqini\" \/>\n<meta property=\"og:description\" content=\"PODGORIC\u00cb- Kryeministri malazez Milo Gjukanovic ka kritikuar ashp\u00ebr Serbin\u00eb, duke e akuzuar se ka p\u00ebr q\u00ebllim ta paraqes\u00eb Malin e Zi si &quot;shtet kriminal&quot;.\" \/>\n<meta property=\"og:url\" content=\"https:\/\/www.visit-ulcinj.com\/blog\/2010\/03\/11\/gjukanovic-serbia-ta-harroje-rolin-e-liderit-ne-rajon-video\/\" \/>\n<meta property=\"og:site_name\" content=\"Lajme nga Ulqini\" \/>\n<meta property=\"article:published_time\" content=\"2010-03-11T20:46:16+00:00\" \/>\n<meta property=\"article:modified_time\" content=\"2010-03-11T20:48:27+00:00\" \/>\n<meta property=\"og:image\" content=\"http:\/\/www.visit-ulcinj.com\/blog\/wp-content\/uploads\/2010\/03\/Milo-?ukanovi?.jpg\" \/>\n<meta name=\"twitter:label1\" content=\"Written by\" \/>\n\t<meta name=\"twitter:data1\" content=\"ulqini\" \/>\n\t<meta name=\"twitter:label2\" content=\"Est. reading time\" \/>\n\t<meta name=\"twitter:data2\" content=\"1 minute\" \/>\n<script type=\"application\/ld+json\" class=\"yoast-schema-graph\">{\"@context\":\"https:\/\/schema.org\",\"@graph\":[{\"@type\":\"WebSite\",\"@id\":\"https:\/\/www.visit-ulcinj.com\/blog\/#website\",\"url\":\"https:\/\/www.visit-ulcinj.com\/blog\/\",\"name\":\"Lajme nga Ulqini\",\"description\":\"Lajme,Vijesti,Ulqini,Ulqin,Crna Gora,Mali i Zi\",\"potentialAction\":[{\"@type\":\"SearchAction\",\"target\":{\"@type\":\"EntryPoint\",\"urlTemplate\":\"https:\/\/www.visit-ulcinj.com\/blog\/?s={search_term_string}\"},\"query-input\":\"required name=search_term_string\"}],\"inLanguage\":\"en-US\"},{\"@type\":\"ImageObject\",\"inLanguage\":\"en-US\",\"@id\":\"https:\/\/www.visit-ulcinj.com\/blog\/2010\/03\/11\/gjukanovic-serbia-ta-harroje-rolin-e-liderit-ne-rajon-video\/#primaryimage\",\"url\":\"http:\/\/www.visit-ulcinj.com\/blog\/wp-content\/uploads\/2010\/03\/Milo-?ukanovi?.jpg\",\"contentUrl\":\"http:\/\/www.visit-ulcinj.com\/blog\/wp-content\/uploads\/2010\/03\/Milo-?ukanovi?.jpg\"},{\"@type\":\"WebPage\",\"@id\":\"https:\/\/www.visit-ulcinj.com\/blog\/2010\/03\/11\/gjukanovic-serbia-ta-harroje-rolin-e-liderit-ne-rajon-video\/#webpage\",\"url\":\"https:\/\/www.visit-ulcinj.com\/blog\/2010\/03\/11\/gjukanovic-serbia-ta-harroje-rolin-e-liderit-ne-rajon-video\/\",\"name\":\"Gjukanovic: Serbia ta harroj\u00eb rolin e liderit n\u00eb rajon - Video - Lajme nga Ulqini\",\"isPartOf\":{\"@id\":\"https:\/\/www.visit-ulcinj.com\/blog\/#website\"},\"primaryImageOfPage\":{\"@id\":\"https:\/\/www.visit-ulcinj.com\/blog\/2010\/03\/11\/gjukanovic-serbia-ta-harroje-rolin-e-liderit-ne-rajon-video\/#primaryimage\"},\"datePublished\":\"2010-03-11T20:46:16+00:00\",\"dateModified\":\"2010-03-11T20:48:27+00:00\",\"author\":{\"@id\":\"https:\/\/www.visit-ulcinj.com\/blog\/#\/schema\/person\/dcab619c614d3038751c63bc2aadc06d\"},\"description\":\"PODGORIC\u00cb- Kryeministri malazez Milo Gjukanovic ka kritikuar ashp\u00ebr Serbin\u00eb, duke e akuzuar se ka p\u00ebr q\u00ebllim ta paraqes\u00eb Malin e Zi si \\\"shtet kriminal\\\".\",\"breadcrumb\":{\"@id\":\"https:\/\/www.visit-ulcinj.com\/blog\/2010\/03\/11\/gjukanovic-serbia-ta-harroje-rolin-e-liderit-ne-rajon-video\/#breadcrumb\"},\"inLanguage\":\"en-US\",\"potentialAction\":[{\"@type\":\"ReadAction\",\"target\":[\"https:\/\/www.visit-ulcinj.com\/blog\/2010\/03\/11\/gjukanovic-serbia-ta-harroje-rolin-e-liderit-ne-rajon-video\/\"]}]},{\"@type\":\"BreadcrumbList\",\"@id\":\"https:\/\/www.visit-ulcinj.com\/blog\/2010\/03\/11\/gjukanovic-serbia-ta-harroje-rolin-e-liderit-ne-rajon-video\/#breadcrumb\",\"itemListElement\":[{\"@type\":\"ListItem\",\"position\":1,\"name\":\"Gjukanovic: Serbia ta harroj\u00eb rolin e liderit n\u00eb rajon &#8211; Video\"}]},{\"@type\":\"Person\",\"@id\":\"https:\/\/www.visit-ulcinj.com\/blog\/#\/schema\/person\/dcab619c614d3038751c63bc2aadc06d\",\"name\":\"ulqini\",\"sameAs\":[\"http:\/\/www.visit-ulcinj.com\"],\"url\":\"https:\/\/www.visit-ulcinj.com\/blog\/author\/admin\/\"}]}<\/script>\n<!-- \/ Yoast SEO plugin. -->","yoast_head_json":{"title":"Gjukanovic: Serbia ta harroj\u00eb rolin e liderit n\u00eb rajon - Video - Lajme nga Ulqini","description":"PODGORIC\u00cb- Kryeministri malazez Milo Gjukanovic ka kritikuar ashp\u00ebr Serbin\u00eb, duke e akuzuar se ka p\u00ebr q\u00ebllim ta paraqes\u00eb Malin e Zi si \"shtet kriminal\".","robots":{"index":"index","follow":"follow","max-snippet":"max-snippet:-1","max-image-preview":"max-image-preview:large","max-video-preview":"max-video-preview:-1"},"canonical":"https:\/\/www.visit-ulcinj.com\/blog\/2010\/03\/11\/gjukanovic-serbia-ta-harroje-rolin-e-liderit-ne-rajon-video\/","og_locale":"en_US","og_type":"article","og_title":"Gjukanovic: Serbia ta harroj\u00eb rolin e liderit n\u00eb rajon - Video - Lajme nga Ulqini","og_description":"PODGORIC\u00cb- Kryeministri malazez Milo Gjukanovic ka kritikuar ashp\u00ebr Serbin\u00eb, duke e akuzuar se ka p\u00ebr q\u00ebllim ta paraqes\u00eb Malin e Zi si \"shtet kriminal\".","og_url":"https:\/\/www.visit-ulcinj.com\/blog\/2010\/03\/11\/gjukanovic-serbia-ta-harroje-rolin-e-liderit-ne-rajon-video\/","og_site_name":"Lajme nga Ulqini","article_published_time":"2010-03-11T20:46:16+00:00","article_modified_time":"2010-03-11T20:48:27+00:00","og_image":[{"url":"http:\/\/www.visit-ulcinj.com\/blog\/wp-content\/uploads\/2010\/03\/Milo-?ukanovi?.jpg"}],"twitter_misc":{"Written by":"ulqini","Est. reading time":"1 minute"},"schema":{"@context":"https:\/\/schema.org","@graph":[{"@type":"WebSite","@id":"https:\/\/www.visit-ulcinj.com\/blog\/#website","url":"https:\/\/www.visit-ulcinj.com\/blog\/","name":"Lajme nga Ulqini","description":"Lajme,Vijesti,Ulqini,Ulqin,Crna Gora,Mali i Zi","potentialAction":[{"@type":"SearchAction","target":{"@type":"EntryPoint","urlTemplate":"https:\/\/www.visit-ulcinj.com\/blog\/?s={search_term_string}"},"query-input":"required name=search_term_string"}],"inLanguage":"en-US"},{"@type":"ImageObject","inLanguage":"en-US","@id":"https:\/\/www.visit-ulcinj.com\/blog\/2010\/03\/11\/gjukanovic-serbia-ta-harroje-rolin-e-liderit-ne-rajon-video\/#primaryimage","url":"http:\/\/www.visit-ulcinj.com\/blog\/wp-content\/uploads\/2010\/03\/Milo-?ukanovi?.jpg","contentUrl":"http:\/\/www.visit-ulcinj.com\/blog\/wp-content\/uploads\/2010\/03\/Milo-?ukanovi?.jpg"},{"@type":"WebPage","@id":"https:\/\/www.visit-ulcinj.com\/blog\/2010\/03\/11\/gjukanovic-serbia-ta-harroje-rolin-e-liderit-ne-rajon-video\/#webpage","url":"https:\/\/www.visit-ulcinj.com\/blog\/2010\/03\/11\/gjukanovic-serbia-ta-harroje-rolin-e-liderit-ne-rajon-video\/","name":"Gjukanovic: Serbia ta harroj\u00eb rolin e liderit n\u00eb rajon - Video - Lajme nga Ulqini","isPartOf":{"@id":"https:\/\/www.visit-ulcinj.com\/blog\/#website"},"primaryImageOfPage":{"@id":"https:\/\/www.visit-ulcinj.com\/blog\/2010\/03\/11\/gjukanovic-serbia-ta-harroje-rolin-e-liderit-ne-rajon-video\/#primaryimage"},"datePublished":"2010-03-11T20:46:16+00:00","dateModified":"2010-03-11T20:48:27+00:00","author":{"@id":"https:\/\/www.visit-ulcinj.com\/blog\/#\/schema\/person\/dcab619c614d3038751c63bc2aadc06d"},"description":"PODGORIC\u00cb- Kryeministri malazez Milo Gjukanovic ka kritikuar ashp\u00ebr Serbin\u00eb, duke e akuzuar se ka p\u00ebr q\u00ebllim ta paraqes\u00eb Malin e Zi si \"shtet kriminal\".","breadcrumb":{"@id":"https:\/\/www.visit-ulcinj.com\/blog\/2010\/03\/11\/gjukanovic-serbia-ta-harroje-rolin-e-liderit-ne-rajon-video\/#breadcrumb"},"inLanguage":"en-US","potentialAction":[{"@type":"ReadAction","target":["https:\/\/www.visit-ulcinj.com\/blog\/2010\/03\/11\/gjukanovic-serbia-ta-harroje-rolin-e-liderit-ne-rajon-video\/"]}]},{"@type":"BreadcrumbList","@id":"https:\/\/www.visit-ulcinj.com\/blog\/2010\/03\/11\/gjukanovic-serbia-ta-harroje-rolin-e-liderit-ne-rajon-video\/#breadcrumb","itemListElement":[{"@type":"ListItem","position":1,"name":"Gjukanovic: Serbia ta harroj\u00eb rolin e liderit n\u00eb rajon &#8211; Video"}]},{"@type":"Person","@id":"https:\/\/www.visit-ulcinj.com\/blog\/#\/schema\/person\/dcab619c614d3038751c63bc2aadc06d","name":"ulqini","sameAs":["http:\/\/www.visit-ulcinj.com"],"url":"https:\/\/www.visit-ulcinj.com\/blog\/author\/admin\/"}]}},"jetpack_featured_media_url":"","jetpack_sharing_enabled":true,"jetpack_shortlink":"https:\/\/wp.me\/pe6lTn-85D","_links":{"self":[{"href":"https:\/\/www.visit-ulcinj.com\/blog\/wp-json\/wp\/v2\/posts\/31101"}],"collection":[{"href":"https:\/\/www.visit-ulcinj.com\/blog\/wp-json\/wp\/v2\/posts"}],"about":[{"href":"https:\/\/www.visit-ulcinj.com\/blog\/wp-json\/wp\/v2\/types\/post"}],"author":[{"embeddable":true,"href":"https:\/\/www.visit-ulcinj.com\/blog\/wp-json\/wp\/v2\/users\/1"}],"replies":[{"embeddable":true,"href":"https:\/\/www.visit-ulcinj.com\/blog\/wp-json\/wp\/v2\/comments?post=31101"}],"version-history":[{"count":0,"href":"https:\/\/www.visit-ulcinj.com\/blog\/wp-json\/wp\/v2\/posts\/31101\/revisions"}],"wp:attachment":[{"href":"https:\/\/www.visit-ulcinj.com\/blog\/wp-json\/wp\/v2\/media?parent=31101"}],"wp:term":[{"taxonomy":"category","embeddable":true,"href":"https:\/\/www.visit-ulcinj.com\/blog\/wp-json\/wp\/v2\/categories?post=31101"},{"taxonomy":"post_tag","embeddable":true,"href":"https:\/\/www.visit-ulcinj.com\/blog\/wp-json\/wp\/v2\/tags?post=31101"}],"curies":[{"name":"wp","href":"https:\/\/api.w.org\/{rel}","templated":true}]}}