{"id":31113,"date":"2010-03-12T00:07:26","date_gmt":"2010-03-11T22:07:26","guid":{"rendered":"http:\/\/www.visit-ulcinj.com\/blog\/?p=31113"},"modified":"2010-03-17T09:15:26","modified_gmt":"2010-03-17T07:15:26","slug":"iliriana-gjoni-talente-e-muzikes-klasike","status":"publish","type":"post","link":"https:\/\/www.visit-ulcinj.com\/blog\/2010\/03\/12\/iliriana-gjoni-talente-e-muzikes-klasike\/","title":{"rendered":"Iliriana Gjoni pianiste"},"content":{"rendered":"<p><a href=\"http:\/\/www.visit-ulcinj.com\/blog\/wp-content\/uploads\/2010\/03\/Iliriana-Gjoni-plays-Liszts-Vall\u00e9e-dObermann.1.jpg\"><img loading=\"lazy\" class=\"alignleft size-full wp-image-31119\" title=\"Iliriana Gjoni plays Liszt's Vall\u00e9e d'Obermann.1\" src=\"http:\/\/www.visit-ulcinj.com\/blog\/wp-content\/uploads\/2010\/03\/Iliriana-Gjoni-plays-Liszts-Vall\u00e9e-dObermann.1.jpg\" alt=\"Iliriana Gjoni plays Liszt's Vall\u00e9e d'Obermann.1\" width=\"580\" height=\"600\" \/><\/a>Iliriana Gjoni e\u00a0 lindur n\u00eb Ulqin n\u00eb vitin 1986 tregon menj\u00ebher\u00eb afinitetin p\u00ebr muzik\u00ebn  klasike, por duhet t\u00eb pres\u00eb q\u00eb t\u00eb mbushi 9 vjet p\u00ebr t\u2019u regjistruar n\u00eb  Shkoll\u00ebn e muzik\u00ebs t\u00eb qytetit t\u00eb saj. E transferuar n\u00eb Podgoric\u00eb, ndjek  Shkoll\u00ebn e mesme t\u00eb muzik\u00ebs \u201cVasa Paviq\u201d n\u00ebn drejtimin e pianistit t\u00eb  njohur malazez Boris Kraleviq. N\u00eb vitin 2005 regjistron Akademin\u00eb e  arteve t\u00eb Tiran\u00ebs, ku merr leksione nga prof. Nora \u00c7ashku, dhe  diplomohet n\u00eb deg\u00ebn e pianos n\u00eb qershor t\u00eb 2009. Nga viti 2006 mundi t\u00eb  frekuentonte nj\u00eb masterklas \u2013 t\u00eb organizuar nga Akademia \u2013 t\u00eb pianistes  dhe pedagoges s\u00eb shquar italiane Lucia Passaglia, me t\u00eb cil\u00ebn fillon dhe  akoma vazhdon nj\u00eb kurs perfeksionimi. Fituese e nj\u00eb burse studimi  transferohet n\u00eb Itali ku regjistron kurset universitare t\u00eb nivelit t\u00eb  dyt\u00eb (master) n\u00eb Konservatorin e Pescaras, n\u00eb klas\u00ebn e prof. Silvio  Feliciani.<br \/>\nQ\u00eb nga mosha 11 vje\u00e7are merr pjes\u00eb n\u00eb konkurse (gara) t\u00eb  ndryshme t\u00eb ekzekutimt pianistik, dhe fiton mbi 20 \u00e7mime nga t\u00eb cilat  mund t\u00eb ve\u00e7ohen: \u00c7mimet e para n\u00eb Garat komb\u00ebtare t\u00eb Malit t\u00eb Zi (1998,  2000 e 2003), n\u00eb Konkursin mbarkomb\u00ebtar t\u00eb Shqip\u00ebris\u00eb (2003, 2004,  2005). N\u00eb Itali fiton \u00c7mimin e par\u00eb absolut n\u00eb Konkursin europian t\u00eb  Barlettas dhe \u00c7mimin e par\u00eb n\u00eb Konkursin komb\u00ebtar t\u00eb Guardiagreles (CH).<br \/>\nKa luajtur n\u00eb koncert n\u00eb t\u00eb gjitha selit\u00eb e konkurseve ku ka qen\u00eb  fituese, si dhe n\u00eb festivale t\u00eb r\u00ebnd\u00ebsishme t\u00eb Malit t\u00eb Zi, Shqip\u00ebris\u00eb,  Kosov\u00ebs, Kroacis\u00eb e Italis\u00eb.<\/p>\n<p><a href=\"http:\/\/www.facebook.com\/album.php?aid=-3&amp;id=838579988#!\/iliriana.gjoni\" target=\"_blank\"><span title=\"HPHP\"> <\/span><strong>Iliriana Gjoni<\/strong><\/a><br \/>\n<strong> Lajme nga Ulqini<\/strong><\/p>\n<p><strong><span id=\"result_box\"><span style=\"background-color: #ffffff;\" title=\"Fragment from the  Final concert of Stage  2008 held in Civitella Casanova (PE).\">Fragment  nga koncerti final i  organizuar ne vitin 2008 t\u00eb mbajtur n\u00eb Civitella  Casanova (PE). <\/span><span style=\"background-color: #ffffff;\" title=\"Broadcasted by   Italian SKY TV\">Transmetuar nga TV SKY italian<\/span><\/span><\/strong><\/p>\n<p><strong>\n\t\t<style type=\"text\/css\">\n\t\t\t#gallery-1 {\n\t\t\t\tmargin: auto;\n\t\t\t}\n\t\t\t#gallery-1 .gallery-item {\n\t\t\t\tfloat: left;\n\t\t\t\tmargin-top: 10px;\n\t\t\t\ttext-align: center;\n\t\t\t\twidth: 33%;\n\t\t\t}\n\t\t\t#gallery-1 img {\n\t\t\t\tborder: 2px solid #cfcfcf;\n\t\t\t}\n\t\t\t#gallery-1 .gallery-caption {\n\t\t\t\tmargin-left: 0;\n\t\t\t}\n\t\t\t\/* see gallery_shortcode() in wp-includes\/media.php *\/\n\t\t<\/style>\n\t\t<div id='gallery-1' class='gallery galleryid-31113 gallery-columns-3 gallery-size-thumbnail'><dl class='gallery-item'>\n\t\t\t<dt class='gallery-icon '>\n\t\t\t\t<a href='https:\/\/www.visit-ulcinj.com\/blog\/wp-content\/uploads\/2010\/03\/Iliriana-Gjoni-plays-Liszts-Vall\u00c3\u00a9e-dObermann.jpg'><img width=\"1\" height=\"1\" src=\"https:\/\/www.visit-ulcinj.com\/blog\/wp-content\/uploads\/2010\/03\/Iliriana-Gjoni-plays-Liszts-Vall\u00c3\u00a9e-dObermann.jpg\" class=\"attachment-thumbnail size-thumbnail\" alt=\"\" loading=\"lazy\" \/><\/a>\n\t\t\t<\/dt><\/dl><dl class='gallery-item'>\n\t\t\t<dt class='gallery-icon '>\n\t\t\t\t<a href='https:\/\/www.visit-ulcinj.com\/blog\/wp-content\/uploads\/2010\/03\/Iliriana-Gjoni-plays-Liszts-Vall\u00c3\u00a9e-dObermann.1.jpg'><img width=\"1\" height=\"1\" src=\"https:\/\/www.visit-ulcinj.com\/blog\/wp-content\/uploads\/2010\/03\/Iliriana-Gjoni-plays-Liszts-Vall\u00c3\u00a9e-dObermann.1.jpg\" class=\"attachment-thumbnail size-thumbnail\" alt=\"\" loading=\"lazy\" \/><\/a>\n\t\t\t<\/dt><\/dl><dl class='gallery-item'>\n\t\t\t<dt class='gallery-icon '>\n\t\t\t\t<a href='https:\/\/www.visit-ulcinj.com\/blog\/wp-content\/uploads\/2010\/03\/Iliriana-Gjoni-plays-Liszts-Vall\u00c3\u00a9e-dObermann.2.jpg'><img width=\"1\" height=\"1\" src=\"https:\/\/www.visit-ulcinj.com\/blog\/wp-content\/uploads\/2010\/03\/Iliriana-Gjoni-plays-Liszts-Vall\u00c3\u00a9e-dObermann.2.jpg\" class=\"attachment-thumbnail size-thumbnail\" alt=\"\" loading=\"lazy\" \/><\/a>\n\t\t\t<\/dt><\/dl><br style=\"clear: both\" \/><dl class='gallery-item'>\n\t\t\t<dt class='gallery-icon '>\n\t\t\t\t<a href='https:\/\/www.visit-ulcinj.com\/blog\/wp-content\/uploads\/2010\/03\/Iliriana-Gjoni-plays-Liszts-Vall\u00c3\u00a9e-dObermann.4.jpg'><img width=\"1\" height=\"1\" src=\"https:\/\/www.visit-ulcinj.com\/blog\/wp-content\/uploads\/2010\/03\/Iliriana-Gjoni-plays-Liszts-Vall\u00c3\u00a9e-dObermann.4.jpg\" class=\"attachment-thumbnail size-thumbnail\" alt=\"\" loading=\"lazy\" \/><\/a>\n\t\t\t<\/dt><\/dl><dl class='gallery-item'>\n\t\t\t<dt class='gallery-icon '>\n\t\t\t\t<a href='https:\/\/www.visit-ulcinj.com\/blog\/wp-content\/uploads\/2010\/03\/Iliriana-Gjoni-plays-Liszts-Vall\u00c3\u00a9e-dObermann.5.jpg'><img width=\"1\" height=\"1\" src=\"https:\/\/www.visit-ulcinj.com\/blog\/wp-content\/uploads\/2010\/03\/Iliriana-Gjoni-plays-Liszts-Vall\u00c3\u00a9e-dObermann.5.jpg\" class=\"attachment-thumbnail size-thumbnail\" alt=\"\" loading=\"lazy\" \/><\/a>\n\t\t\t<\/dt><\/dl><dl class='gallery-item'>\n\t\t\t<dt class='gallery-icon '>\n\t\t\t\t<a href='https:\/\/www.visit-ulcinj.com\/blog\/wp-content\/uploads\/2010\/03\/Iliriana-Gjoni-plays-Liszts-Vall\u00c3\u00a9e-dObermann.6.jpg'><img width=\"1\" height=\"1\" src=\"https:\/\/www.visit-ulcinj.com\/blog\/wp-content\/uploads\/2010\/03\/Iliriana-Gjoni-plays-Liszts-Vall\u00c3\u00a9e-dObermann.6.jpg\" class=\"attachment-thumbnail size-thumbnail\" alt=\"\" loading=\"lazy\" \/><\/a>\n\t\t\t<\/dt><\/dl><br style=\"clear: both\" \/><dl class='gallery-item'>\n\t\t\t<dt class='gallery-icon '>\n\t\t\t\t<a href='https:\/\/www.visit-ulcinj.com\/blog\/wp-content\/uploads\/2010\/03\/Iliriana-Gjoni-plays-Liszts-Vall\u00c3\u00a9e-dObermann.7.jpg'><img width=\"1\" height=\"1\" src=\"https:\/\/www.visit-ulcinj.com\/blog\/wp-content\/uploads\/2010\/03\/Iliriana-Gjoni-plays-Liszts-Vall\u00c3\u00a9e-dObermann.7.jpg\" class=\"attachment-thumbnail size-thumbnail\" alt=\"\" loading=\"lazy\" \/><\/a>\n\t\t\t<\/dt><\/dl><dl class='gallery-item'>\n\t\t\t<dt class='gallery-icon '>\n\t\t\t\t<a href='https:\/\/www.visit-ulcinj.com\/blog\/wp-content\/uploads\/2010\/03\/Iliriana-Gjoni-plays-Liszts-Vall\u00c3\u00a9e-dObermann.8.jpg'><img width=\"1\" height=\"1\" src=\"https:\/\/www.visit-ulcinj.com\/blog\/wp-content\/uploads\/2010\/03\/Iliriana-Gjoni-plays-Liszts-Vall\u00c3\u00a9e-dObermann.8.jpg\" class=\"attachment-thumbnail size-thumbnail\" alt=\"\" loading=\"lazy\" \/><\/a>\n\t\t\t<\/dt><\/dl><dl class='gallery-item'>\n\t\t\t<dt class='gallery-icon '>\n\t\t\t\t<a href='https:\/\/www.visit-ulcinj.com\/blog\/wp-content\/uploads\/2010\/03\/Iliriana-Gjoni-plays-Liszts-Vall\u00c3\u00a9e-dObermann.3.jpg'><img width=\"1\" height=\"1\" src=\"https:\/\/www.visit-ulcinj.com\/blog\/wp-content\/uploads\/2010\/03\/Iliriana-Gjoni-plays-Liszts-Vall\u00c3\u00a9e-dObermann.3.jpg\" class=\"attachment-thumbnail size-thumbnail\" alt=\"\" loading=\"lazy\" \/><\/a>\n\t\t\t<\/dt><\/dl><br style=\"clear: both\" \/>\n\t\t<\/div>\n<\/p>\n<p><\/strong><\/p>\n<p><strong> <\/strong><\/p>\n<p><strong> <\/strong><\/p>\n<p><strong> <\/strong><\/p>\n<p><strong>Iliriana Gjoni plays Liszt&#8217;s Vall\u00e9e d&#8217;Obermann<\/strong><\/p>\n<p><object classid=\"clsid:d27cdb6e-ae6d-11cf-96b8-444553540000\" width=\"580\" height=\"400\" codebase=\"http:\/\/download.macromedia.com\/pub\/shockwave\/cabs\/flash\/swflash.cab#version=6,0,40,0\"><param name=\"allowFullScreen\" value=\"true\" \/><param name=\"allowScriptAccess\" value=\"always\" \/><param name=\"src\" value=\"http:\/\/www.dailymotion.com\/swf\/xcjkqu&amp;autoPlay=1\" \/><param name=\"allowfullscreen\" value=\"true\" \/><\/object><br \/>\n<strong><a href=\"http:\/\/www.dailymotion.com\/video\/xcjkqu_iliriana-gjoni-plays-liszt-s-vall\u00e9e_music\">Iliriana Gjoni plays Liszt&#8217;s Vall\u00e9e d&#8217;Obermann<\/a><\/strong><\/p>\n","protected":false},"excerpt":{"rendered":"<p>Iliriana Gjoni e\u00a0 lindur n\u00eb Ulqin n\u00eb vitin 1986 tregon menj\u00ebher\u00eb afinitetin p\u00ebr muzik\u00ebn klasike, por duhet t\u00eb pres\u00eb q\u00eb t\u00eb mbushi 9 vjet p\u00ebr t\u2019u regjistruar n\u00eb Shkoll\u00ebn e muzik\u00ebs t\u00eb qytetit t\u00eb saj. E transferuar n\u00eb Podgoric\u00eb, ndjek Shkoll\u00ebn e mesme t\u00eb muzik\u00ebs \u201cVasa Paviq\u201d n\u00ebn drejtimin e pianistit t\u00eb njohur malazez Boris [&hellip;]<\/p>\n","protected":false},"author":1,"featured_media":0,"comment_status":"open","ping_status":"closed","sticky":false,"template":"","format":"standard","meta":{"spay_email":"","jetpack_publicize_message":"","jetpack_is_tweetstorm":false,"jetpack_publicize_feature_enabled":true},"categories":[1],"tags":[13789,13790,13791],"jetpack_publicize_connections":[],"yoast_head":"<!-- This site is optimized with the Yoast SEO plugin v19.1 - https:\/\/yoast.com\/wordpress\/plugins\/seo\/ -->\n<title>Iliriana Gjoni pianiste - Lajme nga Ulqini<\/title>\n<meta name=\"description\" content=\"Iliriana Gjoni e\u00a0 lindur n\u00eb Ulqin n\u00eb vitin 1986 tregon menj\u00ebher\u00eb afinitetin p\u00ebr muzik\u00ebn klasike, por duhet t\u00eb pres\u00eb q\u00eb t\u00eb mbushi 9 vjet p\u00ebr t\u2019u\" \/>\n<meta name=\"robots\" content=\"index, follow, max-snippet:-1, max-image-preview:large, max-video-preview:-1\" \/>\n<link rel=\"canonical\" href=\"https:\/\/www.visit-ulcinj.com\/blog\/2010\/03\/12\/iliriana-gjoni-talente-e-muzikes-klasike\/\" \/>\n<meta property=\"og:locale\" content=\"en_US\" \/>\n<meta property=\"og:type\" content=\"article\" \/>\n<meta property=\"og:title\" content=\"Iliriana Gjoni pianiste - Lajme nga Ulqini\" \/>\n<meta property=\"og:description\" content=\"Iliriana Gjoni e\u00a0 lindur n\u00eb Ulqin n\u00eb vitin 1986 tregon menj\u00ebher\u00eb afinitetin p\u00ebr muzik\u00ebn klasike, por duhet t\u00eb pres\u00eb q\u00eb t\u00eb mbushi 9 vjet p\u00ebr t\u2019u\" \/>\n<meta property=\"og:url\" content=\"https:\/\/www.visit-ulcinj.com\/blog\/2010\/03\/12\/iliriana-gjoni-talente-e-muzikes-klasike\/\" \/>\n<meta property=\"og:site_name\" content=\"Lajme nga Ulqini\" \/>\n<meta property=\"article:published_time\" content=\"2010-03-11T22:07:26+00:00\" \/>\n<meta property=\"article:modified_time\" content=\"2010-03-17T07:15:26+00:00\" \/>\n<meta property=\"og:image\" content=\"https:\/\/www.visit-ulcinj.com\/blog\/wp-content\/uploads\/2010\/03\/Iliriana-Gjoni-plays-Liszts-Vall\u00c3\u00a9e-dObermann.jpg\" \/>\n<meta name=\"twitter:label1\" content=\"Written by\" \/>\n\t<meta name=\"twitter:data1\" content=\"ulqini\" \/>\n\t<meta name=\"twitter:label2\" content=\"Est. reading time\" \/>\n\t<meta name=\"twitter:data2\" content=\"1 minute\" \/>\n<script type=\"application\/ld+json\" class=\"yoast-schema-graph\">{\"@context\":\"https:\/\/schema.org\",\"@graph\":[{\"@type\":\"WebSite\",\"@id\":\"https:\/\/www.visit-ulcinj.com\/blog\/#website\",\"url\":\"https:\/\/www.visit-ulcinj.com\/blog\/\",\"name\":\"Lajme nga Ulqini\",\"description\":\"Lajme,Vijesti,Ulqini,Ulqin,Crna Gora,Mali i Zi\",\"potentialAction\":[{\"@type\":\"SearchAction\",\"target\":{\"@type\":\"EntryPoint\",\"urlTemplate\":\"https:\/\/www.visit-ulcinj.com\/blog\/?s={search_term_string}\"},\"query-input\":\"required name=search_term_string\"}],\"inLanguage\":\"en-US\"},{\"@type\":\"WebPage\",\"@id\":\"https:\/\/www.visit-ulcinj.com\/blog\/2010\/03\/12\/iliriana-gjoni-talente-e-muzikes-klasike\/#webpage\",\"url\":\"https:\/\/www.visit-ulcinj.com\/blog\/2010\/03\/12\/iliriana-gjoni-talente-e-muzikes-klasike\/\",\"name\":\"Iliriana Gjoni pianiste - Lajme nga Ulqini\",\"isPartOf\":{\"@id\":\"https:\/\/www.visit-ulcinj.com\/blog\/#website\"},\"datePublished\":\"2010-03-11T22:07:26+00:00\",\"dateModified\":\"2010-03-17T07:15:26+00:00\",\"author\":{\"@id\":\"https:\/\/www.visit-ulcinj.com\/blog\/#\/schema\/person\/dcab619c614d3038751c63bc2aadc06d\"},\"description\":\"Iliriana Gjoni e\u00a0 lindur n\u00eb Ulqin n\u00eb vitin 1986 tregon menj\u00ebher\u00eb afinitetin p\u00ebr muzik\u00ebn klasike, por duhet t\u00eb pres\u00eb q\u00eb t\u00eb mbushi 9 vjet p\u00ebr t\u2019u\",\"breadcrumb\":{\"@id\":\"https:\/\/www.visit-ulcinj.com\/blog\/2010\/03\/12\/iliriana-gjoni-talente-e-muzikes-klasike\/#breadcrumb\"},\"inLanguage\":\"en-US\",\"potentialAction\":[{\"@type\":\"ReadAction\",\"target\":[\"https:\/\/www.visit-ulcinj.com\/blog\/2010\/03\/12\/iliriana-gjoni-talente-e-muzikes-klasike\/\"]}]},{\"@type\":\"BreadcrumbList\",\"@id\":\"https:\/\/www.visit-ulcinj.com\/blog\/2010\/03\/12\/iliriana-gjoni-talente-e-muzikes-klasike\/#breadcrumb\",\"itemListElement\":[{\"@type\":\"ListItem\",\"position\":1,\"name\":\"Iliriana Gjoni pianiste\"}]},{\"@type\":\"Person\",\"@id\":\"https:\/\/www.visit-ulcinj.com\/blog\/#\/schema\/person\/dcab619c614d3038751c63bc2aadc06d\",\"name\":\"ulqini\",\"sameAs\":[\"http:\/\/www.visit-ulcinj.com\"],\"url\":\"https:\/\/www.visit-ulcinj.com\/blog\/author\/admin\/\"}]}<\/script>\n<!-- \/ Yoast SEO plugin. -->","yoast_head_json":{"title":"Iliriana Gjoni pianiste - Lajme nga Ulqini","description":"Iliriana Gjoni e\u00a0 lindur n\u00eb Ulqin n\u00eb vitin 1986 tregon menj\u00ebher\u00eb afinitetin p\u00ebr muzik\u00ebn klasike, por duhet t\u00eb pres\u00eb q\u00eb t\u00eb mbushi 9 vjet p\u00ebr t\u2019u","robots":{"index":"index","follow":"follow","max-snippet":"max-snippet:-1","max-image-preview":"max-image-preview:large","max-video-preview":"max-video-preview:-1"},"canonical":"https:\/\/www.visit-ulcinj.com\/blog\/2010\/03\/12\/iliriana-gjoni-talente-e-muzikes-klasike\/","og_locale":"en_US","og_type":"article","og_title":"Iliriana Gjoni pianiste - Lajme nga Ulqini","og_description":"Iliriana Gjoni e\u00a0 lindur n\u00eb Ulqin n\u00eb vitin 1986 tregon menj\u00ebher\u00eb afinitetin p\u00ebr muzik\u00ebn klasike, por duhet t\u00eb pres\u00eb q\u00eb t\u00eb mbushi 9 vjet p\u00ebr t\u2019u","og_url":"https:\/\/www.visit-ulcinj.com\/blog\/2010\/03\/12\/iliriana-gjoni-talente-e-muzikes-klasike\/","og_site_name":"Lajme nga Ulqini","article_published_time":"2010-03-11T22:07:26+00:00","article_modified_time":"2010-03-17T07:15:26+00:00","og_image":[{"url":"https:\/\/www.visit-ulcinj.com\/blog\/wp-content\/uploads\/2010\/03\/Iliriana-Gjoni-plays-Liszts-Vall\u00c3\u00a9e-dObermann.jpg"}],"twitter_misc":{"Written by":"ulqini","Est. reading time":"1 minute"},"schema":{"@context":"https:\/\/schema.org","@graph":[{"@type":"WebSite","@id":"https:\/\/www.visit-ulcinj.com\/blog\/#website","url":"https:\/\/www.visit-ulcinj.com\/blog\/","name":"Lajme nga Ulqini","description":"Lajme,Vijesti,Ulqini,Ulqin,Crna Gora,Mali i Zi","potentialAction":[{"@type":"SearchAction","target":{"@type":"EntryPoint","urlTemplate":"https:\/\/www.visit-ulcinj.com\/blog\/?s={search_term_string}"},"query-input":"required name=search_term_string"}],"inLanguage":"en-US"},{"@type":"WebPage","@id":"https:\/\/www.visit-ulcinj.com\/blog\/2010\/03\/12\/iliriana-gjoni-talente-e-muzikes-klasike\/#webpage","url":"https:\/\/www.visit-ulcinj.com\/blog\/2010\/03\/12\/iliriana-gjoni-talente-e-muzikes-klasike\/","name":"Iliriana Gjoni pianiste - Lajme nga Ulqini","isPartOf":{"@id":"https:\/\/www.visit-ulcinj.com\/blog\/#website"},"datePublished":"2010-03-11T22:07:26+00:00","dateModified":"2010-03-17T07:15:26+00:00","author":{"@id":"https:\/\/www.visit-ulcinj.com\/blog\/#\/schema\/person\/dcab619c614d3038751c63bc2aadc06d"},"description":"Iliriana Gjoni e\u00a0 lindur n\u00eb Ulqin n\u00eb vitin 1986 tregon menj\u00ebher\u00eb afinitetin p\u00ebr muzik\u00ebn klasike, por duhet t\u00eb pres\u00eb q\u00eb t\u00eb mbushi 9 vjet p\u00ebr t\u2019u","breadcrumb":{"@id":"https:\/\/www.visit-ulcinj.com\/blog\/2010\/03\/12\/iliriana-gjoni-talente-e-muzikes-klasike\/#breadcrumb"},"inLanguage":"en-US","potentialAction":[{"@type":"ReadAction","target":["https:\/\/www.visit-ulcinj.com\/blog\/2010\/03\/12\/iliriana-gjoni-talente-e-muzikes-klasike\/"]}]},{"@type":"BreadcrumbList","@id":"https:\/\/www.visit-ulcinj.com\/blog\/2010\/03\/12\/iliriana-gjoni-talente-e-muzikes-klasike\/#breadcrumb","itemListElement":[{"@type":"ListItem","position":1,"name":"Iliriana Gjoni pianiste"}]},{"@type":"Person","@id":"https:\/\/www.visit-ulcinj.com\/blog\/#\/schema\/person\/dcab619c614d3038751c63bc2aadc06d","name":"ulqini","sameAs":["http:\/\/www.visit-ulcinj.com"],"url":"https:\/\/www.visit-ulcinj.com\/blog\/author\/admin\/"}]}},"jetpack_featured_media_url":"","jetpack_sharing_enabled":true,"jetpack_shortlink":"https:\/\/wp.me\/pe6lTn-85P","_links":{"self":[{"href":"https:\/\/www.visit-ulcinj.com\/blog\/wp-json\/wp\/v2\/posts\/31113"}],"collection":[{"href":"https:\/\/www.visit-ulcinj.com\/blog\/wp-json\/wp\/v2\/posts"}],"about":[{"href":"https:\/\/www.visit-ulcinj.com\/blog\/wp-json\/wp\/v2\/types\/post"}],"author":[{"embeddable":true,"href":"https:\/\/www.visit-ulcinj.com\/blog\/wp-json\/wp\/v2\/users\/1"}],"replies":[{"embeddable":true,"href":"https:\/\/www.visit-ulcinj.com\/blog\/wp-json\/wp\/v2\/comments?post=31113"}],"version-history":[{"count":0,"href":"https:\/\/www.visit-ulcinj.com\/blog\/wp-json\/wp\/v2\/posts\/31113\/revisions"}],"wp:attachment":[{"href":"https:\/\/www.visit-ulcinj.com\/blog\/wp-json\/wp\/v2\/media?parent=31113"}],"wp:term":[{"taxonomy":"category","embeddable":true,"href":"https:\/\/www.visit-ulcinj.com\/blog\/wp-json\/wp\/v2\/categories?post=31113"},{"taxonomy":"post_tag","embeddable":true,"href":"https:\/\/www.visit-ulcinj.com\/blog\/wp-json\/wp\/v2\/tags?post=31113"}],"curies":[{"name":"wp","href":"https:\/\/api.w.org\/{rel}","templated":true}]}}