{"id":31153,"date":"2010-03-12T15:26:07","date_gmt":"2010-03-12T13:26:07","guid":{"rendered":"http:\/\/www.visit-ulcinj.com\/blog\/?p=31153"},"modified":"2010-03-12T15:26:07","modified_gmt":"2010-03-12T13:26:07","slug":"predrag-nenezic-cijene-turistickih-usluga-ce-ostati-iste","status":"publish","type":"post","link":"https:\/\/www.visit-ulcinj.com\/blog\/2010\/03\/12\/predrag-nenezic-cijene-turistickih-usluga-ce-ostati-iste\/","title":{"rendered":"Predrag Nenezi?: Cijene turisti?kih usluga ?e ostati iste"},"content":{"rendered":"<p><a href=\"http:\/\/www.visit-ulcinj.com\/blog\/wp-content\/uploads\/2010\/03\/Predrag-Nenezi?.jpg\"><img loading=\"lazy\" class=\"alignleft size-full wp-image-31154\" title=\"Predrag Nenezi?\" src=\"http:\/\/www.visit-ulcinj.com\/blog\/wp-content\/uploads\/2010\/03\/Predrag-Nenezi?.jpg\" alt=\"Predrag Nenezi?\" width=\"580\" height=\"400\" \/><\/a>Ministar turizma Predrag Nenezi? kazao je da ?e ove godine cijene u turisti?kih usluga ostati iste, a da ?e se raditi na unaprje?enju privatnog smje\u0161taja i malih hotela, za kojima vlada tra\u017enja na tr\u017ei\u0161tu regiona.<br \/>\n&#8220;Kao rezultat vizne liberalizacije i niskih cijena koje se nude na konkurentskim destinacijama javlja se o\u0161tra konkurencija na eventivnim tr\u017ei\u0161tima regiona. Ipak Crna Gora mo\u017ee ponuditi kvalitetne turisti?ke aran\u017emane koji ?e parirati cijenama sa regionalnih tr\u017ei\u0161ta&#8221;, ocijenio je ministar turizma Predrag Nenezi? nakon sjednice koordinacionog tijela za pripremu i pra?enje turisti?kih sezona.<br \/>\nStrategija razvoja turizma odvija se u dobrom pravcu. Nema zastoja ni u jednom segmentu njene realizacije. Vratila se tra\u017enja sa strate\u0161ki najva\u017enijih svjetskih tr\u017ei\u0161ta koja iako je bolje nego pro\u0161logodi\u0161nja zaostaje za rekordnom 2008.<br \/>\n&#8220;U ovoj kriznoj godini Crna Gora u tom dijelu ne zaostaje, nego se projekti realizuju planiranom dinamikom i na\u0161a vizija Crne Gore kao visoko kvlalitetna turisti?ka destinacija u 2020. pa nadalje ?e biti ostvarena&#8221;, dodaje Nenezi?.<br \/>\nNenezi? je istakao da ?e se vlada kroz NTO u saradnji sa privatnim sektorom uklju?iti u promociju tih smje\u0161tajnih kapaciteta, prilago?enih kvalitetom i cijenom tra\u017enji sa tr\u017ei\u0161ta regiona odakle dolazi 48 odsto svih turista.<br \/>\n&#8220;Od samog uklju?enja u pripremu takvih paketa pa do promocije takvih paketa na emitivnim tr\u017ei\u0161tima tu mislim na Srbiju, BiH prije svega, ali isto tako mislim na Makedoniju, Kosovo i Albaniju da ?emo ove godine biti mnogo vi\u0161e uklju?eni upravo u samo stvaranje tih paketa ponude i promocije onoga \u0161to se danas zove &#8220;doma?a radinost&#8221; ili privatni smje\u0161taj i mali hoteli&#8221;, istakao je Nenezi?.<br \/>\nZadatak vlade i lokalnih samouprava u narednom periodu je stvaranje \u0161to povoljnijeg ambijenta za poslovanje privatnog sektora kao i pojednostavljenje procedure i da\u017ebina kada je u pitanju registracija privatnog smje\u0161taja i oporezivanje bavljenja ovom djelatno\u0161?u.<br \/>\n&#8220;Sa jedne strane jako va\u017eno stvoriti adekvatnu ponudu ona se u privatnom smje\u0161taju danas kre?e kada je u pitanju kvalitet do vrlo visokih nivoa, prakti?no se mo\u017ee porediti kada je u pitanju smje\u0161taj sa hotelskim nivoom smje\u0161taja ali sa druge strane i u pakovanju, uklju?enju prevoza i \u017eeljezni?kog i drumskog i prodaji i promociji takvih aran\u017emana na tr\u017ei\u0161tima regiona&#8221;, zaklju?io je Nenezi?.<br \/>\nDogovoreno je potpisivanje protokola izme?u MInistarstva i lokalnih samouprava kojim ?e se definisati najjednostavnija procedura kako bi se sa sada\u0161njih 60 000 registrovanih kreveta napravio pomak od 15-20 odsto u ovoj godini.<br \/>\n<a href=\"http:\/\/www.cafemontenegro.com\/index.php?group=43&amp;news=110535\" target=\"_blank\"><strong><br \/>\nIzvor: CDM \/ RTCG<\/strong><\/a><br \/>\n<strong>VIDEO TV IN<\/strong><br \/>\n[flv width=&#8221;580&#8243; height=&#8221;400&#8243;]http:\/\/www.rtvin.me\/flv\/09_03_post_nenezic.flv[\/flv]<\/p>\n","protected":false},"excerpt":{"rendered":"<p>Ministar turizma Predrag Nenezi? kazao je da ?e ove godine cijene u turisti?kih usluga ostati iste, a da ?e se raditi na unaprje?enju privatnog smje\u0161taja i malih hotela, za kojima vlada tra\u017enja na tr\u017ei\u0161tu regiona. &#8220;Kao rezultat vizne liberalizacije i niskih cijena koje se nude na konkurentskim destinacijama javlja se o\u0161tra konkurencija na eventivnim tr\u017ei\u0161tima [&hellip;]<\/p>\n","protected":false},"author":1,"featured_media":0,"comment_status":"open","ping_status":"closed","sticky":false,"template":"","format":"standard","meta":{"spay_email":"","jetpack_publicize_message":"","jetpack_is_tweetstorm":false,"jetpack_publicize_feature_enabled":true},"categories":[8337],"tags":[2448],"jetpack_publicize_connections":[],"yoast_head":"<!-- This site is optimized with the Yoast SEO plugin v19.1 - https:\/\/yoast.com\/wordpress\/plugins\/seo\/ -->\n<title>Predrag Nenezi?: Cijene turisti?kih usluga ?e ostati iste - Lajme nga Ulqini<\/title>\n<meta name=\"description\" content=\"Ministar turizma Predrag Nenezi? kazao je da ?e ove godine cijene u turisti?kih usluga ostati iste, a da ?e se raditi na unaprje?enju privatnog smje\u0161taja\" \/>\n<meta name=\"robots\" content=\"index, follow, max-snippet:-1, max-image-preview:large, max-video-preview:-1\" \/>\n<link rel=\"canonical\" href=\"https:\/\/www.visit-ulcinj.com\/blog\/2010\/03\/12\/predrag-nenezic-cijene-turistickih-usluga-ce-ostati-iste\/\" \/>\n<meta property=\"og:locale\" content=\"en_US\" \/>\n<meta property=\"og:type\" content=\"article\" \/>\n<meta property=\"og:title\" content=\"Predrag Nenezi?: Cijene turisti?kih usluga ?e ostati iste - Lajme nga Ulqini\" \/>\n<meta property=\"og:description\" content=\"Ministar turizma Predrag Nenezi? kazao je da ?e ove godine cijene u turisti?kih usluga ostati iste, a da ?e se raditi na unaprje?enju privatnog smje\u0161taja\" \/>\n<meta property=\"og:url\" content=\"https:\/\/www.visit-ulcinj.com\/blog\/2010\/03\/12\/predrag-nenezic-cijene-turistickih-usluga-ce-ostati-iste\/\" \/>\n<meta property=\"og:site_name\" content=\"Lajme nga Ulqini\" \/>\n<meta property=\"article:published_time\" content=\"2010-03-12T13:26:07+00:00\" \/>\n<meta property=\"og:image\" content=\"http:\/\/www.visit-ulcinj.com\/blog\/wp-content\/uploads\/2010\/03\/Predrag-Nenezi?.jpg\" \/>\n<meta name=\"twitter:label1\" content=\"Written by\" \/>\n\t<meta name=\"twitter:data1\" content=\"ulqini\" \/>\n\t<meta name=\"twitter:label2\" content=\"Est. reading time\" \/>\n\t<meta name=\"twitter:data2\" content=\"2 minutes\" \/>\n<script type=\"application\/ld+json\" class=\"yoast-schema-graph\">{\"@context\":\"https:\/\/schema.org\",\"@graph\":[{\"@type\":\"WebSite\",\"@id\":\"https:\/\/www.visit-ulcinj.com\/blog\/#website\",\"url\":\"https:\/\/www.visit-ulcinj.com\/blog\/\",\"name\":\"Lajme nga Ulqini\",\"description\":\"Lajme,Vijesti,Ulqini,Ulqin,Crna Gora,Mali i Zi\",\"potentialAction\":[{\"@type\":\"SearchAction\",\"target\":{\"@type\":\"EntryPoint\",\"urlTemplate\":\"https:\/\/www.visit-ulcinj.com\/blog\/?s={search_term_string}\"},\"query-input\":\"required name=search_term_string\"}],\"inLanguage\":\"en-US\"},{\"@type\":\"ImageObject\",\"inLanguage\":\"en-US\",\"@id\":\"https:\/\/www.visit-ulcinj.com\/blog\/2010\/03\/12\/predrag-nenezic-cijene-turistickih-usluga-ce-ostati-iste\/#primaryimage\",\"url\":\"http:\/\/www.visit-ulcinj.com\/blog\/wp-content\/uploads\/2010\/03\/Predrag-Nenezi?.jpg\",\"contentUrl\":\"http:\/\/www.visit-ulcinj.com\/blog\/wp-content\/uploads\/2010\/03\/Predrag-Nenezi?.jpg\"},{\"@type\":\"WebPage\",\"@id\":\"https:\/\/www.visit-ulcinj.com\/blog\/2010\/03\/12\/predrag-nenezic-cijene-turistickih-usluga-ce-ostati-iste\/#webpage\",\"url\":\"https:\/\/www.visit-ulcinj.com\/blog\/2010\/03\/12\/predrag-nenezic-cijene-turistickih-usluga-ce-ostati-iste\/\",\"name\":\"Predrag Nenezi?: Cijene turisti?kih usluga ?e ostati iste - Lajme nga Ulqini\",\"isPartOf\":{\"@id\":\"https:\/\/www.visit-ulcinj.com\/blog\/#website\"},\"primaryImageOfPage\":{\"@id\":\"https:\/\/www.visit-ulcinj.com\/blog\/2010\/03\/12\/predrag-nenezic-cijene-turistickih-usluga-ce-ostati-iste\/#primaryimage\"},\"datePublished\":\"2010-03-12T13:26:07+00:00\",\"dateModified\":\"2010-03-12T13:26:07+00:00\",\"author\":{\"@id\":\"https:\/\/www.visit-ulcinj.com\/blog\/#\/schema\/person\/dcab619c614d3038751c63bc2aadc06d\"},\"description\":\"Ministar turizma Predrag Nenezi? kazao je da ?e ove godine cijene u turisti?kih usluga ostati iste, a da ?e se raditi na unaprje?enju privatnog smje\u0161taja\",\"breadcrumb\":{\"@id\":\"https:\/\/www.visit-ulcinj.com\/blog\/2010\/03\/12\/predrag-nenezic-cijene-turistickih-usluga-ce-ostati-iste\/#breadcrumb\"},\"inLanguage\":\"en-US\",\"potentialAction\":[{\"@type\":\"ReadAction\",\"target\":[\"https:\/\/www.visit-ulcinj.com\/blog\/2010\/03\/12\/predrag-nenezic-cijene-turistickih-usluga-ce-ostati-iste\/\"]}]},{\"@type\":\"BreadcrumbList\",\"@id\":\"https:\/\/www.visit-ulcinj.com\/blog\/2010\/03\/12\/predrag-nenezic-cijene-turistickih-usluga-ce-ostati-iste\/#breadcrumb\",\"itemListElement\":[{\"@type\":\"ListItem\",\"position\":1,\"name\":\"Predrag Nenezi?: Cijene turisti?kih usluga ?e ostati iste\"}]},{\"@type\":\"Person\",\"@id\":\"https:\/\/www.visit-ulcinj.com\/blog\/#\/schema\/person\/dcab619c614d3038751c63bc2aadc06d\",\"name\":\"ulqini\",\"sameAs\":[\"http:\/\/www.visit-ulcinj.com\"],\"url\":\"https:\/\/www.visit-ulcinj.com\/blog\/author\/admin\/\"}]}<\/script>\n<!-- \/ Yoast SEO plugin. -->","yoast_head_json":{"title":"Predrag Nenezi?: Cijene turisti?kih usluga ?e ostati iste - Lajme nga Ulqini","description":"Ministar turizma Predrag Nenezi? kazao je da ?e ove godine cijene u turisti?kih usluga ostati iste, a da ?e se raditi na unaprje?enju privatnog smje\u0161taja","robots":{"index":"index","follow":"follow","max-snippet":"max-snippet:-1","max-image-preview":"max-image-preview:large","max-video-preview":"max-video-preview:-1"},"canonical":"https:\/\/www.visit-ulcinj.com\/blog\/2010\/03\/12\/predrag-nenezic-cijene-turistickih-usluga-ce-ostati-iste\/","og_locale":"en_US","og_type":"article","og_title":"Predrag Nenezi?: Cijene turisti?kih usluga ?e ostati iste - Lajme nga Ulqini","og_description":"Ministar turizma Predrag Nenezi? kazao je da ?e ove godine cijene u turisti?kih usluga ostati iste, a da ?e se raditi na unaprje?enju privatnog smje\u0161taja","og_url":"https:\/\/www.visit-ulcinj.com\/blog\/2010\/03\/12\/predrag-nenezic-cijene-turistickih-usluga-ce-ostati-iste\/","og_site_name":"Lajme nga Ulqini","article_published_time":"2010-03-12T13:26:07+00:00","og_image":[{"url":"http:\/\/www.visit-ulcinj.com\/blog\/wp-content\/uploads\/2010\/03\/Predrag-Nenezi?.jpg"}],"twitter_misc":{"Written by":"ulqini","Est. reading time":"2 minutes"},"schema":{"@context":"https:\/\/schema.org","@graph":[{"@type":"WebSite","@id":"https:\/\/www.visit-ulcinj.com\/blog\/#website","url":"https:\/\/www.visit-ulcinj.com\/blog\/","name":"Lajme nga Ulqini","description":"Lajme,Vijesti,Ulqini,Ulqin,Crna Gora,Mali i Zi","potentialAction":[{"@type":"SearchAction","target":{"@type":"EntryPoint","urlTemplate":"https:\/\/www.visit-ulcinj.com\/blog\/?s={search_term_string}"},"query-input":"required name=search_term_string"}],"inLanguage":"en-US"},{"@type":"ImageObject","inLanguage":"en-US","@id":"https:\/\/www.visit-ulcinj.com\/blog\/2010\/03\/12\/predrag-nenezic-cijene-turistickih-usluga-ce-ostati-iste\/#primaryimage","url":"http:\/\/www.visit-ulcinj.com\/blog\/wp-content\/uploads\/2010\/03\/Predrag-Nenezi?.jpg","contentUrl":"http:\/\/www.visit-ulcinj.com\/blog\/wp-content\/uploads\/2010\/03\/Predrag-Nenezi?.jpg"},{"@type":"WebPage","@id":"https:\/\/www.visit-ulcinj.com\/blog\/2010\/03\/12\/predrag-nenezic-cijene-turistickih-usluga-ce-ostati-iste\/#webpage","url":"https:\/\/www.visit-ulcinj.com\/blog\/2010\/03\/12\/predrag-nenezic-cijene-turistickih-usluga-ce-ostati-iste\/","name":"Predrag Nenezi?: Cijene turisti?kih usluga ?e ostati iste - Lajme nga Ulqini","isPartOf":{"@id":"https:\/\/www.visit-ulcinj.com\/blog\/#website"},"primaryImageOfPage":{"@id":"https:\/\/www.visit-ulcinj.com\/blog\/2010\/03\/12\/predrag-nenezic-cijene-turistickih-usluga-ce-ostati-iste\/#primaryimage"},"datePublished":"2010-03-12T13:26:07+00:00","dateModified":"2010-03-12T13:26:07+00:00","author":{"@id":"https:\/\/www.visit-ulcinj.com\/blog\/#\/schema\/person\/dcab619c614d3038751c63bc2aadc06d"},"description":"Ministar turizma Predrag Nenezi? kazao je da ?e ove godine cijene u turisti?kih usluga ostati iste, a da ?e se raditi na unaprje?enju privatnog smje\u0161taja","breadcrumb":{"@id":"https:\/\/www.visit-ulcinj.com\/blog\/2010\/03\/12\/predrag-nenezic-cijene-turistickih-usluga-ce-ostati-iste\/#breadcrumb"},"inLanguage":"en-US","potentialAction":[{"@type":"ReadAction","target":["https:\/\/www.visit-ulcinj.com\/blog\/2010\/03\/12\/predrag-nenezic-cijene-turistickih-usluga-ce-ostati-iste\/"]}]},{"@type":"BreadcrumbList","@id":"https:\/\/www.visit-ulcinj.com\/blog\/2010\/03\/12\/predrag-nenezic-cijene-turistickih-usluga-ce-ostati-iste\/#breadcrumb","itemListElement":[{"@type":"ListItem","position":1,"name":"Predrag Nenezi?: Cijene turisti?kih usluga ?e ostati iste"}]},{"@type":"Person","@id":"https:\/\/www.visit-ulcinj.com\/blog\/#\/schema\/person\/dcab619c614d3038751c63bc2aadc06d","name":"ulqini","sameAs":["http:\/\/www.visit-ulcinj.com"],"url":"https:\/\/www.visit-ulcinj.com\/blog\/author\/admin\/"}]}},"jetpack_featured_media_url":"","jetpack_sharing_enabled":true,"jetpack_shortlink":"https:\/\/wp.me\/pe6lTn-86t","_links":{"self":[{"href":"https:\/\/www.visit-ulcinj.com\/blog\/wp-json\/wp\/v2\/posts\/31153"}],"collection":[{"href":"https:\/\/www.visit-ulcinj.com\/blog\/wp-json\/wp\/v2\/posts"}],"about":[{"href":"https:\/\/www.visit-ulcinj.com\/blog\/wp-json\/wp\/v2\/types\/post"}],"author":[{"embeddable":true,"href":"https:\/\/www.visit-ulcinj.com\/blog\/wp-json\/wp\/v2\/users\/1"}],"replies":[{"embeddable":true,"href":"https:\/\/www.visit-ulcinj.com\/blog\/wp-json\/wp\/v2\/comments?post=31153"}],"version-history":[{"count":0,"href":"https:\/\/www.visit-ulcinj.com\/blog\/wp-json\/wp\/v2\/posts\/31153\/revisions"}],"wp:attachment":[{"href":"https:\/\/www.visit-ulcinj.com\/blog\/wp-json\/wp\/v2\/media?parent=31153"}],"wp:term":[{"taxonomy":"category","embeddable":true,"href":"https:\/\/www.visit-ulcinj.com\/blog\/wp-json\/wp\/v2\/categories?post=31153"},{"taxonomy":"post_tag","embeddable":true,"href":"https:\/\/www.visit-ulcinj.com\/blog\/wp-json\/wp\/v2\/tags?post=31153"}],"curies":[{"name":"wp","href":"https:\/\/api.w.org\/{rel}","templated":true}]}}