{"id":31171,"date":"2010-03-12T21:43:14","date_gmt":"2010-03-12T19:43:14","guid":{"rendered":"http:\/\/www.visit-ulcinj.com\/blog\/?p=31171"},"modified":"2010-03-12T21:43:54","modified_gmt":"2010-03-12T19:43:54","slug":"prvi-put-bili-se-nije-vratio-sa-pucine","status":"publish","type":"post","link":"https:\/\/www.visit-ulcinj.com\/blog\/2010\/03\/12\/prvi-put-bili-se-nije-vratio-sa-pucine\/","title":{"rendered":"Prvi put, Bili se nije vratio sa pu?ine"},"content":{"rendered":"<p><a href=\"http:\/\/www.visit-ulcinj.com\/blog\/wp-content\/uploads\/2010\/03\/Bilal-Kurti-peshkatar-ulqinak.jpg\"><img loading=\"lazy\" class=\"alignleft size-full wp-image-31142\" title=\"Bilal Kurti peshkatar ulqinak,Ulcinjanin Biljal Kurtovi?\" src=\"http:\/\/www.visit-ulcinj.com\/blog\/wp-content\/uploads\/2010\/03\/Bilal-Kurti-peshkatar-ulqinak.jpg\" alt=\"Bilal Kurti peshkatar ulqinak,Ulcinjanin Biljal Kurtovi?\" width=\"399\" height=\"361\" srcset=\"https:\/\/www.visit-ulcinj.com\/blog\/wp-content\/uploads\/2010\/03\/Bilal-Kurti-peshkatar-ulqinak.jpg 399w, https:\/\/www.visit-ulcinj.com\/blog\/wp-content\/uploads\/2010\/03\/Bilal-Kurti-peshkatar-ulqinak-300x271.jpg 300w\" sizes=\"(max-width: 399px) 100vw, 399px\" \/><\/a>Ulcinj &#8211; Ulcinjanin Biljal Kurtovi? (54) nestao je u morskim talasima  nakon \u0161to je ju?e oko 10.00 sati isplovio barkom sa u\u0161?a Port Milene.  Vi\u0161esatna potraga Uprave morske sigurnosti iz Bara, koja je na lice  mjesta stigla poslije 13.00h, nije urodila plodom. Rezultat nije dala ni  potraga skuterima, koju se u poslijepodnevnim satima sproveli kom\u0161ije  Kurtovi?a, bra?a Ivan i Andrija Kara?inovi?. Potragu za nestalim  ribarom, sa obale na u\u0161?u Port Milene, do kasnih popodnevnih sati  pratili su njegovi brojni prijatelji i ro?aci.<br \/>\n\u201cNa\u0161li smo neke bove i sidra iz barke. I ni\u0161ta vi\u0161e,\u201d kazali su  Kara?inovi?i \u201cVijestima\u201d nakon potrage. Ne\u0161to prije toga, more je na  obalu izbacilo tako?e nekoliko bova i bidona iz Kurtovi?eve barke,  prsluk, kaput ?ak i potko\u0161ulju. Ribari vjeruju da se njihov kolega  prevrnuo  i o?ajni?ki poku\u0161avao da se oslobodi odje?e.<br \/>\n\u201cMo\u017eda je i zaplivao za nekom bovom ali su ga ?amac i mre\u017ee vjerovatno  povukli sa sobom,\u201d kazao je jedan od njih dok je netremice zurio put  Kr\u0161a od ?erana, gdje je Bili, kako su ga svi zvali, ?esto bacao mre\u017ee.  Bilijev brat, Meto Kurtovi? ka\u017ee da je ju?e trebalo zajedno da isplove  na more.<br \/>\n\u201cNe znam za\u0161to me nije zvao. Gotovo uvijek smo i\u0161li zajedno,\u201d ka\u017ee.<br \/>\n\u201cPrije nedjelju, u blizini Kr\u0161a od ?erana, ulovio je skoro 20 kilograma  visokokvalitetne ribe. Bilo je tu i zubca, jastoga i hobotnice. Sigurno  je po\u0161ao na isto mjesto\u201d,  pri?a Meto. Dodaje da njegov brat nije u  ribolovu zbog novca.<br \/>\n\u201cTo je za njega bilo ne\u0161to vi\u0161e, iznad svega. Nije se \u017eenio, niti je  imao djecu a za sebe je imao vi\u0161e nego dovoljno i bez ribarenja,\u201d ka\u017ee  Bilijev brat zahvaljuju?i kom\u0161ijama Kara?inovi?ima i Upravi morske  sigurnosti zbog napora da prona?u njegovog brata.<br \/>\nDirektor Uprave morske sigurnosti Jasmina Isi? kazala je \u201eVijestima\u201c da  je  u?injeno sve kako bi prona\u0161li nestalog ribara.<br \/>\n\u201cOko 13.00h primili smo obavje\u0161tenje da je nestala ribarica registarskih  oznaka UL 260, plave boje, du\u017eine 6 metara sa jednim ?lanom posade.  Odmah smo isplovili na\u0161im specijalnim plovilom SAR 1 i vi\u0161e puta  pretra\u017eili teren od Dobre Vode do Bojane. Na\u017ealost, bez rezultata,\u201d  kazala je Isi? \u201eVijestima\u201c. Najvljuju?i da ?e potraga sjutra biti  nastavljena i pomo?u helikoptera MUP-a, ona je navela da su o cijelom  slu?aju obavije\u0161tene Italija, Albanija i Hrvatska.<br \/>\nBili, kako ka\u017eu njegove kolege ribari, nije mario za nevrijeme na moru.  Sna\u017eno je prkosio ?udima mora, koje je volio isto toliko. Zbog ?ega se  stari morski vuk prvi put nije vratio sa pu?ine, prema svemu sude?i, zna  samo more kome je podario \u017eivot.<\/p>\n<div><strong>S.ADROVI?<\/strong><\/div>\n<div><strong><a href=\"http:\/\/www.vijesti.me\/index.php?id_pre=331966&amp;godina=2010\" target=\"_blank\">Vijesti<\/a><\/strong><\/p>\n<!--YouTube Error: bad URL entered--><\/div>\n","protected":false},"excerpt":{"rendered":"<p>Ulcinj &#8211; Ulcinjanin Biljal Kurtovi? (54) nestao je u morskim talasima nakon \u0161to je ju?e oko 10.00 sati isplovio barkom sa u\u0161?a Port Milene. Vi\u0161esatna potraga Uprave morske sigurnosti iz Bara, koja je na lice mjesta stigla poslije 13.00h, nije urodila plodom. Rezultat nije dala ni potraga skuterima, koju se u poslijepodnevnim satima sproveli kom\u0161ije [&hellip;]<\/p>\n","protected":false},"author":1,"featured_media":0,"comment_status":"open","ping_status":"closed","sticky":false,"template":"","format":"standard","meta":{"spay_email":"","jetpack_publicize_message":"","jetpack_is_tweetstorm":false,"jetpack_publicize_feature_enabled":true},"categories":[6],"tags":[491,13812,13803,13808,13809,13810,13806,13807,13811,13804,13805],"jetpack_publicize_connections":[],"yoast_head":"<!-- This site is optimized with the Yoast SEO plugin v19.1 - https:\/\/yoast.com\/wordpress\/plugins\/seo\/ -->\n<title>Prvi put, Bili se nije vratio sa pu?ine - Lajme nga Ulqini<\/title>\n<meta name=\"description\" content=\"Ulcinj - Ulcinjanin Biljal Kurtovi? (54) nestao je u morskim talasima nakon \u0161to je ju?e oko 10.00 sati isplovio barkom sa u\u0161?a Port Milene. Vi\u0161esatna\" \/>\n<meta name=\"robots\" content=\"index, follow, max-snippet:-1, max-image-preview:large, max-video-preview:-1\" \/>\n<link rel=\"canonical\" href=\"https:\/\/www.visit-ulcinj.com\/blog\/2010\/03\/12\/prvi-put-bili-se-nije-vratio-sa-pucine\/\" \/>\n<meta property=\"og:locale\" content=\"en_US\" \/>\n<meta property=\"og:type\" content=\"article\" \/>\n<meta property=\"og:title\" content=\"Prvi put, Bili se nije vratio sa pu?ine - Lajme nga Ulqini\" \/>\n<meta property=\"og:description\" content=\"Ulcinj - Ulcinjanin Biljal Kurtovi? (54) nestao je u morskim talasima nakon \u0161to je ju?e oko 10.00 sati isplovio barkom sa u\u0161?a Port Milene. Vi\u0161esatna\" \/>\n<meta property=\"og:url\" content=\"https:\/\/www.visit-ulcinj.com\/blog\/2010\/03\/12\/prvi-put-bili-se-nije-vratio-sa-pucine\/\" \/>\n<meta property=\"og:site_name\" content=\"Lajme nga Ulqini\" \/>\n<meta property=\"article:published_time\" content=\"2010-03-12T19:43:14+00:00\" \/>\n<meta property=\"article:modified_time\" content=\"2010-03-12T19:43:54+00:00\" \/>\n<meta property=\"og:image\" content=\"http:\/\/www.visit-ulcinj.com\/blog\/wp-content\/uploads\/2010\/03\/Bilal-Kurti-peshkatar-ulqinak.jpg\" \/>\n<meta name=\"twitter:label1\" content=\"Written by\" \/>\n\t<meta name=\"twitter:data1\" content=\"ulqini\" \/>\n\t<meta name=\"twitter:label2\" content=\"Est. reading time\" \/>\n\t<meta name=\"twitter:data2\" content=\"2 minutes\" \/>\n<script type=\"application\/ld+json\" class=\"yoast-schema-graph\">{\"@context\":\"https:\/\/schema.org\",\"@graph\":[{\"@type\":\"WebSite\",\"@id\":\"https:\/\/www.visit-ulcinj.com\/blog\/#website\",\"url\":\"https:\/\/www.visit-ulcinj.com\/blog\/\",\"name\":\"Lajme nga Ulqini\",\"description\":\"Lajme,Vijesti,Ulqini,Ulqin,Crna Gora,Mali i Zi\",\"potentialAction\":[{\"@type\":\"SearchAction\",\"target\":{\"@type\":\"EntryPoint\",\"urlTemplate\":\"https:\/\/www.visit-ulcinj.com\/blog\/?s={search_term_string}\"},\"query-input\":\"required name=search_term_string\"}],\"inLanguage\":\"en-US\"},{\"@type\":\"ImageObject\",\"inLanguage\":\"en-US\",\"@id\":\"https:\/\/www.visit-ulcinj.com\/blog\/2010\/03\/12\/prvi-put-bili-se-nije-vratio-sa-pucine\/#primaryimage\",\"url\":\"https:\/\/www.visit-ulcinj.com\/blog\/wp-content\/uploads\/2010\/03\/Bilal-Kurti-peshkatar-ulqinak.jpg\",\"contentUrl\":\"https:\/\/www.visit-ulcinj.com\/blog\/wp-content\/uploads\/2010\/03\/Bilal-Kurti-peshkatar-ulqinak.jpg\",\"width\":\"399\",\"height\":\"361\"},{\"@type\":\"WebPage\",\"@id\":\"https:\/\/www.visit-ulcinj.com\/blog\/2010\/03\/12\/prvi-put-bili-se-nije-vratio-sa-pucine\/#webpage\",\"url\":\"https:\/\/www.visit-ulcinj.com\/blog\/2010\/03\/12\/prvi-put-bili-se-nije-vratio-sa-pucine\/\",\"name\":\"Prvi put, Bili se nije vratio sa pu?ine - Lajme nga Ulqini\",\"isPartOf\":{\"@id\":\"https:\/\/www.visit-ulcinj.com\/blog\/#website\"},\"primaryImageOfPage\":{\"@id\":\"https:\/\/www.visit-ulcinj.com\/blog\/2010\/03\/12\/prvi-put-bili-se-nije-vratio-sa-pucine\/#primaryimage\"},\"datePublished\":\"2010-03-12T19:43:14+00:00\",\"dateModified\":\"2010-03-12T19:43:54+00:00\",\"author\":{\"@id\":\"https:\/\/www.visit-ulcinj.com\/blog\/#\/schema\/person\/dcab619c614d3038751c63bc2aadc06d\"},\"description\":\"Ulcinj - Ulcinjanin Biljal Kurtovi? (54) nestao je u morskim talasima nakon \u0161to je ju?e oko 10.00 sati isplovio barkom sa u\u0161?a Port Milene. Vi\u0161esatna\",\"breadcrumb\":{\"@id\":\"https:\/\/www.visit-ulcinj.com\/blog\/2010\/03\/12\/prvi-put-bili-se-nije-vratio-sa-pucine\/#breadcrumb\"},\"inLanguage\":\"en-US\",\"potentialAction\":[{\"@type\":\"ReadAction\",\"target\":[\"https:\/\/www.visit-ulcinj.com\/blog\/2010\/03\/12\/prvi-put-bili-se-nije-vratio-sa-pucine\/\"]}]},{\"@type\":\"BreadcrumbList\",\"@id\":\"https:\/\/www.visit-ulcinj.com\/blog\/2010\/03\/12\/prvi-put-bili-se-nije-vratio-sa-pucine\/#breadcrumb\",\"itemListElement\":[{\"@type\":\"ListItem\",\"position\":1,\"name\":\"Prvi put, Bili se nije vratio sa pu?ine\"}]},{\"@type\":\"Person\",\"@id\":\"https:\/\/www.visit-ulcinj.com\/blog\/#\/schema\/person\/dcab619c614d3038751c63bc2aadc06d\",\"name\":\"ulqini\",\"sameAs\":[\"http:\/\/www.visit-ulcinj.com\"],\"url\":\"https:\/\/www.visit-ulcinj.com\/blog\/author\/admin\/\"}]}<\/script>\n<!-- \/ Yoast SEO plugin. -->","yoast_head_json":{"title":"Prvi put, Bili se nije vratio sa pu?ine - Lajme nga Ulqini","description":"Ulcinj - Ulcinjanin Biljal Kurtovi? (54) nestao je u morskim talasima nakon \u0161to je ju?e oko 10.00 sati isplovio barkom sa u\u0161?a Port Milene. Vi\u0161esatna","robots":{"index":"index","follow":"follow","max-snippet":"max-snippet:-1","max-image-preview":"max-image-preview:large","max-video-preview":"max-video-preview:-1"},"canonical":"https:\/\/www.visit-ulcinj.com\/blog\/2010\/03\/12\/prvi-put-bili-se-nije-vratio-sa-pucine\/","og_locale":"en_US","og_type":"article","og_title":"Prvi put, Bili se nije vratio sa pu?ine - Lajme nga Ulqini","og_description":"Ulcinj - Ulcinjanin Biljal Kurtovi? (54) nestao je u morskim talasima nakon \u0161to je ju?e oko 10.00 sati isplovio barkom sa u\u0161?a Port Milene. Vi\u0161esatna","og_url":"https:\/\/www.visit-ulcinj.com\/blog\/2010\/03\/12\/prvi-put-bili-se-nije-vratio-sa-pucine\/","og_site_name":"Lajme nga Ulqini","article_published_time":"2010-03-12T19:43:14+00:00","article_modified_time":"2010-03-12T19:43:54+00:00","og_image":[{"url":"http:\/\/www.visit-ulcinj.com\/blog\/wp-content\/uploads\/2010\/03\/Bilal-Kurti-peshkatar-ulqinak.jpg"}],"twitter_misc":{"Written by":"ulqini","Est. reading time":"2 minutes"},"schema":{"@context":"https:\/\/schema.org","@graph":[{"@type":"WebSite","@id":"https:\/\/www.visit-ulcinj.com\/blog\/#website","url":"https:\/\/www.visit-ulcinj.com\/blog\/","name":"Lajme nga Ulqini","description":"Lajme,Vijesti,Ulqini,Ulqin,Crna Gora,Mali i Zi","potentialAction":[{"@type":"SearchAction","target":{"@type":"EntryPoint","urlTemplate":"https:\/\/www.visit-ulcinj.com\/blog\/?s={search_term_string}"},"query-input":"required name=search_term_string"}],"inLanguage":"en-US"},{"@type":"ImageObject","inLanguage":"en-US","@id":"https:\/\/www.visit-ulcinj.com\/blog\/2010\/03\/12\/prvi-put-bili-se-nije-vratio-sa-pucine\/#primaryimage","url":"https:\/\/www.visit-ulcinj.com\/blog\/wp-content\/uploads\/2010\/03\/Bilal-Kurti-peshkatar-ulqinak.jpg","contentUrl":"https:\/\/www.visit-ulcinj.com\/blog\/wp-content\/uploads\/2010\/03\/Bilal-Kurti-peshkatar-ulqinak.jpg","width":"399","height":"361"},{"@type":"WebPage","@id":"https:\/\/www.visit-ulcinj.com\/blog\/2010\/03\/12\/prvi-put-bili-se-nije-vratio-sa-pucine\/#webpage","url":"https:\/\/www.visit-ulcinj.com\/blog\/2010\/03\/12\/prvi-put-bili-se-nije-vratio-sa-pucine\/","name":"Prvi put, Bili se nije vratio sa pu?ine - Lajme nga Ulqini","isPartOf":{"@id":"https:\/\/www.visit-ulcinj.com\/blog\/#website"},"primaryImageOfPage":{"@id":"https:\/\/www.visit-ulcinj.com\/blog\/2010\/03\/12\/prvi-put-bili-se-nije-vratio-sa-pucine\/#primaryimage"},"datePublished":"2010-03-12T19:43:14+00:00","dateModified":"2010-03-12T19:43:54+00:00","author":{"@id":"https:\/\/www.visit-ulcinj.com\/blog\/#\/schema\/person\/dcab619c614d3038751c63bc2aadc06d"},"description":"Ulcinj - Ulcinjanin Biljal Kurtovi? (54) nestao je u morskim talasima nakon \u0161to je ju?e oko 10.00 sati isplovio barkom sa u\u0161?a Port Milene. Vi\u0161esatna","breadcrumb":{"@id":"https:\/\/www.visit-ulcinj.com\/blog\/2010\/03\/12\/prvi-put-bili-se-nije-vratio-sa-pucine\/#breadcrumb"},"inLanguage":"en-US","potentialAction":[{"@type":"ReadAction","target":["https:\/\/www.visit-ulcinj.com\/blog\/2010\/03\/12\/prvi-put-bili-se-nije-vratio-sa-pucine\/"]}]},{"@type":"BreadcrumbList","@id":"https:\/\/www.visit-ulcinj.com\/blog\/2010\/03\/12\/prvi-put-bili-se-nije-vratio-sa-pucine\/#breadcrumb","itemListElement":[{"@type":"ListItem","position":1,"name":"Prvi put, Bili se nije vratio sa pu?ine"}]},{"@type":"Person","@id":"https:\/\/www.visit-ulcinj.com\/blog\/#\/schema\/person\/dcab619c614d3038751c63bc2aadc06d","name":"ulqini","sameAs":["http:\/\/www.visit-ulcinj.com"],"url":"https:\/\/www.visit-ulcinj.com\/blog\/author\/admin\/"}]}},"jetpack_featured_media_url":"","jetpack_sharing_enabled":true,"jetpack_shortlink":"https:\/\/wp.me\/pe6lTn-86L","_links":{"self":[{"href":"https:\/\/www.visit-ulcinj.com\/blog\/wp-json\/wp\/v2\/posts\/31171"}],"collection":[{"href":"https:\/\/www.visit-ulcinj.com\/blog\/wp-json\/wp\/v2\/posts"}],"about":[{"href":"https:\/\/www.visit-ulcinj.com\/blog\/wp-json\/wp\/v2\/types\/post"}],"author":[{"embeddable":true,"href":"https:\/\/www.visit-ulcinj.com\/blog\/wp-json\/wp\/v2\/users\/1"}],"replies":[{"embeddable":true,"href":"https:\/\/www.visit-ulcinj.com\/blog\/wp-json\/wp\/v2\/comments?post=31171"}],"version-history":[{"count":0,"href":"https:\/\/www.visit-ulcinj.com\/blog\/wp-json\/wp\/v2\/posts\/31171\/revisions"}],"wp:attachment":[{"href":"https:\/\/www.visit-ulcinj.com\/blog\/wp-json\/wp\/v2\/media?parent=31171"}],"wp:term":[{"taxonomy":"category","embeddable":true,"href":"https:\/\/www.visit-ulcinj.com\/blog\/wp-json\/wp\/v2\/categories?post=31171"},{"taxonomy":"post_tag","embeddable":true,"href":"https:\/\/www.visit-ulcinj.com\/blog\/wp-json\/wp\/v2\/tags?post=31171"}],"curies":[{"name":"wp","href":"https:\/\/api.w.org\/{rel}","templated":true}]}}