{"id":31183,"date":"2010-03-13T03:53:07","date_gmt":"2010-03-13T01:53:07","guid":{"rendered":"http:\/\/www.visit-ulcinj.com\/blog\/?p=31183"},"modified":"2010-03-13T03:57:07","modified_gmt":"2010-03-13T01:57:07","slug":"%e2%80%9cmandatet-e-garantuara%e2%80%9d-te-shqiptareve-ne-mal-te-zi-ne-ekspertize-te-ke-se","status":"publish","type":"post","link":"https:\/\/www.visit-ulcinj.com\/blog\/2010\/03\/13\/%e2%80%9cmandatet-e-garantuara%e2%80%9d-te-shqiptareve-ne-mal-te-zi-ne-ekspertize-te-ke-se\/","title":{"rendered":"\u201cMandatet e garantuara\u201d t\u00eb shqiptar\u00ebve n\u00eb Mal t\u00eb Zi n\u00eb ekspertiz\u00eb t\u00eb KE-s\u00eb"},"content":{"rendered":"<p><a href=\"http:\/\/www.visit-ulcinj.com\/blog\/wp-content\/uploads\/2010\/03\/Parlamentii-malit-te-zi.jpg\"><img loading=\"lazy\" class=\"alignleft size-full wp-image-31184\" title=\"Parlamentii malit te zi\" src=\"http:\/\/www.visit-ulcinj.com\/blog\/wp-content\/uploads\/2010\/03\/Parlamentii-malit-te-zi.jpg\" alt=\"Parlamentii malit te zi\" width=\"580\" height=\"349\" \/><\/a>Parlamenti malazias, as pas nj\u00eb debati t\u00eb ashp\u00ebr disadit\u00ebsh nuk arriti t\u00eb siguroj\u00eb shumic\u00ebn e duhur p\u00ebr t\u00eb miratuar Propozimligjin e ri zgjedhor, dhe vendosi q\u00eb at\u00eb t`ia d\u00ebrgoj\u00eb n\u00eb ekspertiz\u00eb K\u00ebshillit t\u00eb Evrop\u00ebs dhe Komisionit venecian.<br \/>\nSipas k\u00ebtij versioni t\u00eb propozuar t\u00eb Grupit punues, partit\u00eb politike ose grupet e qytetar\u00ebve, t\u00eb cil\u00ebt n\u00eb zgjedhje marrin pjes\u00eb si p\u00ebrfaq\u00ebsues autentik\u00eb ose t\u00eb pakicave nacionale, duhet t\u00eb arrijn\u00eb cenzusin prej 3 p\u00ebr qind.<br \/>\nN\u00ebnkryetari dhe deputeti i Forc\u00ebs s\u00eb Re Demokratike, Genci Nimanbegu e sheh t\u00eb r\u00ebnd\u00ebsish\u00ebm faktin se Ligji i ri p\u00ebr zgjedhjen e deputet\u00ebve dhe k\u00ebshilltar\u00ebve nuk ka mb\u00ebshtetjen e dy t\u00eb tretave t\u00eb ligjven\u00ebsve n\u00eb Kuvend. Ai thot\u00eb se ky draft u heq mandatet e garantuara me kushtetut\u00eb pakicave.<br \/>\nKarshi tij, funksionari dhe deputeti i L\u00ebvizjes p\u00ebr ndryshime, njera nd\u00ebr partit\u00eb m\u00eb t\u00eb ashpra kund\u00ebr socialist\u00ebve n\u00eb pushtet, Branko Radulovic, n\u00ebnvizon se asnj\u00ebra nga zgjedhjet e deritashme n\u00eb Malin e Zi nuk kan\u00eb qen\u00eb t\u00eb lira.<br \/>\nNd\u00ebrkaq, deputeti i Lidhjes Demokratike, Mehmet Bardhi vler\u00ebson se zgjidhjet e propozuara n\u00eb k\u00ebt\u00eb Propozimligj jan\u00eb diskriminuese p\u00ebr shqiptar\u00ebt.<br \/>\n&#8220;Q\u00ebllimi \u00ebsht\u00eb q\u00eb shqiptar\u00ebt t\u00eb nxirren jasht\u00eb parlamentit\u201d, n\u00ebnvizon Bardhi.<\/p>\n<p><strong><br \/>\nKoha Ditore<\/strong><br \/>\n<object width=\"580\" height=\"400\"><param name=\"movie\" value=\"http:\/\/www.dailymotion.com\/swf\/xc8r1w&#038;autoPlay=1\"><\/param><param name=\"allowFullScreen\" value=\"true\"><\/param><param name=\"allowScriptAccess\" value=\"always\"><\/param><\/object><\/p>\n","protected":false},"excerpt":{"rendered":"<p>Parlamenti malazias, as pas nj\u00eb debati t\u00eb ashp\u00ebr disadit\u00ebsh nuk arriti t\u00eb siguroj\u00eb shumic\u00ebn e duhur p\u00ebr t\u00eb miratuar Propozimligjin e ri zgjedhor, dhe vendosi q\u00eb at\u00eb t`ia d\u00ebrgoj\u00eb n\u00eb ekspertiz\u00eb K\u00ebshillit t\u00eb Evrop\u00ebs dhe Komisionit venecian. Sipas k\u00ebtij versioni t\u00eb propozuar t\u00eb Grupit punues, partit\u00eb politike ose grupet e qytetar\u00ebve, t\u00eb cil\u00ebt n\u00eb zgjedhje [&hellip;]<\/p>\n","protected":false},"author":1,"featured_media":0,"comment_status":"open","ping_status":"closed","sticky":false,"template":"","format":"standard","meta":{"spay_email":"","jetpack_publicize_message":"","jetpack_is_tweetstorm":false,"jetpack_publicize_feature_enabled":true},"categories":[12],"tags":[11799,13816,13814,1073,13815,347,349],"jetpack_publicize_connections":[],"yoast_head":"<!-- This site is optimized with the Yoast SEO plugin v19.1 - https:\/\/yoast.com\/wordpress\/plugins\/seo\/ -->\n<title>\u201cMandatet e garantuara\u201d t\u00eb shqiptar\u00ebve n\u00eb Mal t\u00eb Zi n\u00eb ekspertiz\u00eb t\u00eb KE-s\u00eb - Lajme nga Ulqini<\/title>\n<meta name=\"description\" content=\"Parlamenti malazias, as pas nj\u00eb debati t\u00eb ashp\u00ebr disadit\u00ebsh nuk arriti t\u00eb siguroj\u00eb shumic\u00ebn e duhur p\u00ebr t\u00eb miratuar Propozimligjin e ri zgjedhor, dhe\" \/>\n<meta name=\"robots\" content=\"index, follow, max-snippet:-1, max-image-preview:large, max-video-preview:-1\" \/>\n<link rel=\"canonical\" href=\"https:\/\/www.visit-ulcinj.com\/blog\/2010\/03\/13\/\u201cmandatet-e-garantuara\u201d-te-shqiptareve-ne-mal-te-zi-ne-ekspertize-te-ke-se\/\" \/>\n<meta property=\"og:locale\" content=\"en_US\" \/>\n<meta property=\"og:type\" content=\"article\" \/>\n<meta property=\"og:title\" content=\"\u201cMandatet e garantuara\u201d t\u00eb shqiptar\u00ebve n\u00eb Mal t\u00eb Zi n\u00eb ekspertiz\u00eb t\u00eb KE-s\u00eb - Lajme nga Ulqini\" \/>\n<meta property=\"og:description\" content=\"Parlamenti malazias, as pas nj\u00eb debati t\u00eb ashp\u00ebr disadit\u00ebsh nuk arriti t\u00eb siguroj\u00eb shumic\u00ebn e duhur p\u00ebr t\u00eb miratuar Propozimligjin e ri zgjedhor, dhe\" \/>\n<meta property=\"og:url\" content=\"https:\/\/www.visit-ulcinj.com\/blog\/2010\/03\/13\/\u201cmandatet-e-garantuara\u201d-te-shqiptareve-ne-mal-te-zi-ne-ekspertize-te-ke-se\/\" \/>\n<meta property=\"og:site_name\" content=\"Lajme nga Ulqini\" \/>\n<meta property=\"article:published_time\" content=\"2010-03-13T01:53:07+00:00\" \/>\n<meta property=\"article:modified_time\" content=\"2010-03-13T01:57:07+00:00\" \/>\n<meta property=\"og:image\" content=\"http:\/\/www.visit-ulcinj.com\/blog\/wp-content\/uploads\/2010\/03\/Parlamentii-malit-te-zi.jpg\" \/>\n<meta name=\"twitter:label1\" content=\"Written by\" \/>\n\t<meta name=\"twitter:data1\" content=\"ulqini\" \/>\n\t<meta name=\"twitter:label2\" content=\"Est. reading time\" \/>\n\t<meta name=\"twitter:data2\" content=\"1 minute\" \/>\n<script type=\"application\/ld+json\" class=\"yoast-schema-graph\">{\"@context\":\"https:\/\/schema.org\",\"@graph\":[{\"@type\":\"WebSite\",\"@id\":\"https:\/\/www.visit-ulcinj.com\/blog\/#website\",\"url\":\"https:\/\/www.visit-ulcinj.com\/blog\/\",\"name\":\"Lajme nga Ulqini\",\"description\":\"Lajme,Vijesti,Ulqini,Ulqin,Crna Gora,Mali i Zi\",\"potentialAction\":[{\"@type\":\"SearchAction\",\"target\":{\"@type\":\"EntryPoint\",\"urlTemplate\":\"https:\/\/www.visit-ulcinj.com\/blog\/?s={search_term_string}\"},\"query-input\":\"required name=search_term_string\"}],\"inLanguage\":\"en-US\"},{\"@type\":\"ImageObject\",\"inLanguage\":\"en-US\",\"@id\":\"https:\/\/www.visit-ulcinj.com\/blog\/2010\/03\/13\/%e2%80%9cmandatet-e-garantuara%e2%80%9d-te-shqiptareve-ne-mal-te-zi-ne-ekspertize-te-ke-se\/#primaryimage\",\"url\":\"https:\/\/www.visit-ulcinj.com\/blog\/wp-content\/uploads\/2010\/03\/Parlamentii-malit-te-zi.jpg\",\"contentUrl\":\"https:\/\/www.visit-ulcinj.com\/blog\/wp-content\/uploads\/2010\/03\/Parlamentii-malit-te-zi.jpg\",\"width\":\"550\",\"height\":\"239\"},{\"@type\":\"WebPage\",\"@id\":\"https:\/\/www.visit-ulcinj.com\/blog\/2010\/03\/13\/%e2%80%9cmandatet-e-garantuara%e2%80%9d-te-shqiptareve-ne-mal-te-zi-ne-ekspertize-te-ke-se\/#webpage\",\"url\":\"https:\/\/www.visit-ulcinj.com\/blog\/2010\/03\/13\/%e2%80%9cmandatet-e-garantuara%e2%80%9d-te-shqiptareve-ne-mal-te-zi-ne-ekspertize-te-ke-se\/\",\"name\":\"\u201cMandatet e garantuara\u201d t\u00eb shqiptar\u00ebve n\u00eb Mal t\u00eb Zi n\u00eb ekspertiz\u00eb t\u00eb KE-s\u00eb - Lajme nga Ulqini\",\"isPartOf\":{\"@id\":\"https:\/\/www.visit-ulcinj.com\/blog\/#website\"},\"primaryImageOfPage\":{\"@id\":\"https:\/\/www.visit-ulcinj.com\/blog\/2010\/03\/13\/%e2%80%9cmandatet-e-garantuara%e2%80%9d-te-shqiptareve-ne-mal-te-zi-ne-ekspertize-te-ke-se\/#primaryimage\"},\"datePublished\":\"2010-03-13T01:53:07+00:00\",\"dateModified\":\"2010-03-13T01:57:07+00:00\",\"author\":{\"@id\":\"https:\/\/www.visit-ulcinj.com\/blog\/#\/schema\/person\/dcab619c614d3038751c63bc2aadc06d\"},\"description\":\"Parlamenti malazias, as pas nj\u00eb debati t\u00eb ashp\u00ebr disadit\u00ebsh nuk arriti t\u00eb siguroj\u00eb shumic\u00ebn e duhur p\u00ebr t\u00eb miratuar Propozimligjin e ri zgjedhor, dhe\",\"breadcrumb\":{\"@id\":\"https:\/\/www.visit-ulcinj.com\/blog\/2010\/03\/13\/%e2%80%9cmandatet-e-garantuara%e2%80%9d-te-shqiptareve-ne-mal-te-zi-ne-ekspertize-te-ke-se\/#breadcrumb\"},\"inLanguage\":\"en-US\",\"potentialAction\":[{\"@type\":\"ReadAction\",\"target\":[\"https:\/\/www.visit-ulcinj.com\/blog\/2010\/03\/13\/%e2%80%9cmandatet-e-garantuara%e2%80%9d-te-shqiptareve-ne-mal-te-zi-ne-ekspertize-te-ke-se\/\"]}]},{\"@type\":\"BreadcrumbList\",\"@id\":\"https:\/\/www.visit-ulcinj.com\/blog\/2010\/03\/13\/%e2%80%9cmandatet-e-garantuara%e2%80%9d-te-shqiptareve-ne-mal-te-zi-ne-ekspertize-te-ke-se\/#breadcrumb\",\"itemListElement\":[{\"@type\":\"ListItem\",\"position\":1,\"name\":\"\u201cMandatet e garantuara\u201d t\u00eb shqiptar\u00ebve n\u00eb Mal t\u00eb Zi n\u00eb ekspertiz\u00eb t\u00eb KE-s\u00eb\"}]},{\"@type\":\"Person\",\"@id\":\"https:\/\/www.visit-ulcinj.com\/blog\/#\/schema\/person\/dcab619c614d3038751c63bc2aadc06d\",\"name\":\"ulqini\",\"sameAs\":[\"http:\/\/www.visit-ulcinj.com\"],\"url\":\"https:\/\/www.visit-ulcinj.com\/blog\/author\/admin\/\"}]}<\/script>\n<!-- \/ Yoast SEO plugin. -->","yoast_head_json":{"title":"\u201cMandatet e garantuara\u201d t\u00eb shqiptar\u00ebve n\u00eb Mal t\u00eb Zi n\u00eb ekspertiz\u00eb t\u00eb KE-s\u00eb - Lajme nga Ulqini","description":"Parlamenti malazias, as pas nj\u00eb debati t\u00eb ashp\u00ebr disadit\u00ebsh nuk arriti t\u00eb siguroj\u00eb shumic\u00ebn e duhur p\u00ebr t\u00eb miratuar Propozimligjin e ri zgjedhor, dhe","robots":{"index":"index","follow":"follow","max-snippet":"max-snippet:-1","max-image-preview":"max-image-preview:large","max-video-preview":"max-video-preview:-1"},"canonical":"https:\/\/www.visit-ulcinj.com\/blog\/2010\/03\/13\/\u201cmandatet-e-garantuara\u201d-te-shqiptareve-ne-mal-te-zi-ne-ekspertize-te-ke-se\/","og_locale":"en_US","og_type":"article","og_title":"\u201cMandatet e garantuara\u201d t\u00eb shqiptar\u00ebve n\u00eb Mal t\u00eb Zi n\u00eb ekspertiz\u00eb t\u00eb KE-s\u00eb - Lajme nga Ulqini","og_description":"Parlamenti malazias, as pas nj\u00eb debati t\u00eb ashp\u00ebr disadit\u00ebsh nuk arriti t\u00eb siguroj\u00eb shumic\u00ebn e duhur p\u00ebr t\u00eb miratuar Propozimligjin e ri zgjedhor, dhe","og_url":"https:\/\/www.visit-ulcinj.com\/blog\/2010\/03\/13\/\u201cmandatet-e-garantuara\u201d-te-shqiptareve-ne-mal-te-zi-ne-ekspertize-te-ke-se\/","og_site_name":"Lajme nga Ulqini","article_published_time":"2010-03-13T01:53:07+00:00","article_modified_time":"2010-03-13T01:57:07+00:00","og_image":[{"url":"http:\/\/www.visit-ulcinj.com\/blog\/wp-content\/uploads\/2010\/03\/Parlamentii-malit-te-zi.jpg"}],"twitter_misc":{"Written by":"ulqini","Est. reading time":"1 minute"},"schema":{"@context":"https:\/\/schema.org","@graph":[{"@type":"WebSite","@id":"https:\/\/www.visit-ulcinj.com\/blog\/#website","url":"https:\/\/www.visit-ulcinj.com\/blog\/","name":"Lajme nga Ulqini","description":"Lajme,Vijesti,Ulqini,Ulqin,Crna Gora,Mali i Zi","potentialAction":[{"@type":"SearchAction","target":{"@type":"EntryPoint","urlTemplate":"https:\/\/www.visit-ulcinj.com\/blog\/?s={search_term_string}"},"query-input":"required name=search_term_string"}],"inLanguage":"en-US"},{"@type":"ImageObject","inLanguage":"en-US","@id":"https:\/\/www.visit-ulcinj.com\/blog\/2010\/03\/13\/%e2%80%9cmandatet-e-garantuara%e2%80%9d-te-shqiptareve-ne-mal-te-zi-ne-ekspertize-te-ke-se\/#primaryimage","url":"https:\/\/www.visit-ulcinj.com\/blog\/wp-content\/uploads\/2010\/03\/Parlamentii-malit-te-zi.jpg","contentUrl":"https:\/\/www.visit-ulcinj.com\/blog\/wp-content\/uploads\/2010\/03\/Parlamentii-malit-te-zi.jpg","width":"550","height":"239"},{"@type":"WebPage","@id":"https:\/\/www.visit-ulcinj.com\/blog\/2010\/03\/13\/%e2%80%9cmandatet-e-garantuara%e2%80%9d-te-shqiptareve-ne-mal-te-zi-ne-ekspertize-te-ke-se\/#webpage","url":"https:\/\/www.visit-ulcinj.com\/blog\/2010\/03\/13\/%e2%80%9cmandatet-e-garantuara%e2%80%9d-te-shqiptareve-ne-mal-te-zi-ne-ekspertize-te-ke-se\/","name":"\u201cMandatet e garantuara\u201d t\u00eb shqiptar\u00ebve n\u00eb Mal t\u00eb Zi n\u00eb ekspertiz\u00eb t\u00eb KE-s\u00eb - Lajme nga Ulqini","isPartOf":{"@id":"https:\/\/www.visit-ulcinj.com\/blog\/#website"},"primaryImageOfPage":{"@id":"https:\/\/www.visit-ulcinj.com\/blog\/2010\/03\/13\/%e2%80%9cmandatet-e-garantuara%e2%80%9d-te-shqiptareve-ne-mal-te-zi-ne-ekspertize-te-ke-se\/#primaryimage"},"datePublished":"2010-03-13T01:53:07+00:00","dateModified":"2010-03-13T01:57:07+00:00","author":{"@id":"https:\/\/www.visit-ulcinj.com\/blog\/#\/schema\/person\/dcab619c614d3038751c63bc2aadc06d"},"description":"Parlamenti malazias, as pas nj\u00eb debati t\u00eb ashp\u00ebr disadit\u00ebsh nuk arriti t\u00eb siguroj\u00eb shumic\u00ebn e duhur p\u00ebr t\u00eb miratuar Propozimligjin e ri zgjedhor, dhe","breadcrumb":{"@id":"https:\/\/www.visit-ulcinj.com\/blog\/2010\/03\/13\/%e2%80%9cmandatet-e-garantuara%e2%80%9d-te-shqiptareve-ne-mal-te-zi-ne-ekspertize-te-ke-se\/#breadcrumb"},"inLanguage":"en-US","potentialAction":[{"@type":"ReadAction","target":["https:\/\/www.visit-ulcinj.com\/blog\/2010\/03\/13\/%e2%80%9cmandatet-e-garantuara%e2%80%9d-te-shqiptareve-ne-mal-te-zi-ne-ekspertize-te-ke-se\/"]}]},{"@type":"BreadcrumbList","@id":"https:\/\/www.visit-ulcinj.com\/blog\/2010\/03\/13\/%e2%80%9cmandatet-e-garantuara%e2%80%9d-te-shqiptareve-ne-mal-te-zi-ne-ekspertize-te-ke-se\/#breadcrumb","itemListElement":[{"@type":"ListItem","position":1,"name":"\u201cMandatet e garantuara\u201d t\u00eb shqiptar\u00ebve n\u00eb Mal t\u00eb Zi n\u00eb ekspertiz\u00eb t\u00eb KE-s\u00eb"}]},{"@type":"Person","@id":"https:\/\/www.visit-ulcinj.com\/blog\/#\/schema\/person\/dcab619c614d3038751c63bc2aadc06d","name":"ulqini","sameAs":["http:\/\/www.visit-ulcinj.com"],"url":"https:\/\/www.visit-ulcinj.com\/blog\/author\/admin\/"}]}},"jetpack_featured_media_url":"","jetpack_sharing_enabled":true,"jetpack_shortlink":"https:\/\/wp.me\/pe6lTn-86X","_links":{"self":[{"href":"https:\/\/www.visit-ulcinj.com\/blog\/wp-json\/wp\/v2\/posts\/31183"}],"collection":[{"href":"https:\/\/www.visit-ulcinj.com\/blog\/wp-json\/wp\/v2\/posts"}],"about":[{"href":"https:\/\/www.visit-ulcinj.com\/blog\/wp-json\/wp\/v2\/types\/post"}],"author":[{"embeddable":true,"href":"https:\/\/www.visit-ulcinj.com\/blog\/wp-json\/wp\/v2\/users\/1"}],"replies":[{"embeddable":true,"href":"https:\/\/www.visit-ulcinj.com\/blog\/wp-json\/wp\/v2\/comments?post=31183"}],"version-history":[{"count":0,"href":"https:\/\/www.visit-ulcinj.com\/blog\/wp-json\/wp\/v2\/posts\/31183\/revisions"}],"wp:attachment":[{"href":"https:\/\/www.visit-ulcinj.com\/blog\/wp-json\/wp\/v2\/media?parent=31183"}],"wp:term":[{"taxonomy":"category","embeddable":true,"href":"https:\/\/www.visit-ulcinj.com\/blog\/wp-json\/wp\/v2\/categories?post=31183"},{"taxonomy":"post_tag","embeddable":true,"href":"https:\/\/www.visit-ulcinj.com\/blog\/wp-json\/wp\/v2\/tags?post=31183"}],"curies":[{"name":"wp","href":"https:\/\/api.w.org\/{rel}","templated":true}]}}