{"id":31192,"date":"2010-03-13T04:48:37","date_gmt":"2010-03-13T02:48:37","guid":{"rendered":"http:\/\/www.visit-ulcinj.com\/blog\/?p=31192"},"modified":"2010-03-13T04:48:37","modified_gmt":"2010-03-13T02:48:37","slug":"ostre-kritike-iz-albanskih-stranaka","status":"publish","type":"post","link":"https:\/\/www.visit-ulcinj.com\/blog\/2010\/03\/13\/ostre-kritike-iz-albanskih-stranaka\/","title":{"rendered":"O\u0161tre kritike iz albanskih stranaka"},"content":{"rendered":"<p><strong><a href=\"http:\/\/www.visit-ulcinj.com\/blog\/wp-content\/uploads\/2010\/03\/SKUPSTINA-CRNE-GORE.jpg\"><img loading=\"lazy\" class=\"alignleft size-full wp-image-31193\" title=\"SKUPSTINA CRNE GORE\" src=\"http:\/\/www.visit-ulcinj.com\/blog\/wp-content\/uploads\/2010\/03\/SKUPSTINA-CRNE-GORE.jpg\" alt=\"SKUPSTINA CRNE GORE\" width=\"580\" height=\"400\" \/><\/a>Radni tekst izbornog zakona na ekspertizu<\/strong><\/p>\n<p><strong>O\u0161tre kritike iz albanskih stranaka. Ekspertiza ?e biti ra?ena u Savjetu Evrope i Venecijanskoj komisiji. Izmjene i dopune Zakona o manjinskim pravima i slobodama nijesu dobile dvotre?insku podr\u0161ku<\/strong><\/p>\n<p>Podgorica &#8211; Skup\u0161tina Crne Gore usvojila je zaklju?ak u kojem navodi da je saglasna da Savjetu Evrope i Venecijanskoj komisiji po\u0161alje na ekspertizu radni tekst zakona o izboru odbornika i poslanika, sa pojedina?nim prijedlozima partija. Parlament je pozvao Kolegijum predsjednika Skup\u0161tine da obezbijedi nastavak rada Radnoj grupi za uskla?ivanje izbornog zakona sa Ustavom, nakon dobijanja mi\u0161ljenja ekspertskih tijela. Zaklju?ak je podr\u017eao 51 poslanik, ?etiri su bila protiv, a jedan uzdr\u017ean.<\/p>\n<p>Pojedini poslanici upozoravali su tokom rasprave da je za usvajanje teksta nacrta potrebna dvotre?inska podr\u0161ka. Predrag Bulatovi? (SNP) vi\u0161e puta je zatra\u017eio od DUA da objasni za\u0161to je najprije dala saglasnost na rje\u0161enja o autenti?noj zastupljenosti manjina, pa odustala, nazivaju?i takav gest \u201epoliti?kom podvalom\u201c.<\/p>\n<p>&#8211; DUA nije u?estvovala u radu Radne grupe, ali je poku\u0161avala da preko svog predstavnika uti?e na pronala\u017eenje modusa koji bi zadovoljio potrebe Albanaca &#8211; rekao je Mehmet Zenka.<\/p>\n<p>Ministar za za\u0161titu ljudskih i manjinskih prava Ferhat Dino\u0161a, iako nije predlaga?, iz klupa Vlade objasnio je da su \u201eparalelno sa radom Radne grupe tekli kontakti u pravcu tra\u017eenja dvotre?inske podr\u0161ke rje\u0161enjima\u201c.<\/p>\n<p>&#8211; Bio sam spreman da podr\u017eim prijedlog SNP od 0,5 odsto, ali ne i tri odsto za manjinsku stranku. Danas sam spreman da se odustane od onoga \u0161to su pet mandata za Albance na posebnim bira?kim mjestima i prihvati pet mandata uz konkurenciju svih \u2013 kazao je Dino\u0161a.<\/p>\n<p>&#8211; Rje\u0161enjima se ukidaju ste?ena prava Albanaca &#8211; kazao je Genci Nimanbegu (Forca).<\/p>\n<p>Kemal Puri\u0161i? (BS) smatra da \u201eima osnova za blagi optimizam da ?e zakon biti uskla?en sa Ustavom\u201c. Ljerka Dragi?evi? (HGI) kazala je da je za hrvatsku manjinu prihvatljiv cenzus od 0,2 odsto va\u017ee?ih glasova. Mehmet Bardhi (DSCG) rekao je da se nacrtom namjeravaju Albanci izbaciti iz parlamenta.<\/p>\n<p>Mevludin Nuhod\u017ei? (DPS) ocijenio je da je rje\u0161enje o autenti?noj zastupljenosti manjina \u201edobra kompilacija predlo\u017eenih modela, \u0161to potvr?uje da je u Radnoj grupi bio argumentovan dijalog\u201c.<\/p>\n<p>Branko Radulovi? (PzP) kazao je da njegova partija \u201epoliti?ki podr\u017eava\u201c rje\u0161enja u tekstu nacrta ali je, po njemu, krucijalna odredba da izbori u Crnoj Gori moraju biti slobodni.<\/p>\n<p>&#8211; To nije tako i zato ne mo\u017eemo podr\u017eati nacrt &#8211; kazao je Radulovi?.<\/p>\n<p>Crna Gora, po tekstu nacrta, trebalo bi da bude jedna izborna jedinica, bez garantovanih mandata. Sve partije za ulazak u parlament morale bi da osvoje cenzus od tri odsto. Ako nijedna manjinska stranka ne pre?e op\u0161ti cenzus, glasovi partija te grupacije zbrajali bi se, ali pod uslovom da svaka osvoji minimum 0,7 odsto glasova.<\/p>\n<p>Parlament sino?, na kraju radnog dana, nije usvojio izmjene i dopune Zakona o manjinskim pravima i slobodama. Tekst nije dobio dvotre?insku podr\u0161ku. Za izmjene su glasala 43 poslanika, dok je 14 bilo protiv, a 12 uzrdr\u017eano.<br \/>\n<strong><br \/>\nI. K.<br \/>\n<a href=\"http:\/\/www.pobjeda.co.me\/citanje.php?datum=2010-03-11&amp;id=181194\" target=\"_blank\">Pobjeda<\/a><\/strong><\/p>\n","protected":false},"excerpt":{"rendered":"<p>Radni tekst izbornog zakona na ekspertizu O\u0161tre kritike iz albanskih stranaka. Ekspertiza ?e biti ra?ena u Savjetu Evrope i Venecijanskoj komisiji. Izmjene i dopune Zakona o manjinskim pravima i slobodama nijesu dobile dvotre?insku podr\u0161ku Podgorica &#8211; Skup\u0161tina Crne Gore usvojila je zaklju?ak u kojem navodi da je saglasna da Savjetu Evrope i Venecijanskoj komisiji po\u0161alje [&hellip;]<\/p>\n","protected":false},"author":1,"featured_media":0,"comment_status":"open","ping_status":"closed","sticky":false,"template":"","format":"standard","meta":{"spay_email":"","jetpack_publicize_message":"","jetpack_is_tweetstorm":false,"jetpack_publicize_feature_enabled":true},"categories":[8337],"tags":[88,1073,3371,683,13817],"jetpack_publicize_connections":[],"yoast_head":"<!-- This site is optimized with the Yoast SEO plugin v19.1 - https:\/\/yoast.com\/wordpress\/plugins\/seo\/ -->\n<title>O\u0161tre kritike iz albanskih stranaka - Lajme nga Ulqini<\/title>\n<meta name=\"description\" content=\"Radni tekst izbornog zakona na ekspertizu O\u0161tre kritike iz albanskih stranaka. Ekspertiza ?e biti ra?ena u Savjetu Evrope i Venecijanskoj komisiji.\" \/>\n<meta name=\"robots\" content=\"index, follow, max-snippet:-1, max-image-preview:large, max-video-preview:-1\" \/>\n<link rel=\"canonical\" href=\"https:\/\/www.visit-ulcinj.com\/blog\/2010\/03\/13\/ostre-kritike-iz-albanskih-stranaka\/\" \/>\n<meta property=\"og:locale\" content=\"en_US\" \/>\n<meta property=\"og:type\" content=\"article\" \/>\n<meta property=\"og:title\" content=\"O\u0161tre kritike iz albanskih stranaka - Lajme nga Ulqini\" \/>\n<meta property=\"og:description\" content=\"Radni tekst izbornog zakona na ekspertizu O\u0161tre kritike iz albanskih stranaka. Ekspertiza ?e biti ra?ena u Savjetu Evrope i Venecijanskoj komisiji.\" \/>\n<meta property=\"og:url\" content=\"https:\/\/www.visit-ulcinj.com\/blog\/2010\/03\/13\/ostre-kritike-iz-albanskih-stranaka\/\" \/>\n<meta property=\"og:site_name\" content=\"Lajme nga Ulqini\" \/>\n<meta property=\"article:published_time\" content=\"2010-03-13T02:48:37+00:00\" \/>\n<meta property=\"og:image\" content=\"http:\/\/www.visit-ulcinj.com\/blog\/wp-content\/uploads\/2010\/03\/SKUPSTINA-CRNE-GORE.jpg\" \/>\n<meta name=\"twitter:label1\" content=\"Written by\" \/>\n\t<meta name=\"twitter:data1\" content=\"ulqini\" \/>\n\t<meta name=\"twitter:label2\" content=\"Est. reading time\" \/>\n\t<meta name=\"twitter:data2\" content=\"3 minutes\" \/>\n<script type=\"application\/ld+json\" class=\"yoast-schema-graph\">{\"@context\":\"https:\/\/schema.org\",\"@graph\":[{\"@type\":\"WebSite\",\"@id\":\"https:\/\/www.visit-ulcinj.com\/blog\/#website\",\"url\":\"https:\/\/www.visit-ulcinj.com\/blog\/\",\"name\":\"Lajme nga Ulqini\",\"description\":\"Lajme,Vijesti,Ulqini,Ulqin,Crna Gora,Mali i Zi\",\"potentialAction\":[{\"@type\":\"SearchAction\",\"target\":{\"@type\":\"EntryPoint\",\"urlTemplate\":\"https:\/\/www.visit-ulcinj.com\/blog\/?s={search_term_string}\"},\"query-input\":\"required name=search_term_string\"}],\"inLanguage\":\"en-US\"},{\"@type\":\"ImageObject\",\"inLanguage\":\"en-US\",\"@id\":\"https:\/\/www.visit-ulcinj.com\/blog\/2010\/03\/13\/ostre-kritike-iz-albanskih-stranaka\/#primaryimage\",\"url\":\"https:\/\/www.visit-ulcinj.com\/blog\/wp-content\/uploads\/2010\/03\/SKUPSTINA-CRNE-GORE.jpg\",\"contentUrl\":\"https:\/\/www.visit-ulcinj.com\/blog\/wp-content\/uploads\/2010\/03\/SKUPSTINA-CRNE-GORE.jpg\",\"width\":\"800\",\"height\":\"600\"},{\"@type\":\"WebPage\",\"@id\":\"https:\/\/www.visit-ulcinj.com\/blog\/2010\/03\/13\/ostre-kritike-iz-albanskih-stranaka\/#webpage\",\"url\":\"https:\/\/www.visit-ulcinj.com\/blog\/2010\/03\/13\/ostre-kritike-iz-albanskih-stranaka\/\",\"name\":\"O\u0161tre kritike iz albanskih stranaka - Lajme nga Ulqini\",\"isPartOf\":{\"@id\":\"https:\/\/www.visit-ulcinj.com\/blog\/#website\"},\"primaryImageOfPage\":{\"@id\":\"https:\/\/www.visit-ulcinj.com\/blog\/2010\/03\/13\/ostre-kritike-iz-albanskih-stranaka\/#primaryimage\"},\"datePublished\":\"2010-03-13T02:48:37+00:00\",\"dateModified\":\"2010-03-13T02:48:37+00:00\",\"author\":{\"@id\":\"https:\/\/www.visit-ulcinj.com\/blog\/#\/schema\/person\/dcab619c614d3038751c63bc2aadc06d\"},\"description\":\"Radni tekst izbornog zakona na ekspertizu O\u0161tre kritike iz albanskih stranaka. Ekspertiza ?e biti ra?ena u Savjetu Evrope i Venecijanskoj komisiji.\",\"breadcrumb\":{\"@id\":\"https:\/\/www.visit-ulcinj.com\/blog\/2010\/03\/13\/ostre-kritike-iz-albanskih-stranaka\/#breadcrumb\"},\"inLanguage\":\"en-US\",\"potentialAction\":[{\"@type\":\"ReadAction\",\"target\":[\"https:\/\/www.visit-ulcinj.com\/blog\/2010\/03\/13\/ostre-kritike-iz-albanskih-stranaka\/\"]}]},{\"@type\":\"BreadcrumbList\",\"@id\":\"https:\/\/www.visit-ulcinj.com\/blog\/2010\/03\/13\/ostre-kritike-iz-albanskih-stranaka\/#breadcrumb\",\"itemListElement\":[{\"@type\":\"ListItem\",\"position\":1,\"name\":\"O\u0161tre kritike iz albanskih stranaka\"}]},{\"@type\":\"Person\",\"@id\":\"https:\/\/www.visit-ulcinj.com\/blog\/#\/schema\/person\/dcab619c614d3038751c63bc2aadc06d\",\"name\":\"ulqini\",\"sameAs\":[\"http:\/\/www.visit-ulcinj.com\"],\"url\":\"https:\/\/www.visit-ulcinj.com\/blog\/author\/admin\/\"}]}<\/script>\n<!-- \/ Yoast SEO plugin. -->","yoast_head_json":{"title":"O\u0161tre kritike iz albanskih stranaka - Lajme nga Ulqini","description":"Radni tekst izbornog zakona na ekspertizu O\u0161tre kritike iz albanskih stranaka. Ekspertiza ?e biti ra?ena u Savjetu Evrope i Venecijanskoj komisiji.","robots":{"index":"index","follow":"follow","max-snippet":"max-snippet:-1","max-image-preview":"max-image-preview:large","max-video-preview":"max-video-preview:-1"},"canonical":"https:\/\/www.visit-ulcinj.com\/blog\/2010\/03\/13\/ostre-kritike-iz-albanskih-stranaka\/","og_locale":"en_US","og_type":"article","og_title":"O\u0161tre kritike iz albanskih stranaka - Lajme nga Ulqini","og_description":"Radni tekst izbornog zakona na ekspertizu O\u0161tre kritike iz albanskih stranaka. Ekspertiza ?e biti ra?ena u Savjetu Evrope i Venecijanskoj komisiji.","og_url":"https:\/\/www.visit-ulcinj.com\/blog\/2010\/03\/13\/ostre-kritike-iz-albanskih-stranaka\/","og_site_name":"Lajme nga Ulqini","article_published_time":"2010-03-13T02:48:37+00:00","og_image":[{"url":"http:\/\/www.visit-ulcinj.com\/blog\/wp-content\/uploads\/2010\/03\/SKUPSTINA-CRNE-GORE.jpg"}],"twitter_misc":{"Written by":"ulqini","Est. reading time":"3 minutes"},"schema":{"@context":"https:\/\/schema.org","@graph":[{"@type":"WebSite","@id":"https:\/\/www.visit-ulcinj.com\/blog\/#website","url":"https:\/\/www.visit-ulcinj.com\/blog\/","name":"Lajme nga Ulqini","description":"Lajme,Vijesti,Ulqini,Ulqin,Crna Gora,Mali i Zi","potentialAction":[{"@type":"SearchAction","target":{"@type":"EntryPoint","urlTemplate":"https:\/\/www.visit-ulcinj.com\/blog\/?s={search_term_string}"},"query-input":"required name=search_term_string"}],"inLanguage":"en-US"},{"@type":"ImageObject","inLanguage":"en-US","@id":"https:\/\/www.visit-ulcinj.com\/blog\/2010\/03\/13\/ostre-kritike-iz-albanskih-stranaka\/#primaryimage","url":"https:\/\/www.visit-ulcinj.com\/blog\/wp-content\/uploads\/2010\/03\/SKUPSTINA-CRNE-GORE.jpg","contentUrl":"https:\/\/www.visit-ulcinj.com\/blog\/wp-content\/uploads\/2010\/03\/SKUPSTINA-CRNE-GORE.jpg","width":"800","height":"600"},{"@type":"WebPage","@id":"https:\/\/www.visit-ulcinj.com\/blog\/2010\/03\/13\/ostre-kritike-iz-albanskih-stranaka\/#webpage","url":"https:\/\/www.visit-ulcinj.com\/blog\/2010\/03\/13\/ostre-kritike-iz-albanskih-stranaka\/","name":"O\u0161tre kritike iz albanskih stranaka - Lajme nga Ulqini","isPartOf":{"@id":"https:\/\/www.visit-ulcinj.com\/blog\/#website"},"primaryImageOfPage":{"@id":"https:\/\/www.visit-ulcinj.com\/blog\/2010\/03\/13\/ostre-kritike-iz-albanskih-stranaka\/#primaryimage"},"datePublished":"2010-03-13T02:48:37+00:00","dateModified":"2010-03-13T02:48:37+00:00","author":{"@id":"https:\/\/www.visit-ulcinj.com\/blog\/#\/schema\/person\/dcab619c614d3038751c63bc2aadc06d"},"description":"Radni tekst izbornog zakona na ekspertizu O\u0161tre kritike iz albanskih stranaka. Ekspertiza ?e biti ra?ena u Savjetu Evrope i Venecijanskoj komisiji.","breadcrumb":{"@id":"https:\/\/www.visit-ulcinj.com\/blog\/2010\/03\/13\/ostre-kritike-iz-albanskih-stranaka\/#breadcrumb"},"inLanguage":"en-US","potentialAction":[{"@type":"ReadAction","target":["https:\/\/www.visit-ulcinj.com\/blog\/2010\/03\/13\/ostre-kritike-iz-albanskih-stranaka\/"]}]},{"@type":"BreadcrumbList","@id":"https:\/\/www.visit-ulcinj.com\/blog\/2010\/03\/13\/ostre-kritike-iz-albanskih-stranaka\/#breadcrumb","itemListElement":[{"@type":"ListItem","position":1,"name":"O\u0161tre kritike iz albanskih stranaka"}]},{"@type":"Person","@id":"https:\/\/www.visit-ulcinj.com\/blog\/#\/schema\/person\/dcab619c614d3038751c63bc2aadc06d","name":"ulqini","sameAs":["http:\/\/www.visit-ulcinj.com"],"url":"https:\/\/www.visit-ulcinj.com\/blog\/author\/admin\/"}]}},"jetpack_featured_media_url":"","jetpack_sharing_enabled":true,"jetpack_shortlink":"https:\/\/wp.me\/pe6lTn-876","_links":{"self":[{"href":"https:\/\/www.visit-ulcinj.com\/blog\/wp-json\/wp\/v2\/posts\/31192"}],"collection":[{"href":"https:\/\/www.visit-ulcinj.com\/blog\/wp-json\/wp\/v2\/posts"}],"about":[{"href":"https:\/\/www.visit-ulcinj.com\/blog\/wp-json\/wp\/v2\/types\/post"}],"author":[{"embeddable":true,"href":"https:\/\/www.visit-ulcinj.com\/blog\/wp-json\/wp\/v2\/users\/1"}],"replies":[{"embeddable":true,"href":"https:\/\/www.visit-ulcinj.com\/blog\/wp-json\/wp\/v2\/comments?post=31192"}],"version-history":[{"count":0,"href":"https:\/\/www.visit-ulcinj.com\/blog\/wp-json\/wp\/v2\/posts\/31192\/revisions"}],"wp:attachment":[{"href":"https:\/\/www.visit-ulcinj.com\/blog\/wp-json\/wp\/v2\/media?parent=31192"}],"wp:term":[{"taxonomy":"category","embeddable":true,"href":"https:\/\/www.visit-ulcinj.com\/blog\/wp-json\/wp\/v2\/categories?post=31192"},{"taxonomy":"post_tag","embeddable":true,"href":"https:\/\/www.visit-ulcinj.com\/blog\/wp-json\/wp\/v2\/tags?post=31192"}],"curies":[{"name":"wp","href":"https:\/\/api.w.org\/{rel}","templated":true}]}}