{"id":31200,"date":"2010-03-13T05:31:36","date_gmt":"2010-03-13T03:31:36","guid":{"rendered":"http:\/\/www.visit-ulcinj.com\/blog\/?p=31200"},"modified":"2022-06-13T13:40:55","modified_gmt":"2022-06-13T12:40:55","slug":"a-louer-maison-de-vacances-a-ulcinj-montenegro-20e-par-jour","status":"publish","type":"post","link":"https:\/\/www.visit-ulcinj.com\/blog\/2010\/03\/13\/a-louer-maison-de-vacances-a-ulcinj-montenegro-20e-par-jour\/","title":{"rendered":"A louer maison de vacances \u00e0 Ulcinj &#8211; Mont\u00e9n\u00e9gro 7\u20ac-10\u20ac par jour"},"content":{"rendered":"<p><strong><a href=\"http:\/\/www.visit-ulcinj.com\/blog\/wp-content\/uploads\/2010\/03\/Holiday-House-in-Ulcinj-Montenegro2.jpg\"><img loading=\"lazy\" class=\"alignleft size-full wp-image-33677\" title=\"Holiday House in Ulcinj-Montenegro\" src=\"http:\/\/www.visit-ulcinj.com\/blog\/wp-content\/uploads\/2010\/03\/Holiday-House-in-Ulcinj-Montenegro2.jpg\" alt=\"\" width=\"508\" height=\"380\" \/><\/a><a href=\"http:\/\/www.visit-ulcinj.com\/\" target=\"_blank\" rel=\"noopener\">A louer chambre meubl\u00e9e a Ulcinj &#8211; Mont\u00e9n\u00e9gro pour 20 euro par jour.<\/a><\/strong><\/p>\n<p>&nbsp;<\/p>\n<p><strong>Email: Holiday House@gmail.com<\/strong><\/p>\n<p>Afin de passer des vacances inoubliables et de d\u00e9couvrir un nouveau pays \u00e0 un prix abordable.Ulcinj &#8211; Montenegro, 1510 km de Suisse de autoroute,Chambre avec TV, climatisation,cuisine, salle de bains,WC,terrasses,parking,vue sur mer, 800 m. de la plage,Mai-Juin\/1 pers\/5 euro par jour.Juillet-Ao\u00fbt\/1 pers\/7 euro par jour.<br \/>\nPossibilit\u00e9 d?organiser des excursions. Les h\u00f4tes parlent Albanais, Fran\u00e7ais, Mont\u00e9n\u00e9grin, l&#8217;Allemand et un peu trop l&#8217;Anglais.<\/p>\n<p><a href=\"http:\/\/www.visit-ulcinj.com\/\" target=\"_blank\" rel=\"noopener\">Une r\u00e9duction est EXCLUSIVEMENT disponible pendant les mois de juin et de septembre. Possibilit\u00e9 de venir avec easyjet des G\u00e8neve \u00e0 Dubrovnik.<\/a><br \/>\nConsultez toutes nos videos <strong> <a href=\"http:\/\/www.visit-ulcinj.com\/\" target=\"_blank\" rel=\"noopener\">http:\/\/www.visit-ulcinj.com\/<\/a><\/strong><\/p>\n<p><strong>Merci de votre visite et \u00e0 bient\u00f4t. <\/strong><br \/>\nR\u00e9servations et contacts sur t\u00e9l\u00e9phone:<\/p>\n\n\t\t<style type=\"text\/css\">\n\t\t\t#gallery-1 {\n\t\t\t\tmargin: auto;\n\t\t\t}\n\t\t\t#gallery-1 .gallery-item {\n\t\t\t\tfloat: left;\n\t\t\t\tmargin-top: 10px;\n\t\t\t\ttext-align: center;\n\t\t\t\twidth: 33%;\n\t\t\t}\n\t\t\t#gallery-1 img {\n\t\t\t\tborder: 2px solid #cfcfcf;\n\t\t\t}\n\t\t\t#gallery-1 .gallery-caption {\n\t\t\t\tmargin-left: 0;\n\t\t\t}\n\t\t\t\/* see gallery_shortcode() in wp-includes\/media.php *\/\n\t\t<\/style>\n\t\t<div id='gallery-1' class='gallery galleryid-31200 gallery-columns-3 gallery-size-thumbnail'><dl class='gallery-item'>\n\t\t\t<dt class='gallery-icon landscape'>\n\t\t\t\t<a href='https:\/\/www.visit-ulcinj.com\/blog\/wp-content\/uploads\/2010\/03\/Holiday-House-in-Ulcinj-Montenegro2.jpg'><img width=\"150\" height=\"150\" src=\"https:\/\/www.visit-ulcinj.com\/blog\/wp-content\/uploads\/2010\/03\/Holiday-House-in-Ulcinj-Montenegro2-150x150.jpg\" class=\"attachment-thumbnail size-thumbnail\" alt=\"\" loading=\"lazy\" \/><\/a>\n\t\t\t<\/dt><\/dl><dl class='gallery-item'>\n\t\t\t<dt class='gallery-icon landscape'>\n\t\t\t\t<a href='https:\/\/www.visit-ulcinj.com\/blog\/wp-content\/uploads\/2010\/03\/holiday-house-42.jpg'><img width=\"150\" height=\"150\" src=\"https:\/\/www.visit-ulcinj.com\/blog\/wp-content\/uploads\/2010\/03\/holiday-house-42-150x150.jpg\" class=\"attachment-thumbnail size-thumbnail\" alt=\"\" loading=\"lazy\" \/><\/a>\n\t\t\t<\/dt><\/dl><dl class='gallery-item'>\n\t\t\t<dt class='gallery-icon landscape'>\n\t\t\t\t<a href='https:\/\/www.visit-ulcinj.com\/blog\/wp-content\/uploads\/2010\/03\/holiday-house-32.jpg'><img width=\"150\" height=\"150\" src=\"https:\/\/www.visit-ulcinj.com\/blog\/wp-content\/uploads\/2010\/03\/holiday-house-32-150x150.jpg\" class=\"attachment-thumbnail size-thumbnail\" alt=\"\" loading=\"lazy\" \/><\/a>\n\t\t\t<\/dt><\/dl><br style=\"clear: both\" \/>\n\t\t<\/div>\n\n<p><strong><a href=\"mailto:lajmengaulqini@gmail.com\" target=\"_blank\" rel=\"noopener\"><br \/>\n<\/a><\/strong>[flv width=&#8221;490&#8243; height=&#8221;400&#8243;]http:\/\/cdn9.fliqz.com\/bca2a1bd98324f429cf68c31ef3b2269.flv[\/flv]<a href=\"mailto:lajmengaulqini@gmail.com\" target=\"_blank\" rel=\"noopener\"><br \/>\n<\/a><strong><a href=\"mailto:lajmengaulqini@gmail.com\" target=\"_blank\" rel=\"noopener\"><br \/>\n<\/a><\/strong><\/p>\n","protected":false},"excerpt":{"rendered":"<p>A louer chambre meubl\u00e9e a Ulcinj &#8211; Mont\u00e9n\u00e9gro pour 20 euro par jour. &nbsp; Email: Holiday House@gmail.com Afin de passer des vacances inoubliables et de d\u00e9couvrir un nouveau pays \u00e0 un prix abordable.Ulcinj &#8211; Montenegro, 1510 km de Suisse de autoroute,Chambre avec TV, climatisation,cuisine, salle de bains,WC,terrasses,parking,vue sur mer, 800 m. de la plage,Mai-Juin\/1 pers\/5 [&hellip;]<\/p>\n","protected":false},"author":1,"featured_media":0,"comment_status":"open","ping_status":"closed","sticky":false,"template":"","format":"standard","meta":{"spay_email":"","jetpack_publicize_message":"","jetpack_is_tweetstorm":false,"jetpack_publicize_feature_enabled":true},"categories":[7679],"tags":[15570,15572,15610,13825,13822,13823,15576,15583,15584,15581,13826,3751,3753,5673,15577,13829,15582,15578,15579,15575,13827,15574,3772,13820,13828,15571,79,1780,15573,15580,12033,12064,3427,3754,12757,13821,13824],"jetpack_publicize_connections":[],"yoast_head":"<!-- This site is optimized with the Yoast SEO plugin v19.1 - https:\/\/yoast.com\/wordpress\/plugins\/seo\/ -->\n<title>A louer maison de vacances \u00e0 Ulcinj - Mont\u00e9n\u00e9gro 7\u20ac-10\u20ac par jour - Lajme nga Ulqini<\/title>\n<meta name=\"description\" content=\"A louer chambre meubl\u00e9e a Ulcinj - Mont\u00e9n\u00e9gro pour 20 euro par jour. &nbsp; Email: Holiday House@gmail.com Afin de passer des vacances inoubliables et de\" \/>\n<meta name=\"robots\" content=\"index, follow, max-snippet:-1, max-image-preview:large, max-video-preview:-1\" \/>\n<link rel=\"canonical\" href=\"https:\/\/www.visit-ulcinj.com\/blog\/2010\/03\/13\/a-louer-maison-de-vacances-a-ulcinj-montenegro-20e-par-jour\/\" \/>\n<meta property=\"og:locale\" content=\"en_US\" \/>\n<meta property=\"og:type\" content=\"article\" \/>\n<meta property=\"og:title\" content=\"A louer maison de vacances \u00e0 Ulcinj - Mont\u00e9n\u00e9gro 7\u20ac-10\u20ac par jour - Lajme nga Ulqini\" \/>\n<meta property=\"og:description\" content=\"A louer chambre meubl\u00e9e a Ulcinj - Mont\u00e9n\u00e9gro pour 20 euro par jour. &nbsp; Email: Holiday House@gmail.com Afin de passer des vacances inoubliables et de\" \/>\n<meta property=\"og:url\" content=\"https:\/\/www.visit-ulcinj.com\/blog\/2010\/03\/13\/a-louer-maison-de-vacances-a-ulcinj-montenegro-20e-par-jour\/\" \/>\n<meta property=\"og:site_name\" content=\"Lajme nga Ulqini\" \/>\n<meta property=\"article:published_time\" content=\"2010-03-13T03:31:36+00:00\" \/>\n<meta property=\"article:modified_time\" content=\"2022-06-13T12:40:55+00:00\" \/>\n<meta property=\"og:image\" content=\"https:\/\/www.visit-ulcinj.com\/blog\/wp-content\/uploads\/2010\/03\/Holiday-House-in-Ulcinj-Montenegro2-150x150.jpg\" \/>\n<meta name=\"twitter:label1\" content=\"Written by\" \/>\n\t<meta name=\"twitter:data1\" content=\"ulqini\" \/>\n\t<meta name=\"twitter:label2\" content=\"Est. reading time\" \/>\n\t<meta name=\"twitter:data2\" content=\"1 minute\" \/>\n<script type=\"application\/ld+json\" class=\"yoast-schema-graph\">{\"@context\":\"https:\/\/schema.org\",\"@graph\":[{\"@type\":\"WebSite\",\"@id\":\"https:\/\/www.visit-ulcinj.com\/blog\/#website\",\"url\":\"https:\/\/www.visit-ulcinj.com\/blog\/\",\"name\":\"Lajme nga Ulqini\",\"description\":\"Lajme,Vijesti,Ulqini,Ulqin,Crna Gora,Mali i Zi\",\"potentialAction\":[{\"@type\":\"SearchAction\",\"target\":{\"@type\":\"EntryPoint\",\"urlTemplate\":\"https:\/\/www.visit-ulcinj.com\/blog\/?s={search_term_string}\"},\"query-input\":\"required name=search_term_string\"}],\"inLanguage\":\"en-US\"},{\"@type\":\"ImageObject\",\"inLanguage\":\"en-US\",\"@id\":\"https:\/\/www.visit-ulcinj.com\/blog\/2010\/03\/13\/a-louer-maison-de-vacances-a-ulcinj-montenegro-20e-par-jour\/#primaryimage\",\"url\":\"https:\/\/www.visit-ulcinj.com\/blog\/wp-content\/uploads\/2010\/03\/Holiday-House-in-Ulcinj-Montenegro2.jpg\",\"contentUrl\":\"https:\/\/www.visit-ulcinj.com\/blog\/wp-content\/uploads\/2010\/03\/Holiday-House-in-Ulcinj-Montenegro2.jpg\",\"width\":\"640\",\"height\":\"400\"},{\"@type\":\"WebPage\",\"@id\":\"https:\/\/www.visit-ulcinj.com\/blog\/2010\/03\/13\/a-louer-maison-de-vacances-a-ulcinj-montenegro-20e-par-jour\/#webpage\",\"url\":\"https:\/\/www.visit-ulcinj.com\/blog\/2010\/03\/13\/a-louer-maison-de-vacances-a-ulcinj-montenegro-20e-par-jour\/\",\"name\":\"A louer maison de vacances \u00e0 Ulcinj - Mont\u00e9n\u00e9gro 7\u20ac-10\u20ac par jour - Lajme nga Ulqini\",\"isPartOf\":{\"@id\":\"https:\/\/www.visit-ulcinj.com\/blog\/#website\"},\"primaryImageOfPage\":{\"@id\":\"https:\/\/www.visit-ulcinj.com\/blog\/2010\/03\/13\/a-louer-maison-de-vacances-a-ulcinj-montenegro-20e-par-jour\/#primaryimage\"},\"datePublished\":\"2010-03-13T03:31:36+00:00\",\"dateModified\":\"2022-06-13T12:40:55+00:00\",\"author\":{\"@id\":\"https:\/\/www.visit-ulcinj.com\/blog\/#\/schema\/person\/dcab619c614d3038751c63bc2aadc06d\"},\"description\":\"A louer chambre meubl\u00e9e a Ulcinj - Mont\u00e9n\u00e9gro pour 20 euro par jour. &nbsp; Email: Holiday House@gmail.com Afin de passer des vacances inoubliables et de\",\"breadcrumb\":{\"@id\":\"https:\/\/www.visit-ulcinj.com\/blog\/2010\/03\/13\/a-louer-maison-de-vacances-a-ulcinj-montenegro-20e-par-jour\/#breadcrumb\"},\"inLanguage\":\"en-US\",\"potentialAction\":[{\"@type\":\"ReadAction\",\"target\":[\"https:\/\/www.visit-ulcinj.com\/blog\/2010\/03\/13\/a-louer-maison-de-vacances-a-ulcinj-montenegro-20e-par-jour\/\"]}]},{\"@type\":\"BreadcrumbList\",\"@id\":\"https:\/\/www.visit-ulcinj.com\/blog\/2010\/03\/13\/a-louer-maison-de-vacances-a-ulcinj-montenegro-20e-par-jour\/#breadcrumb\",\"itemListElement\":[{\"@type\":\"ListItem\",\"position\":1,\"name\":\"A louer maison de vacances \u00e0 Ulcinj &#8211; Mont\u00e9n\u00e9gro 7\u20ac-10\u20ac par jour\"}]},{\"@type\":\"Person\",\"@id\":\"https:\/\/www.visit-ulcinj.com\/blog\/#\/schema\/person\/dcab619c614d3038751c63bc2aadc06d\",\"name\":\"ulqini\",\"sameAs\":[\"http:\/\/www.visit-ulcinj.com\"],\"url\":\"https:\/\/www.visit-ulcinj.com\/blog\/author\/admin\/\"}]}<\/script>\n<!-- \/ Yoast SEO plugin. -->","yoast_head_json":{"title":"A louer maison de vacances \u00e0 Ulcinj - Mont\u00e9n\u00e9gro 7\u20ac-10\u20ac par jour - Lajme nga Ulqini","description":"A louer chambre meubl\u00e9e a Ulcinj - Mont\u00e9n\u00e9gro pour 20 euro par jour. &nbsp; Email: Holiday House@gmail.com Afin de passer des vacances inoubliables et de","robots":{"index":"index","follow":"follow","max-snippet":"max-snippet:-1","max-image-preview":"max-image-preview:large","max-video-preview":"max-video-preview:-1"},"canonical":"https:\/\/www.visit-ulcinj.com\/blog\/2010\/03\/13\/a-louer-maison-de-vacances-a-ulcinj-montenegro-20e-par-jour\/","og_locale":"en_US","og_type":"article","og_title":"A louer maison de vacances \u00e0 Ulcinj - Mont\u00e9n\u00e9gro 7\u20ac-10\u20ac par jour - Lajme nga Ulqini","og_description":"A louer chambre meubl\u00e9e a Ulcinj - Mont\u00e9n\u00e9gro pour 20 euro par jour. &nbsp; Email: Holiday House@gmail.com Afin de passer des vacances inoubliables et de","og_url":"https:\/\/www.visit-ulcinj.com\/blog\/2010\/03\/13\/a-louer-maison-de-vacances-a-ulcinj-montenegro-20e-par-jour\/","og_site_name":"Lajme nga Ulqini","article_published_time":"2010-03-13T03:31:36+00:00","article_modified_time":"2022-06-13T12:40:55+00:00","og_image":[{"url":"https:\/\/www.visit-ulcinj.com\/blog\/wp-content\/uploads\/2010\/03\/Holiday-House-in-Ulcinj-Montenegro2-150x150.jpg"}],"twitter_misc":{"Written by":"ulqini","Est. reading time":"1 minute"},"schema":{"@context":"https:\/\/schema.org","@graph":[{"@type":"WebSite","@id":"https:\/\/www.visit-ulcinj.com\/blog\/#website","url":"https:\/\/www.visit-ulcinj.com\/blog\/","name":"Lajme nga Ulqini","description":"Lajme,Vijesti,Ulqini,Ulqin,Crna Gora,Mali i Zi","potentialAction":[{"@type":"SearchAction","target":{"@type":"EntryPoint","urlTemplate":"https:\/\/www.visit-ulcinj.com\/blog\/?s={search_term_string}"},"query-input":"required name=search_term_string"}],"inLanguage":"en-US"},{"@type":"ImageObject","inLanguage":"en-US","@id":"https:\/\/www.visit-ulcinj.com\/blog\/2010\/03\/13\/a-louer-maison-de-vacances-a-ulcinj-montenegro-20e-par-jour\/#primaryimage","url":"https:\/\/www.visit-ulcinj.com\/blog\/wp-content\/uploads\/2010\/03\/Holiday-House-in-Ulcinj-Montenegro2.jpg","contentUrl":"https:\/\/www.visit-ulcinj.com\/blog\/wp-content\/uploads\/2010\/03\/Holiday-House-in-Ulcinj-Montenegro2.jpg","width":"640","height":"400"},{"@type":"WebPage","@id":"https:\/\/www.visit-ulcinj.com\/blog\/2010\/03\/13\/a-louer-maison-de-vacances-a-ulcinj-montenegro-20e-par-jour\/#webpage","url":"https:\/\/www.visit-ulcinj.com\/blog\/2010\/03\/13\/a-louer-maison-de-vacances-a-ulcinj-montenegro-20e-par-jour\/","name":"A louer maison de vacances \u00e0 Ulcinj - Mont\u00e9n\u00e9gro 7\u20ac-10\u20ac par jour - Lajme nga Ulqini","isPartOf":{"@id":"https:\/\/www.visit-ulcinj.com\/blog\/#website"},"primaryImageOfPage":{"@id":"https:\/\/www.visit-ulcinj.com\/blog\/2010\/03\/13\/a-louer-maison-de-vacances-a-ulcinj-montenegro-20e-par-jour\/#primaryimage"},"datePublished":"2010-03-13T03:31:36+00:00","dateModified":"2022-06-13T12:40:55+00:00","author":{"@id":"https:\/\/www.visit-ulcinj.com\/blog\/#\/schema\/person\/dcab619c614d3038751c63bc2aadc06d"},"description":"A louer chambre meubl\u00e9e a Ulcinj - Mont\u00e9n\u00e9gro pour 20 euro par jour. &nbsp; Email: Holiday House@gmail.com Afin de passer des vacances inoubliables et de","breadcrumb":{"@id":"https:\/\/www.visit-ulcinj.com\/blog\/2010\/03\/13\/a-louer-maison-de-vacances-a-ulcinj-montenegro-20e-par-jour\/#breadcrumb"},"inLanguage":"en-US","potentialAction":[{"@type":"ReadAction","target":["https:\/\/www.visit-ulcinj.com\/blog\/2010\/03\/13\/a-louer-maison-de-vacances-a-ulcinj-montenegro-20e-par-jour\/"]}]},{"@type":"BreadcrumbList","@id":"https:\/\/www.visit-ulcinj.com\/blog\/2010\/03\/13\/a-louer-maison-de-vacances-a-ulcinj-montenegro-20e-par-jour\/#breadcrumb","itemListElement":[{"@type":"ListItem","position":1,"name":"A louer maison de vacances \u00e0 Ulcinj &#8211; Mont\u00e9n\u00e9gro 7\u20ac-10\u20ac par jour"}]},{"@type":"Person","@id":"https:\/\/www.visit-ulcinj.com\/blog\/#\/schema\/person\/dcab619c614d3038751c63bc2aadc06d","name":"ulqini","sameAs":["http:\/\/www.visit-ulcinj.com"],"url":"https:\/\/www.visit-ulcinj.com\/blog\/author\/admin\/"}]}},"jetpack_featured_media_url":"","jetpack_sharing_enabled":true,"jetpack_shortlink":"https:\/\/wp.me\/pe6lTn-87e","_links":{"self":[{"href":"https:\/\/www.visit-ulcinj.com\/blog\/wp-json\/wp\/v2\/posts\/31200"}],"collection":[{"href":"https:\/\/www.visit-ulcinj.com\/blog\/wp-json\/wp\/v2\/posts"}],"about":[{"href":"https:\/\/www.visit-ulcinj.com\/blog\/wp-json\/wp\/v2\/types\/post"}],"author":[{"embeddable":true,"href":"https:\/\/www.visit-ulcinj.com\/blog\/wp-json\/wp\/v2\/users\/1"}],"replies":[{"embeddable":true,"href":"https:\/\/www.visit-ulcinj.com\/blog\/wp-json\/wp\/v2\/comments?post=31200"}],"version-history":[{"count":12,"href":"https:\/\/www.visit-ulcinj.com\/blog\/wp-json\/wp\/v2\/posts\/31200\/revisions"}],"predecessor-version":[{"id":106709,"href":"https:\/\/www.visit-ulcinj.com\/blog\/wp-json\/wp\/v2\/posts\/31200\/revisions\/106709"}],"wp:attachment":[{"href":"https:\/\/www.visit-ulcinj.com\/blog\/wp-json\/wp\/v2\/media?parent=31200"}],"wp:term":[{"taxonomy":"category","embeddable":true,"href":"https:\/\/www.visit-ulcinj.com\/blog\/wp-json\/wp\/v2\/categories?post=31200"},{"taxonomy":"post_tag","embeddable":true,"href":"https:\/\/www.visit-ulcinj.com\/blog\/wp-json\/wp\/v2\/tags?post=31200"}],"curies":[{"name":"wp","href":"https:\/\/api.w.org\/{rel}","templated":true}]}}