{"id":31222,"date":"2010-03-14T19:13:19","date_gmt":"2010-03-14T17:13:19","guid":{"rendered":"http:\/\/www.visit-ulcinj.com\/blog\/?p=31222"},"modified":"2010-03-14T19:13:19","modified_gmt":"2010-03-14T17:13:19","slug":"arsimi-ne-gjuhen-shqipe-ne-mal-te-zi-perballet-me-probleme","status":"publish","type":"post","link":"https:\/\/www.visit-ulcinj.com\/blog\/2010\/03\/14\/arsimi-ne-gjuhen-shqipe-ne-mal-te-zi-perballet-me-probleme\/","title":{"rendered":"Arsimi ne gjuhen shqipe ne Mal te Zi perballet me probleme"},"content":{"rendered":"<p><a href=\"http:\/\/www.visit-ulcinj.com\/blog\/wp-content\/uploads\/2010\/03\/RROK-GJOLAJ.jpg\"><img loading=\"lazy\" class=\"alignleft size-full wp-image-31223\" title=\"RROK GJOLAJ\" src=\"http:\/\/www.visit-ulcinj.com\/blog\/wp-content\/uploads\/2010\/03\/RROK-GJOLAJ.jpg\" alt=\"RROK GJOLAJ\" width=\"580\" height=\"400\" \/><\/a>Arsimi n\u00eb gjuh\u00ebn shqipe \u00ebsht\u00eb nj\u00eb nga problemet e popullat\u00ebs shqiptare n\u00eb Mal t\u00eb Zi. Sipas k\u00ebshilltarit p\u00ebr arsimin n\u00eb gjuh\u00ebn shqipe, n\u00eb Ministrin\u00eb malazeze t\u00eb arsimit, profesor Rrok Gjolaj, vitet e fundit po b\u00ebhen p\u00ebrpjekje t\u00eb r\u00ebnd\u00ebsishme, duke nisur nga reforma arsimore, miratimi i programeve dhe botimi i teksteve t\u00eb reja m\u00ebsimore n\u00eb gjuh\u00ebn shqipe. Por, zoti Gjolaj thot\u00eb se arsimi n\u00eb gjuh\u00ebn shqipe n\u00eb Mal t\u00eb Zi p\u00ebrballet edhe me probleme q\u00eb lidhen, ve\u00e7 t\u00eb tjerash, edhe me kriz\u00ebn ekonomike q\u00eb po kalon Mali i Zi.<\/p>\n<p><strong>ALBEU.COM<\/strong><\/p>\n<p><strong><br \/>\n<\/strong><\/p>\n","protected":false},"excerpt":{"rendered":"<p>Arsimi n\u00eb gjuh\u00ebn shqipe \u00ebsht\u00eb nj\u00eb nga problemet e popullat\u00ebs shqiptare n\u00eb Mal t\u00eb Zi. Sipas k\u00ebshilltarit p\u00ebr arsimin n\u00eb gjuh\u00ebn shqipe, n\u00eb Ministrin\u00eb malazeze t\u00eb arsimit, profesor Rrok Gjolaj, vitet e fundit po b\u00ebhen p\u00ebrpjekje t\u00eb r\u00ebnd\u00ebsishme, duke nisur nga reforma arsimore, miratimi i programeve dhe botimi i teksteve t\u00eb reja m\u00ebsimore n\u00eb gjuh\u00ebn [&hellip;]<\/p>\n","protected":false},"author":1,"featured_media":0,"comment_status":"open","ping_status":"closed","sticky":false,"template":"","format":"standard","meta":{"spay_email":"","jetpack_publicize_message":"","jetpack_is_tweetstorm":false,"jetpack_publicize_feature_enabled":true},"categories":[4],"tags":[5922,13840,13839],"jetpack_publicize_connections":[],"yoast_head":"<!-- This site is optimized with the Yoast SEO plugin v19.1 - https:\/\/yoast.com\/wordpress\/plugins\/seo\/ -->\n<title>Arsimi ne gjuhen shqipe ne Mal te Zi perballet me probleme - Lajme nga Ulqini<\/title>\n<meta name=\"description\" content=\"Arsimi n\u00eb gjuh\u00ebn shqipe \u00ebsht\u00eb nj\u00eb nga problemet e popullat\u00ebs shqiptare n\u00eb Mal t\u00eb Zi. Sipas k\u00ebshilltarit p\u00ebr arsimin n\u00eb gjuh\u00ebn shqipe, n\u00eb Ministrin\u00eb\" \/>\n<meta name=\"robots\" content=\"index, follow, max-snippet:-1, max-image-preview:large, max-video-preview:-1\" \/>\n<link rel=\"canonical\" href=\"https:\/\/www.visit-ulcinj.com\/blog\/2010\/03\/14\/arsimi-ne-gjuhen-shqipe-ne-mal-te-zi-perballet-me-probleme\/\" \/>\n<meta property=\"og:locale\" content=\"en_US\" \/>\n<meta property=\"og:type\" content=\"article\" \/>\n<meta property=\"og:title\" content=\"Arsimi ne gjuhen shqipe ne Mal te Zi perballet me probleme - Lajme nga Ulqini\" \/>\n<meta property=\"og:description\" content=\"Arsimi n\u00eb gjuh\u00ebn shqipe \u00ebsht\u00eb nj\u00eb nga problemet e popullat\u00ebs shqiptare n\u00eb Mal t\u00eb Zi. Sipas k\u00ebshilltarit p\u00ebr arsimin n\u00eb gjuh\u00ebn shqipe, n\u00eb Ministrin\u00eb\" \/>\n<meta property=\"og:url\" content=\"https:\/\/www.visit-ulcinj.com\/blog\/2010\/03\/14\/arsimi-ne-gjuhen-shqipe-ne-mal-te-zi-perballet-me-probleme\/\" \/>\n<meta property=\"og:site_name\" content=\"Lajme nga Ulqini\" \/>\n<meta property=\"article:published_time\" content=\"2010-03-14T17:13:19+00:00\" \/>\n<meta property=\"og:image\" content=\"http:\/\/www.visit-ulcinj.com\/blog\/wp-content\/uploads\/2010\/03\/RROK-GJOLAJ.jpg\" \/>\n<meta name=\"twitter:label1\" content=\"Written by\" \/>\n\t<meta name=\"twitter:data1\" content=\"ulqini\" \/>\n\t<meta name=\"twitter:label2\" content=\"Est. reading time\" \/>\n\t<meta name=\"twitter:data2\" content=\"1 minute\" \/>\n<script type=\"application\/ld+json\" class=\"yoast-schema-graph\">{\"@context\":\"https:\/\/schema.org\",\"@graph\":[{\"@type\":\"WebSite\",\"@id\":\"https:\/\/www.visit-ulcinj.com\/blog\/#website\",\"url\":\"https:\/\/www.visit-ulcinj.com\/blog\/\",\"name\":\"Lajme nga Ulqini\",\"description\":\"Lajme,Vijesti,Ulqini,Ulqin,Crna Gora,Mali i Zi\",\"potentialAction\":[{\"@type\":\"SearchAction\",\"target\":{\"@type\":\"EntryPoint\",\"urlTemplate\":\"https:\/\/www.visit-ulcinj.com\/blog\/?s={search_term_string}\"},\"query-input\":\"required name=search_term_string\"}],\"inLanguage\":\"en-US\"},{\"@type\":\"ImageObject\",\"inLanguage\":\"en-US\",\"@id\":\"https:\/\/www.visit-ulcinj.com\/blog\/2010\/03\/14\/arsimi-ne-gjuhen-shqipe-ne-mal-te-zi-perballet-me-probleme\/#primaryimage\",\"url\":\"https:\/\/www.visit-ulcinj.com\/blog\/wp-content\/uploads\/2010\/03\/RROK-GJOLAJ.jpg\",\"contentUrl\":\"https:\/\/www.visit-ulcinj.com\/blog\/wp-content\/uploads\/2010\/03\/RROK-GJOLAJ.jpg\",\"width\":\"604\",\"height\":\"454\"},{\"@type\":\"WebPage\",\"@id\":\"https:\/\/www.visit-ulcinj.com\/blog\/2010\/03\/14\/arsimi-ne-gjuhen-shqipe-ne-mal-te-zi-perballet-me-probleme\/#webpage\",\"url\":\"https:\/\/www.visit-ulcinj.com\/blog\/2010\/03\/14\/arsimi-ne-gjuhen-shqipe-ne-mal-te-zi-perballet-me-probleme\/\",\"name\":\"Arsimi ne gjuhen shqipe ne Mal te Zi perballet me probleme - Lajme nga Ulqini\",\"isPartOf\":{\"@id\":\"https:\/\/www.visit-ulcinj.com\/blog\/#website\"},\"primaryImageOfPage\":{\"@id\":\"https:\/\/www.visit-ulcinj.com\/blog\/2010\/03\/14\/arsimi-ne-gjuhen-shqipe-ne-mal-te-zi-perballet-me-probleme\/#primaryimage\"},\"datePublished\":\"2010-03-14T17:13:19+00:00\",\"dateModified\":\"2010-03-14T17:13:19+00:00\",\"author\":{\"@id\":\"https:\/\/www.visit-ulcinj.com\/blog\/#\/schema\/person\/dcab619c614d3038751c63bc2aadc06d\"},\"description\":\"Arsimi n\u00eb gjuh\u00ebn shqipe \u00ebsht\u00eb nj\u00eb nga problemet e popullat\u00ebs shqiptare n\u00eb Mal t\u00eb Zi. Sipas k\u00ebshilltarit p\u00ebr arsimin n\u00eb gjuh\u00ebn shqipe, n\u00eb Ministrin\u00eb\",\"breadcrumb\":{\"@id\":\"https:\/\/www.visit-ulcinj.com\/blog\/2010\/03\/14\/arsimi-ne-gjuhen-shqipe-ne-mal-te-zi-perballet-me-probleme\/#breadcrumb\"},\"inLanguage\":\"en-US\",\"potentialAction\":[{\"@type\":\"ReadAction\",\"target\":[\"https:\/\/www.visit-ulcinj.com\/blog\/2010\/03\/14\/arsimi-ne-gjuhen-shqipe-ne-mal-te-zi-perballet-me-probleme\/\"]}]},{\"@type\":\"BreadcrumbList\",\"@id\":\"https:\/\/www.visit-ulcinj.com\/blog\/2010\/03\/14\/arsimi-ne-gjuhen-shqipe-ne-mal-te-zi-perballet-me-probleme\/#breadcrumb\",\"itemListElement\":[{\"@type\":\"ListItem\",\"position\":1,\"name\":\"Arsimi ne gjuhen shqipe ne Mal te Zi perballet me probleme\"}]},{\"@type\":\"Person\",\"@id\":\"https:\/\/www.visit-ulcinj.com\/blog\/#\/schema\/person\/dcab619c614d3038751c63bc2aadc06d\",\"name\":\"ulqini\",\"sameAs\":[\"http:\/\/www.visit-ulcinj.com\"],\"url\":\"https:\/\/www.visit-ulcinj.com\/blog\/author\/admin\/\"}]}<\/script>\n<!-- \/ Yoast SEO plugin. -->","yoast_head_json":{"title":"Arsimi ne gjuhen shqipe ne Mal te Zi perballet me probleme - Lajme nga Ulqini","description":"Arsimi n\u00eb gjuh\u00ebn shqipe \u00ebsht\u00eb nj\u00eb nga problemet e popullat\u00ebs shqiptare n\u00eb Mal t\u00eb Zi. Sipas k\u00ebshilltarit p\u00ebr arsimin n\u00eb gjuh\u00ebn shqipe, n\u00eb Ministrin\u00eb","robots":{"index":"index","follow":"follow","max-snippet":"max-snippet:-1","max-image-preview":"max-image-preview:large","max-video-preview":"max-video-preview:-1"},"canonical":"https:\/\/www.visit-ulcinj.com\/blog\/2010\/03\/14\/arsimi-ne-gjuhen-shqipe-ne-mal-te-zi-perballet-me-probleme\/","og_locale":"en_US","og_type":"article","og_title":"Arsimi ne gjuhen shqipe ne Mal te Zi perballet me probleme - Lajme nga Ulqini","og_description":"Arsimi n\u00eb gjuh\u00ebn shqipe \u00ebsht\u00eb nj\u00eb nga problemet e popullat\u00ebs shqiptare n\u00eb Mal t\u00eb Zi. Sipas k\u00ebshilltarit p\u00ebr arsimin n\u00eb gjuh\u00ebn shqipe, n\u00eb Ministrin\u00eb","og_url":"https:\/\/www.visit-ulcinj.com\/blog\/2010\/03\/14\/arsimi-ne-gjuhen-shqipe-ne-mal-te-zi-perballet-me-probleme\/","og_site_name":"Lajme nga Ulqini","article_published_time":"2010-03-14T17:13:19+00:00","og_image":[{"url":"http:\/\/www.visit-ulcinj.com\/blog\/wp-content\/uploads\/2010\/03\/RROK-GJOLAJ.jpg"}],"twitter_misc":{"Written by":"ulqini","Est. reading time":"1 minute"},"schema":{"@context":"https:\/\/schema.org","@graph":[{"@type":"WebSite","@id":"https:\/\/www.visit-ulcinj.com\/blog\/#website","url":"https:\/\/www.visit-ulcinj.com\/blog\/","name":"Lajme nga Ulqini","description":"Lajme,Vijesti,Ulqini,Ulqin,Crna Gora,Mali i Zi","potentialAction":[{"@type":"SearchAction","target":{"@type":"EntryPoint","urlTemplate":"https:\/\/www.visit-ulcinj.com\/blog\/?s={search_term_string}"},"query-input":"required name=search_term_string"}],"inLanguage":"en-US"},{"@type":"ImageObject","inLanguage":"en-US","@id":"https:\/\/www.visit-ulcinj.com\/blog\/2010\/03\/14\/arsimi-ne-gjuhen-shqipe-ne-mal-te-zi-perballet-me-probleme\/#primaryimage","url":"https:\/\/www.visit-ulcinj.com\/blog\/wp-content\/uploads\/2010\/03\/RROK-GJOLAJ.jpg","contentUrl":"https:\/\/www.visit-ulcinj.com\/blog\/wp-content\/uploads\/2010\/03\/RROK-GJOLAJ.jpg","width":"604","height":"454"},{"@type":"WebPage","@id":"https:\/\/www.visit-ulcinj.com\/blog\/2010\/03\/14\/arsimi-ne-gjuhen-shqipe-ne-mal-te-zi-perballet-me-probleme\/#webpage","url":"https:\/\/www.visit-ulcinj.com\/blog\/2010\/03\/14\/arsimi-ne-gjuhen-shqipe-ne-mal-te-zi-perballet-me-probleme\/","name":"Arsimi ne gjuhen shqipe ne Mal te Zi perballet me probleme - Lajme nga Ulqini","isPartOf":{"@id":"https:\/\/www.visit-ulcinj.com\/blog\/#website"},"primaryImageOfPage":{"@id":"https:\/\/www.visit-ulcinj.com\/blog\/2010\/03\/14\/arsimi-ne-gjuhen-shqipe-ne-mal-te-zi-perballet-me-probleme\/#primaryimage"},"datePublished":"2010-03-14T17:13:19+00:00","dateModified":"2010-03-14T17:13:19+00:00","author":{"@id":"https:\/\/www.visit-ulcinj.com\/blog\/#\/schema\/person\/dcab619c614d3038751c63bc2aadc06d"},"description":"Arsimi n\u00eb gjuh\u00ebn shqipe \u00ebsht\u00eb nj\u00eb nga problemet e popullat\u00ebs shqiptare n\u00eb Mal t\u00eb Zi. Sipas k\u00ebshilltarit p\u00ebr arsimin n\u00eb gjuh\u00ebn shqipe, n\u00eb Ministrin\u00eb","breadcrumb":{"@id":"https:\/\/www.visit-ulcinj.com\/blog\/2010\/03\/14\/arsimi-ne-gjuhen-shqipe-ne-mal-te-zi-perballet-me-probleme\/#breadcrumb"},"inLanguage":"en-US","potentialAction":[{"@type":"ReadAction","target":["https:\/\/www.visit-ulcinj.com\/blog\/2010\/03\/14\/arsimi-ne-gjuhen-shqipe-ne-mal-te-zi-perballet-me-probleme\/"]}]},{"@type":"BreadcrumbList","@id":"https:\/\/www.visit-ulcinj.com\/blog\/2010\/03\/14\/arsimi-ne-gjuhen-shqipe-ne-mal-te-zi-perballet-me-probleme\/#breadcrumb","itemListElement":[{"@type":"ListItem","position":1,"name":"Arsimi ne gjuhen shqipe ne Mal te Zi perballet me probleme"}]},{"@type":"Person","@id":"https:\/\/www.visit-ulcinj.com\/blog\/#\/schema\/person\/dcab619c614d3038751c63bc2aadc06d","name":"ulqini","sameAs":["http:\/\/www.visit-ulcinj.com"],"url":"https:\/\/www.visit-ulcinj.com\/blog\/author\/admin\/"}]}},"jetpack_featured_media_url":"","jetpack_sharing_enabled":true,"jetpack_shortlink":"https:\/\/wp.me\/pe6lTn-87A","_links":{"self":[{"href":"https:\/\/www.visit-ulcinj.com\/blog\/wp-json\/wp\/v2\/posts\/31222"}],"collection":[{"href":"https:\/\/www.visit-ulcinj.com\/blog\/wp-json\/wp\/v2\/posts"}],"about":[{"href":"https:\/\/www.visit-ulcinj.com\/blog\/wp-json\/wp\/v2\/types\/post"}],"author":[{"embeddable":true,"href":"https:\/\/www.visit-ulcinj.com\/blog\/wp-json\/wp\/v2\/users\/1"}],"replies":[{"embeddable":true,"href":"https:\/\/www.visit-ulcinj.com\/blog\/wp-json\/wp\/v2\/comments?post=31222"}],"version-history":[{"count":0,"href":"https:\/\/www.visit-ulcinj.com\/blog\/wp-json\/wp\/v2\/posts\/31222\/revisions"}],"wp:attachment":[{"href":"https:\/\/www.visit-ulcinj.com\/blog\/wp-json\/wp\/v2\/media?parent=31222"}],"wp:term":[{"taxonomy":"category","embeddable":true,"href":"https:\/\/www.visit-ulcinj.com\/blog\/wp-json\/wp\/v2\/categories?post=31222"},{"taxonomy":"post_tag","embeddable":true,"href":"https:\/\/www.visit-ulcinj.com\/blog\/wp-json\/wp\/v2\/tags?post=31222"}],"curies":[{"name":"wp","href":"https:\/\/api.w.org\/{rel}","templated":true}]}}