{"id":3128,"date":"2008-09-09T09:46:06","date_gmt":"2008-09-09T14:46:06","guid":{"rendered":"http:\/\/www.visit-ulcinj.com\/blog\/?p=3128"},"modified":"2008-09-09T09:47:20","modified_gmt":"2008-09-09T14:47:20","slug":"mali-i-zi-udheheq-ne-rajon","status":"publish","type":"post","link":"https:\/\/www.visit-ulcinj.com\/blog\/2008\/09\/09\/mali-i-zi-udheheq-ne-rajon\/","title":{"rendered":"Mali i Zi udh\u00ebheq n\u00eb rajon thot\u00eb Leopold Maurer"},"content":{"rendered":"<p><a href=\"http:\/\/www.dan.cg.yu\/gfx_bb\/politika06052008.jpg\"><img loading=\"lazy\" class=\"alignleft\" src=\"http:\/\/www.dan.cg.yu\/gfx_bb\/politika06052008.jpg\" alt=\"\" width=\"225\" height=\"167\" \/><\/a><strong>Shefi i zyr\u00ebs podgoricase t\u00eb Komisionit Evropian, Leopold Maurer, vler\u00ebsoi se sa i p\u00ebrket euro-integrimeve,Mali i Zi udh\u00ebheq krahasuar me fqinj\u00ebt e vet.<\/strong><br \/>\nPODGORIC\u00cb, 6 SHTATOR \u2014 Kjo do t\u00eb thot\u00eb se gjasat e Malit t\u00eb Zi n\u00eb rrug\u00ebn drejt BE jan\u00eb shum\u00eb t\u00eb mira. N\u00eb baz\u00eb t\u00eb asaj q\u00eb kam d\u00ebgjuar, qeveria mbetet e q\u00ebndrimit q\u00eb t\u00eb aplikoj\u00eb p\u00ebr an\u00ebtar\u00ebsim n\u00eb BE deri n\u00eb fund t\u00eb vitit\u201d, tha Maurer p\u00ebr televizionin podgoricas \u2018IN\u2019. Ai tha se politika e zgjerimit t\u00eb BE n\u00eb Ballkanin Per\u00ebndimor nuk do t\u00eb ndryshohet dhe se Brukseli nj\u00ebjt\u00eb do t\u2019i vler\u00ebsoj\u00eb arritjet e shteteve t\u00eb rajonit. Maurer tha se Mali i Zi p\u00ebrparoi edhe n\u00eb luft\u00ebn kund\u00ebr korrupsionit dhe krimit t\u00eb organizuar,dukuri k\u00ebto q\u00eb paraqesin problemet m\u00eb t\u00eb m\u00ebdha n\u00eb rrug\u00ebn evropiane.\u201cEkzistojn\u00eb institucione p\u00ebr k\u00ebt\u00eb q\u00eb shum\u00eb mir\u00eb po funksionojn\u00eb.Komisioni Komb\u00ebtar p\u00ebr k\u00ebt\u00eb fush\u00eb tashm\u00eb dor\u00ebzoi raportin,nd\u00ebrsa nga mediat kuptojm\u00eb se shum\u00eb njer\u00ebz jan\u00eb arrestuar dhe k\u00ebto raste po procedohen\u201d, tha ai. Ai po ashtu tha se Mali i Zi ka p\u00ebrpar\u00ebsi shtes\u00eb krahasuar me vendet tjera n\u00eb rajon sepse aty ekziston pajtueshm\u00ebria politike q\u00eb procesi i integrimeve t\u00eb p\u00ebrshpejtohet.<br \/>\n<strong>Burimi \/ B92<\/strong><\/p>\n<p style=\"text-align: center;\"><a href=\"http:\/\/www.visit-ulcinj.com\/?rub=taxicobi\"><img loading=\"lazy\" class=\"aligncenter size-full wp-image-2798\" title=\"taxi-cobi-ulqintaxi-cobi-ulcinjcrna-goramontenegromali-i-ziulqini\" src=\"http:\/\/www.visit-ulcinj.com\/blog\/wp-content\/uploads\/2008\/08\/taxi-cobi-ulqintaxi-cobi-ulcinjcrna-goramontenegromali-i-ziulqini.jpg\" alt=\"\" width=\"320\" height=\"150\" srcset=\"https:\/\/www.visit-ulcinj.com\/blog\/wp-content\/uploads\/2008\/08\/taxi-cobi-ulqintaxi-cobi-ulcinjcrna-goramontenegromali-i-ziulqini.jpg 320w, https:\/\/www.visit-ulcinj.com\/blog\/wp-content\/uploads\/2008\/08\/taxi-cobi-ulqintaxi-cobi-ulcinjcrna-goramontenegromali-i-ziulqini-300x140.jpg 300w\" sizes=\"(max-width: 320px) 100vw, 320px\" \/><\/a><\/p>\n","protected":false},"excerpt":{"rendered":"<p><img loading=\"lazy\" class=\"alignleft\" src=\"http:\/\/www.dan.cg.yu\/gfx_bb\/politika06052008.jpg\" alt=\"\" width=\"140\" height=\"140\" \/><\/p>\n","protected":false},"author":1,"featured_media":0,"comment_status":"open","ping_status":"closed","sticky":false,"template":"","format":"standard","meta":{"spay_email":"","jetpack_publicize_message":"","jetpack_is_tweetstorm":false,"jetpack_publicize_feature_enabled":true},"categories":[6,12],"tags":[4529,95],"jetpack_publicize_connections":[],"yoast_head":"<!-- This site is optimized with the Yoast SEO plugin v19.1 - https:\/\/yoast.com\/wordpress\/plugins\/seo\/ -->\n<title>Mali i Zi udh\u00ebheq n\u00eb rajon thot\u00eb Leopold Maurer - Lajme nga Ulqini<\/title>\n<meta name=\"robots\" content=\"index, follow, max-snippet:-1, max-image-preview:large, max-video-preview:-1\" \/>\n<link rel=\"canonical\" href=\"https:\/\/www.visit-ulcinj.com\/blog\/2008\/09\/09\/mali-i-zi-udheheq-ne-rajon\/\" \/>\n<meta property=\"og:locale\" content=\"en_US\" \/>\n<meta property=\"og:type\" content=\"article\" \/>\n<meta property=\"og:title\" content=\"Mali i Zi udh\u00ebheq n\u00eb rajon thot\u00eb Leopold Maurer - Lajme nga Ulqini\" \/>\n<meta property=\"og:url\" content=\"https:\/\/www.visit-ulcinj.com\/blog\/2008\/09\/09\/mali-i-zi-udheheq-ne-rajon\/\" \/>\n<meta property=\"og:site_name\" content=\"Lajme nga Ulqini\" \/>\n<meta property=\"article:published_time\" content=\"2008-09-09T14:46:06+00:00\" \/>\n<meta property=\"article:modified_time\" content=\"2008-09-09T14:47:20+00:00\" \/>\n<meta property=\"og:image\" content=\"http:\/\/www.dan.cg.yu\/gfx_bb\/politika06052008.jpg\" \/>\n<meta name=\"twitter:label1\" content=\"Written by\" \/>\n\t<meta name=\"twitter:data1\" content=\"ulqini\" \/>\n\t<meta name=\"twitter:label2\" content=\"Est. reading time\" \/>\n\t<meta name=\"twitter:data2\" content=\"1 minute\" \/>\n<script type=\"application\/ld+json\" class=\"yoast-schema-graph\">{\"@context\":\"https:\/\/schema.org\",\"@graph\":[{\"@type\":\"WebSite\",\"@id\":\"https:\/\/www.visit-ulcinj.com\/blog\/#website\",\"url\":\"https:\/\/www.visit-ulcinj.com\/blog\/\",\"name\":\"Lajme nga Ulqini\",\"description\":\"Lajme,Vijesti,Ulqini,Ulqin,Crna Gora,Mali i Zi\",\"potentialAction\":[{\"@type\":\"SearchAction\",\"target\":{\"@type\":\"EntryPoint\",\"urlTemplate\":\"https:\/\/www.visit-ulcinj.com\/blog\/?s={search_term_string}\"},\"query-input\":\"required name=search_term_string\"}],\"inLanguage\":\"en-US\"},{\"@type\":\"ImageObject\",\"inLanguage\":\"en-US\",\"@id\":\"https:\/\/www.visit-ulcinj.com\/blog\/2008\/09\/09\/mali-i-zi-udheheq-ne-rajon\/#primaryimage\",\"url\":\"http:\/\/www.dan.cg.yu\/gfx_bb\/politika06052008.jpg\",\"contentUrl\":\"http:\/\/www.dan.cg.yu\/gfx_bb\/politika06052008.jpg\"},{\"@type\":\"WebPage\",\"@id\":\"https:\/\/www.visit-ulcinj.com\/blog\/2008\/09\/09\/mali-i-zi-udheheq-ne-rajon\/#webpage\",\"url\":\"https:\/\/www.visit-ulcinj.com\/blog\/2008\/09\/09\/mali-i-zi-udheheq-ne-rajon\/\",\"name\":\"Mali i Zi udh\u00ebheq n\u00eb rajon thot\u00eb Leopold Maurer - Lajme nga Ulqini\",\"isPartOf\":{\"@id\":\"https:\/\/www.visit-ulcinj.com\/blog\/#website\"},\"primaryImageOfPage\":{\"@id\":\"https:\/\/www.visit-ulcinj.com\/blog\/2008\/09\/09\/mali-i-zi-udheheq-ne-rajon\/#primaryimage\"},\"datePublished\":\"2008-09-09T14:46:06+00:00\",\"dateModified\":\"2008-09-09T14:47:20+00:00\",\"author\":{\"@id\":\"https:\/\/www.visit-ulcinj.com\/blog\/#\/schema\/person\/dcab619c614d3038751c63bc2aadc06d\"},\"breadcrumb\":{\"@id\":\"https:\/\/www.visit-ulcinj.com\/blog\/2008\/09\/09\/mali-i-zi-udheheq-ne-rajon\/#breadcrumb\"},\"inLanguage\":\"en-US\",\"potentialAction\":[{\"@type\":\"ReadAction\",\"target\":[\"https:\/\/www.visit-ulcinj.com\/blog\/2008\/09\/09\/mali-i-zi-udheheq-ne-rajon\/\"]}]},{\"@type\":\"BreadcrumbList\",\"@id\":\"https:\/\/www.visit-ulcinj.com\/blog\/2008\/09\/09\/mali-i-zi-udheheq-ne-rajon\/#breadcrumb\",\"itemListElement\":[{\"@type\":\"ListItem\",\"position\":1,\"name\":\"Mali i Zi udh\u00ebheq n\u00eb rajon thot\u00eb Leopold Maurer\"}]},{\"@type\":\"Person\",\"@id\":\"https:\/\/www.visit-ulcinj.com\/blog\/#\/schema\/person\/dcab619c614d3038751c63bc2aadc06d\",\"name\":\"ulqini\",\"sameAs\":[\"http:\/\/www.visit-ulcinj.com\"],\"url\":\"https:\/\/www.visit-ulcinj.com\/blog\/author\/admin\/\"}]}<\/script>\n<!-- \/ Yoast SEO plugin. -->","yoast_head_json":{"title":"Mali i Zi udh\u00ebheq n\u00eb rajon thot\u00eb Leopold Maurer - Lajme nga Ulqini","robots":{"index":"index","follow":"follow","max-snippet":"max-snippet:-1","max-image-preview":"max-image-preview:large","max-video-preview":"max-video-preview:-1"},"canonical":"https:\/\/www.visit-ulcinj.com\/blog\/2008\/09\/09\/mali-i-zi-udheheq-ne-rajon\/","og_locale":"en_US","og_type":"article","og_title":"Mali i Zi udh\u00ebheq n\u00eb rajon thot\u00eb Leopold Maurer - Lajme nga Ulqini","og_url":"https:\/\/www.visit-ulcinj.com\/blog\/2008\/09\/09\/mali-i-zi-udheheq-ne-rajon\/","og_site_name":"Lajme nga Ulqini","article_published_time":"2008-09-09T14:46:06+00:00","article_modified_time":"2008-09-09T14:47:20+00:00","og_image":[{"url":"http:\/\/www.dan.cg.yu\/gfx_bb\/politika06052008.jpg"}],"twitter_misc":{"Written by":"ulqini","Est. reading time":"1 minute"},"schema":{"@context":"https:\/\/schema.org","@graph":[{"@type":"WebSite","@id":"https:\/\/www.visit-ulcinj.com\/blog\/#website","url":"https:\/\/www.visit-ulcinj.com\/blog\/","name":"Lajme nga Ulqini","description":"Lajme,Vijesti,Ulqini,Ulqin,Crna Gora,Mali i Zi","potentialAction":[{"@type":"SearchAction","target":{"@type":"EntryPoint","urlTemplate":"https:\/\/www.visit-ulcinj.com\/blog\/?s={search_term_string}"},"query-input":"required name=search_term_string"}],"inLanguage":"en-US"},{"@type":"ImageObject","inLanguage":"en-US","@id":"https:\/\/www.visit-ulcinj.com\/blog\/2008\/09\/09\/mali-i-zi-udheheq-ne-rajon\/#primaryimage","url":"http:\/\/www.dan.cg.yu\/gfx_bb\/politika06052008.jpg","contentUrl":"http:\/\/www.dan.cg.yu\/gfx_bb\/politika06052008.jpg"},{"@type":"WebPage","@id":"https:\/\/www.visit-ulcinj.com\/blog\/2008\/09\/09\/mali-i-zi-udheheq-ne-rajon\/#webpage","url":"https:\/\/www.visit-ulcinj.com\/blog\/2008\/09\/09\/mali-i-zi-udheheq-ne-rajon\/","name":"Mali i Zi udh\u00ebheq n\u00eb rajon thot\u00eb Leopold Maurer - Lajme nga Ulqini","isPartOf":{"@id":"https:\/\/www.visit-ulcinj.com\/blog\/#website"},"primaryImageOfPage":{"@id":"https:\/\/www.visit-ulcinj.com\/blog\/2008\/09\/09\/mali-i-zi-udheheq-ne-rajon\/#primaryimage"},"datePublished":"2008-09-09T14:46:06+00:00","dateModified":"2008-09-09T14:47:20+00:00","author":{"@id":"https:\/\/www.visit-ulcinj.com\/blog\/#\/schema\/person\/dcab619c614d3038751c63bc2aadc06d"},"breadcrumb":{"@id":"https:\/\/www.visit-ulcinj.com\/blog\/2008\/09\/09\/mali-i-zi-udheheq-ne-rajon\/#breadcrumb"},"inLanguage":"en-US","potentialAction":[{"@type":"ReadAction","target":["https:\/\/www.visit-ulcinj.com\/blog\/2008\/09\/09\/mali-i-zi-udheheq-ne-rajon\/"]}]},{"@type":"BreadcrumbList","@id":"https:\/\/www.visit-ulcinj.com\/blog\/2008\/09\/09\/mali-i-zi-udheheq-ne-rajon\/#breadcrumb","itemListElement":[{"@type":"ListItem","position":1,"name":"Mali i Zi udh\u00ebheq n\u00eb rajon thot\u00eb Leopold Maurer"}]},{"@type":"Person","@id":"https:\/\/www.visit-ulcinj.com\/blog\/#\/schema\/person\/dcab619c614d3038751c63bc2aadc06d","name":"ulqini","sameAs":["http:\/\/www.visit-ulcinj.com"],"url":"https:\/\/www.visit-ulcinj.com\/blog\/author\/admin\/"}]}},"jetpack_featured_media_url":"","jetpack_sharing_enabled":true,"jetpack_shortlink":"https:\/\/wp.me\/pe6lTn-Os","_links":{"self":[{"href":"https:\/\/www.visit-ulcinj.com\/blog\/wp-json\/wp\/v2\/posts\/3128"}],"collection":[{"href":"https:\/\/www.visit-ulcinj.com\/blog\/wp-json\/wp\/v2\/posts"}],"about":[{"href":"https:\/\/www.visit-ulcinj.com\/blog\/wp-json\/wp\/v2\/types\/post"}],"author":[{"embeddable":true,"href":"https:\/\/www.visit-ulcinj.com\/blog\/wp-json\/wp\/v2\/users\/1"}],"replies":[{"embeddable":true,"href":"https:\/\/www.visit-ulcinj.com\/blog\/wp-json\/wp\/v2\/comments?post=3128"}],"version-history":[{"count":0,"href":"https:\/\/www.visit-ulcinj.com\/blog\/wp-json\/wp\/v2\/posts\/3128\/revisions"}],"wp:attachment":[{"href":"https:\/\/www.visit-ulcinj.com\/blog\/wp-json\/wp\/v2\/media?parent=3128"}],"wp:term":[{"taxonomy":"category","embeddable":true,"href":"https:\/\/www.visit-ulcinj.com\/blog\/wp-json\/wp\/v2\/categories?post=3128"},{"taxonomy":"post_tag","embeddable":true,"href":"https:\/\/www.visit-ulcinj.com\/blog\/wp-json\/wp\/v2\/tags?post=3128"}],"curies":[{"name":"wp","href":"https:\/\/api.w.org\/{rel}","templated":true}]}}