{"id":3131,"date":"2008-09-09T09:52:39","date_gmt":"2008-09-09T14:52:39","guid":{"rendered":"http:\/\/www.visit-ulcinj.com\/blog\/?p=3131"},"modified":"2008-09-09T09:52:39","modified_gmt":"2008-09-09T14:52:39","slug":"dukanovic-ocekuje-se-da-priznamo-kosovo","status":"publish","type":"post","link":"https:\/\/www.visit-ulcinj.com\/blog\/2008\/09\/09\/dukanovic-ocekuje-se-da-priznamo-kosovo\/","title":{"rendered":"?ukanovi?: O?ekuje se da priznamo Kosovo"},"content":{"rendered":"<p><a href=\"http:\/\/www.seebiz.eu\/files\/img\/2008\/4\/12\/djukanovic-0021.jpg\"><img loading=\"lazy\" class=\"alignleft\" title=\" Premijer Milo ?ukanovi?\" src=\"http:\/\/www.seebiz.eu\/files\/img\/2008\/4\/12\/djukanovic-0021.jpg\" alt=\"\" width=\"387\" height=\"215\" \/><\/a>PODGORICA &#8211; Premijer Milo ?ukanovi? izjavio je da &#8220;odre?eni dijelovi me?unarodne zajednice&#8221; o?ekuju od Crne Gore da prizna nezavisnost Kosova.<br \/>\n&#8220;Postoje o?ekivanja odre?enih dijelova me?unarodne javnosti i ta o?ekivanja nisu iznena?uju?a. Ukoliko \u017eelimo da budemo dio evropske i evro-atlanske zajednice, onda na\u0161i partneri iz tih zajednica o?ekuju da slijedimo ono \u0161to su magistralna spoljno-politi?ka opredjeljenja tih zajednica&#8221;, kazao je ?ukanovi? novinarima u Beranama.<br \/>\nUpitan da li ?e i kada Crna Gora priznati Kosovo, premijer je kazao da je &#8220;obaveza vlasti da se, pre svega, rukovodi dr\u017eavnim interesom&#8221;.<br \/>\nPotpredsjednik vladaju?e Demokratske partije socijalista Svetozar Marovi? nedavno je priznao da postoje pritisci na Crnu Goru da se izjasni o statusu Kosova, dok su ambasadori SAD i Velike Britanije u Podgorici poru?ili da njihove vlade o?ekuju od zemalja regiona da uspostave diplomatske odnose sa Pri\u0161tinom.<br \/>\n<strong>Izvor \/ SEEbiz \/ Beta <\/strong><strong> <\/strong><\/p>\n<p style=\"text-align: center;\"><a href=\"http:\/\/www.visit-ulcinj.com\/?rub=taxicobi\"><img loading=\"lazy\" class=\"aligncenter size-full wp-image-2798\" title=\"taxi-cobi-ulqintaxi-cobi-ulcinjcrna-goramontenegromali-i-ziulqini\" src=\"http:\/\/www.visit-ulcinj.com\/blog\/wp-content\/uploads\/2008\/08\/taxi-cobi-ulqintaxi-cobi-ulcinjcrna-goramontenegromali-i-ziulqini.jpg\" alt=\"\" width=\"320\" height=\"150\" srcset=\"https:\/\/www.visit-ulcinj.com\/blog\/wp-content\/uploads\/2008\/08\/taxi-cobi-ulqintaxi-cobi-ulcinjcrna-goramontenegromali-i-ziulqini.jpg 320w, https:\/\/www.visit-ulcinj.com\/blog\/wp-content\/uploads\/2008\/08\/taxi-cobi-ulqintaxi-cobi-ulcinjcrna-goramontenegromali-i-ziulqini-300x140.jpg 300w\" sizes=\"(max-width: 320px) 100vw, 320px\" \/><\/a><\/p>\n","protected":false},"excerpt":{"rendered":"<p><img loading=\"lazy\" class=\"alignleft\" title=\" Premijer Milo ?ukanovi?\" src=\"http:\/\/www.seebiz.eu\/files\/img\/2008\/4\/12\/djukanovic-0021.jpg\" alt=\"\" width=\"140\" height=\"140\" \/><\/p>\n","protected":false},"author":1,"featured_media":0,"comment_status":"open","ping_status":"closed","sticky":false,"template":"","format":"standard","meta":{"spay_email":"","jetpack_publicize_message":"","jetpack_is_tweetstorm":false,"jetpack_publicize_feature_enabled":true},"categories":[6,12],"tags":[4530],"jetpack_publicize_connections":[],"yoast_head":"<!-- This site is optimized with the Yoast SEO plugin v19.1 - https:\/\/yoast.com\/wordpress\/plugins\/seo\/ -->\n<title>?ukanovi?: O?ekuje se da priznamo Kosovo - Lajme nga Ulqini<\/title>\n<meta name=\"robots\" content=\"index, follow, max-snippet:-1, max-image-preview:large, max-video-preview:-1\" \/>\n<link rel=\"canonical\" href=\"https:\/\/www.visit-ulcinj.com\/blog\/2008\/09\/09\/dukanovic-ocekuje-se-da-priznamo-kosovo\/\" \/>\n<meta property=\"og:locale\" content=\"en_US\" \/>\n<meta property=\"og:type\" content=\"article\" \/>\n<meta property=\"og:title\" content=\"?ukanovi?: O?ekuje se da priznamo Kosovo - Lajme nga Ulqini\" \/>\n<meta property=\"og:url\" content=\"https:\/\/www.visit-ulcinj.com\/blog\/2008\/09\/09\/dukanovic-ocekuje-se-da-priznamo-kosovo\/\" \/>\n<meta property=\"og:site_name\" content=\"Lajme nga Ulqini\" \/>\n<meta property=\"article:published_time\" content=\"2008-09-09T14:52:39+00:00\" \/>\n<meta property=\"og:image\" content=\"http:\/\/www.seebiz.eu\/files\/img\/2008\/4\/12\/djukanovic-0021.jpg\" \/>\n<meta name=\"twitter:label1\" content=\"Written by\" \/>\n\t<meta name=\"twitter:data1\" content=\"ulqini\" \/>\n\t<meta name=\"twitter:label2\" content=\"Est. reading time\" \/>\n\t<meta name=\"twitter:data2\" content=\"1 minute\" \/>\n<script type=\"application\/ld+json\" class=\"yoast-schema-graph\">{\"@context\":\"https:\/\/schema.org\",\"@graph\":[{\"@type\":\"WebSite\",\"@id\":\"https:\/\/www.visit-ulcinj.com\/blog\/#website\",\"url\":\"https:\/\/www.visit-ulcinj.com\/blog\/\",\"name\":\"Lajme nga Ulqini\",\"description\":\"Lajme,Vijesti,Ulqini,Ulqin,Crna Gora,Mali i Zi\",\"potentialAction\":[{\"@type\":\"SearchAction\",\"target\":{\"@type\":\"EntryPoint\",\"urlTemplate\":\"https:\/\/www.visit-ulcinj.com\/blog\/?s={search_term_string}\"},\"query-input\":\"required name=search_term_string\"}],\"inLanguage\":\"en-US\"},{\"@type\":\"ImageObject\",\"inLanguage\":\"en-US\",\"@id\":\"https:\/\/www.visit-ulcinj.com\/blog\/2008\/09\/09\/dukanovic-ocekuje-se-da-priznamo-kosovo\/#primaryimage\",\"url\":\"http:\/\/www.seebiz.eu\/files\/img\/2008\/4\/12\/djukanovic-0021.jpg\",\"contentUrl\":\"http:\/\/www.seebiz.eu\/files\/img\/2008\/4\/12\/djukanovic-0021.jpg\"},{\"@type\":\"WebPage\",\"@id\":\"https:\/\/www.visit-ulcinj.com\/blog\/2008\/09\/09\/dukanovic-ocekuje-se-da-priznamo-kosovo\/#webpage\",\"url\":\"https:\/\/www.visit-ulcinj.com\/blog\/2008\/09\/09\/dukanovic-ocekuje-se-da-priznamo-kosovo\/\",\"name\":\"?ukanovi?: O?ekuje se da priznamo Kosovo - Lajme nga Ulqini\",\"isPartOf\":{\"@id\":\"https:\/\/www.visit-ulcinj.com\/blog\/#website\"},\"primaryImageOfPage\":{\"@id\":\"https:\/\/www.visit-ulcinj.com\/blog\/2008\/09\/09\/dukanovic-ocekuje-se-da-priznamo-kosovo\/#primaryimage\"},\"datePublished\":\"2008-09-09T14:52:39+00:00\",\"dateModified\":\"2008-09-09T14:52:39+00:00\",\"author\":{\"@id\":\"https:\/\/www.visit-ulcinj.com\/blog\/#\/schema\/person\/dcab619c614d3038751c63bc2aadc06d\"},\"breadcrumb\":{\"@id\":\"https:\/\/www.visit-ulcinj.com\/blog\/2008\/09\/09\/dukanovic-ocekuje-se-da-priznamo-kosovo\/#breadcrumb\"},\"inLanguage\":\"en-US\",\"potentialAction\":[{\"@type\":\"ReadAction\",\"target\":[\"https:\/\/www.visit-ulcinj.com\/blog\/2008\/09\/09\/dukanovic-ocekuje-se-da-priznamo-kosovo\/\"]}]},{\"@type\":\"BreadcrumbList\",\"@id\":\"https:\/\/www.visit-ulcinj.com\/blog\/2008\/09\/09\/dukanovic-ocekuje-se-da-priznamo-kosovo\/#breadcrumb\",\"itemListElement\":[{\"@type\":\"ListItem\",\"position\":1,\"name\":\"?ukanovi?: O?ekuje se da priznamo Kosovo\"}]},{\"@type\":\"Person\",\"@id\":\"https:\/\/www.visit-ulcinj.com\/blog\/#\/schema\/person\/dcab619c614d3038751c63bc2aadc06d\",\"name\":\"ulqini\",\"sameAs\":[\"http:\/\/www.visit-ulcinj.com\"],\"url\":\"https:\/\/www.visit-ulcinj.com\/blog\/author\/admin\/\"}]}<\/script>\n<!-- \/ Yoast SEO plugin. -->","yoast_head_json":{"title":"?ukanovi?: O?ekuje se da priznamo Kosovo - Lajme nga Ulqini","robots":{"index":"index","follow":"follow","max-snippet":"max-snippet:-1","max-image-preview":"max-image-preview:large","max-video-preview":"max-video-preview:-1"},"canonical":"https:\/\/www.visit-ulcinj.com\/blog\/2008\/09\/09\/dukanovic-ocekuje-se-da-priznamo-kosovo\/","og_locale":"en_US","og_type":"article","og_title":"?ukanovi?: O?ekuje se da priznamo Kosovo - Lajme nga Ulqini","og_url":"https:\/\/www.visit-ulcinj.com\/blog\/2008\/09\/09\/dukanovic-ocekuje-se-da-priznamo-kosovo\/","og_site_name":"Lajme nga Ulqini","article_published_time":"2008-09-09T14:52:39+00:00","og_image":[{"url":"http:\/\/www.seebiz.eu\/files\/img\/2008\/4\/12\/djukanovic-0021.jpg"}],"twitter_misc":{"Written by":"ulqini","Est. reading time":"1 minute"},"schema":{"@context":"https:\/\/schema.org","@graph":[{"@type":"WebSite","@id":"https:\/\/www.visit-ulcinj.com\/blog\/#website","url":"https:\/\/www.visit-ulcinj.com\/blog\/","name":"Lajme nga Ulqini","description":"Lajme,Vijesti,Ulqini,Ulqin,Crna Gora,Mali i Zi","potentialAction":[{"@type":"SearchAction","target":{"@type":"EntryPoint","urlTemplate":"https:\/\/www.visit-ulcinj.com\/blog\/?s={search_term_string}"},"query-input":"required name=search_term_string"}],"inLanguage":"en-US"},{"@type":"ImageObject","inLanguage":"en-US","@id":"https:\/\/www.visit-ulcinj.com\/blog\/2008\/09\/09\/dukanovic-ocekuje-se-da-priznamo-kosovo\/#primaryimage","url":"http:\/\/www.seebiz.eu\/files\/img\/2008\/4\/12\/djukanovic-0021.jpg","contentUrl":"http:\/\/www.seebiz.eu\/files\/img\/2008\/4\/12\/djukanovic-0021.jpg"},{"@type":"WebPage","@id":"https:\/\/www.visit-ulcinj.com\/blog\/2008\/09\/09\/dukanovic-ocekuje-se-da-priznamo-kosovo\/#webpage","url":"https:\/\/www.visit-ulcinj.com\/blog\/2008\/09\/09\/dukanovic-ocekuje-se-da-priznamo-kosovo\/","name":"?ukanovi?: O?ekuje se da priznamo Kosovo - Lajme nga Ulqini","isPartOf":{"@id":"https:\/\/www.visit-ulcinj.com\/blog\/#website"},"primaryImageOfPage":{"@id":"https:\/\/www.visit-ulcinj.com\/blog\/2008\/09\/09\/dukanovic-ocekuje-se-da-priznamo-kosovo\/#primaryimage"},"datePublished":"2008-09-09T14:52:39+00:00","dateModified":"2008-09-09T14:52:39+00:00","author":{"@id":"https:\/\/www.visit-ulcinj.com\/blog\/#\/schema\/person\/dcab619c614d3038751c63bc2aadc06d"},"breadcrumb":{"@id":"https:\/\/www.visit-ulcinj.com\/blog\/2008\/09\/09\/dukanovic-ocekuje-se-da-priznamo-kosovo\/#breadcrumb"},"inLanguage":"en-US","potentialAction":[{"@type":"ReadAction","target":["https:\/\/www.visit-ulcinj.com\/blog\/2008\/09\/09\/dukanovic-ocekuje-se-da-priznamo-kosovo\/"]}]},{"@type":"BreadcrumbList","@id":"https:\/\/www.visit-ulcinj.com\/blog\/2008\/09\/09\/dukanovic-ocekuje-se-da-priznamo-kosovo\/#breadcrumb","itemListElement":[{"@type":"ListItem","position":1,"name":"?ukanovi?: O?ekuje se da priznamo Kosovo"}]},{"@type":"Person","@id":"https:\/\/www.visit-ulcinj.com\/blog\/#\/schema\/person\/dcab619c614d3038751c63bc2aadc06d","name":"ulqini","sameAs":["http:\/\/www.visit-ulcinj.com"],"url":"https:\/\/www.visit-ulcinj.com\/blog\/author\/admin\/"}]}},"jetpack_featured_media_url":"","jetpack_sharing_enabled":true,"jetpack_shortlink":"https:\/\/wp.me\/pe6lTn-Ov","_links":{"self":[{"href":"https:\/\/www.visit-ulcinj.com\/blog\/wp-json\/wp\/v2\/posts\/3131"}],"collection":[{"href":"https:\/\/www.visit-ulcinj.com\/blog\/wp-json\/wp\/v2\/posts"}],"about":[{"href":"https:\/\/www.visit-ulcinj.com\/blog\/wp-json\/wp\/v2\/types\/post"}],"author":[{"embeddable":true,"href":"https:\/\/www.visit-ulcinj.com\/blog\/wp-json\/wp\/v2\/users\/1"}],"replies":[{"embeddable":true,"href":"https:\/\/www.visit-ulcinj.com\/blog\/wp-json\/wp\/v2\/comments?post=3131"}],"version-history":[{"count":0,"href":"https:\/\/www.visit-ulcinj.com\/blog\/wp-json\/wp\/v2\/posts\/3131\/revisions"}],"wp:attachment":[{"href":"https:\/\/www.visit-ulcinj.com\/blog\/wp-json\/wp\/v2\/media?parent=3131"}],"wp:term":[{"taxonomy":"category","embeddable":true,"href":"https:\/\/www.visit-ulcinj.com\/blog\/wp-json\/wp\/v2\/categories?post=3131"},{"taxonomy":"post_tag","embeddable":true,"href":"https:\/\/www.visit-ulcinj.com\/blog\/wp-json\/wp\/v2\/tags?post=3131"}],"curies":[{"name":"wp","href":"https:\/\/api.w.org\/{rel}","templated":true}]}}