{"id":31310,"date":"2010-03-15T21:42:39","date_gmt":"2010-03-15T19:42:39","guid":{"rendered":"http:\/\/www.visit-ulcinj.com\/blog\/?p=31310"},"modified":"2010-03-15T21:42:39","modified_gmt":"2010-03-15T19:42:39","slug":"usvojen-plan-privremenih-objekata-uz-obalu-ulcinja","status":"publish","type":"post","link":"https:\/\/www.visit-ulcinj.com\/blog\/2010\/03\/15\/usvojen-plan-privremenih-objekata-uz-obalu-ulcinja\/","title":{"rendered":"Usvojen plan privremenih objekata uz obalu Ulcinja"},"content":{"rendered":"<p><strong><a href=\"http:\/\/www.visit-ulcinj.com\/blog\/wp-content\/uploads\/2010\/03\/plan-privremenih-objekata-uz-obalu-Ulcinja.jpg\"><img loading=\"lazy\" class=\"alignleft size-full wp-image-31311\" title=\"plan privremenih objekata uz obalu Ulcinja\" src=\"http:\/\/www.visit-ulcinj.com\/blog\/wp-content\/uploads\/2010\/03\/plan-privremenih-objekata-uz-obalu-Ulcinja.jpg\" alt=\"plan privremenih objekata uz obalu Ulcinja\" width=\"580\" height=\"400\" \/><\/a>Uljezi na Pristanu<\/strong><br \/>\nUlcinj &#8211; Planom objekata privremenog karaktera, koje je donijelo resorno Ministarstvo, u zoni morskog dobra u op\u0161tini Ulcinj za 2010. godinu, na Pristanu nijesu predvi?eni objekti koji su postavljeni u ranijem periodu, na prostoru pla\u017ee ili zale?a\u201d, saop\u0161teno je \u201eVijestima\u201c u Javnom preduze?u za upravljanje morskim dobrom.<br \/>\n\u201cNa toj lokaciji predvi?ena su dva kupali\u0161ta ukupne du\u017eine 360 metara i terasa \u2018\u2019Hollegra\u2019\u2019, veli?ine 500 kvadrata sa postoje?om parterno ure?enom podlogom, ispred turisti?kog objekta, natkrivena metalnom konstrukcijom i tendom bijele ili be\u017e boje\u201d, stoji u odgovoru \u201cMorskog dobra\u201d na pitanje \u201cVijesti\u201d \u0161ta je Planom objekata privremenog karaktera za ovu godinu predvi?eno na Pristanu u Ulcinju.<br \/>\nSagovornik \u201cVijesti\u201d iz tog preduze?a kazao je da to zna?i da ?e svi objekti koji nijesu predvi?eni Planom uskoro biti uklonjeni.<br \/>\n\u201cProcedura je pokrenuta, i mislim da su vlasnici ve? dobili rje\u0161enja da sami uklone objekte i tako izbjegnu tro\u0161kove ru\u0161enja\u201d, istakao je na\u0161 sagovornik, navode?i da je rije? o tri objekta brze hrane u blizini terase \u201cHolegra\u201d i kafe-baru na samom kraju pla\u017ee. On ka\u017ee male su \u0161anse da do?e do izmjene plana za taj dio grada.<br \/>\n\u201cPlan nije sveto pismo i zna se kakva je procedura za njegovu izmjenu ili dopunu. Ipak, ne vjerujem da mo\u017ee do?i do bilo kakvih izmjena za ovaj dio Ulcinja\u201d, kazao je on.<br \/>\n\u201cVijestima\u201d je ranije iz Ministarstva za ure?enje prostora i za\u0161titu \u017eivotne sredine, saop\u0161teno da ?e akcijom uklanjanja rukovoditi Inspekcija za\u0161tite prostora.<br \/>\nGra?evinska inspekcija, koja je tada bila nadle\u017ena, po?etkom februara sa Pristana je uklonila oko 30 bespravno podignutih objekata u zoni morskog dobra koji nijesu bili predvi?eni planom za pretpro\u0161lu godinu.<br \/>\n<strong><br \/>\nS.A.<br \/>\n<a href=\"http:\/\/www.vijesti.me\" target=\"_blank\">Vijesti<\/a><\/strong><\/p>\n","protected":false},"excerpt":{"rendered":"<p>Uljezi na Pristanu Ulcinj &#8211; Planom objekata privremenog karaktera, koje je donijelo resorno Ministarstvo, u zoni morskog dobra u op\u0161tini Ulcinj za 2010. godinu, na Pristanu nijesu predvi?eni objekti koji su postavljeni u ranijem periodu, na prostoru pla\u017ee ili zale?a\u201d, saop\u0161teno je \u201eVijestima\u201c u Javnom preduze?u za upravljanje morskim dobrom. \u201cNa toj lokaciji predvi?ena su [&hellip;]<\/p>\n","protected":false},"author":1,"featured_media":0,"comment_status":"open","ping_status":"closed","sticky":false,"template":"","format":"standard","meta":{"spay_email":"","jetpack_publicize_message":"","jetpack_is_tweetstorm":false,"jetpack_publicize_feature_enabled":true},"categories":[8337],"tags":[13851],"jetpack_publicize_connections":[],"yoast_head":"<!-- This site is optimized with the Yoast SEO plugin v19.1 - https:\/\/yoast.com\/wordpress\/plugins\/seo\/ -->\n<title>Usvojen plan privremenih objekata uz obalu Ulcinja - Lajme nga Ulqini<\/title>\n<meta name=\"description\" content=\"Uljezi na Pristanu Ulcinj - Planom objekata privremenog karaktera, koje je donijelo resorno Ministarstvo, u zoni morskog dobra u op\u0161tini Ulcinj za 2010.\" \/>\n<meta name=\"robots\" content=\"index, follow, max-snippet:-1, max-image-preview:large, max-video-preview:-1\" \/>\n<link rel=\"canonical\" href=\"https:\/\/www.visit-ulcinj.com\/blog\/2010\/03\/15\/usvojen-plan-privremenih-objekata-uz-obalu-ulcinja\/\" \/>\n<meta property=\"og:locale\" content=\"en_US\" \/>\n<meta property=\"og:type\" content=\"article\" \/>\n<meta property=\"og:title\" content=\"Usvojen plan privremenih objekata uz obalu Ulcinja - Lajme nga Ulqini\" \/>\n<meta property=\"og:description\" content=\"Uljezi na Pristanu Ulcinj - Planom objekata privremenog karaktera, koje je donijelo resorno Ministarstvo, u zoni morskog dobra u op\u0161tini Ulcinj za 2010.\" \/>\n<meta property=\"og:url\" content=\"https:\/\/www.visit-ulcinj.com\/blog\/2010\/03\/15\/usvojen-plan-privremenih-objekata-uz-obalu-ulcinja\/\" \/>\n<meta property=\"og:site_name\" content=\"Lajme nga Ulqini\" \/>\n<meta property=\"article:published_time\" content=\"2010-03-15T19:42:39+00:00\" \/>\n<meta property=\"og:image\" content=\"http:\/\/www.visit-ulcinj.com\/blog\/wp-content\/uploads\/2010\/03\/plan-privremenih-objekata-uz-obalu-Ulcinja.jpg\" \/>\n<meta name=\"twitter:label1\" content=\"Written by\" \/>\n\t<meta name=\"twitter:data1\" content=\"ulqini\" \/>\n\t<meta name=\"twitter:label2\" content=\"Est. reading time\" \/>\n\t<meta name=\"twitter:data2\" content=\"2 minutes\" \/>\n<script type=\"application\/ld+json\" class=\"yoast-schema-graph\">{\"@context\":\"https:\/\/schema.org\",\"@graph\":[{\"@type\":\"WebSite\",\"@id\":\"https:\/\/www.visit-ulcinj.com\/blog\/#website\",\"url\":\"https:\/\/www.visit-ulcinj.com\/blog\/\",\"name\":\"Lajme nga Ulqini\",\"description\":\"Lajme,Vijesti,Ulqini,Ulqin,Crna Gora,Mali i Zi\",\"potentialAction\":[{\"@type\":\"SearchAction\",\"target\":{\"@type\":\"EntryPoint\",\"urlTemplate\":\"https:\/\/www.visit-ulcinj.com\/blog\/?s={search_term_string}\"},\"query-input\":\"required name=search_term_string\"}],\"inLanguage\":\"en-US\"},{\"@type\":\"ImageObject\",\"inLanguage\":\"en-US\",\"@id\":\"https:\/\/www.visit-ulcinj.com\/blog\/2010\/03\/15\/usvojen-plan-privremenih-objekata-uz-obalu-ulcinja\/#primaryimage\",\"url\":\"https:\/\/www.visit-ulcinj.com\/blog\/wp-content\/uploads\/2010\/03\/plan-privremenih-objekata-uz-obalu-Ulcinja.jpg\",\"contentUrl\":\"https:\/\/www.visit-ulcinj.com\/blog\/wp-content\/uploads\/2010\/03\/plan-privremenih-objekata-uz-obalu-Ulcinja.jpg\",\"width\":\"1028\",\"height\":\"526\"},{\"@type\":\"WebPage\",\"@id\":\"https:\/\/www.visit-ulcinj.com\/blog\/2010\/03\/15\/usvojen-plan-privremenih-objekata-uz-obalu-ulcinja\/#webpage\",\"url\":\"https:\/\/www.visit-ulcinj.com\/blog\/2010\/03\/15\/usvojen-plan-privremenih-objekata-uz-obalu-ulcinja\/\",\"name\":\"Usvojen plan privremenih objekata uz obalu Ulcinja - Lajme nga Ulqini\",\"isPartOf\":{\"@id\":\"https:\/\/www.visit-ulcinj.com\/blog\/#website\"},\"primaryImageOfPage\":{\"@id\":\"https:\/\/www.visit-ulcinj.com\/blog\/2010\/03\/15\/usvojen-plan-privremenih-objekata-uz-obalu-ulcinja\/#primaryimage\"},\"datePublished\":\"2010-03-15T19:42:39+00:00\",\"dateModified\":\"2010-03-15T19:42:39+00:00\",\"author\":{\"@id\":\"https:\/\/www.visit-ulcinj.com\/blog\/#\/schema\/person\/dcab619c614d3038751c63bc2aadc06d\"},\"description\":\"Uljezi na Pristanu Ulcinj - Planom objekata privremenog karaktera, koje je donijelo resorno Ministarstvo, u zoni morskog dobra u op\u0161tini Ulcinj za 2010.\",\"breadcrumb\":{\"@id\":\"https:\/\/www.visit-ulcinj.com\/blog\/2010\/03\/15\/usvojen-plan-privremenih-objekata-uz-obalu-ulcinja\/#breadcrumb\"},\"inLanguage\":\"en-US\",\"potentialAction\":[{\"@type\":\"ReadAction\",\"target\":[\"https:\/\/www.visit-ulcinj.com\/blog\/2010\/03\/15\/usvojen-plan-privremenih-objekata-uz-obalu-ulcinja\/\"]}]},{\"@type\":\"BreadcrumbList\",\"@id\":\"https:\/\/www.visit-ulcinj.com\/blog\/2010\/03\/15\/usvojen-plan-privremenih-objekata-uz-obalu-ulcinja\/#breadcrumb\",\"itemListElement\":[{\"@type\":\"ListItem\",\"position\":1,\"name\":\"Usvojen plan privremenih objekata uz obalu Ulcinja\"}]},{\"@type\":\"Person\",\"@id\":\"https:\/\/www.visit-ulcinj.com\/blog\/#\/schema\/person\/dcab619c614d3038751c63bc2aadc06d\",\"name\":\"ulqini\",\"sameAs\":[\"http:\/\/www.visit-ulcinj.com\"],\"url\":\"https:\/\/www.visit-ulcinj.com\/blog\/author\/admin\/\"}]}<\/script>\n<!-- \/ Yoast SEO plugin. -->","yoast_head_json":{"title":"Usvojen plan privremenih objekata uz obalu Ulcinja - Lajme nga Ulqini","description":"Uljezi na Pristanu Ulcinj - Planom objekata privremenog karaktera, koje je donijelo resorno Ministarstvo, u zoni morskog dobra u op\u0161tini Ulcinj za 2010.","robots":{"index":"index","follow":"follow","max-snippet":"max-snippet:-1","max-image-preview":"max-image-preview:large","max-video-preview":"max-video-preview:-1"},"canonical":"https:\/\/www.visit-ulcinj.com\/blog\/2010\/03\/15\/usvojen-plan-privremenih-objekata-uz-obalu-ulcinja\/","og_locale":"en_US","og_type":"article","og_title":"Usvojen plan privremenih objekata uz obalu Ulcinja - Lajme nga Ulqini","og_description":"Uljezi na Pristanu Ulcinj - Planom objekata privremenog karaktera, koje je donijelo resorno Ministarstvo, u zoni morskog dobra u op\u0161tini Ulcinj za 2010.","og_url":"https:\/\/www.visit-ulcinj.com\/blog\/2010\/03\/15\/usvojen-plan-privremenih-objekata-uz-obalu-ulcinja\/","og_site_name":"Lajme nga Ulqini","article_published_time":"2010-03-15T19:42:39+00:00","og_image":[{"url":"http:\/\/www.visit-ulcinj.com\/blog\/wp-content\/uploads\/2010\/03\/plan-privremenih-objekata-uz-obalu-Ulcinja.jpg"}],"twitter_misc":{"Written by":"ulqini","Est. reading time":"2 minutes"},"schema":{"@context":"https:\/\/schema.org","@graph":[{"@type":"WebSite","@id":"https:\/\/www.visit-ulcinj.com\/blog\/#website","url":"https:\/\/www.visit-ulcinj.com\/blog\/","name":"Lajme nga Ulqini","description":"Lajme,Vijesti,Ulqini,Ulqin,Crna Gora,Mali i Zi","potentialAction":[{"@type":"SearchAction","target":{"@type":"EntryPoint","urlTemplate":"https:\/\/www.visit-ulcinj.com\/blog\/?s={search_term_string}"},"query-input":"required name=search_term_string"}],"inLanguage":"en-US"},{"@type":"ImageObject","inLanguage":"en-US","@id":"https:\/\/www.visit-ulcinj.com\/blog\/2010\/03\/15\/usvojen-plan-privremenih-objekata-uz-obalu-ulcinja\/#primaryimage","url":"https:\/\/www.visit-ulcinj.com\/blog\/wp-content\/uploads\/2010\/03\/plan-privremenih-objekata-uz-obalu-Ulcinja.jpg","contentUrl":"https:\/\/www.visit-ulcinj.com\/blog\/wp-content\/uploads\/2010\/03\/plan-privremenih-objekata-uz-obalu-Ulcinja.jpg","width":"1028","height":"526"},{"@type":"WebPage","@id":"https:\/\/www.visit-ulcinj.com\/blog\/2010\/03\/15\/usvojen-plan-privremenih-objekata-uz-obalu-ulcinja\/#webpage","url":"https:\/\/www.visit-ulcinj.com\/blog\/2010\/03\/15\/usvojen-plan-privremenih-objekata-uz-obalu-ulcinja\/","name":"Usvojen plan privremenih objekata uz obalu Ulcinja - Lajme nga Ulqini","isPartOf":{"@id":"https:\/\/www.visit-ulcinj.com\/blog\/#website"},"primaryImageOfPage":{"@id":"https:\/\/www.visit-ulcinj.com\/blog\/2010\/03\/15\/usvojen-plan-privremenih-objekata-uz-obalu-ulcinja\/#primaryimage"},"datePublished":"2010-03-15T19:42:39+00:00","dateModified":"2010-03-15T19:42:39+00:00","author":{"@id":"https:\/\/www.visit-ulcinj.com\/blog\/#\/schema\/person\/dcab619c614d3038751c63bc2aadc06d"},"description":"Uljezi na Pristanu Ulcinj - Planom objekata privremenog karaktera, koje je donijelo resorno Ministarstvo, u zoni morskog dobra u op\u0161tini Ulcinj za 2010.","breadcrumb":{"@id":"https:\/\/www.visit-ulcinj.com\/blog\/2010\/03\/15\/usvojen-plan-privremenih-objekata-uz-obalu-ulcinja\/#breadcrumb"},"inLanguage":"en-US","potentialAction":[{"@type":"ReadAction","target":["https:\/\/www.visit-ulcinj.com\/blog\/2010\/03\/15\/usvojen-plan-privremenih-objekata-uz-obalu-ulcinja\/"]}]},{"@type":"BreadcrumbList","@id":"https:\/\/www.visit-ulcinj.com\/blog\/2010\/03\/15\/usvojen-plan-privremenih-objekata-uz-obalu-ulcinja\/#breadcrumb","itemListElement":[{"@type":"ListItem","position":1,"name":"Usvojen plan privremenih objekata uz obalu Ulcinja"}]},{"@type":"Person","@id":"https:\/\/www.visit-ulcinj.com\/blog\/#\/schema\/person\/dcab619c614d3038751c63bc2aadc06d","name":"ulqini","sameAs":["http:\/\/www.visit-ulcinj.com"],"url":"https:\/\/www.visit-ulcinj.com\/blog\/author\/admin\/"}]}},"jetpack_featured_media_url":"","jetpack_sharing_enabled":true,"jetpack_shortlink":"https:\/\/wp.me\/pe6lTn-890","_links":{"self":[{"href":"https:\/\/www.visit-ulcinj.com\/blog\/wp-json\/wp\/v2\/posts\/31310"}],"collection":[{"href":"https:\/\/www.visit-ulcinj.com\/blog\/wp-json\/wp\/v2\/posts"}],"about":[{"href":"https:\/\/www.visit-ulcinj.com\/blog\/wp-json\/wp\/v2\/types\/post"}],"author":[{"embeddable":true,"href":"https:\/\/www.visit-ulcinj.com\/blog\/wp-json\/wp\/v2\/users\/1"}],"replies":[{"embeddable":true,"href":"https:\/\/www.visit-ulcinj.com\/blog\/wp-json\/wp\/v2\/comments?post=31310"}],"version-history":[{"count":0,"href":"https:\/\/www.visit-ulcinj.com\/blog\/wp-json\/wp\/v2\/posts\/31310\/revisions"}],"wp:attachment":[{"href":"https:\/\/www.visit-ulcinj.com\/blog\/wp-json\/wp\/v2\/media?parent=31310"}],"wp:term":[{"taxonomy":"category","embeddable":true,"href":"https:\/\/www.visit-ulcinj.com\/blog\/wp-json\/wp\/v2\/categories?post=31310"},{"taxonomy":"post_tag","embeddable":true,"href":"https:\/\/www.visit-ulcinj.com\/blog\/wp-json\/wp\/v2\/tags?post=31310"}],"curies":[{"name":"wp","href":"https:\/\/api.w.org\/{rel}","templated":true}]}}